{"id":13025,"date":"2021-05-31T11:19:03","date_gmt":"2021-05-31T09:19:03","guid":{"rendered":"https:\/\/swietodrzewa.pl\/?p=13025"},"modified":"2021-11-24T13:22:16","modified_gmt":"2021-11-24T12:22:16","slug":"zaproszenie-na-warsztaty-tajemniczy-ogrod","status":"publish","type":"post","link":"https:\/\/archiwum.swietodrzewa.pl\/?p=13025","title":{"rendered":"ZAPROSZENIE NA WARSZTATY &#8222;TAJEMNICZY OGR\u00d3D&#8221;"},"content":{"rendered":"<p class=\"lead\"><strong>Klub Gaja zaprasza do udzia\u0142u w warsztatach &#8222;Tajemniczy Ogr\u00f3d&#8221; w ramach projektu Klubu Gaja \u201e\u015awi\u0119to Drzewa \u2013 ogrody dla klimatu\u201d, realizowanego z dotacji programu Aktywni Obywatele &#8211; Fundusz Krajowy finansowanego z Funduszy EOG.<\/strong><!--more--><\/p>\n<div class=\"body\">\n<p>Podczas warsztat\u00f3w wsp\u00f3lnie wypracujemy za\u0142o\u017cenia projektu Tajemniczego Ogrodu, kt\u00f3ry powstanie na terenie nieu\u017cytku cmentarza \u017cydowskiego przy ul. Cieszy\u0144skiej w Bielsku-Bia\u0142ej. Miejsce to zostanie udost\u0119pnione mieszka\u0144com miasta oraz b\u0119dzie s\u0142u\u017cy\u0142o szerokiej edukacji na temat ochrony klimatu i wspiera\u0142o rozw\u00f3j zielono-b\u0142\u0119kitnej infrastruktury miasta, kt\u00f3ra \u0142agodzi skutki zmian klimatu i wspiera r\u00f3\u017cnorodno\u015b\u0107 biologiczn\u0105.<\/p>\n<p>Warsztaty odb\u0119d\u0105 si\u0119 w dniach 22-23 czerwca 2021 roku we wsp\u00f3\u0142pracy z Miastem Bielsko-Bia\u0142a, Gmin\u0105 Wyznaniow\u0105 \u017bydowsk\u0105 w Bielsku-Bia\u0142ej i Galeri\u0105 Bielsk\u0105 BWA, przy udziale specjalist\u00f3w m.in. architekt\u00f3w krajobrazu, historyka, biologa.<\/p>\n<p>Ilo\u015b\u0107 miejsc na warsztatach jest ograniczona. Zg\u0142oszenia do udzia\u0142u w warsztatach prosimy przesy\u0142a\u0107 na adres e-mail: j.migdal@klubgaja.pl w terminie do 15.06.2021r.<\/p>\n<p><a href=\"https:\/\/archiwum.swietodrzewa.pl\/wp-content\/uploads\/2021\/06\/tajemniczy_ogrod.pdf\" target=\"_blank\" rel=\"noopener\">PROGRAM WARSZTAT\u00d3W &gt;&gt;&gt;<br \/>\n<\/a><br \/>\n<a href=\"https:\/\/archiwum.swietodrzewa.pl\/wp-content\/uploads\/2021\/05\/4-loga_11.jpg\"><img loading=\"lazy\" class=\"alignleft wp-image-12938\" src=\"https:\/\/archiwum.swietodrzewa.pl\/wp-content\/uploads\/2021\/05\/4-loga_11-300x44.jpg\" alt=\"\" width=\"436\" height=\"64\" srcset=\"https:\/\/archiwum.swietodrzewa.pl\/wp-content\/uploads\/2021\/05\/4-loga_11-300x44.jpg 300w, https:\/\/archiwum.swietodrzewa.pl\/wp-content\/uploads\/2021\/05\/4-loga_11-1024x150.jpg 1024w, https:\/\/archiwum.swietodrzewa.pl\/wp-content\/uploads\/2021\/05\/4-loga_11-768x112.jpg 768w, https:\/\/archiwum.swietodrzewa.pl\/wp-content\/uploads\/2021\/05\/4-loga_11.jpg 1198w\" sizes=\"(max-width: 436px) 100vw, 436px\" \/><\/a><\/p>\n<p><a href=\"https:\/\/archiwum.swietodrzewa.pl\/wp-content\/uploads\/2021\/04\/active-citizens-fund-4x.png\"><img loading=\"lazy\" class=\"alignleft size-medium wp-image-12821\" src=\"https:\/\/archiwum.swietodrzewa.pl\/wp-content\/uploads\/2021\/04\/active-citizens-fund-4x-300x105.png\" alt=\"\" width=\"300\" height=\"105\" srcset=\"https:\/\/archiwum.swietodrzewa.pl\/wp-content\/uploads\/2021\/04\/active-citizens-fund-4x-300x105.png 300w, https:\/\/archiwum.swietodrzewa.pl\/wp-content\/uploads\/2021\/04\/active-citizens-fund-4x-1024x359.png 1024w, https:\/\/archiwum.swietodrzewa.pl\/wp-content\/uploads\/2021\/04\/active-citizens-fund-4x-768x270.png 768w, https:\/\/archiwum.swietodrzewa.pl\/wp-content\/uploads\/2021\/04\/active-citizens-fund-4x-1536x539.png 1536w, https:\/\/archiwum.swietodrzewa.pl\/wp-content\/uploads\/2021\/04\/active-citizens-fund-4x-2048x719.png 2048w\" sizes=\"(max-width: 300px) 100vw, 300px\" \/><\/a><\/p>\n<p>&nbsp;<\/p>\n<\/div>\n","protected":false},"excerpt":{"rendered":"<p>Klub Gaja zaprasza do udzia\u0142u w warsztatach &#8222;Tajemniczy Ogr\u00f3d&#8221; w ramach projektu Klubu Gaja \u201e\u015awi\u0119to Drzewa \u2013 ogrody dla klimatu\u201d, realizowanego z dotacji programu Aktywni Obywatele &#8211; Fundusz Krajowy finansowanego z Funduszy EOG.<\/p>\n","protected":false},"author":3,"featured_media":12962,"comment_status":"closed","ping_status":"closed","sticky":false,"template":"","format":"standard","meta":{"ngg_post_thumbnail":0},"categories":[1],"tags":[],"_links":{"self":[{"href":"https:\/\/archiwum.swietodrzewa.pl\/index.php?rest_route=\/wp\/v2\/posts\/13025"}],"collection":[{"href":"https:\/\/archiwum.swietodrzewa.pl\/index.php?rest_route=\/wp\/v2\/posts"}],"about":[{"href":"https:\/\/archiwum.swietodrzewa.pl\/index.php?rest_route=\/wp\/v2\/types\/post"}],"author":[{"embeddable":true,"href":"https:\/\/archiwum.swietodrzewa.pl\/index.php?rest_route=\/wp\/v2\/users\/3"}],"replies":[{"embeddable":true,"href":"https:\/\/archiwum.swietodrzewa.pl\/index.php?rest_route=%2Fwp%2Fv2%2Fcomments&post=13025"}],"version-history":[{"count":2,"href":"https:\/\/archiwum.swietodrzewa.pl\/index.php?rest_route=\/wp\/v2\/posts\/13025\/revisions"}],"predecessor-version":[{"id":13880,"href":"https:\/\/archiwum.swietodrzewa.pl\/index.php?rest_route=\/wp\/v2\/posts\/13025\/revisions\/13880"}],"wp:featuredmedia":[{"embeddable":true,"href":"https:\/\/archiwum.swietodrzewa.pl\/index.php?rest_route=\/wp\/v2\/media\/12962"}],"wp:attachment":[{"href":"https:\/\/archiwum.swietodrzewa.pl\/index.php?rest_route=%2Fwp%2Fv2%2Fmedia&parent=13025"}],"wp:term":[{"taxonomy":"category","embeddable":true,"href":"https:\/\/archiwum.swietodrzewa.pl\/index.php?rest_route=%2Fwp%2Fv2%2Fcategories&post=13025"},{"taxonomy":"post_tag","embeddable":true,"href":"https:\/\/archiwum.swietodrzewa.pl\/index.php?rest_route=%2Fwp%2Fv2%2Ftags&post=13025"}],"curies":[{"name":"wp","href":"https:\/\/api.w.org\/{rel}","templated":true}]}}