{"id":13027,"date":"2021-06-11T06:51:59","date_gmt":"2021-06-11T04:51:59","guid":{"rendered":"https:\/\/swietodrzewa.pl\/?p=13027"},"modified":"2021-06-11T07:12:20","modified_gmt":"2021-06-11T05:12:20","slug":"ruszaja-prace-w-ogrodach-dla-klimatu","status":"publish","type":"post","link":"https:\/\/archiwum.swietodrzewa.pl\/?p=13027","title":{"rendered":"Ruszaj\u0105 prace w ogrodach dla klimatu!"},"content":{"rendered":"<p><strong>Pierwsze wydarzenie w ramach projektu Klubu Gaja \u201e\u015awi\u0119to Drzewa &#8211; ogrody dla klimatu\u201d odb\u0119dzie si\u0119 15 czerwca (wtorek) w ogrodzie zabytkowej Wilii Sixta Galerii Bielskiej BWA. M\u0142odzie\u017c z bielskich szk\u00f3\u0142 realizowa\u0107 b\u0119dzie wypracowane wsp\u00f3lnie projekty cienistego zak\u0105tka i oazy dla ptak\u00f3w. Natomiast 16 czerwca (\u015broda) odb\u0119dzie si\u0119 plenerowe wydarzenie w Tajemniczym Ogrodzie \u0142\u0105cz\u0105ce edukacj\u0119 nt. zmian klimatu i r\u00f3\u017cnorodno\u015bci biologicznej z pracami porz\u0105dkowymi oraz warsztatami budowy budek dla ptak\u00f3w i nietoperzy. Kolejnym dzia\u0142aniem b\u0119d\u0105 warsztaty 22 i 23 czerwca (wtorek, \u015broda) podczas kt\u00f3rych wsp\u00f3lnie z mieszka\u0144cami\/nkami miasta wypracowane zostan\u0105 za\u0142o\u017cenia projektu Tajemniczego Ogrodu, kt\u00f3ry powstaje na terenie nieu\u017cytku cmentarza \u017cydowskiego w Bielsku-Bia\u0142ej.<\/strong><!--more--><\/p>\n<p>Bielsko-Bia\u0142a jest jednym z 44 miast w Polsce, kt\u00f3re bierze udzia\u0142 w projekcie Miejskich Plan\u00f3w Adaptacyjnych. W ramach tego projektu miasto opracowuje plany przystosowania si\u0119 do obserwowanych i prognozowanych zmian klimatu. Odpowiadaj\u0105c na potrzeb\u0119 zwi\u0119kszania teren\u00f3w zieleni Klub Gaja przygotowa\u0142 projekt na powstanie ogrod\u00f3w edukacyjnych w mie\u015bcie, kt\u00f3re w\u0142\u0105cz\u0105 mieszka\u0144c\u00f3w\/nki w konkretne dzia\u0142ania na rzecz ochrony klimatu i \u015brodowiska oraz poszerz\u0105 zakres edukacji ekologicznej. Pierwszy ogr\u00f3d powstaje na nieu\u017cytku cmentarza \u017cydowskiego we wsp\u00f3\u0142pracy z Gmin\u0105 Wyznaniow\u0105 \u017bydowsk\u0105 w Bielsku-Bia\u0142ej i Urz\u0119dem Miasta. Drugi ogr\u00f3d wok\u00f3\u0142 zabytkowej Willi Sixta Galerii Bielskiej BWA po\u0142\u0105czy edukacj\u0119 ekologiczn\u0105 z dzia\u0142aniami artystycznymi.<\/p>\n<p><strong>&nbsp;<\/strong><strong>15 czerwca (wtorek), godz. 10.00 \u2013 14.00 &#8211; wydarzenie w ogrodzie Willi Sixta Galerii Bielskiej BWA<\/strong><\/p>\n<p>M\u0142odzie\u017c z Zespo\u0142u Szk\u00f3\u0142 Plastycznych i Zespo\u0142u Szk\u00f3\u0142 Centrum Kszta\u0142cenia Rolniczego w Bielsku-Bia\u0142ej realizowa\u0107 b\u0119dzie swoje pomys\u0142y na stworzenie w ogrodzie oazy dla ptak\u00f3w i zak\u0105tka ro\u015blin cieniolubnych, kt\u00f3re wcze\u015bniej wypracowa\u0142a podczas majowych warsztat\u00f3w. Razem stworz\u0105 przestrze\u0144 do dzia\u0142a\u0144 artystyczno-edukacyjnych.<strong>&nbsp;<\/strong><\/p>\n<p><strong>Ada Piekarska<\/strong> <strong>z Galerii Bielskiej BWA<\/strong>, moderatorka, podsumowuj\u0105c warsztat powiedzia\u0142a <strong>\u2013<\/strong> \u201ePodczas pierwszego dnia warsztat\u00f3w przeprowadzonych w Willi Sixta, m\u0142odzie\u017c ze szko\u0142y plastycznej oraz szko\u0142y ogrodniczej po raz pierwszy pracowa\u0142a nad wsp\u00f3lnym projektem. W wyj\u0105tkowym otoczeniu ogrodu willi, korzystaj\u0105c z wiedzy ekspert\u00f3w w zakresie ekologii, architektury, ornitologii i sztuki, uczniowie pracowali nad koncepcjami projekt\u00f3w budek l\u0119gowych dla ptak\u00f3w, a tak\u017ce projektu nasadze\u0144 ro\u015blin, kt\u00f3re to ju\u017c wkr\u00f3tce zostan\u0105 przez nich zrealizowane i na sta\u0142e zagoszcz\u0105 w ogrodzie r\u00f3\u017canym zabytkowej willi. To wyj\u0105tkowa okazja do tego, by wsp\u00f3lna troska o przestrzenie zieleni w mie\u015bcie sta\u0142a si\u0119 naturaln\u0105 potrzeb\u0105 mieszka\u0144c\u00f3w, a Willa Sixta miejscem wa\u017cnych spotka\u0144, r\u00f3wnie\u017c tych mi\u0119dzygatunkowych\u201d.<\/p>\n<p>\n<div class=\"ngg-galleryoverview ngg-slideshow\"\n\tid=\"ngg-slideshow-8d8ca98ca2eed29d9cd6f03ea98b1e1b-902120450\"\n\tdata-gallery-id=\"8d8ca98ca2eed29d9cd6f03ea98b1e1b\"\n\tstyle=\"max-width: 600px;\n\t\t\tmax-height: 450px;\n\t\t\tdisplay: none;\">\n\n\t\n\t\t<a href=\"https:\/\/archiwum.swietodrzewa.pl\/wp-content\/gallery\/bwa-warsztaty\/bwa1.jpeg\"\n\t\t\ttitle=\"\"\n\t\t\tdata-src=\"https:\/\/archiwum.swietodrzewa.pl\/wp-content\/gallery\/bwa-warsztaty\/bwa1.jpeg\"\n\t\t\tdata-thumbnail=\"https:\/\/archiwum.swietodrzewa.pl\/wp-content\/gallery\/bwa-warsztaty\/thumbs\/thumbs_bwa1.jpeg\"\n\t\t\tdata-image-id=\"1972\"\n\t\t\tdata-title=\"bwa1\"\n\t\t\tdata-description=\"\"\n\t\t\tclass=\"shutterset_8d8ca98ca2eed29d9cd6f03ea98b1e1b\">\n\n\t\t\t<img data-image-id='1972'\n\t\t\t\ttitle=\"\"\n\t\t\t\talt=\"bwa1\"\n\t\t\t\tsrc=\"https:\/\/archiwum.swietodrzewa.pl\/wp-content\/gallery\/bwa-warsztaty\/bwa1.jpeg\"\n\t\t\t\tstyle=\"max-height: 430px;\"\/>\n\t\t<\/a>\n\n\t\t\n\t\t<a href=\"https:\/\/archiwum.swietodrzewa.pl\/wp-content\/gallery\/bwa-warsztaty\/bwa5.jpeg\"\n\t\t\ttitle=\"\"\n\t\t\tdata-src=\"https:\/\/archiwum.swietodrzewa.pl\/wp-content\/gallery\/bwa-warsztaty\/bwa5.jpeg\"\n\t\t\tdata-thumbnail=\"https:\/\/archiwum.swietodrzewa.pl\/wp-content\/gallery\/bwa-warsztaty\/thumbs\/thumbs_bwa5.jpeg\"\n\t\t\tdata-image-id=\"1973\"\n\t\t\tdata-title=\"bwa5\"\n\t\t\tdata-description=\"\"\n\t\t\tclass=\"shutterset_8d8ca98ca2eed29d9cd6f03ea98b1e1b\">\n\n\t\t\t<img data-image-id='1973'\n\t\t\t\ttitle=\"\"\n\t\t\t\talt=\"bwa5\"\n\t\t\t\tsrc=\"https:\/\/archiwum.swietodrzewa.pl\/wp-content\/gallery\/bwa-warsztaty\/bwa5.jpeg\"\n\t\t\t\tstyle=\"max-height: 430px;\"\/>\n\t\t<\/a>\n\n\t\t\n\t\t<a href=\"https:\/\/archiwum.swietodrzewa.pl\/wp-content\/gallery\/bwa-warsztaty\/bwa4.jpeg\"\n\t\t\ttitle=\"\"\n\t\t\tdata-src=\"https:\/\/archiwum.swietodrzewa.pl\/wp-content\/gallery\/bwa-warsztaty\/bwa4.jpeg\"\n\t\t\tdata-thumbnail=\"https:\/\/archiwum.swietodrzewa.pl\/wp-content\/gallery\/bwa-warsztaty\/thumbs\/thumbs_bwa4.jpeg\"\n\t\t\tdata-image-id=\"1974\"\n\t\t\tdata-title=\"bwa4\"\n\t\t\tdata-description=\"\"\n\t\t\tclass=\"shutterset_8d8ca98ca2eed29d9cd6f03ea98b1e1b\">\n\n\t\t\t<img data-image-id='1974'\n\t\t\t\ttitle=\"\"\n\t\t\t\talt=\"bwa4\"\n\t\t\t\tsrc=\"https:\/\/archiwum.swietodrzewa.pl\/wp-content\/gallery\/bwa-warsztaty\/bwa4.jpeg\"\n\t\t\t\tstyle=\"max-height: 430px;\"\/>\n\t\t<\/a>\n\n\t\t\n\t\t<a href=\"https:\/\/archiwum.swietodrzewa.pl\/wp-content\/gallery\/bwa-warsztaty\/bwa3.jpeg\"\n\t\t\ttitle=\"\"\n\t\t\tdata-src=\"https:\/\/archiwum.swietodrzewa.pl\/wp-content\/gallery\/bwa-warsztaty\/bwa3.jpeg\"\n\t\t\tdata-thumbnail=\"https:\/\/archiwum.swietodrzewa.pl\/wp-content\/gallery\/bwa-warsztaty\/thumbs\/thumbs_bwa3.jpeg\"\n\t\t\tdata-image-id=\"1975\"\n\t\t\tdata-title=\"bwa3\"\n\t\t\tdata-description=\"\"\n\t\t\tclass=\"shutterset_8d8ca98ca2eed29d9cd6f03ea98b1e1b\">\n\n\t\t\t<img data-image-id='1975'\n\t\t\t\ttitle=\"\"\n\t\t\t\talt=\"bwa3\"\n\t\t\t\tsrc=\"https:\/\/archiwum.swietodrzewa.pl\/wp-content\/gallery\/bwa-warsztaty\/bwa3.jpeg\"\n\t\t\t\tstyle=\"max-height: 430px;\"\/>\n\t\t<\/a>\n\n\t\t\n\t\t<a href=\"https:\/\/archiwum.swietodrzewa.pl\/wp-content\/gallery\/bwa-warsztaty\/bwa2.jpeg\"\n\t\t\ttitle=\"\"\n\t\t\tdata-src=\"https:\/\/archiwum.swietodrzewa.pl\/wp-content\/gallery\/bwa-warsztaty\/bwa2.jpeg\"\n\t\t\tdata-thumbnail=\"https:\/\/archiwum.swietodrzewa.pl\/wp-content\/gallery\/bwa-warsztaty\/thumbs\/thumbs_bwa2.jpeg\"\n\t\t\tdata-image-id=\"1976\"\n\t\t\tdata-title=\"bwa2\"\n\t\t\tdata-description=\"\"\n\t\t\tclass=\"shutterset_8d8ca98ca2eed29d9cd6f03ea98b1e1b\">\n\n\t\t\t<img data-image-id='1976'\n\t\t\t\ttitle=\"\"\n\t\t\t\talt=\"bwa2\"\n\t\t\t\tsrc=\"https:\/\/archiwum.swietodrzewa.pl\/wp-content\/gallery\/bwa-warsztaty\/bwa2.jpeg\"\n\t\t\t\tstyle=\"max-height: 430px;\"\/>\n\t\t<\/a>\n\n\t\t\n\t\t<a href=\"https:\/\/archiwum.swietodrzewa.pl\/wp-content\/gallery\/bwa-warsztaty\/bwa6.jpeg\"\n\t\t\ttitle=\"\"\n\t\t\tdata-src=\"https:\/\/archiwum.swietodrzewa.pl\/wp-content\/gallery\/bwa-warsztaty\/bwa6.jpeg\"\n\t\t\tdata-thumbnail=\"https:\/\/archiwum.swietodrzewa.pl\/wp-content\/gallery\/bwa-warsztaty\/thumbs\/thumbs_bwa6.jpeg\"\n\t\t\tdata-image-id=\"1977\"\n\t\t\tdata-title=\"bwa6\"\n\t\t\tdata-description=\"\"\n\t\t\tclass=\"shutterset_8d8ca98ca2eed29d9cd6f03ea98b1e1b\">\n\n\t\t\t<img data-image-id='1977'\n\t\t\t\ttitle=\"\"\n\t\t\t\talt=\"bwa6\"\n\t\t\t\tsrc=\"https:\/\/archiwum.swietodrzewa.pl\/wp-content\/gallery\/bwa-warsztaty\/bwa6.jpeg\"\n\t\t\t\tstyle=\"max-height: 430px;\"\/>\n\t\t<\/a>\n\n\t\t\n\t\t<a href=\"https:\/\/archiwum.swietodrzewa.pl\/wp-content\/gallery\/bwa-warsztaty\/bwa.jpeg\"\n\t\t\ttitle=\"\"\n\t\t\tdata-src=\"https:\/\/archiwum.swietodrzewa.pl\/wp-content\/gallery\/bwa-warsztaty\/bwa.jpeg\"\n\t\t\tdata-thumbnail=\"https:\/\/archiwum.swietodrzewa.pl\/wp-content\/gallery\/bwa-warsztaty\/thumbs\/thumbs_bwa.jpeg\"\n\t\t\tdata-image-id=\"1978\"\n\t\t\tdata-title=\"bwa\"\n\t\t\tdata-description=\"\"\n\t\t\tclass=\"shutterset_8d8ca98ca2eed29d9cd6f03ea98b1e1b\">\n\n\t\t\t<img data-image-id='1978'\n\t\t\t\ttitle=\"\"\n\t\t\t\talt=\"bwa\"\n\t\t\t\tsrc=\"https:\/\/archiwum.swietodrzewa.pl\/wp-content\/gallery\/bwa-warsztaty\/bwa.jpeg\"\n\t\t\t\tstyle=\"max-height: 430px;\"\/>\n\t\t<\/a>\n\n\t\t\n\t\t<a href=\"https:\/\/archiwum.swietodrzewa.pl\/wp-content\/gallery\/bwa-warsztaty\/bwa7.jpeg\"\n\t\t\ttitle=\"\"\n\t\t\tdata-src=\"https:\/\/archiwum.swietodrzewa.pl\/wp-content\/gallery\/bwa-warsztaty\/bwa7.jpeg\"\n\t\t\tdata-thumbnail=\"https:\/\/archiwum.swietodrzewa.pl\/wp-content\/gallery\/bwa-warsztaty\/thumbs\/thumbs_bwa7.jpeg\"\n\t\t\tdata-image-id=\"1979\"\n\t\t\tdata-title=\"bwa7\"\n\t\t\tdata-description=\"\"\n\t\t\tclass=\"shutterset_8d8ca98ca2eed29d9cd6f03ea98b1e1b\">\n\n\t\t\t<img data-image-id='1979'\n\t\t\t\ttitle=\"\"\n\t\t\t\talt=\"bwa7\"\n\t\t\t\tsrc=\"https:\/\/archiwum.swietodrzewa.pl\/wp-content\/gallery\/bwa-warsztaty\/bwa7.jpeg\"\n\t\t\t\tstyle=\"max-height: 430px;\"\/>\n\t\t<\/a>\n\n\t\t\n\t\t<a href=\"https:\/\/archiwum.swietodrzewa.pl\/wp-content\/gallery\/bwa-warsztaty\/fot1.jpg\"\n\t\t\ttitle=\"\"\n\t\t\tdata-src=\"https:\/\/archiwum.swietodrzewa.pl\/wp-content\/gallery\/bwa-warsztaty\/fot1.jpg\"\n\t\t\tdata-thumbnail=\"https:\/\/archiwum.swietodrzewa.pl\/wp-content\/gallery\/bwa-warsztaty\/thumbs\/thumbs_fot1.jpg\"\n\t\t\tdata-image-id=\"1980\"\n\t\t\tdata-title=\"fot1\"\n\t\t\tdata-description=\"\"\n\t\t\tclass=\"shutterset_8d8ca98ca2eed29d9cd6f03ea98b1e1b\">\n\n\t\t\t<img data-image-id='1980'\n\t\t\t\ttitle=\"\"\n\t\t\t\talt=\"fot1\"\n\t\t\t\tsrc=\"https:\/\/archiwum.swietodrzewa.pl\/wp-content\/gallery\/bwa-warsztaty\/fot1.jpg\"\n\t\t\t\tstyle=\"max-height: 430px;\"\/>\n\t\t<\/a>\n\n\t\t<\/div>\n\n\n<strong>16 czerwca (\u015broda), godz. 9.30 \u2013 17.00 \u2013 wydarzenie w Tajemniczym Ogrodzie, cmentarz \u017cydowski przy ul. Cieszy\u0144skiej<\/strong><\/p>\n<p>To pierwsze plenerowe wydarzenie edukacyjne zaplanowane w powstaj\u0105cym ogrodzie na nieu\u017cytku cmentarza \u017cydowskiego.&nbsp; Edukatorzy Klubu Gaja prowadzi\u0107 b\u0119d\u0105 aktywn\u0105 edukacj\u0119 nt. adaptacji do zmian klimatu i ochrony r\u00f3\u017cnorodno\u015bci biologicznej popart\u0105 konkretnym dzia\u0142aniem, poznawanie przyrody miejsca i jego historii oraz pracami w ogrodzie. Mieszka\u0144cy zostan\u0105 zaproszeni do wsp\u00f3lnych prac porz\u0105dkowania terenu i usuwania rdestowca ostroko\u0144czystego \u2013 gatunku inwazyjnego, gro\u017anego dla rodzimej przyrody. Podczas wydarzenia uczestnicy zbuduj\u0105 tak\u017ce budki dla ptak\u00f3w i nietoperzy, kt\u00f3re zostan\u0105 zamontowane na terenie Tajemniczego Ogrodu.<\/p>\n<p>\u201eZagro\u017ceniem r\u00f3\u017cnorodno\u015bci gatunkowej dla terenu powstaj\u0105cego tajemniczego Ogrodu s\u0105 ro\u015bliny inwazyjne, a szczeg\u00f3lnie rdestowiec ostroko\u0144czysty. Konieczne jest jego koszenie i wyrywanie, co najmniej dwukrotne w ci\u0105gu roku. Rdestowiec ogranicza w pe\u0142ni rozwoju wegetacyjnego walory krajobrazowe cmentarza. Niekorzystnie na walory estetyczne tego terenu wp\u0142ywaj\u0105 r\u00f3wnie\u017c zesch\u0142e p\u0119dy tej ro\u015bliny, kt\u00f3re mo\u017cna obserwowa\u0107 zim\u0105 i wiosn\u0105\u201d \u2013 wyja\u015bnia prof. <strong>Zbigniew Wilczek <\/strong>z Instytutu Biologii, Biotechnologii i Ochrony \u015arodowiska Uniwersytetu \u015al\u0105skiego Katowicach.<\/p>\n<p><strong>22 czerwca (wtorek), godz. 10.00-13.30, 23 czerwca (\u015broda), godz. 16.30 \u2013 20.00 &#8211; warsztaty wypracowania za\u0142o\u017ce\u0144 i projektu Tajemniczego Ogrodu na nieu\u017cytku cmentarza Gminy Wyznaniowej \u017bydowskiej&nbsp;<\/strong><\/p>\n<p>\u201eAby sprosta\u0107 wyzwaniom zwi\u0105zanym ze zmianami klimatu potrzebna jest nam szeroka wsp\u00f3\u0142praca i holistyczne podej\u015bcie do zagro\u017ce\u0144 \u015brodowiskowych. Ka\u017cdy z nas posiada umiej\u0119tno\u015bci i wiedz\u0119, z kt\u00f3r\u0105 mo\u017ce dzieli\u0107 si\u0119 z innymi. Nadszed\u0142 czas, w kt\u00f3rym liczy si\u0119 wsp\u00f3\u0142praca, a nie tylko bezwzgl\u0119dna konkurencja. Budujmy razem zielon\u0105 przysz\u0142o\u015b\u0107 dla naszego miasta i regionu\u201d \u2013 komentuje <strong>Jacek Bo\u017cek, <\/strong>szef Klubu Gaja.<\/p>\n<p>Podczas warsztat\u00f3w, kt\u00f3re w pierwszym dniu odb\u0119d\u0105 si\u0119 w Willi Sixta, a w drugim na cmentarzu \u017cydowskim, wsp\u00f3lnie z mieszka\u0144cami\/nkami Klub Gaja i eksperci pracowa\u0107 b\u0119d\u0105 nad koncepcj\u0105 projektu Tajemniczego Ogrodu na terenie nieu\u017cytku cmentarza. Ogr\u00f3d zostanie udost\u0119pniony mieszka\u0144com miasta by s\u0142u\u017cy\u0107 szerokiej edukacji na temat ochrony klimatu i wspom\u00f3c rozw\u00f3j zielono-b\u0142\u0119kitnej infrastruktury miasta, kt\u00f3ra \u0142agodzi skutki zmian klimatu i wspiera r\u00f3\u017cnorodno\u015b\u0107 biologiczn\u0105. Warsztaty odb\u0119d\u0105 si\u0119 we wsp\u00f3\u0142pracy z Miastem Bielsko-Bia\u0142a, Gmin\u0105 Wyznaniow\u0105 \u017bydowsk\u0105 w Bielsku-Bia\u0142ej i Galeri\u0105 Bielsk\u0105 BWA, przy udziale specjalist\u00f3w m.in. architekt\u00f3w krajobrazu, historyka, biologa. &nbsp;<a href=\"http:\/\/www.klubgaja.pl\/cms\/uploads\/AKTUALNO%C5%9ACI%202021\/NORWESKIE\/tajemniczy-ogrod.pdf\"><strong>Program warsztat\u00f3w dost\u0119pny jest TUTAJ &gt;&gt;&gt;<\/strong><br \/>\n<\/a><br \/>\nIlo\u015b\u0107 miejsc na warsztatach jest ograniczona. <strong>Zg\u0142oszenia do udzia\u0142u w warsztatach prosimy przesy\u0142a\u0107 na adres e-mail: j.migdal@klubgaja.pl<\/strong> <strong>w terminie do 15.06.2021r.<\/strong><\/p>\n<p>&nbsp;<\/p>\n<p><a href=\"https:\/\/archiwum.swietodrzewa.pl\/wp-content\/uploads\/2021\/04\/active-citizens-fund-4x.png\"><img loading=\"lazy\" class=\"alignleft size-medium wp-image-12821\" src=\"https:\/\/archiwum.swietodrzewa.pl\/wp-content\/uploads\/2021\/04\/active-citizens-fund-4x-300x105.png\" alt=\"\" width=\"300\" height=\"105\" srcset=\"https:\/\/archiwum.swietodrzewa.pl\/wp-content\/uploads\/2021\/04\/active-citizens-fund-4x-300x105.png 300w, https:\/\/archiwum.swietodrzewa.pl\/wp-content\/uploads\/2021\/04\/active-citizens-fund-4x-1024x359.png 1024w, https:\/\/archiwum.swietodrzewa.pl\/wp-content\/uploads\/2021\/04\/active-citizens-fund-4x-768x270.png 768w, https:\/\/archiwum.swietodrzewa.pl\/wp-content\/uploads\/2021\/04\/active-citizens-fund-4x-1536x539.png 1536w, https:\/\/archiwum.swietodrzewa.pl\/wp-content\/uploads\/2021\/04\/active-citizens-fund-4x-2048x719.png 2048w\" sizes=\"(max-width: 300px) 100vw, 300px\" \/><\/a><\/p>\n<p>&nbsp;<\/p>\n<p><strong><em>Projekt \u201e\u015awi\u0119to Drzewa \u2013 ogrody dla klimatu\u201d <\/em><\/strong><strong><em>realizowany <\/em><\/strong><strong><em>jest <\/em><\/strong><strong><em>z dotacji programu Aktywni Obywatele \u2013 Fundusz Krajowy finansowanego z Funduszy EOG<\/em><\/strong><\/p>\n<p><a href=\"https:\/\/archiwum.swietodrzewa.pl\/wp-content\/uploads\/2021\/05\/4-loga_11.jpg\"><img loading=\"lazy\" class=\"alignleft wp-image-12938\" src=\"https:\/\/archiwum.swietodrzewa.pl\/wp-content\/uploads\/2021\/05\/4-loga_11-300x44.jpg\" alt=\"\" width=\"368\" height=\"54\" srcset=\"https:\/\/archiwum.swietodrzewa.pl\/wp-content\/uploads\/2021\/05\/4-loga_11-300x44.jpg 300w, https:\/\/archiwum.swietodrzewa.pl\/wp-content\/uploads\/2021\/05\/4-loga_11-1024x150.jpg 1024w, https:\/\/archiwum.swietodrzewa.pl\/wp-content\/uploads\/2021\/05\/4-loga_11-768x112.jpg 768w, https:\/\/archiwum.swietodrzewa.pl\/wp-content\/uploads\/2021\/05\/4-loga_11.jpg 1198w\" sizes=\"(max-width: 368px) 100vw, 368px\" \/><\/a><\/p>\n","protected":false},"excerpt":{"rendered":"<p>Pierwsze wydarzenie w ramach projektu Klubu Gaja \u201e\u015awi\u0119to Drzewa &#8211; ogrody dla klimatu\u201d odb\u0119dzie si\u0119 15 czerwca (wtorek) w ogrodzie zabytkowej Wilii Sixta Galerii Bielskiej BWA. M\u0142odzie\u017c z bielskich szk\u00f3\u0142 realizowa\u0107 b\u0119dzie wypracowane wsp\u00f3lnie projekty cienistego zak\u0105tka i oazy dla ptak\u00f3w. Natomiast 16 czerwca (\u015broda) odb\u0119dzie si\u0119 plenerowe wydarzenie w Tajemniczym Ogrodzie \u0142\u0105cz\u0105ce edukacj\u0119 nt. [&hellip;]<\/p>\n","protected":false},"author":3,"featured_media":13029,"comment_status":"closed","ping_status":"closed","sticky":false,"template":"","format":"standard","meta":{"ngg_post_thumbnail":0},"categories":[17],"tags":[],"_links":{"self":[{"href":"https:\/\/archiwum.swietodrzewa.pl\/index.php?rest_route=\/wp\/v2\/posts\/13027"}],"collection":[{"href":"https:\/\/archiwum.swietodrzewa.pl\/index.php?rest_route=\/wp\/v2\/posts"}],"about":[{"href":"https:\/\/archiwum.swietodrzewa.pl\/index.php?rest_route=\/wp\/v2\/types\/post"}],"author":[{"embeddable":true,"href":"https:\/\/archiwum.swietodrzewa.pl\/index.php?rest_route=\/wp\/v2\/users\/3"}],"replies":[{"embeddable":true,"href":"https:\/\/archiwum.swietodrzewa.pl\/index.php?rest_route=%2Fwp%2Fv2%2Fcomments&post=13027"}],"version-history":[{"count":8,"href":"https:\/\/archiwum.swietodrzewa.pl\/index.php?rest_route=\/wp\/v2\/posts\/13027\/revisions"}],"predecessor-version":[{"id":13048,"href":"https:\/\/archiwum.swietodrzewa.pl\/index.php?rest_route=\/wp\/v2\/posts\/13027\/revisions\/13048"}],"wp:featuredmedia":[{"embeddable":true,"href":"https:\/\/archiwum.swietodrzewa.pl\/index.php?rest_route=\/wp\/v2\/media\/13029"}],"wp:attachment":[{"href":"https:\/\/archiwum.swietodrzewa.pl\/index.php?rest_route=%2Fwp%2Fv2%2Fmedia&parent=13027"}],"wp:term":[{"taxonomy":"category","embeddable":true,"href":"https:\/\/archiwum.swietodrzewa.pl\/index.php?rest_route=%2Fwp%2Fv2%2Fcategories&post=13027"},{"taxonomy":"post_tag","embeddable":true,"href":"https:\/\/archiwum.swietodrzewa.pl\/index.php?rest_route=%2Fwp%2Fv2%2Ftags&post=13027"}],"curies":[{"name":"wp","href":"https:\/\/api.w.org\/{rel}","templated":true}]}}