{"id":13054,"date":"2021-06-16T20:48:24","date_gmt":"2021-06-16T18:48:24","guid":{"rendered":"https:\/\/swietodrzewa.pl\/?p=13054"},"modified":"2021-06-16T20:51:15","modified_gmt":"2021-06-16T18:51:15","slug":"mural-antysmogowy-drzewo-zycia","status":"publish","type":"post","link":"https:\/\/archiwum.swietodrzewa.pl\/?p=13054","title":{"rendered":"Mural antysmogowy Drzewo \u017bycia"},"content":{"rendered":"<p><strong>Na \u015bcianie budynku przy ul. Ruskiej 46a, gdzie mie\u015bci si\u0119 Studio BWA Wroc\u0142aw powsta\u0142 mural ekologiczny w ramach programu \u015awi\u0119ta Drzewa Klubu Gaja, wykonany przez artystk\u0119 Ew\u0119 Ciepielewsk\u0105 z grupy LUXUS. Drzewo \u017bycia to wsp\u00f3lne dzia\u0142anie Klubu Gaja, BWA Wroc\u0142aw Galerie Sztuki Wsp\u00f3\u0142czesnej i EY Global Delivery Services Poland \u2013 partnera strategicznego \u015awi\u0119ta Drzewa. Uroczyste otwarcie muralu odby\u0142o si\u0119 podczas \u015awi\u0119ta Podw\u00f3rka Ruska 46. Wydarzeniu towarzyszy\u0142o czytanie performatywne Jacka Bo\u017cka wiersza Czes\u0142awa Mi\u0142osza \u201eO Anio\u0142ach&#8221;. Na zako\u0144czenie wydarzenia publiczno\u015b\u0107 zaproszono do wsp\u00f3lnego sadzenia bluszczu pospolitego.<\/strong><!--more--><\/p>\n<p><strong>&nbsp;<\/strong>Mural Drzewo \u017bycia, kt\u00f3ry powsta\u0142 w kultowym podw\u00f3rku Ruska 46a wykonano farbami<strong>, <\/strong>poch\u0142aniaj\u0105cymi zanieczyszczenia powietrza, zawieraj\u0105cymi dwutlenek tytanu, kt\u00f3ry pod wp\u0142ywem \u015bwiat\u0142a neutralizuje m.in. spaliny samochod\u00f3w. Namalowane symboliczne drzewo na powierzchni 135 m kw. codziennie b\u0119dzie neutralizowa\u0107 emisj\u0119 28,5 samochod\u00f3w i oczyszcza\u0107 powietrze tak jak zrobi\u0142by to las o tej samej powierzchni. Oficjalne ods\u0142oni\u0119cie muralu odby\u0142o si\u0119 12 czerwca podczas \u015awi\u0119ta Podw\u00f3rka Ruska 46.<\/p>\n<p>Jacek Bo\u017cek z Klubu Gaja witaj\u0105c licznie zgromadzon\u0105 publiczno\u015b\u0107 i partner\u00f3w: Macieja Bujko \u2013 dyrektora BWA Wroc\u0142aw Galerie Sztuki Wsp\u00f3\u0142czesnej, Dominka Wo\u017aniaka<strong> \u2013 <\/strong>Lidera EY Global Delivery Services Poland, Joann\u0119 Stembalsk\u0105 \u2013 kierowniczk\u0119 i kuratork\u0119 Galerii Studio BWA Wroc\u0142aw i Ew\u0119 Ciepielewsk\u0105 \u2013 autork\u0119 muralu Drzewo \u017bycia, wprowadzi\u0142 du\u017co energii. By\u0142y oklaski, okrzyki i du\u017co u\u015bmiechu!<\/p>\n<p><strong>Maciej Bojko,<\/strong> dyrektor BWA Wroc\u0142aw Galerie Sztuki Wsp\u00f3\u0142czesnej<strong>,<\/strong> otwieraj\u0105c uroczysto\u015b\u0107, powiedzia\u0142&nbsp; \u2013 \u201eDzi\u0119kuj\u0119 wszystkim, \u017ce tu jeste\u015bcie! To jest niesamowite, \u017ce mogli\u015bmy to razem zrealizowa\u0107. Zanim opowiemy o muralu, chcia\u0142bym powiedzie\u0107 o czym\u015b troch\u0119 szerszym, co jest bardzo wa\u017cne, o spo\u0142eczno\u015bci. Ka\u017cda rzecz zaczyna si\u0119 od spo\u0142eczno\u015bci! Ta spo\u0142eczno\u015b\u0107, o kt\u00f3rej m\u00f3wi\u0119, to Ruska 46a! Ponad 40 organizacji bez kt\u00f3rych \u015bwi\u0119to podw\u00f3rka nigdy by si\u0119 nie odby\u0142o. Chcia\u0142em przede wszystkim podzi\u0119kowa\u0107 Wam! Ludziom z Ruskiej! I jeszcze raz dzi\u0119kuj\u0119 wszystkim za stworzenie tego muralu!\u201d<\/p>\n<p><strong>Dominki Wo\u017aniak, <\/strong>lider EY Global Delivery Services Poland, dzi\u0119kuj\u0105c Miastu Wroc\u0142aw, BWA Wroc\u0142aw Galerie Sztuki Wsp\u00f3\u0142czesnej, Klubowi Gaja, artystce i publiczno\u015bci, m\u00f3wi\u0142 \u2013 \u201eTa inicjatywa wpisuje si\u0119 w obchody dziesi\u0119ciolecia naszej firmy w Polsce. To w\u0142a\u015bnie we Wroc\u0142awiu otworzyli\u015bmy pierwsze biuro. W tym momencie nasz zesp\u00f3\u0142 liczy w Polsce ponad 1800 pracownik\u00f3w wielu narodowo\u015bci. Przez ostatnie dziesi\u0119\u0107 lat, nie tylko pracowali\u015bmy z naszymi klientami ale r\u00f3wnie\u017c anga\u017cowali\u015bmy si\u0119 we wsp\u00f3\u0142tworzenie spo\u0142eczno\u015b\u0107, o kt\u00f3rej tu m\u00f3wiono. Poprzez takie dzia\u0142ania jak powstanie muralu chcemy na trwa\u0142e wpisa\u0107 si\u0119 w przestrze\u0144 nowoczesnego Wroc\u0142awia. Aktywno\u015bci zwi\u0105zane z ekologi\u0105 i ochrona \u015brodowiska le\u017c\u0105 u podstaw naszych warto\u015bci\u201d.&nbsp;<\/p>\n<p>Jacek Bo\u017cek, zwracaj\u0105c si\u0119 do publiczno\u015bci, podkre\u015bli\u0142, \u017ce wsp\u00f3lnie z partnerem nie tylko zrealizowali\u015bmy ten mural, ale posadzili\u015bmy tak\u017ce 3700 dzikich grusz i jab\u0142oni w Borach Tucholskich, kt\u00f3re b\u0119d\u0105 s\u0142u\u017cy\u0142y owadom, ptakom i innym zwierz\u0119tom.<\/p>\n<p>\n<div class=\"ngg-galleryoverview ngg-slideshow\"\n\tid=\"ngg-slideshow-786c0e5a885611b97f28f322a3912e4d-17327425340\"\n\tdata-gallery-id=\"786c0e5a885611b97f28f322a3912e4d\"\n\tstyle=\"max-width: 600px;\n\t\t\tmax-height: 450px;\n\t\t\tdisplay: none;\">\n\n\t\n\t\t<a href=\"https:\/\/archiwum.swietodrzewa.pl\/wp-content\/gallery\/mural-wroclaw\/199427922_4433374726673613_5704606383471661132_n.jpg\"\n\t\t\ttitle=\"\"\n\t\t\tdata-src=\"https:\/\/archiwum.swietodrzewa.pl\/wp-content\/gallery\/mural-wroclaw\/199427922_4433374726673613_5704606383471661132_n.jpg\"\n\t\t\tdata-thumbnail=\"https:\/\/archiwum.swietodrzewa.pl\/wp-content\/gallery\/mural-wroclaw\/thumbs\/thumbs_199427922_4433374726673613_5704606383471661132_n.jpg\"\n\t\t\tdata-image-id=\"1981\"\n\t\t\tdata-title=\"199427922_4433374726673613_5704606383471661132_n\"\n\t\t\tdata-description=\"\"\n\t\t\tclass=\"shutterset_786c0e5a885611b97f28f322a3912e4d\">\n\n\t\t\t<img data-image-id='1981'\n\t\t\t\ttitle=\"\"\n\t\t\t\talt=\"199427922_4433374726673613_5704606383471661132_n\"\n\t\t\t\tsrc=\"https:\/\/archiwum.swietodrzewa.pl\/wp-content\/gallery\/mural-wroclaw\/199427922_4433374726673613_5704606383471661132_n.jpg\"\n\t\t\t\tstyle=\"max-height: 430px;\"\/>\n\t\t<\/a>\n\n\t\t\n\t\t<a href=\"https:\/\/archiwum.swietodrzewa.pl\/wp-content\/gallery\/mural-wroclaw\/199716168_4433372146673871_1022796805493801913_n.jpg\"\n\t\t\ttitle=\"\"\n\t\t\tdata-src=\"https:\/\/archiwum.swietodrzewa.pl\/wp-content\/gallery\/mural-wroclaw\/199716168_4433372146673871_1022796805493801913_n.jpg\"\n\t\t\tdata-thumbnail=\"https:\/\/archiwum.swietodrzewa.pl\/wp-content\/gallery\/mural-wroclaw\/thumbs\/thumbs_199716168_4433372146673871_1022796805493801913_n.jpg\"\n\t\t\tdata-image-id=\"1982\"\n\t\t\tdata-title=\"199716168_4433372146673871_1022796805493801913_n\"\n\t\t\tdata-description=\"\"\n\t\t\tclass=\"shutterset_786c0e5a885611b97f28f322a3912e4d\">\n\n\t\t\t<img data-image-id='1982'\n\t\t\t\ttitle=\"\"\n\t\t\t\talt=\"199716168_4433372146673871_1022796805493801913_n\"\n\t\t\t\tsrc=\"https:\/\/archiwum.swietodrzewa.pl\/wp-content\/gallery\/mural-wroclaw\/199716168_4433372146673871_1022796805493801913_n.jpg\"\n\t\t\t\tstyle=\"max-height: 430px;\"\/>\n\t\t<\/a>\n\n\t\t\n\t\t<a href=\"https:\/\/archiwum.swietodrzewa.pl\/wp-content\/gallery\/mural-wroclaw\/200426294_4433374303340322_2885999189575589804_n.jpg\"\n\t\t\ttitle=\"\"\n\t\t\tdata-src=\"https:\/\/archiwum.swietodrzewa.pl\/wp-content\/gallery\/mural-wroclaw\/200426294_4433374303340322_2885999189575589804_n.jpg\"\n\t\t\tdata-thumbnail=\"https:\/\/archiwum.swietodrzewa.pl\/wp-content\/gallery\/mural-wroclaw\/thumbs\/thumbs_200426294_4433374303340322_2885999189575589804_n.jpg\"\n\t\t\tdata-image-id=\"1983\"\n\t\t\tdata-title=\"200426294_4433374303340322_2885999189575589804_n\"\n\t\t\tdata-description=\"\"\n\t\t\tclass=\"shutterset_786c0e5a885611b97f28f322a3912e4d\">\n\n\t\t\t<img data-image-id='1983'\n\t\t\t\ttitle=\"\"\n\t\t\t\talt=\"200426294_4433374303340322_2885999189575589804_n\"\n\t\t\t\tsrc=\"https:\/\/archiwum.swietodrzewa.pl\/wp-content\/gallery\/mural-wroclaw\/200426294_4433374303340322_2885999189575589804_n.jpg\"\n\t\t\t\tstyle=\"max-height: 430px;\"\/>\n\t\t<\/a>\n\n\t\t\n\t\t<a href=\"https:\/\/archiwum.swietodrzewa.pl\/wp-content\/gallery\/mural-wroclaw\/201634654_4433373023340450_5155000160282410127_n.jpg\"\n\t\t\ttitle=\"\"\n\t\t\tdata-src=\"https:\/\/archiwum.swietodrzewa.pl\/wp-content\/gallery\/mural-wroclaw\/201634654_4433373023340450_5155000160282410127_n.jpg\"\n\t\t\tdata-thumbnail=\"https:\/\/archiwum.swietodrzewa.pl\/wp-content\/gallery\/mural-wroclaw\/thumbs\/thumbs_201634654_4433373023340450_5155000160282410127_n.jpg\"\n\t\t\tdata-image-id=\"1984\"\n\t\t\tdata-title=\"201634654_4433373023340450_5155000160282410127_n\"\n\t\t\tdata-description=\"\"\n\t\t\tclass=\"shutterset_786c0e5a885611b97f28f322a3912e4d\">\n\n\t\t\t<img data-image-id='1984'\n\t\t\t\ttitle=\"\"\n\t\t\t\talt=\"201634654_4433373023340450_5155000160282410127_n\"\n\t\t\t\tsrc=\"https:\/\/archiwum.swietodrzewa.pl\/wp-content\/gallery\/mural-wroclaw\/201634654_4433373023340450_5155000160282410127_n.jpg\"\n\t\t\t\tstyle=\"max-height: 430px;\"\/>\n\t\t<\/a>\n\n\t\t\n\t\t<a href=\"https:\/\/archiwum.swietodrzewa.pl\/wp-content\/gallery\/mural-wroclaw\/201271605_4433373346673751_8524704402861904643_n.jpg\"\n\t\t\ttitle=\"\"\n\t\t\tdata-src=\"https:\/\/archiwum.swietodrzewa.pl\/wp-content\/gallery\/mural-wroclaw\/201271605_4433373346673751_8524704402861904643_n.jpg\"\n\t\t\tdata-thumbnail=\"https:\/\/archiwum.swietodrzewa.pl\/wp-content\/gallery\/mural-wroclaw\/thumbs\/thumbs_201271605_4433373346673751_8524704402861904643_n.jpg\"\n\t\t\tdata-image-id=\"1985\"\n\t\t\tdata-title=\"201271605_4433373346673751_8524704402861904643_n\"\n\t\t\tdata-description=\"\"\n\t\t\tclass=\"shutterset_786c0e5a885611b97f28f322a3912e4d\">\n\n\t\t\t<img data-image-id='1985'\n\t\t\t\ttitle=\"\"\n\t\t\t\talt=\"201271605_4433373346673751_8524704402861904643_n\"\n\t\t\t\tsrc=\"https:\/\/archiwum.swietodrzewa.pl\/wp-content\/gallery\/mural-wroclaw\/201271605_4433373346673751_8524704402861904643_n.jpg\"\n\t\t\t\tstyle=\"max-height: 430px;\"\/>\n\t\t<\/a>\n\n\t\t\n\t\t<a href=\"https:\/\/archiwum.swietodrzewa.pl\/wp-content\/gallery\/mural-wroclaw\/IMG_5377.jpg\"\n\t\t\ttitle=\"\"\n\t\t\tdata-src=\"https:\/\/archiwum.swietodrzewa.pl\/wp-content\/gallery\/mural-wroclaw\/IMG_5377.jpg\"\n\t\t\tdata-thumbnail=\"https:\/\/archiwum.swietodrzewa.pl\/wp-content\/gallery\/mural-wroclaw\/thumbs\/thumbs_IMG_5377.jpg\"\n\t\t\tdata-image-id=\"1987\"\n\t\t\tdata-title=\"IMG_5377\"\n\t\t\tdata-description=\"\"\n\t\t\tclass=\"shutterset_786c0e5a885611b97f28f322a3912e4d\">\n\n\t\t\t<img data-image-id='1987'\n\t\t\t\ttitle=\"\"\n\t\t\t\talt=\"IMG_5377\"\n\t\t\t\tsrc=\"https:\/\/archiwum.swietodrzewa.pl\/wp-content\/gallery\/mural-wroclaw\/IMG_5377.jpg\"\n\t\t\t\tstyle=\"max-height: 430px;\"\/>\n\t\t<\/a>\n\n\t\t\n\t\t<a href=\"https:\/\/archiwum.swietodrzewa.pl\/wp-content\/gallery\/mural-wroclaw\/Fot_Klub-Gaja_mura_Drzewo_Zycia.jpg\"\n\t\t\ttitle=\"\"\n\t\t\tdata-src=\"https:\/\/archiwum.swietodrzewa.pl\/wp-content\/gallery\/mural-wroclaw\/Fot_Klub-Gaja_mura_Drzewo_Zycia.jpg\"\n\t\t\tdata-thumbnail=\"https:\/\/archiwum.swietodrzewa.pl\/wp-content\/gallery\/mural-wroclaw\/thumbs\/thumbs_Fot_Klub-Gaja_mura_Drzewo_Zycia.jpg\"\n\t\t\tdata-image-id=\"1986\"\n\t\t\tdata-title=\"Fot_Klub-Gaja_mura_Drzewo_Zycia\"\n\t\t\tdata-description=\"\"\n\t\t\tclass=\"shutterset_786c0e5a885611b97f28f322a3912e4d\">\n\n\t\t\t<img data-image-id='1986'\n\t\t\t\ttitle=\"\"\n\t\t\t\talt=\"Fot_Klub-Gaja_mura_Drzewo_Zycia\"\n\t\t\t\tsrc=\"https:\/\/archiwum.swietodrzewa.pl\/wp-content\/gallery\/mural-wroclaw\/Fot_Klub-Gaja_mura_Drzewo_Zycia.jpg\"\n\t\t\t\tstyle=\"max-height: 430px;\"\/>\n\t\t<\/a>\n\n\t\t\n\t\t<a href=\"https:\/\/archiwum.swietodrzewa.pl\/wp-content\/gallery\/mural-wroclaw\/200437514_4433373956673690_1367767108906789491_n.jpg\"\n\t\t\ttitle=\"\"\n\t\t\tdata-src=\"https:\/\/archiwum.swietodrzewa.pl\/wp-content\/gallery\/mural-wroclaw\/200437514_4433373956673690_1367767108906789491_n.jpg\"\n\t\t\tdata-thumbnail=\"https:\/\/archiwum.swietodrzewa.pl\/wp-content\/gallery\/mural-wroclaw\/thumbs\/thumbs_200437514_4433373956673690_1367767108906789491_n.jpg\"\n\t\t\tdata-image-id=\"1988\"\n\t\t\tdata-title=\"200437514_4433373956673690_1367767108906789491_n\"\n\t\t\tdata-description=\"\"\n\t\t\tclass=\"shutterset_786c0e5a885611b97f28f322a3912e4d\">\n\n\t\t\t<img data-image-id='1988'\n\t\t\t\ttitle=\"\"\n\t\t\t\talt=\"200437514_4433373956673690_1367767108906789491_n\"\n\t\t\t\tsrc=\"https:\/\/archiwum.swietodrzewa.pl\/wp-content\/gallery\/mural-wroclaw\/200437514_4433373956673690_1367767108906789491_n.jpg\"\n\t\t\t\tstyle=\"max-height: 430px;\"\/>\n\t\t<\/a>\n\n\t\t\n\t\t<a href=\"https:\/\/archiwum.swietodrzewa.pl\/wp-content\/gallery\/mural-wroclaw\/Klub-Gaja_-B_Tarnawa-15.JPG\"\n\t\t\ttitle=\"\"\n\t\t\tdata-src=\"https:\/\/archiwum.swietodrzewa.pl\/wp-content\/gallery\/mural-wroclaw\/Klub-Gaja_-B_Tarnawa-15.JPG\"\n\t\t\tdata-thumbnail=\"https:\/\/archiwum.swietodrzewa.pl\/wp-content\/gallery\/mural-wroclaw\/thumbs\/thumbs_Klub-Gaja_-B_Tarnawa-15.JPG\"\n\t\t\tdata-image-id=\"1989\"\n\t\t\tdata-title=\"Klub-Gaja_-B_Tarnawa-15\"\n\t\t\tdata-description=\"\"\n\t\t\tclass=\"shutterset_786c0e5a885611b97f28f322a3912e4d\">\n\n\t\t\t<img data-image-id='1989'\n\t\t\t\ttitle=\"\"\n\t\t\t\talt=\"Klub-Gaja_-B_Tarnawa-15\"\n\t\t\t\tsrc=\"https:\/\/archiwum.swietodrzewa.pl\/wp-content\/gallery\/mural-wroclaw\/Klub-Gaja_-B_Tarnawa-15.JPG\"\n\t\t\t\tstyle=\"max-height: 430px;\"\/>\n\t\t<\/a>\n\n\t\t<\/div>\n\n\n<strong>Joanna Stembalska<\/strong>, kierowniczka i kuratorka Galerii Studio BWA Wroc\u0142aw, zaznaczy\u0142a \u2013\u201ePrac\u0119 z muralami jako kuratorka zacz\u0119\u0142am w 2008 r. Mam teraz bardzo r\u00f3\u017cne, refleksyjne i negatywne podej\u015bcie do murali, bo s\u0105 wykorzystywane reklamowo i komercyjnie. Ale kiedy dzie\u0142o sztuki jest realizowane przez niezwyk\u0142\u0105 artystk\u0119 i realnie wprowadza zmiany w popraw\u0119 jako\u015bci powietrza, to ja na nowo jestem na tak, za muralami antysmogowymi. Mural Drzewo \u017bycia ka\u017cdego dnia b\u0119dzie neutralizowa\u0142 smog z 28,5 samochod\u00f3w. Maciek, m\u00f3wi\u0142 o energii i potrzebie wsp\u00f3lnotowo\u015bci. Kryzys klimatyczny pokaza\u0142 nam, \u017ce jedyna nadziej\u0105 jest bycie razem, wsp\u00f3\u0142praca i wsp\u00f3\u0142tworzenie. Takimi gestami, jak sadzenie drzew czy wykonanie muralu antysmogowego, dok\u0142adamy si\u0119 do tego. I jeszcze energia! To nie przypadek sprawi\u0142, \u017ce zacz\u0119li\u015bmy wsp\u00f3lnie dzia\u0142a\u0107. Z wysokim poziomem energii. Jestem wam wdzi\u0119czna za t\u0119 wsp\u00f3\u0142prac\u0119!\u201d<\/p>\n<p><strong>Ewa Ciepielewska<\/strong>, artystka z grupy LUXUS, dzi\u0119kuj\u0105c Klubowi Gaja, partnerom i osobom pomagaj\u0105cym jej przy realizacji: Ani, Paw\u0142owi i \u0141ukaszowi, wyja\u015bni\u0142a \u2013 \u201eJestem wdzi\u0119czna, \u017ce EY GDS wybra\u0142 ten projekt. Drzewo \u017bycia \u015bwietnie pasuje do tego miejsca. Jest to podw\u00f3rko neon\u00f3w, a ta struktura przypomina cz\u0105steczk\u0119. Opiera\u0142am si\u0119 na kabalistycznym rysunku pochodz\u0105cym z XII w., w kt\u00f3rym zobaczy\u0142am model molekularnej budowy \u017cywych organizm\u00f3w. Postanowi\u0142am, \u017ce b\u0119dzie to obraz opieraj\u0105cy si\u0119 na harmonii barw i 11 pierwiastk\u00f3w, kt\u00f3re s\u0105 budulcem wszystkich istot na Ziemi\u201d.<\/p>\n<p>Nast\u0119pnie Jacek Bo\u017cek zaprosi\u0142 wszystkich partner\u00f3w do ods\u0142oni\u0119cia kolorowymi wst\u0105\u017ckami tablicy oznaczaj\u0105cej mural i przeczyta\u0142 publiczno\u015bci wiersz Czes\u0142awa Mi\u0142osza \u201eO Anio\u0142ach\u201d . Czytanie zako\u0144czy\u0142 okrzykiem i rozwini\u0119ciem transparentu \u201eZaraz dzie\u0144, jeszcze jeden, zr\u00f3b co mo\u017cesz\u201d. Wydarzenie zako\u0144czy\u0142o si\u0119 wsp\u00f3lnym sadzeniem bluszczu pospolitego, tu\u017c obok \u015bciany z Drzewem \u017bycia.<\/p>\n<p>Dzi\u0119kujemy wszystkim partnerom i uczestnikom!<\/p>\n<p>Fot. Klub Gaja \/ Beata Tarnawa<\/p>\n<p><a href=\"https:\/\/www.facebook.com\/media\/set\/?set=a.4433377866673299&amp;type=3&amp;__xts__%5b0%5d=68.ARB8y4Q8dEFJYWsJdf5WXt5wFBxy3mAYqoF9vFS8oru8ssLXSOb7Un_7mwm5PFKjM8BEUsn4NF73RTGW_cHChHxewKbp0u2la0HyTh6o-rcQT-8IulxuhjZIo-IXywhn2_4BJXRS8zm4NWpvUBi55Z_c4M8UCy-_nVm8I1S5bkmbYXgDHSUzE-J3Rgc5lC5fLkTugdjwx3npGemjsptJybHGplTxQJ7ISafRp3TdRAYJa6GyyPhdesHpm68OXMq-SC_saWJLfrcyUYfsh4aB818T0YT9ROud4VVw3nnBYP48n_P-2Lr1mQ\"><strong>ZOBACZ FOTORELACJ\u0118 &gt;&gt;&gt;<\/strong><\/a><\/p>\n<p><strong>MEDIA O WYDARZENIU<\/strong><\/p>\n<p><a href=\"https:\/\/wroclaw.wyborcza.pl\/wroclaw\/7,35771,27159607,nowy-ekologiczny-mural-we-wroclawiu-drzewo-zycia-bedzie-pochlaniac.html\">https:\/\/wroclaw.wyborcza.pl\/wroclaw\/7,35771,27159607,nowy-ekologiczny-mural-we-wroclawiu-drzewo-zycia-bedzie-pochlaniac.html<\/a><\/p>\n<p><a href=\"https:\/\/gazetawroclawska.pl\/ten-mural-oczyszcza-powietrze-to-juz-kolejny-taki-we-wroclawiu\/ar\/c1-15656434\">https:\/\/gazetawroclawska.pl\/ten-mural-oczyszcza-powietrze-to-juz-kolejny-taki-we-wroclawiu\/ar\/c1-15656434<\/a><\/p>\n<p><a href=\"https:\/\/www.radiowroclaw.pl\/articles\/view\/108815\/Ekologiczny-mural-w-centrum-Wroclawia-Ma-oczyszczac-powietrze\">https:\/\/www.radiowroclaw.pl\/articles\/view\/108815\/Ekologiczny-mural-w-centrum-Wroclawia-Ma-oczyszczac-powietrze<\/a><\/p>\n<p><a href=\"https:\/\/www.radiowroclaw.pl\/articles\/view\/108986\/Sztuka-w-RWK-23-2021\">https:\/\/www.radiowroclaw.pl\/articles\/view\/108986\/Sztuka-w-RWK-23-2021<\/a><\/p>\n<p><a href=\"https:\/\/www.eska.pl\/wroclaw\/drzewo-zycia-na-ruskiej-we-wroclawiu-powstal-mural-ekologiczny-aa-dx1v-mFGe-kaaq.html\">https:\/\/www.eska.pl\/wroclaw\/drzewo-zycia-na-ruskiej-we-wroclawiu-powstal-mural-ekologiczny-aa-dx1v-mFGe-kaaq.html<\/a><\/p>\n<p><a href=\"https:\/\/www.tuwroclaw.com\/wiadomosci,w-centrum-wroclawia-powstaje-ekologiczny-mural-bedzie-oczyszczal-powietrze-ze-spalin,wia5-3266-60193.html\">https:\/\/www.tuwroclaw.com\/wiadomosci,w-centrum-wroclawia-powstaje-ekologiczny-mural-bedzie-oczyszczal-powietrze-ze-spalin,wia5-3266-60193.html<\/a><\/p>\n<p><a href=\"https:\/\/www.wroclaw.pl\/portal\/ekologiczny-mural-ruska-46\">https:\/\/www.wroclaw.pl\/portal\/ekologiczny-mural-ruska-46<\/a><\/p>\n<p><strong>&nbsp;<\/strong><\/p>\n","protected":false},"excerpt":{"rendered":"<p>Na \u015bcianie budynku przy ul. Ruskiej 46a, gdzie mie\u015bci si\u0119 Studio BWA Wroc\u0142aw powsta\u0142 mural ekologiczny w ramach programu \u015awi\u0119ta Drzewa Klubu Gaja, wykonany przez artystk\u0119 Ew\u0119 Ciepielewsk\u0105 z grupy LUXUS. Drzewo \u017bycia to wsp\u00f3lne dzia\u0142anie Klubu Gaja, BWA Wroc\u0142aw Galerie Sztuki Wsp\u00f3\u0142czesnej i EY Global Delivery Services Poland \u2013 partnera strategicznego \u015awi\u0119ta Drzewa. Uroczyste [&hellip;]<\/p>\n","protected":false},"author":3,"featured_media":13056,"comment_status":"closed","ping_status":"closed","sticky":false,"template":"","format":"standard","meta":{"ngg_post_thumbnail":0},"categories":[1,17],"tags":[],"_links":{"self":[{"href":"https:\/\/archiwum.swietodrzewa.pl\/index.php?rest_route=\/wp\/v2\/posts\/13054"}],"collection":[{"href":"https:\/\/archiwum.swietodrzewa.pl\/index.php?rest_route=\/wp\/v2\/posts"}],"about":[{"href":"https:\/\/archiwum.swietodrzewa.pl\/index.php?rest_route=\/wp\/v2\/types\/post"}],"author":[{"embeddable":true,"href":"https:\/\/archiwum.swietodrzewa.pl\/index.php?rest_route=\/wp\/v2\/users\/3"}],"replies":[{"embeddable":true,"href":"https:\/\/archiwum.swietodrzewa.pl\/index.php?rest_route=%2Fwp%2Fv2%2Fcomments&post=13054"}],"version-history":[{"count":2,"href":"https:\/\/archiwum.swietodrzewa.pl\/index.php?rest_route=\/wp\/v2\/posts\/13054\/revisions"}],"predecessor-version":[{"id":13075,"href":"https:\/\/archiwum.swietodrzewa.pl\/index.php?rest_route=\/wp\/v2\/posts\/13054\/revisions\/13075"}],"wp:featuredmedia":[{"embeddable":true,"href":"https:\/\/archiwum.swietodrzewa.pl\/index.php?rest_route=\/wp\/v2\/media\/13056"}],"wp:attachment":[{"href":"https:\/\/archiwum.swietodrzewa.pl\/index.php?rest_route=%2Fwp%2Fv2%2Fmedia&parent=13054"}],"wp:term":[{"taxonomy":"category","embeddable":true,"href":"https:\/\/archiwum.swietodrzewa.pl\/index.php?rest_route=%2Fwp%2Fv2%2Fcategories&post=13054"},{"taxonomy":"post_tag","embeddable":true,"href":"https:\/\/archiwum.swietodrzewa.pl\/index.php?rest_route=%2Fwp%2Fv2%2Ftags&post=13054"}],"curies":[{"name":"wp","href":"https:\/\/api.w.org\/{rel}","templated":true}]}}