{"id":13128,"date":"2021-06-23T10:43:12","date_gmt":"2021-06-23T08:43:12","guid":{"rendered":"https:\/\/swietodrzewa.pl\/?p=13128"},"modified":"2021-07-29T11:33:48","modified_gmt":"2021-07-29T09:33:48","slug":"wydarzenie-edukacyjne-w-tajemniczym-ogrodzie","status":"publish","type":"post","link":"https:\/\/archiwum.swietodrzewa.pl\/?p=13128","title":{"rendered":"Wydarzenie edukacyjne w Tajemniczym Ogrodzie"},"content":{"rendered":"<p><strong>Tajemniczy Ogr\u00f3d to wsp\u00f3lna inicjatywa Klubu Gaja, Gminy Wyznaniowej \u017bydowskiej w Bielsku-Bia\u0142ej i Miasta Bielska-Bia\u0142ej. Ogr\u00f3d, kt\u00f3ry powstaje na&nbsp; nieu\u017cytku cmentarza \u017cydowskiego wymaga nie tylko przygotowania projektu ale tak\u017ce zaanga\u017cowania s\u0105siad\u00f3w i mieszka\u0144c\u00f3w w opiek\u0119 nad nim. Na pierwsze wydarzenie (16 czerwca br.) Klub Gaja zaprosi\u0142 uczni\u00f3w z okolicznych szk\u00f3\u0142 oraz mieszka\u0144c\u00f3w do wsp\u00f3lnych prac porz\u0105dkowania terenu i usuwania rdestowca ostroko\u0144czystego \u2013 gatunku inwazyjnego, kt\u00f3ry zagra\u017ca rodzimej ro\u015blinno\u015bci. Podczas warsztat\u00f3w edukacyjnych uczestnicy mogli zdoby\u0107 wiedz\u0119 o zwierz\u0119tach zamieszkuj\u0105cych ogr\u00f3d i w\u0142\u0105czy\u0107 si\u0119 w budow\u0119 budek l\u0119gowych dla ptak\u00f3w i nietoperzy.<\/strong><!--more--><\/p>\n<p>Dzie\u0144, w kt\u00f3rym zacz\u0119to prac\u0119 w Tajemniczym Ogrodzie by\u0142 naprawd\u0119 upalny! W pracach porz\u0105dkowych uczestniczyli m.in. uczniowie ze Szko\u0142y Podstawowej nr 27, <em>VIII Liceum Og\u00f3lnokszta\u0142c\u0105cego z Zespo\u0142u Szk\u00f3\u0142 Medycznych i Og\u00f3lnokszta\u0142c\u0105cych<\/em><em>, <\/em>Szko\u0142y Waldorfskiej oraz cz\u0142onkowie stowarzyszenia senior\u00f3w, kt\u00f3rzy zmierzyli si\u0119 z wyrywaniem rdestowca ostroko\u0144czystego ogromnych rozmiar\u00f3w. Zebrane cz\u0119\u015bci tej inwazyjnej ro\u015bliny trafi\u0142y do kontenera podstawianego przez Urz\u0105d Miasta. Podczas warsztat\u00f3w budowania schronie\u0144 dla dzikich zwierz\u0105t uczestnicy wydarzenia mogli dowiedzie\u0107 si\u0119 o potrzebach i zagro\u017ceniach dla gatunk\u00f3w wyst\u0119puj\u0105cych w mie\u015bcie. Wsp\u00f3lnie zbudowali budki l\u0119gowe m.in. dla sikorek, szpak\u00f3w i nietoperzy, kt\u00f3re zostan\u0105 zamontowane w Tajemniczym Ogrodzie.<\/p>\n<p>\n<div class=\"ngg-galleryoverview ngg-slideshow\"\n\tid=\"ngg-slideshow-b2cbfe00ebaa5f2036fce236cd764b1b-14649616120\"\n\tdata-gallery-id=\"b2cbfe00ebaa5f2036fce236cd764b1b\"\n\tstyle=\"max-width: 600px;\n\t\t\tmax-height: 450px;\n\t\t\tdisplay: none;\">\n\n\t\n\t\t<a href=\"https:\/\/archiwum.swietodrzewa.pl\/wp-content\/gallery\/wydarzenie-na-cmentarzu\/201849469_4442989199045499_6425872455121079515_n.jpg\"\n\t\t\ttitle=\"\"\n\t\t\tdata-src=\"https:\/\/archiwum.swietodrzewa.pl\/wp-content\/gallery\/wydarzenie-na-cmentarzu\/201849469_4442989199045499_6425872455121079515_n.jpg\"\n\t\t\tdata-thumbnail=\"https:\/\/archiwum.swietodrzewa.pl\/wp-content\/gallery\/wydarzenie-na-cmentarzu\/thumbs\/thumbs_201849469_4442989199045499_6425872455121079515_n.jpg\"\n\t\t\tdata-image-id=\"1998\"\n\t\t\tdata-title=\"201849469_4442989199045499_6425872455121079515_n\"\n\t\t\tdata-description=\"\"\n\t\t\tclass=\"shutterset_b2cbfe00ebaa5f2036fce236cd764b1b\">\n\n\t\t\t<img data-image-id='1998'\n\t\t\t\ttitle=\"\"\n\t\t\t\talt=\"201849469_4442989199045499_6425872455121079515_n\"\n\t\t\t\tsrc=\"https:\/\/archiwum.swietodrzewa.pl\/wp-content\/gallery\/wydarzenie-na-cmentarzu\/201849469_4442989199045499_6425872455121079515_n.jpg\"\n\t\t\t\tstyle=\"max-height: 430px;\"\/>\n\t\t<\/a>\n\n\t\t\n\t\t<a href=\"https:\/\/archiwum.swietodrzewa.pl\/wp-content\/gallery\/wydarzenie-na-cmentarzu\/201923604_4442990725712013_2869887568406289260_n.jpg\"\n\t\t\ttitle=\"\"\n\t\t\tdata-src=\"https:\/\/archiwum.swietodrzewa.pl\/wp-content\/gallery\/wydarzenie-na-cmentarzu\/201923604_4442990725712013_2869887568406289260_n.jpg\"\n\t\t\tdata-thumbnail=\"https:\/\/archiwum.swietodrzewa.pl\/wp-content\/gallery\/wydarzenie-na-cmentarzu\/thumbs\/thumbs_201923604_4442990725712013_2869887568406289260_n.jpg\"\n\t\t\tdata-image-id=\"1999\"\n\t\t\tdata-title=\"201923604_4442990725712013_2869887568406289260_n\"\n\t\t\tdata-description=\"\"\n\t\t\tclass=\"shutterset_b2cbfe00ebaa5f2036fce236cd764b1b\">\n\n\t\t\t<img data-image-id='1999'\n\t\t\t\ttitle=\"\"\n\t\t\t\talt=\"201923604_4442990725712013_2869887568406289260_n\"\n\t\t\t\tsrc=\"https:\/\/archiwum.swietodrzewa.pl\/wp-content\/gallery\/wydarzenie-na-cmentarzu\/201923604_4442990725712013_2869887568406289260_n.jpg\"\n\t\t\t\tstyle=\"max-height: 430px;\"\/>\n\t\t<\/a>\n\n\t\t\n\t\t<a href=\"https:\/\/archiwum.swietodrzewa.pl\/wp-content\/gallery\/wydarzenie-na-cmentarzu\/131373463_4442991592378593_1578869180987292703_n.jpg\"\n\t\t\ttitle=\"\"\n\t\t\tdata-src=\"https:\/\/archiwum.swietodrzewa.pl\/wp-content\/gallery\/wydarzenie-na-cmentarzu\/131373463_4442991592378593_1578869180987292703_n.jpg\"\n\t\t\tdata-thumbnail=\"https:\/\/archiwum.swietodrzewa.pl\/wp-content\/gallery\/wydarzenie-na-cmentarzu\/thumbs\/thumbs_131373463_4442991592378593_1578869180987292703_n.jpg\"\n\t\t\tdata-image-id=\"2000\"\n\t\t\tdata-title=\"131373463_4442991592378593_1578869180987292703_n\"\n\t\t\tdata-description=\"\"\n\t\t\tclass=\"shutterset_b2cbfe00ebaa5f2036fce236cd764b1b\">\n\n\t\t\t<img data-image-id='2000'\n\t\t\t\ttitle=\"\"\n\t\t\t\talt=\"131373463_4442991592378593_1578869180987292703_n\"\n\t\t\t\tsrc=\"https:\/\/archiwum.swietodrzewa.pl\/wp-content\/gallery\/wydarzenie-na-cmentarzu\/131373463_4442991592378593_1578869180987292703_n.jpg\"\n\t\t\t\tstyle=\"max-height: 430px;\"\/>\n\t\t<\/a>\n\n\t\t\n\t\t<a href=\"https:\/\/archiwum.swietodrzewa.pl\/wp-content\/gallery\/wydarzenie-na-cmentarzu\/201658356_4442990622378690_3590181661429703888_n.jpg\"\n\t\t\ttitle=\"\"\n\t\t\tdata-src=\"https:\/\/archiwum.swietodrzewa.pl\/wp-content\/gallery\/wydarzenie-na-cmentarzu\/201658356_4442990622378690_3590181661429703888_n.jpg\"\n\t\t\tdata-thumbnail=\"https:\/\/archiwum.swietodrzewa.pl\/wp-content\/gallery\/wydarzenie-na-cmentarzu\/thumbs\/thumbs_201658356_4442990622378690_3590181661429703888_n.jpg\"\n\t\t\tdata-image-id=\"2001\"\n\t\t\tdata-title=\"201658356_4442990622378690_3590181661429703888_n\"\n\t\t\tdata-description=\"\"\n\t\t\tclass=\"shutterset_b2cbfe00ebaa5f2036fce236cd764b1b\">\n\n\t\t\t<img data-image-id='2001'\n\t\t\t\ttitle=\"\"\n\t\t\t\talt=\"201658356_4442990622378690_3590181661429703888_n\"\n\t\t\t\tsrc=\"https:\/\/archiwum.swietodrzewa.pl\/wp-content\/gallery\/wydarzenie-na-cmentarzu\/201658356_4442990622378690_3590181661429703888_n.jpg\"\n\t\t\t\tstyle=\"max-height: 430px;\"\/>\n\t\t<\/a>\n\n\t\t\n\t\t<a href=\"https:\/\/archiwum.swietodrzewa.pl\/wp-content\/gallery\/wydarzenie-na-cmentarzu\/202013898_4442989382378814_1447224609172251016_n.jpg\"\n\t\t\ttitle=\"\"\n\t\t\tdata-src=\"https:\/\/archiwum.swietodrzewa.pl\/wp-content\/gallery\/wydarzenie-na-cmentarzu\/202013898_4442989382378814_1447224609172251016_n.jpg\"\n\t\t\tdata-thumbnail=\"https:\/\/archiwum.swietodrzewa.pl\/wp-content\/gallery\/wydarzenie-na-cmentarzu\/thumbs\/thumbs_202013898_4442989382378814_1447224609172251016_n.jpg\"\n\t\t\tdata-image-id=\"2002\"\n\t\t\tdata-title=\"202013898_4442989382378814_1447224609172251016_n\"\n\t\t\tdata-description=\"\"\n\t\t\tclass=\"shutterset_b2cbfe00ebaa5f2036fce236cd764b1b\">\n\n\t\t\t<img data-image-id='2002'\n\t\t\t\ttitle=\"\"\n\t\t\t\talt=\"202013898_4442989382378814_1447224609172251016_n\"\n\t\t\t\tsrc=\"https:\/\/archiwum.swietodrzewa.pl\/wp-content\/gallery\/wydarzenie-na-cmentarzu\/202013898_4442989382378814_1447224609172251016_n.jpg\"\n\t\t\t\tstyle=\"max-height: 430px;\"\/>\n\t\t<\/a>\n\n\t\t\n\t\t<a href=\"https:\/\/archiwum.swietodrzewa.pl\/wp-content\/gallery\/wydarzenie-na-cmentarzu\/201909809_4442989712378781_5949997924577813250_n.jpg\"\n\t\t\ttitle=\"\"\n\t\t\tdata-src=\"https:\/\/archiwum.swietodrzewa.pl\/wp-content\/gallery\/wydarzenie-na-cmentarzu\/201909809_4442989712378781_5949997924577813250_n.jpg\"\n\t\t\tdata-thumbnail=\"https:\/\/archiwum.swietodrzewa.pl\/wp-content\/gallery\/wydarzenie-na-cmentarzu\/thumbs\/thumbs_201909809_4442989712378781_5949997924577813250_n.jpg\"\n\t\t\tdata-image-id=\"2003\"\n\t\t\tdata-title=\"201909809_4442989712378781_5949997924577813250_n\"\n\t\t\tdata-description=\"\"\n\t\t\tclass=\"shutterset_b2cbfe00ebaa5f2036fce236cd764b1b\">\n\n\t\t\t<img data-image-id='2003'\n\t\t\t\ttitle=\"\"\n\t\t\t\talt=\"201909809_4442989712378781_5949997924577813250_n\"\n\t\t\t\tsrc=\"https:\/\/archiwum.swietodrzewa.pl\/wp-content\/gallery\/wydarzenie-na-cmentarzu\/201909809_4442989712378781_5949997924577813250_n.jpg\"\n\t\t\t\tstyle=\"max-height: 430px;\"\/>\n\t\t<\/a>\n\n\t\t\n\t\t<a href=\"https:\/\/archiwum.swietodrzewa.pl\/wp-content\/gallery\/wydarzenie-na-cmentarzu\/200816460_4442991192378633_5172005057040442335_n.jpg\"\n\t\t\ttitle=\"\"\n\t\t\tdata-src=\"https:\/\/archiwum.swietodrzewa.pl\/wp-content\/gallery\/wydarzenie-na-cmentarzu\/200816460_4442991192378633_5172005057040442335_n.jpg\"\n\t\t\tdata-thumbnail=\"https:\/\/archiwum.swietodrzewa.pl\/wp-content\/gallery\/wydarzenie-na-cmentarzu\/thumbs\/thumbs_200816460_4442991192378633_5172005057040442335_n.jpg\"\n\t\t\tdata-image-id=\"2004\"\n\t\t\tdata-title=\"200816460_4442991192378633_5172005057040442335_n\"\n\t\t\tdata-description=\"\"\n\t\t\tclass=\"shutterset_b2cbfe00ebaa5f2036fce236cd764b1b\">\n\n\t\t\t<img data-image-id='2004'\n\t\t\t\ttitle=\"\"\n\t\t\t\talt=\"200816460_4442991192378633_5172005057040442335_n\"\n\t\t\t\tsrc=\"https:\/\/archiwum.swietodrzewa.pl\/wp-content\/gallery\/wydarzenie-na-cmentarzu\/200816460_4442991192378633_5172005057040442335_n.jpg\"\n\t\t\t\tstyle=\"max-height: 430px;\"\/>\n\t\t<\/a>\n\n\t\t\n\t\t<a href=\"https:\/\/archiwum.swietodrzewa.pl\/wp-content\/gallery\/wydarzenie-na-cmentarzu\/202310517_4442989025712183_2404241614510967859_n.jpg\"\n\t\t\ttitle=\"\"\n\t\t\tdata-src=\"https:\/\/archiwum.swietodrzewa.pl\/wp-content\/gallery\/wydarzenie-na-cmentarzu\/202310517_4442989025712183_2404241614510967859_n.jpg\"\n\t\t\tdata-thumbnail=\"https:\/\/archiwum.swietodrzewa.pl\/wp-content\/gallery\/wydarzenie-na-cmentarzu\/thumbs\/thumbs_202310517_4442989025712183_2404241614510967859_n.jpg\"\n\t\t\tdata-image-id=\"2005\"\n\t\t\tdata-title=\"202310517_4442989025712183_2404241614510967859_n\"\n\t\t\tdata-description=\"\"\n\t\t\tclass=\"shutterset_b2cbfe00ebaa5f2036fce236cd764b1b\">\n\n\t\t\t<img data-image-id='2005'\n\t\t\t\ttitle=\"\"\n\t\t\t\talt=\"202310517_4442989025712183_2404241614510967859_n\"\n\t\t\t\tsrc=\"https:\/\/archiwum.swietodrzewa.pl\/wp-content\/gallery\/wydarzenie-na-cmentarzu\/202310517_4442989025712183_2404241614510967859_n.jpg\"\n\t\t\t\tstyle=\"max-height: 430px;\"\/>\n\t\t<\/a>\n\n\t\t\n\t\t<a href=\"https:\/\/archiwum.swietodrzewa.pl\/wp-content\/gallery\/wydarzenie-na-cmentarzu\/202200484_4442990122378740_2690098403219517638_n.jpg\"\n\t\t\ttitle=\"\"\n\t\t\tdata-src=\"https:\/\/archiwum.swietodrzewa.pl\/wp-content\/gallery\/wydarzenie-na-cmentarzu\/202200484_4442990122378740_2690098403219517638_n.jpg\"\n\t\t\tdata-thumbnail=\"https:\/\/archiwum.swietodrzewa.pl\/wp-content\/gallery\/wydarzenie-na-cmentarzu\/thumbs\/thumbs_202200484_4442990122378740_2690098403219517638_n.jpg\"\n\t\t\tdata-image-id=\"2006\"\n\t\t\tdata-title=\"202200484_4442990122378740_2690098403219517638_n\"\n\t\t\tdata-description=\"\"\n\t\t\tclass=\"shutterset_b2cbfe00ebaa5f2036fce236cd764b1b\">\n\n\t\t\t<img data-image-id='2006'\n\t\t\t\ttitle=\"\"\n\t\t\t\talt=\"202200484_4442990122378740_2690098403219517638_n\"\n\t\t\t\tsrc=\"https:\/\/archiwum.swietodrzewa.pl\/wp-content\/gallery\/wydarzenie-na-cmentarzu\/202200484_4442990122378740_2690098403219517638_n.jpg\"\n\t\t\t\tstyle=\"max-height: 430px;\"\/>\n\t\t<\/a>\n\n\t\t\n\t\t<a href=\"https:\/\/archiwum.swietodrzewa.pl\/wp-content\/gallery\/wydarzenie-na-cmentarzu\/202675280_4442989042378848_87197833083269867_n.jpg\"\n\t\t\ttitle=\"\"\n\t\t\tdata-src=\"https:\/\/archiwum.swietodrzewa.pl\/wp-content\/gallery\/wydarzenie-na-cmentarzu\/202675280_4442989042378848_87197833083269867_n.jpg\"\n\t\t\tdata-thumbnail=\"https:\/\/archiwum.swietodrzewa.pl\/wp-content\/gallery\/wydarzenie-na-cmentarzu\/thumbs\/thumbs_202675280_4442989042378848_87197833083269867_n.jpg\"\n\t\t\tdata-image-id=\"2007\"\n\t\t\tdata-title=\"202675280_4442989042378848_87197833083269867_n\"\n\t\t\tdata-description=\"\"\n\t\t\tclass=\"shutterset_b2cbfe00ebaa5f2036fce236cd764b1b\">\n\n\t\t\t<img data-image-id='2007'\n\t\t\t\ttitle=\"\"\n\t\t\t\talt=\"202675280_4442989042378848_87197833083269867_n\"\n\t\t\t\tsrc=\"https:\/\/archiwum.swietodrzewa.pl\/wp-content\/gallery\/wydarzenie-na-cmentarzu\/202675280_4442989042378848_87197833083269867_n.jpg\"\n\t\t\t\tstyle=\"max-height: 430px;\"\/>\n\t\t<\/a>\n\n\t\t\n\t\t<a href=\"https:\/\/archiwum.swietodrzewa.pl\/wp-content\/gallery\/wydarzenie-na-cmentarzu\/202125152_4442990382378714_3894691892235859214_n.jpg\"\n\t\t\ttitle=\"\"\n\t\t\tdata-src=\"https:\/\/archiwum.swietodrzewa.pl\/wp-content\/gallery\/wydarzenie-na-cmentarzu\/202125152_4442990382378714_3894691892235859214_n.jpg\"\n\t\t\tdata-thumbnail=\"https:\/\/archiwum.swietodrzewa.pl\/wp-content\/gallery\/wydarzenie-na-cmentarzu\/thumbs\/thumbs_202125152_4442990382378714_3894691892235859214_n.jpg\"\n\t\t\tdata-image-id=\"2008\"\n\t\t\tdata-title=\"202125152_4442990382378714_3894691892235859214_n\"\n\t\t\tdata-description=\"\"\n\t\t\tclass=\"shutterset_b2cbfe00ebaa5f2036fce236cd764b1b\">\n\n\t\t\t<img data-image-id='2008'\n\t\t\t\ttitle=\"\"\n\t\t\t\talt=\"202125152_4442990382378714_3894691892235859214_n\"\n\t\t\t\tsrc=\"https:\/\/archiwum.swietodrzewa.pl\/wp-content\/gallery\/wydarzenie-na-cmentarzu\/202125152_4442990382378714_3894691892235859214_n.jpg\"\n\t\t\t\tstyle=\"max-height: 430px;\"\/>\n\t\t<\/a>\n\n\t\t\n\t\t<a href=\"https:\/\/archiwum.swietodrzewa.pl\/wp-content\/gallery\/wydarzenie-na-cmentarzu\/202341552_4442988412378911_8071286285582676549_n.jpg\"\n\t\t\ttitle=\"\"\n\t\t\tdata-src=\"https:\/\/archiwum.swietodrzewa.pl\/wp-content\/gallery\/wydarzenie-na-cmentarzu\/202341552_4442988412378911_8071286285582676549_n.jpg\"\n\t\t\tdata-thumbnail=\"https:\/\/archiwum.swietodrzewa.pl\/wp-content\/gallery\/wydarzenie-na-cmentarzu\/thumbs\/thumbs_202341552_4442988412378911_8071286285582676549_n.jpg\"\n\t\t\tdata-image-id=\"2009\"\n\t\t\tdata-title=\"202341552_4442988412378911_8071286285582676549_n\"\n\t\t\tdata-description=\"\"\n\t\t\tclass=\"shutterset_b2cbfe00ebaa5f2036fce236cd764b1b\">\n\n\t\t\t<img data-image-id='2009'\n\t\t\t\ttitle=\"\"\n\t\t\t\talt=\"202341552_4442988412378911_8071286285582676549_n\"\n\t\t\t\tsrc=\"https:\/\/archiwum.swietodrzewa.pl\/wp-content\/gallery\/wydarzenie-na-cmentarzu\/202341552_4442988412378911_8071286285582676549_n.jpg\"\n\t\t\t\tstyle=\"max-height: 430px;\"\/>\n\t\t<\/a>\n\n\t\t\n\t\t<a href=\"https:\/\/archiwum.swietodrzewa.pl\/wp-content\/gallery\/wydarzenie-na-cmentarzu\/203331297_4442989052378847_3161531258943030554_n.jpg\"\n\t\t\ttitle=\"\"\n\t\t\tdata-src=\"https:\/\/archiwum.swietodrzewa.pl\/wp-content\/gallery\/wydarzenie-na-cmentarzu\/203331297_4442989052378847_3161531258943030554_n.jpg\"\n\t\t\tdata-thumbnail=\"https:\/\/archiwum.swietodrzewa.pl\/wp-content\/gallery\/wydarzenie-na-cmentarzu\/thumbs\/thumbs_203331297_4442989052378847_3161531258943030554_n.jpg\"\n\t\t\tdata-image-id=\"2010\"\n\t\t\tdata-title=\"203331297_4442989052378847_3161531258943030554_n\"\n\t\t\tdata-description=\"\"\n\t\t\tclass=\"shutterset_b2cbfe00ebaa5f2036fce236cd764b1b\">\n\n\t\t\t<img data-image-id='2010'\n\t\t\t\ttitle=\"\"\n\t\t\t\talt=\"203331297_4442989052378847_3161531258943030554_n\"\n\t\t\t\tsrc=\"https:\/\/archiwum.swietodrzewa.pl\/wp-content\/gallery\/wydarzenie-na-cmentarzu\/203331297_4442989052378847_3161531258943030554_n.jpg\"\n\t\t\t\tstyle=\"max-height: 430px;\"\/>\n\t\t<\/a>\n\n\t\t\n\t\t<a href=\"https:\/\/archiwum.swietodrzewa.pl\/wp-content\/gallery\/wydarzenie-na-cmentarzu\/202623164_4442990052378747_5785869522920392841_n.jpg\"\n\t\t\ttitle=\"\"\n\t\t\tdata-src=\"https:\/\/archiwum.swietodrzewa.pl\/wp-content\/gallery\/wydarzenie-na-cmentarzu\/202623164_4442990052378747_5785869522920392841_n.jpg\"\n\t\t\tdata-thumbnail=\"https:\/\/archiwum.swietodrzewa.pl\/wp-content\/gallery\/wydarzenie-na-cmentarzu\/thumbs\/thumbs_202623164_4442990052378747_5785869522920392841_n.jpg\"\n\t\t\tdata-image-id=\"2011\"\n\t\t\tdata-title=\"202623164_4442990052378747_5785869522920392841_n\"\n\t\t\tdata-description=\"\"\n\t\t\tclass=\"shutterset_b2cbfe00ebaa5f2036fce236cd764b1b\">\n\n\t\t\t<img data-image-id='2011'\n\t\t\t\ttitle=\"\"\n\t\t\t\talt=\"202623164_4442990052378747_5785869522920392841_n\"\n\t\t\t\tsrc=\"https:\/\/archiwum.swietodrzewa.pl\/wp-content\/gallery\/wydarzenie-na-cmentarzu\/202623164_4442990052378747_5785869522920392841_n.jpg\"\n\t\t\t\tstyle=\"max-height: 430px;\"\/>\n\t\t<\/a>\n\n\t\t<\/div>\n\n\nM\u0142odzi ludzie komentuj\u0105c wydarzenie m\u00f3wili: <strong>Wiktoria <\/strong>\u2013 \u201eBy\u0142o fajnie! Najbardziej podoba\u0142a mi si\u0119 walka z rdestowcem. Mieli\u015bmy dobry zesp\u00f3\u0142\u201d; <strong>Daniel<\/strong> \u2013\u201eNajlepsze by\u0142o budowanie budek dla ptak\u00f3w i bieganie po ogrodzie!\u201d; <strong>Sara <\/strong>\u2013\u201eNajbardziej podoba\u0142a mi si\u0119 praca z ro\u015blinami i budowanie budek dla zwierz\u0105t\u201d ; <strong>Maja <\/strong>\u2013\u201eMnie podoba\u0142o si\u0119 usuwanie tej gro\u017anej ro\u015bliny, spacer po Tajemniczym Ogrodzie i dowiedzenie si\u0119 o ptakach i nietoperzach\u201d; <strong>Bartek <\/strong>\u2013\u201e Bardzo podoba\u0142o mi si\u0119 wyrywanie tej ro\u015bliny \u2013 wielkich krzak\u00f3w i to, \u017ce mogli\u015bmy zobaczy\u0107 ule\u201d; <strong>Emilka <\/strong>\u2013\u201eBardzo fajne by\u0142y warsztaty, na kt\u00f3rych budowali\u015bmy budki dla nietoperzy i sikorek. Zintegrowali\u015bmy si\u0119 z osobami z innych klas. Pasieka z ulami by\u0142a intersuj\u0105ca i mogli\u015bmy pos\u0142ucha\u0107 te\u017c opowie\u015bci osoby, kt\u00f3ra zajmuje si\u0119 pszczo\u0142ami\u201d; <strong>Karolina <\/strong>\u2013 \u201eWyrywanie tej ro\u015bliny by\u0142o super! Chcia\u0142bym tu jeszcze raz przyjecha\u0107\u201d.<\/p>\n<p><strong>Danuta Grzybowska<\/strong>, nauczycielka ze Szko\u0142y Podstawowej nr 27, m\u00f3wi\u0142a \u2013\u201eJeste\u015bmy zadowoleni i oczarowani warsztatami. By\u0142o nam mi\u0142o, \u017ce mogli\u015bmy zrobi\u0107 rzeczy po\u017cyteczne \u2013 powalczy\u0107 z rdestowcem i pom\u00f3c zwierz\u0119tom. A przede wszystkim poznali\u015bmy bardzo klimatyczne miejsce na bielskim kirkucie i mamy nadziej\u0119, \u017ce Tajemniczy Ogr\u00f3d powstanie tutaj. Dla mnie osobi\u015bcie budowanie budki l\u0119gowej by\u0142o bardzo ciekawe. Dowiedzia\u0142am si\u0119, \u017ce budki dla ptak\u00f3w nale\u017cy czy\u015bci\u0107!\u201d.<\/p>\n<p><strong>Alicja Fro\u0144<\/strong>, nauczycielka z <em>VIII Liceum Og\u00f3lnokszta\u0142c\u0105cego, podsumowa\u0142a <\/em>\u2013\u201eBy\u0142o cudownie. Ciesz\u0119 si\u0119, \u017ce Pa\u0144stwo po\u017cenili natur\u0119 \u2013 Gaj\u0119 z Gmin\u0105 Wyznaniow\u0105 \u017bydowsk\u0105, z Galeri\u0105 Bielsk\u0105 BWA i jeszcze ze spo\u0142ecze\u0144stwem, i jeszcze Urz\u0119dem Miasta. No super! Lepszego pomys\u0142u nie da\u0142o si\u0119 wymy\u015bli\u0107. Uczennice przysz\u0142y do Tajemniczego Ogrodu po lekcjach i s\u0105 bardzo zainteresowane tym co b\u0119dzie si\u0119 tutaj dalej dzia\u0142o!\u201d.<\/p>\n<p>Tajemniczy Ogr\u00f3d powstaje w ramach projektu Klubu Gaja \u201e\u015awi\u0119to Drzewa \u2013 ogrody dla klimatu\u201d realizowanego z dotacji programu Aktywni Obywatele \u2013 Fundusz Krajowy finansowanego z Funduszy EOG.<\/p>\n<p><a href=\"https:\/\/www.facebook.com\/media\/set\/?set=a.4442993465711739&amp;type=3&amp;__xts__%5b0%5d=68.ARD3G4WFqZxpOdh8tQ1JbLojadkcePWB8OwM_NlvGSz2ZZM19gThNZXFCBZ5Y6bDsfX2zyZuXyuBXosGTdnhlz_08WzvEzvsSjO0pG0Xhvv-UvYM3Y_Ur3wx2HfmaXFKTww3kyt-9Wm-7I4EENJI0GQRIUN0BwWoiN6eGvJUKYCKsMctNVkuxZN3ghUWArFEuqxCpwCYla4QYSMhSmEmSEkNNm9y7TVQolsPqEQX6-HoNFJYywbE_U9ng2JQfTscNbYJQHQp37G6K9mCdq5rL1DXLXxMlApztZZCCngkHK2h9aQDzAYTXg\">ZOBACZ ZDJ\u0118CIA Z WYDARZENIA W TAJEMNICZYM OGRODZIE &gt;&gt;&gt;<\/a><\/p>\n<p><a href=\"https:\/\/youtu.be\/6ipGknti3ps\">ZOBACZ FILM Z WYDARZENIA W TAJEMNICZYM OGRODZIE &gt;&gt;&gt;<\/a><\/p>\n<p style=\"text-align: left;\"><a href=\"https:\/\/archiwum.swietodrzewa.pl\/wp-content\/uploads\/2021\/05\/4-loga_11.jpg\"><img loading=\"lazy\" class=\"alignleft wp-image-12938\" src=\"https:\/\/archiwum.swietodrzewa.pl\/wp-content\/uploads\/2021\/05\/4-loga_11-300x44.jpg\" alt=\"\" width=\"505\" height=\"74\" srcset=\"https:\/\/archiwum.swietodrzewa.pl\/wp-content\/uploads\/2021\/05\/4-loga_11-300x44.jpg 300w, https:\/\/archiwum.swietodrzewa.pl\/wp-content\/uploads\/2021\/05\/4-loga_11-1024x150.jpg 1024w, https:\/\/archiwum.swietodrzewa.pl\/wp-content\/uploads\/2021\/05\/4-loga_11-768x112.jpg 768w, https:\/\/archiwum.swietodrzewa.pl\/wp-content\/uploads\/2021\/05\/4-loga_11.jpg 1198w\" sizes=\"(max-width: 505px) 100vw, 505px\" \/><\/a><\/p>\n<p>&nbsp;<\/p>\n<p>&nbsp;<\/p>\n<p><a href=\"https:\/\/archiwum.swietodrzewa.pl\/wp-content\/uploads\/2021\/04\/active-citizens-fund-4x.png\"><img loading=\"lazy\" class=\"alignleft size-medium wp-image-12821\" src=\"https:\/\/archiwum.swietodrzewa.pl\/wp-content\/uploads\/2021\/04\/active-citizens-fund-4x-300x105.png\" alt=\"\" width=\"300\" height=\"105\" srcset=\"https:\/\/archiwum.swietodrzewa.pl\/wp-content\/uploads\/2021\/04\/active-citizens-fund-4x-300x105.png 300w, https:\/\/archiwum.swietodrzewa.pl\/wp-content\/uploads\/2021\/04\/active-citizens-fund-4x-1024x359.png 1024w, https:\/\/archiwum.swietodrzewa.pl\/wp-content\/uploads\/2021\/04\/active-citizens-fund-4x-768x270.png 768w, https:\/\/archiwum.swietodrzewa.pl\/wp-content\/uploads\/2021\/04\/active-citizens-fund-4x-1536x539.png 1536w, https:\/\/archiwum.swietodrzewa.pl\/wp-content\/uploads\/2021\/04\/active-citizens-fund-4x-2048x719.png 2048w\" sizes=\"(max-width: 300px) 100vw, 300px\" \/><\/a><\/p>\n<p>&nbsp;<\/p>\n<p>&nbsp;<\/p>\n<p>&nbsp;<\/p>\n<p>Projekt \u201e\u015awi\u0119to Drzewa \u2013 ogrody dla klimatu\u201d realizowany jest z dotacji programu Aktywni Obywatele \u2013 Fundusz Krajowy finansowanego z Funduszy EOG<\/p>\n","protected":false},"excerpt":{"rendered":"<p>Tajemniczy Ogr\u00f3d to wsp\u00f3lna inicjatywa Klubu Gaja, Gminy Wyznaniowej \u017bydowskiej w Bielsku-Bia\u0142ej i Miasta Bielska-Bia\u0142ej. Ogr\u00f3d, kt\u00f3ry powstaje na&nbsp; nieu\u017cytku cmentarza \u017cydowskiego wymaga nie tylko przygotowania projektu ale tak\u017ce zaanga\u017cowania s\u0105siad\u00f3w i mieszka\u0144c\u00f3w w opiek\u0119 nad nim. Na pierwsze wydarzenie (16 czerwca br.) Klub Gaja zaprosi\u0142 uczni\u00f3w z okolicznych szk\u00f3\u0142 oraz mieszka\u0144c\u00f3w do wsp\u00f3lnych prac [&hellip;]<\/p>\n","protected":false},"author":3,"featured_media":13129,"comment_status":"closed","ping_status":"closed","sticky":false,"template":"","format":"standard","meta":{"ngg_post_thumbnail":0},"categories":[17],"tags":[],"_links":{"self":[{"href":"https:\/\/archiwum.swietodrzewa.pl\/index.php?rest_route=\/wp\/v2\/posts\/13128"}],"collection":[{"href":"https:\/\/archiwum.swietodrzewa.pl\/index.php?rest_route=\/wp\/v2\/posts"}],"about":[{"href":"https:\/\/archiwum.swietodrzewa.pl\/index.php?rest_route=\/wp\/v2\/types\/post"}],"author":[{"embeddable":true,"href":"https:\/\/archiwum.swietodrzewa.pl\/index.php?rest_route=\/wp\/v2\/users\/3"}],"replies":[{"embeddable":true,"href":"https:\/\/archiwum.swietodrzewa.pl\/index.php?rest_route=%2Fwp%2Fv2%2Fcomments&post=13128"}],"version-history":[{"count":4,"href":"https:\/\/archiwum.swietodrzewa.pl\/index.php?rest_route=\/wp\/v2\/posts\/13128\/revisions"}],"predecessor-version":[{"id":13201,"href":"https:\/\/archiwum.swietodrzewa.pl\/index.php?rest_route=\/wp\/v2\/posts\/13128\/revisions\/13201"}],"wp:featuredmedia":[{"embeddable":true,"href":"https:\/\/archiwum.swietodrzewa.pl\/index.php?rest_route=\/wp\/v2\/media\/13129"}],"wp:attachment":[{"href":"https:\/\/archiwum.swietodrzewa.pl\/index.php?rest_route=%2Fwp%2Fv2%2Fmedia&parent=13128"}],"wp:term":[{"taxonomy":"category","embeddable":true,"href":"https:\/\/archiwum.swietodrzewa.pl\/index.php?rest_route=%2Fwp%2Fv2%2Fcategories&post=13128"},{"taxonomy":"post_tag","embeddable":true,"href":"https:\/\/archiwum.swietodrzewa.pl\/index.php?rest_route=%2Fwp%2Fv2%2Ftags&post=13128"}],"curies":[{"name":"wp","href":"https:\/\/api.w.org\/{rel}","templated":true}]}}