{"id":13169,"date":"2021-07-01T12:00:43","date_gmt":"2021-07-01T10:00:43","guid":{"rendered":"https:\/\/swietodrzewa.pl\/?p=13169"},"modified":"2021-07-29T12:24:34","modified_gmt":"2021-07-29T10:24:34","slug":"dab-dunin-zdobyl-tytul-drzewa-roku-2021","status":"publish","type":"post","link":"https:\/\/archiwum.swietodrzewa.pl\/?p=13169","title":{"rendered":"D\u0105b Dunin zdoby\u0142 tytu\u0142 Drzewa Roku 2021"},"content":{"rendered":"<p><strong>W tym roku w konkursie Drzewo Roku Klubu Gaja kr\u00f3luj\u0105 d\u0119by. Zwyci\u0119\u017cy\u0142 D\u0105b Dunin zwany te\u017c Stra\u017cnikiem Puszczy, zdobywaj\u0105c 7380 g\u0142os\u00f3w internaut\u00f3w! Ten 400-letni pomnik przyrody to jeden z najbardziej znanych Olbrzym\u00f3w w Puszczy Bia\u0142owieskiej \u2013 symbol si\u0142y i pot\u0119gi. &nbsp;Rosn\u0105cy w Przybudkach w woj. podlaskim d\u0105b od lat zachwyca swoim pi\u0119knem i jest inspiracj\u0105 dla wielu artyst\u00f3w i spo\u0142ecznik\u00f3w. <\/strong><strong>Tury\u015bci z Polski i z zagranicy przyje\u017cd\u017caj\u0105 tutaj, aby go zobaczy\u0107 i zrobi\u0107 przy nim pami\u0105tkowe zdj\u0119cie. <\/strong><strong>W lutym 2022 roku D\u0105b Dunin b\u0119dzie reprezentowa\u0142 Polsk\u0119 w mi\u0119dzynarodowym plebiscycie Europejskie Drzewo Roku! Na podium tegorocznego konkursu znalaz\u0142y si\u0119 tak\u017ce kolejne dwa d\u0119by \u2013 D\u0105b z Lublina i D\u0105b Obro\u0144ca ze \u015aladowa z woj. mazowieckiego.<\/strong><!--more--><\/p>\n<p>Do ostatniej chwili trwa\u0142a zaci\u0119ta walka o tytu\u0142 Drzewa Roku 2021 pomi\u0119dzy mi\u0142o\u015bnikami dw\u00f3ch d\u0119b\u00f3w &#8211; D\u0119bu Dunin z Puszczy Bia\u0142owieskiej i D\u0119bu z Lublina. R\u00f3wnie emocjonuj\u0105ca rozgrywka odby\u0142a si\u0119 pomi\u0119dzy D\u0119bem Obro\u0144c\u0105 ze \u015aladowa, Stra\u017cnikiem Kopalni z Sosnowca, Kasztanem Jadalnym w Reptach i Joshua Tree w Gliwicach, kt\u00f3rych zwolennicy walczyli o trzecie miejsce w konkursie. Ostatecznie na podium znalaz\u0142y si\u0119 trzy d\u0119by. <strong>Zwyci\u0119\u017cy\u0142<\/strong> <strong>D\u0105b Dunin<\/strong> <strong>z 7380 g\u0142osami<\/strong> internaut\u00f3w. Niewiele mniej, bo&nbsp;<strong>7130 g\u0142osy<\/strong><strong>&nbsp;uzyska\u0142<\/strong>&nbsp;<strong>D\u0105b z Lublina<\/strong>,<strong> dzi\u0119ki czemu zaj\u0105\u0142 drugie miejsce. <\/strong>Jako <strong>trzeci na podium stan\u0105\u0142<\/strong> <strong>D\u0105b Obro\u0144ca<\/strong> <strong>ze \u015aladowa<\/strong> <strong>w woj. mazowieckim z sum\u0105&nbsp;1964 g\u0142os\u00f3w<\/strong>. Dzi\u0119kujemy wszystkim uczestnikom konkursu. Statuetka Drzewa Roku 2021 trafi w r\u0119ce Agnieszki Aleksiejczuk i Tomasza Niechody, kt\u00f3rzy zg\u0142osili drzewo do konkursu, a tak\u017ce do przedstawicieli Gminy Narew. Wr\u0119czenie nagr\u00f3d odb\u0119dzie si\u0119 11 pa\u017adziernika 2021 roku w Warszawie podczas inauguracji 19. edycji programu \u015awi\u0119to Drzewa Klubu Gaja.<\/p>\n<p>\u201eCieszymy si\u0119 bardzo, \u017ce dla tak wielu os\u00f3b D\u0105b Dunin (Stra\u017cnik Puszczy) jest wa\u017cny i dzi\u0119ki temu tak wiele g\u0142os\u00f3w uda\u0142o si\u0119 zgromadzi\u0107 i wygra\u0107. Pozdrawiamy i dzi\u0119kujemy naszemu kontrkandydatowi z Lublina za tak wspania\u0142\u0105 rywalizacj\u0119 do samego ko\u0144ca. To by\u0142a jedna z najbardziej ekscytuj\u0105cych rywalizacji konkursu Drzewo Roku. Dzi\u0119kujemy wszystkim za mobilizacj\u0119 i dobr\u0105 energi\u0119!\u201d \u2013 komentuj\u0105 udzia\u0142 w g\u0142osowaniu <strong>Agnieszka Aleksiejczuk i Tomasz Niechoda<\/strong>, kt\u00f3rzy zg\u0142osili drzewo do konkursu.<\/p>\n<p>\u201eSerdecznie gratulujemy zwyci\u0119zcom i wszystkim uczestnikom tegorocznego Drzewa Roku! Cieszymy si\u0119, \u017ce dzi\u0119ki konkursowi co roku mo\u017cemy poznawa\u0107 nie tylko nowe, niezwyk\u0142e historie drzew, ale tak\u017ce spotyka\u0107 wspania\u0142ych ludzi, kt\u00f3rzy pokazuj\u0105 nam jak dba\u0107 o drzewa w naszym najbli\u017cszym otoczeniu, piel\u0119gnowa\u0107 lokalne tradycje i podejmowa\u0107 skuteczne dzia\u0142ania na rzecz ochrony \u015brodowiska. To wielkie \u015bwi\u0119to drzew!\u201d \u2013 m\u00f3wi <strong>Jolanta Migda\u0142<\/strong>, koordynatorka konkursu Drzewo Roku Klubu Gaja.<\/p>\n<p><strong>Jacek Bo\u017cek<\/strong>, szef Klubu Gaja podkre\u015bla \u2013 \u201eKonkursem o tytu\u0142 Drzewa Roku staramy si\u0119 budowa\u0107 kapita\u0142 spo\u0142eczny wok\u00f3\u0142 drzew i warto\u015bci z nimi zwi\u0105zanych. Przyroda jest nam niezb\u0119dna i od niej jeste\u015bmy zale\u017cni, mo\u017cna o tym m\u00f3wi\u0107 i przypomina\u0107 na r\u00f3\u017cne sposoby. Wa\u017cna jest tak\u017ce edukacja i relacje nawi\u0105zywane w czasie wsp\u00f3lnych dzia\u0142a\u0144 dla naszych drzew. To w\u0142a\u015bnie sprawia, \u017ce konkurs cieszy si\u0119 zainteresowaniem wielu ludzi i instytucji. Gratuluj\u0119 zwyci\u0119zcom.&#8221;<\/p>\n<div id=\"attachment_13170\" style=\"width: 310px\" class=\"wp-caption alignleft\"><a href=\"https:\/\/archiwum.swietodrzewa.pl\/wp-content\/uploads\/2021\/07\/fot.jpg\"><img aria-describedby=\"caption-attachment-13170\" loading=\"lazy\" class=\"wp-image-13170 size-medium\" src=\"https:\/\/archiwum.swietodrzewa.pl\/wp-content\/uploads\/2021\/07\/fot-300x201.jpg\" alt=\"\" width=\"300\" height=\"201\" srcset=\"https:\/\/archiwum.swietodrzewa.pl\/wp-content\/uploads\/2021\/07\/fot-300x201.jpg 300w, https:\/\/archiwum.swietodrzewa.pl\/wp-content\/uploads\/2021\/07\/fot-1024x686.jpg 1024w, https:\/\/archiwum.swietodrzewa.pl\/wp-content\/uploads\/2021\/07\/fot-768x514.jpg 768w, https:\/\/archiwum.swietodrzewa.pl\/wp-content\/uploads\/2021\/07\/fot.jpg 1287w\" sizes=\"(max-width: 300px) 100vw, 300px\" \/><\/a><p id=\"caption-attachment-13170\" class=\"wp-caption-text\">D\u0105b Dunin &#8211; Drzewo Roku 2021. Fot. Klub Gaja\/Konrad Wr\u00f3blewski<\/p><\/div>\n<p><strong>Zdobywca tytu\u0142u Drzewa Roku 2021 \u2013 D\u0105b Dunin w Przybudkach<\/strong><em><strong>&nbsp;(gmina Narew, woj. podlaskie)<\/strong> \u2013 d\u0105b szypu\u0142kowy, wiek ok. 400 lat, wys. 13 m, obw\u00f3d ok. 700 cm, pomnik przyrody. Zg\u0142oszony przez Tomasza Niechod\u0119 i Agnieszk\u0119 Aleksiejczuk z Lublina.<\/em><\/p>\n<p>Puszcza Bia\u0142owieska i okolice to miejsce obfituj\u0105ce w wyj\u0105tkowe drzewa. Mo\u017cna by rzec, \u017ce to Sanktuarium Puszcza\u0144skich Olbrzym\u00f3w, z kt\u00f3rych jednym z najbardziej znanych jest d\u0105b Dunin. Legenda g\u0142osi, \u017ce zostawiono go tam, gdzie wyr\u00f3s\u0142 po to, \u017ceby pokaza\u0107 dok\u0105d kiedy\u015b si\u0119ga\u0142a Puszcza Bia\u0142owieska.&nbsp;To wyj\u0105tkowe drzewo skrad\u0142o serce wielu ludziom. \u201eTo nasza wizyt\u00f3wka\u201d \u2013 m\u00f3wi jeden z mieszka\u0144c\u00f3w Przybudek i ma racj\u0119, bo wielu turyst\u00f3w z Polski i nie tylko przyje\u017cd\u017ca tutaj w\u0142a\u015bnie po to, by go zobaczy\u0107, zrobi\u0107 przy nim pami\u0105tkowe zdj\u0119cie. Dunin to tak\u017ce charakterystyczny punkt spotka\u0144. \u201eDo zobaczenia przy d\u0119bie\u201d \u2013 m\u00f3wili mieszka\u0144cy. By\u0142 i jest te\u017c inspiracj\u0105 dla wielu artyst\u00f3w. Znalaz\u0142 si\u0119 m.in. na ok\u0142adce p\u0142yty \u201eScenariusz\u201d zespo\u0142u Hoyraky. Re\u017cyserka Beata Hy\u017cy-Czo\u0142pi\u0144ska umie\u015bci\u0142a go w filmie \u201eWielkie drzewa\u201d w cyklu reporta\u017cy \u201eCzytanie Puszczy\u201d. Drzewu nada\u0142 nazw\u0119 DUNIN Janusz Korbel \u2013 jeden z tw\u00f3rc\u00f3w ruchu ekologicznego \u2013 na cze\u015b\u0107 bia\u0142oruskiego poety i dramaturga Wincentego Dunina-Marcinkiewicza. W ostatnim czasie Dunin zgubi\u0142 konar i istnieje ryzyko, \u017ce rozpadnie si\u0119 na p\u00f3\u0142, a mieszka\u0144cy i pasjonaci drzewa walcz\u0105 o jego przetrwanie.<\/p>\n<p><strong><a href=\"https:\/\/archiwum.swietodrzewa.pl\/wp-content\/uploads\/2021\/07\/lublin.jpeg\"><img loading=\"lazy\" class=\"alignleft size-medium wp-image-13171\" src=\"https:\/\/archiwum.swietodrzewa.pl\/wp-content\/uploads\/2021\/07\/lublin-300x201.jpeg\" alt=\"\" width=\"300\" height=\"201\" srcset=\"https:\/\/archiwum.swietodrzewa.pl\/wp-content\/uploads\/2021\/07\/lublin-300x201.jpeg 300w, https:\/\/archiwum.swietodrzewa.pl\/wp-content\/uploads\/2021\/07\/lublin-1024x686.jpeg 1024w, https:\/\/archiwum.swietodrzewa.pl\/wp-content\/uploads\/2021\/07\/lublin-768x514.jpeg 768w, https:\/\/archiwum.swietodrzewa.pl\/wp-content\/uploads\/2021\/07\/lublin.jpeg 1287w\" sizes=\"(max-width: 300px) 100vw, 300px\" \/><\/a>2. miejsce \u2013 D\u0105b w Lublinie<\/strong><strong>&nbsp;(woj. lubelskie)<\/strong> <em>\u2013 d\u0105b szypu\u0142kowy, wiek ok. 74 lata, wys. 16 m, obw\u00f3d 186 cm. Zg\u0142oszony przez Urz\u0105d Miasta Lublin. Biuro Miejskiego Architekta Zieleni.<\/em><\/p>\n<p>Cudem ocala\u0142y d\u0105b ro\u015bnie na pasie zieleni ruchliwej ulicy. Jedyne drzewo, kt\u00f3re pozosta\u0142o po budowie, a p\u00f3\u017aniej przebudowach ulicy Bohater\u00f3w Monte Cassino w Lublinie. Ro\u015bnie r\u00f3wnomiernie i jest w dobrej kondycji zdrowotnej. Ma r\u00f3wnie\u017c pi\u0119kn\u0105 regularn\u0105 koron\u0119. Liczne ingerencje w infrastruktur\u0119 otaczaj\u0105c\u0105 drzewo nie spowodowa\u0142y uszkodze\u0144.&nbsp; W 2019 roku d\u0105b zosta\u0142 mianowany jednym ze Skarb\u00f3w Kultury Przestrzeni Lublina. Po og\u0142oszeniu wynik\u00f3w plebiscytu, okaza\u0142o si\u0119, \u017ce drzewo ma swoj\u0105 histori\u0119. Teren ten niegdy\u015b nale\u017ca\u0142 do ojca Lucjana Wa\u017cnego, kt\u00f3ry zasadzi\u0142 drzewo. Jak wspomina jego c\u00f3rka \u2013&nbsp;<em>Ilekro\u0107 przeje\u017cd\u017cali\u015bmy ko\u0142o tego d\u0119bu, Tata zawsze m\u00f3wi\u0142:<\/em>&nbsp;<em>Pami\u0119taj dziecko, \u017ce tego d\u0119ba zasadzi\u0142em ja po powrocie z wojny w 1946 roku.<\/em> Zaproponowa\u0142a, aby upami\u0119tni\u0107 d\u0105b, skoro przetrwa\u0142 nietkni\u0119ty w tak ruchliwym miejscu. I tak si\u0119 sta\u0142o. Jest to idealny przyk\u0142ad, \u017ce takie drzewa mog\u0105 by\u0107 zachowane przy budowach i remontach dr\u00f3g, tym samym zwi\u0119kszaj\u0105c warto\u015b\u0107 krajobrazow\u0105 pas\u00f3w drogowych.<\/p>\n<p><strong><a href=\"https:\/\/archiwum.swietodrzewa.pl\/wp-content\/uploads\/2021\/07\/obronca.jpeg\"><img loading=\"lazy\" class=\"alignleft size-medium wp-image-13172\" src=\"https:\/\/archiwum.swietodrzewa.pl\/wp-content\/uploads\/2021\/07\/obronca-300x201.jpeg\" alt=\"\" width=\"300\" height=\"201\" srcset=\"https:\/\/archiwum.swietodrzewa.pl\/wp-content\/uploads\/2021\/07\/obronca-300x201.jpeg 300w, https:\/\/archiwum.swietodrzewa.pl\/wp-content\/uploads\/2021\/07\/obronca-1024x686.jpeg 1024w, https:\/\/archiwum.swietodrzewa.pl\/wp-content\/uploads\/2021\/07\/obronca-768x514.jpeg 768w, https:\/\/archiwum.swietodrzewa.pl\/wp-content\/uploads\/2021\/07\/obronca.jpeg 1287w\" sizes=\"(max-width: 300px) 100vw, 300px\" \/><\/a>3. miejsce \u2013 D\u0105b Obro\u0144ca w \u015aladowie<\/strong><strong>&nbsp;(gmina Broch\u00f3w, woj. mazowieckie)<\/strong> <em>\u2013 d\u0105b szypu\u0142kowy, wiek ok. 600 lat, wys. 25 m, obw\u00f3d 720 cm, pomnik przyrody. Zg\u0142oszony przez Jaros\u0142awa Tempczyk i Arlet\u0119 Tempczyk (Specjalista ds. Ochrony \u015arodowiska), Szko\u0142\u0119 Podstawow\u0105 im. W\u0142adys\u0142awa Jagie\u0142\u0142y w \u015aladowie, Urz\u0105d Gminy Broch\u00f3w.<\/em><\/p>\n<p>D\u0105b Obro\u0144ca znajduje si\u0119 na terenie posesji Pa\u0144stwa Tempczyk\u00f3w w \u015aladowie i ma niesamowit\u0105 histori\u0119. W czasie II Wojny \u015awiatowej Niemcy zrzucili tu bomb\u0119. Wybuch\u0142 ogromny po\u017car, niszcz\u0105c gospodarstwo s\u0105siad\u00f3w, a ogie\u0144 rozprzestrzenia\u0142 si\u0119 na kolejne budynki. Ogromny i zdrowy d\u0105b \u201ezatrzyma\u0142\u201d ogie\u0144 i ocali\u0142 posesje Pa\u0144stwa Tempczyk\u00f3w przed \u017cywio\u0142em. Stary drewniany dom stoi do dzisiejszego dnia. \u015alady po\u017caru s\u0105 jednak widoczne od strony wschodniej na pniu d\u0119ba. St\u0105d nazwa heroicznego d\u0119bu \u2013 \u201eObro\u0144ca\u201d. Od ponad 30 lat na d\u0119bie maj\u0105 swoje gniazdo bociany \u2013 symbol polskiego krajobrazu i wsi. D\u0105b daje schronienie r\u00f3wnie\u017c innym zwierz\u0119tom \u2013 puszczykom, szpakom, wr\u00f3blom, dzi\u0119cio\u0142om, szerszeniom, mr\u00f3wkom, a tak\u017ce wiewi\u00f3rkom! Z histori\u0105 drzewa zapoznaj\u0105 si\u0119 dzieci i m\u0142odzie\u017c z okolicznej Szko\u0142y Podstawowej w \u015aladowie, ale tak\u017ce odwiedzaj\u0105 go wycieczki krajowe i zagraniczne. Dzi\u0119ki w\u0142adzom Urz\u0119du Gminy w Brochowie i dyrekcji Kampinoskiego Parku Narodowego odbywa si\u0119 systematyczna piel\u0119gnacja drzewa.<\/p>\n<p>W finale 11. edycji konkursu Drzewo Roku znalaz\u0142o si\u0119 16 drzew z blisko 150 zg\u0142osze\u0144 z ca\u0142ej Polski nades\u0142anych do Klubu Gaja. Podczas g\u0142osowania internauci oddali&nbsp;<strong>26 266 wa\u017cnych g\u0142os\u00f3w<\/strong>. Na stronie plebiscytu odnotowano ponad&nbsp;<strong>100 000 ods\u0142on.<\/strong><\/p>\n<p><strong>G\u0142osy oddane na pozosta\u0142ych finalist\u00f3w konkursu Drzewo Roku 2021:<\/strong><\/p>\n<ul>\n<li>Stra\u017cnik Kopalni w Sosnowcu (woj. \u015bl\u0105skie) \u2013 1571 g\u0142os\u00f3w<\/li>\n<li>Joshua Tree w Gliwicach (woj. \u015bl\u0105skie) \u2013 1489 g\u0142os\u00f3w<\/li>\n<li>Kasztan jadalny w Reptach \u015al\u0105skich (woj. \u015bl\u0105skie) \u2013 1444 g\u0142osy<\/li>\n<li>D\u0105b Fredry z Rzeszowa (woj. podkarpackie) \u2013 1256 g\u0142os\u00f3w<\/li>\n<li>Cypry\u015bnik w K\u00f3rniku (woj. wielkopolskie) \u2013 972 g\u0142osy<\/li>\n<li>Topola w S\u0142o\u0144sku (woj. lubuskie) \u2013 804 g\u0142osy<\/li>\n<li>Jod\u0142a Jagna w Nadle\u015bnictwie M\u0142ynary (warmi\u0144sko-mazurskie) \u2013 504 g\u0142osy<\/li>\n<li>Lipa Ocalona w Wi\u015bniewie (woj. mazowieckie) \u2013 349 g\u0142os\u00f3w<\/li>\n<li>Magiczne drzewo na Cie\u0144kowie w Beskidzie \u015al\u0105skim (woj. \u015bl\u0105skie) &#8211; 346 g\u0142os\u00f3w<\/li>\n<li>Najstarsze drzewo w mie\u015bcie \u2013 Zdu\u0144ska Wola (woj. \u0142\u00f3dzkie) &#8211; 307 g\u0142os\u00f3w<\/li>\n<li>Drzewo Podw\u00f3rkowe w Brzegu Dolnym (woj. dolno\u015bl\u0105skie) \u2013 299 g\u0142os\u00f3w<\/li>\n<li>Samotna Sosna w S\u0142owi\u0144skim Parku Narodowym (woj. pomorskie) \u2013 236 g\u0142os\u00f3w<\/li>\n<li>Wierzbowa brama Krakowa (woj. ma\u0142opolskie) &#8211; 215 g\u0142os\u00f3w<\/li>\n<\/ul>\n<p><a href=\"https:\/\/archiwum.swietodrzewa.pl\/?page_id=1673\">Konkurs Drzewo Roku<\/a> Klubu Gaja ma na celu promowanie postawy szacunku dla przyrody oraz wyszukanie przyk\u0142ad\u00f3w ciekawych i trwa\u0142ych zwi\u0105zk\u00f3w pomi\u0119dzy kultur\u0105 i histori\u0105 lokalnej spo\u0142eczno\u015bci, a drzewem, kt\u00f3re jest przez ni\u0105 szczeg\u00f3lnie doceniane. W konkursie nie szukamy drzew najstarszych, najwy\u017cszych, najgrubszych, najpi\u0119kniejszych ani najrzadszych. Szukamy drzewa najbardziej kochanego, drzewa z opowie\u015bci\u0105, drzewa, kt\u00f3re pobudza wyobra\u017ani\u0119 i jednoczy ludzi.<\/p>\n<p>Drzewa daj\u0105 tlen, przeciwdzia\u0142aj\u0105 zmianom klimatu, s\u0105 wa\u017cne dla ochrony r\u00f3\u017cnorodno\u015bci biologicznej oraz \u017cycia miliard\u00f3w ludzi i zwierz\u0105t na Ziemi. Drzewa s\u0105 cz\u0119\u015bci\u0105 naszego dziedzictwa narodowego, dlatego powinni\u015bmy je chroni\u0107 dla przysz\u0142ych pokole\u0144. Je\u015bli nie jest Ci oboj\u0119tny los drzew, pom\u00f3\u017c nam je sadzi\u0107, chroni\u0107 i opiekowa\u0107 si\u0119 nimi.<\/p>\n<p>Przeka\u017c darowizn\u0119 Klubowi Gaja \u2013 nr konta:&nbsp;<strong>90 2030 0045 1110 0000 0067 3120<br \/>\n<\/strong>Mo\u017cesz te\u017c przekaza\u0107 1% Swojego podatku Klubowi Gaja \u2013&nbsp;<strong>KRS 0000120069<\/strong><\/p>\n<p>&nbsp;<\/p>\n<p>&nbsp;<\/p>\n","protected":false},"excerpt":{"rendered":"<p>W tym roku w konkursie Drzewo Roku Klubu Gaja kr\u00f3luj\u0105 d\u0119by. Zwyci\u0119\u017cy\u0142 D\u0105b Dunin zwany te\u017c Stra\u017cnikiem Puszczy, zdobywaj\u0105c 7380 g\u0142os\u00f3w internaut\u00f3w! Ten 400-letni pomnik przyrody to jeden z najbardziej znanych Olbrzym\u00f3w w Puszczy Bia\u0142owieskiej \u2013 symbol si\u0142y i pot\u0119gi. &nbsp;Rosn\u0105cy w Przybudkach w woj. podlaskim d\u0105b od lat zachwyca swoim pi\u0119knem i jest inspiracj\u0105 [&hellip;]<\/p>\n","protected":false},"author":3,"featured_media":13170,"comment_status":"closed","ping_status":"closed","sticky":false,"template":"","format":"standard","meta":{"ngg_post_thumbnail":0},"categories":[1,24],"tags":[],"_links":{"self":[{"href":"https:\/\/archiwum.swietodrzewa.pl\/index.php?rest_route=\/wp\/v2\/posts\/13169"}],"collection":[{"href":"https:\/\/archiwum.swietodrzewa.pl\/index.php?rest_route=\/wp\/v2\/posts"}],"about":[{"href":"https:\/\/archiwum.swietodrzewa.pl\/index.php?rest_route=\/wp\/v2\/types\/post"}],"author":[{"embeddable":true,"href":"https:\/\/archiwum.swietodrzewa.pl\/index.php?rest_route=\/wp\/v2\/users\/3"}],"replies":[{"embeddable":true,"href":"https:\/\/archiwum.swietodrzewa.pl\/index.php?rest_route=%2Fwp%2Fv2%2Fcomments&post=13169"}],"version-history":[{"count":4,"href":"https:\/\/archiwum.swietodrzewa.pl\/index.php?rest_route=\/wp\/v2\/posts\/13169\/revisions"}],"predecessor-version":[{"id":13176,"href":"https:\/\/archiwum.swietodrzewa.pl\/index.php?rest_route=\/wp\/v2\/posts\/13169\/revisions\/13176"}],"wp:featuredmedia":[{"embeddable":true,"href":"https:\/\/archiwum.swietodrzewa.pl\/index.php?rest_route=\/wp\/v2\/media\/13170"}],"wp:attachment":[{"href":"https:\/\/archiwum.swietodrzewa.pl\/index.php?rest_route=%2Fwp%2Fv2%2Fmedia&parent=13169"}],"wp:term":[{"taxonomy":"category","embeddable":true,"href":"https:\/\/archiwum.swietodrzewa.pl\/index.php?rest_route=%2Fwp%2Fv2%2Fcategories&post=13169"},{"taxonomy":"post_tag","embeddable":true,"href":"https:\/\/archiwum.swietodrzewa.pl\/index.php?rest_route=%2Fwp%2Fv2%2Ftags&post=13169"}],"curies":[{"name":"wp","href":"https:\/\/api.w.org\/{rel}","templated":true}]}}