{"id":13202,"date":"2021-08-05T08:00:57","date_gmt":"2021-08-05T06:00:57","guid":{"rendered":"https:\/\/swietodrzewa.pl\/?p=13202"},"modified":"2021-08-05T08:15:39","modified_gmt":"2021-08-05T06:15:39","slug":"wielki-dzien-pszczol","status":"publish","type":"post","link":"https:\/\/archiwum.swietodrzewa.pl\/?p=13202","title":{"rendered":"Wielki Dzie\u0144 Pszcz\u00f3\u0142"},"content":{"rendered":"<p><strong>Wielki Dzie\u0144 Pszcz\u00f3\u0142, kt\u00f3ry obchodzimy 8 sierpnia, przypomina nam<\/strong><strong> o&nbsp;niezast\u0105pionej roli, jak\u0105 pe\u0142ni\u0105 owady zapylaj\u0105ce w przyrodzie i naszym codziennym \u017cyciu<\/strong><strong> oraz o konieczno\u015bci ich ochrony. Klub Gaja zak\u0142adaj\u0105c pasiek\u0119 edukacyjn\u0105 we wsp\u00f3\u0142pracy z ALDI, Miastem Bielsko-Bia\u0142a i Gmin\u0105 Wyznaniow\u0105 \u017bydowsk\u0105 w Bielsku-Bia\u0142ej zach\u0119ca w szczeg\u00f3lno\u015bci dzieci i m\u0142odzie\u017c do poznawania biologii i zwyczaj\u00f3w pszczo\u0142y miodnej ale tak\u017ce innych gatunk\u00f3w pszcz\u00f3\u0142 i owad\u00f3w zapylaj\u0105cych. Wi\u0119kszo\u015b\u0107 z nich jest ma\u0142o znana, a to od nich zale\u017cy stan \u015brodowiska naturalnego oraz produkcja \u017cywno\u015bci.<\/strong><!--more--><\/p>\n<p>Populacji owad\u00f3w zapylaj\u0105cych w Europie ulega pogorszeniu. W Polsce wyst\u0119puje ok. 470 gatunk\u00f3w pszcz\u00f3\u0142. Najbardziej &nbsp;rozpoznawalnym gatunkiem jest pszczo\u0142a miodna, a tak\u017ce trzmiele, kt\u00f3re tak jak pszczo\u0142y miodne \u017cyj\u0105 w rodzinach. Natomiast&nbsp; wi\u0119kszo\u015b\u0107 gatunk\u00f3w pszcz\u00f3\u0142 to dziko \u017cyj\u0105ce pszczo\u0142y samotnice, kt\u00f3re nie zak\u0142adaj\u0105 rodzin i nie produkuj\u0105 miodu. R\u00f3\u017cni\u0105 si\u0119 wielko\u015bci\u0105 i wygl\u0105dem, nale\u017c\u0105 do nich m.in. murarka, makatka, miesierka, lepiarka, porobnica czy pszczolinka. Do owad\u00f3w zapylaj\u0105cych zaliczamy tak\u017ce b\u0142onk\u00f3wki m.in. osy, a tak\u017ce bzygi i inne much\u00f3wki, motyle oraz chrz\u0105szcze.<\/p>\n<p>G\u0142\u00f3wnymi zagro\u017ceniami dla owad\u00f3w zapylaj\u0105cych jest dzia\u0142alno\u015b\u0107 cz\u0142owieka, przede wszystkim niszczenie ich naturalnych siedlisk, stosowanie \u015brodk\u00f3w ochrony ro\u015blin i nawoz\u00f3w oraz zanieczyszczenie \u015brodowiska. Aby zatrzyma\u0107 spadek r\u00f3\u017cnorodno\u015bci i liczebno\u015bci zapylaczy, potrzeba podejmowa\u0107 dzia\u0142ania w r\u00f3\u017cnych obszarach &#8211; od szczebla rz\u0105dowego, poprzez samorz\u0105d do lokalnych dzia\u0142a\u0144 obywatelskich. Jednym z tych obszar\u00f3w jest edukacja dotycz\u0105ca roli i r\u00f3\u017cnorodno\u015bci zapylaczy, propagowanie dobrych praktyk pszczelarskich i ogrodniczych. Dlatego Klub Gaja we wsp\u00f3\u0142pracy z ALDI, Miastem Bielsko-Bia\u0142a i Gmin\u0105 Wyznaniow\u0105 \u017bydowsk\u0105 w Bielsku-Bia\u0142ej za\u0142o\u017cy\u0142 pasiek\u0119 edukacyjn\u0105 w Tajemniczym Ogrodzie, by m\u00f3wi\u0107 o tym, \u017ce pszczo\u0142y to nie tylko mi\u00f3d ale przede wszystkim r\u00f3\u017cnorodno\u015b\u0107 biologiczna i podtrzymywanie \u017cycia na ziemi.<\/p>\n<p>\n<div class=\"ngg-galleryoverview ngg-slideshow\"\n\tid=\"ngg-slideshow-218f95cf7e87815102d7b6a831fc3b3a-10158631340\"\n\tdata-gallery-id=\"218f95cf7e87815102d7b6a831fc3b3a\"\n\tstyle=\"max-width: 600px;\n\t\t\tmax-height: 450px;\n\t\t\tdisplay: none;\">\n\n\t\n\t\t<a href=\"https:\/\/archiwum.swietodrzewa.pl\/wp-content\/gallery\/wielki-dzien-pszczol\/DSC08381.JPG\"\n\t\t\ttitle=\"\"\n\t\t\tdata-src=\"https:\/\/archiwum.swietodrzewa.pl\/wp-content\/gallery\/wielki-dzien-pszczol\/DSC08381.JPG\"\n\t\t\tdata-thumbnail=\"https:\/\/archiwum.swietodrzewa.pl\/wp-content\/gallery\/wielki-dzien-pszczol\/thumbs\/thumbs_DSC08381.JPG\"\n\t\t\tdata-image-id=\"2030\"\n\t\t\tdata-title=\"DSC08381\"\n\t\t\tdata-description=\"\"\n\t\t\tclass=\"shutterset_218f95cf7e87815102d7b6a831fc3b3a\">\n\n\t\t\t<img data-image-id='2030'\n\t\t\t\ttitle=\"\"\n\t\t\t\talt=\"DSC08381\"\n\t\t\t\tsrc=\"https:\/\/archiwum.swietodrzewa.pl\/wp-content\/gallery\/wielki-dzien-pszczol\/DSC08381.JPG\"\n\t\t\t\tstyle=\"max-height: 430px;\"\/>\n\t\t<\/a>\n\n\t\t\n\t\t<a href=\"https:\/\/archiwum.swietodrzewa.pl\/wp-content\/gallery\/wielki-dzien-pszczol\/DSC07469.JPG\"\n\t\t\ttitle=\"\"\n\t\t\tdata-src=\"https:\/\/archiwum.swietodrzewa.pl\/wp-content\/gallery\/wielki-dzien-pszczol\/DSC07469.JPG\"\n\t\t\tdata-thumbnail=\"https:\/\/archiwum.swietodrzewa.pl\/wp-content\/gallery\/wielki-dzien-pszczol\/thumbs\/thumbs_DSC07469.JPG\"\n\t\t\tdata-image-id=\"2031\"\n\t\t\tdata-title=\"DSC07469\"\n\t\t\tdata-description=\"\"\n\t\t\tclass=\"shutterset_218f95cf7e87815102d7b6a831fc3b3a\">\n\n\t\t\t<img data-image-id='2031'\n\t\t\t\ttitle=\"\"\n\t\t\t\talt=\"DSC07469\"\n\t\t\t\tsrc=\"https:\/\/archiwum.swietodrzewa.pl\/wp-content\/gallery\/wielki-dzien-pszczol\/DSC07469.JPG\"\n\t\t\t\tstyle=\"max-height: 430px;\"\/>\n\t\t<\/a>\n\n\t\t\n\t\t<a href=\"https:\/\/archiwum.swietodrzewa.pl\/wp-content\/gallery\/wielki-dzien-pszczol\/DSC08509.JPG\"\n\t\t\ttitle=\"\"\n\t\t\tdata-src=\"https:\/\/archiwum.swietodrzewa.pl\/wp-content\/gallery\/wielki-dzien-pszczol\/DSC08509.JPG\"\n\t\t\tdata-thumbnail=\"https:\/\/archiwum.swietodrzewa.pl\/wp-content\/gallery\/wielki-dzien-pszczol\/thumbs\/thumbs_DSC08509.JPG\"\n\t\t\tdata-image-id=\"2032\"\n\t\t\tdata-title=\"DSC08509\"\n\t\t\tdata-description=\"\"\n\t\t\tclass=\"shutterset_218f95cf7e87815102d7b6a831fc3b3a\">\n\n\t\t\t<img data-image-id='2032'\n\t\t\t\ttitle=\"\"\n\t\t\t\talt=\"DSC08509\"\n\t\t\t\tsrc=\"https:\/\/archiwum.swietodrzewa.pl\/wp-content\/gallery\/wielki-dzien-pszczol\/DSC08509.JPG\"\n\t\t\t\tstyle=\"max-height: 430px;\"\/>\n\t\t<\/a>\n\n\t\t\n\t\t<a href=\"https:\/\/archiwum.swietodrzewa.pl\/wp-content\/gallery\/wielki-dzien-pszczol\/DSC07488.JPG\"\n\t\t\ttitle=\"\"\n\t\t\tdata-src=\"https:\/\/archiwum.swietodrzewa.pl\/wp-content\/gallery\/wielki-dzien-pszczol\/DSC07488.JPG\"\n\t\t\tdata-thumbnail=\"https:\/\/archiwum.swietodrzewa.pl\/wp-content\/gallery\/wielki-dzien-pszczol\/thumbs\/thumbs_DSC07488.JPG\"\n\t\t\tdata-image-id=\"2033\"\n\t\t\tdata-title=\"DSC07488\"\n\t\t\tdata-description=\"\"\n\t\t\tclass=\"shutterset_218f95cf7e87815102d7b6a831fc3b3a\">\n\n\t\t\t<img data-image-id='2033'\n\t\t\t\ttitle=\"\"\n\t\t\t\talt=\"DSC07488\"\n\t\t\t\tsrc=\"https:\/\/archiwum.swietodrzewa.pl\/wp-content\/gallery\/wielki-dzien-pszczol\/DSC07488.JPG\"\n\t\t\t\tstyle=\"max-height: 430px;\"\/>\n\t\t<\/a>\n\n\t\t\n\t\t<a href=\"https:\/\/archiwum.swietodrzewa.pl\/wp-content\/gallery\/wielki-dzien-pszczol\/DSC08589.JPG\"\n\t\t\ttitle=\"\"\n\t\t\tdata-src=\"https:\/\/archiwum.swietodrzewa.pl\/wp-content\/gallery\/wielki-dzien-pszczol\/DSC08589.JPG\"\n\t\t\tdata-thumbnail=\"https:\/\/archiwum.swietodrzewa.pl\/wp-content\/gallery\/wielki-dzien-pszczol\/thumbs\/thumbs_DSC08589.JPG\"\n\t\t\tdata-image-id=\"2034\"\n\t\t\tdata-title=\"DSC08589\"\n\t\t\tdata-description=\"\"\n\t\t\tclass=\"shutterset_218f95cf7e87815102d7b6a831fc3b3a\">\n\n\t\t\t<img data-image-id='2034'\n\t\t\t\ttitle=\"\"\n\t\t\t\talt=\"DSC08589\"\n\t\t\t\tsrc=\"https:\/\/archiwum.swietodrzewa.pl\/wp-content\/gallery\/wielki-dzien-pszczol\/DSC08589.JPG\"\n\t\t\t\tstyle=\"max-height: 430px;\"\/>\n\t\t<\/a>\n\n\t\t\n\t\t<a href=\"https:\/\/archiwum.swietodrzewa.pl\/wp-content\/gallery\/wielki-dzien-pszczol\/Fot.-Klub-Gaja_D.-Slotwinska_Pszczola-w-Tajemniczym-Ogrodzie.jpeg\"\n\t\t\ttitle=\"\"\n\t\t\tdata-src=\"https:\/\/archiwum.swietodrzewa.pl\/wp-content\/gallery\/wielki-dzien-pszczol\/Fot.-Klub-Gaja_D.-Slotwinska_Pszczola-w-Tajemniczym-Ogrodzie.jpeg\"\n\t\t\tdata-thumbnail=\"https:\/\/archiwum.swietodrzewa.pl\/wp-content\/gallery\/wielki-dzien-pszczol\/thumbs\/thumbs_Fot.-Klub-Gaja_D.-Slotwinska_Pszczola-w-Tajemniczym-Ogrodzie.jpeg\"\n\t\t\tdata-image-id=\"2035\"\n\t\t\tdata-title=\"Fot.-Klub-Gaja_D.-Slotwinska_Pszczola-w-Tajemniczym-Ogrodzie\"\n\t\t\tdata-description=\"\"\n\t\t\tclass=\"shutterset_218f95cf7e87815102d7b6a831fc3b3a\">\n\n\t\t\t<img data-image-id='2035'\n\t\t\t\ttitle=\"\"\n\t\t\t\talt=\"Fot.-Klub-Gaja_D.-Slotwinska_Pszczola-w-Tajemniczym-Ogrodzie\"\n\t\t\t\tsrc=\"https:\/\/archiwum.swietodrzewa.pl\/wp-content\/gallery\/wielki-dzien-pszczol\/Fot.-Klub-Gaja_D.-Slotwinska_Pszczola-w-Tajemniczym-Ogrodzie.jpeg\"\n\t\t\t\tstyle=\"max-height: 430px;\"\/>\n\t\t<\/a>\n\n\t\t\n\t\t<a href=\"https:\/\/archiwum.swietodrzewa.pl\/wp-content\/gallery\/wielki-dzien-pszczol\/IMG_5743.jpg\"\n\t\t\ttitle=\"\"\n\t\t\tdata-src=\"https:\/\/archiwum.swietodrzewa.pl\/wp-content\/gallery\/wielki-dzien-pszczol\/IMG_5743.jpg\"\n\t\t\tdata-thumbnail=\"https:\/\/archiwum.swietodrzewa.pl\/wp-content\/gallery\/wielki-dzien-pszczol\/thumbs\/thumbs_IMG_5743.jpg\"\n\t\t\tdata-image-id=\"2040\"\n\t\t\tdata-title=\"IMG_5743\"\n\t\t\tdata-description=\"\"\n\t\t\tclass=\"shutterset_218f95cf7e87815102d7b6a831fc3b3a\">\n\n\t\t\t<img data-image-id='2040'\n\t\t\t\ttitle=\"\"\n\t\t\t\talt=\"IMG_5743\"\n\t\t\t\tsrc=\"https:\/\/archiwum.swietodrzewa.pl\/wp-content\/gallery\/wielki-dzien-pszczol\/IMG_5743.jpg\"\n\t\t\t\tstyle=\"max-height: 430px;\"\/>\n\t\t<\/a>\n\n\t\t\n\t\t<a href=\"https:\/\/archiwum.swietodrzewa.pl\/wp-content\/gallery\/wielki-dzien-pszczol\/DSC08802.JPG\"\n\t\t\ttitle=\"\"\n\t\t\tdata-src=\"https:\/\/archiwum.swietodrzewa.pl\/wp-content\/gallery\/wielki-dzien-pszczol\/DSC08802.JPG\"\n\t\t\tdata-thumbnail=\"https:\/\/archiwum.swietodrzewa.pl\/wp-content\/gallery\/wielki-dzien-pszczol\/thumbs\/thumbs_DSC08802.JPG\"\n\t\t\tdata-image-id=\"2036\"\n\t\t\tdata-title=\"DSC08802\"\n\t\t\tdata-description=\"\"\n\t\t\tclass=\"shutterset_218f95cf7e87815102d7b6a831fc3b3a\">\n\n\t\t\t<img data-image-id='2036'\n\t\t\t\ttitle=\"\"\n\t\t\t\talt=\"DSC08802\"\n\t\t\t\tsrc=\"https:\/\/archiwum.swietodrzewa.pl\/wp-content\/gallery\/wielki-dzien-pszczol\/DSC08802.JPG\"\n\t\t\t\tstyle=\"max-height: 430px;\"\/>\n\t\t<\/a>\n\n\t\t\n\t\t<a href=\"https:\/\/archiwum.swietodrzewa.pl\/wp-content\/gallery\/wielki-dzien-pszczol\/Fot.-Klub-Gaja_P.Slotwinski_-koszenie-laki-wokol-pasieki.JPG\"\n\t\t\ttitle=\"\"\n\t\t\tdata-src=\"https:\/\/archiwum.swietodrzewa.pl\/wp-content\/gallery\/wielki-dzien-pszczol\/Fot.-Klub-Gaja_P.Slotwinski_-koszenie-laki-wokol-pasieki.JPG\"\n\t\t\tdata-thumbnail=\"https:\/\/archiwum.swietodrzewa.pl\/wp-content\/gallery\/wielki-dzien-pszczol\/thumbs\/thumbs_Fot.-Klub-Gaja_P.Slotwinski_-koszenie-laki-wokol-pasieki.JPG\"\n\t\t\tdata-image-id=\"2037\"\n\t\t\tdata-title=\"Fot.-Klub-Gaja_P.Slotwinski_-koszenie-laki-wokol-pasieki\"\n\t\t\tdata-description=\"\"\n\t\t\tclass=\"shutterset_218f95cf7e87815102d7b6a831fc3b3a\">\n\n\t\t\t<img data-image-id='2037'\n\t\t\t\ttitle=\"\"\n\t\t\t\talt=\"Fot.-Klub-Gaja_P.Slotwinski_-koszenie-laki-wokol-pasieki\"\n\t\t\t\tsrc=\"https:\/\/archiwum.swietodrzewa.pl\/wp-content\/gallery\/wielki-dzien-pszczol\/Fot.-Klub-Gaja_P.Slotwinski_-koszenie-laki-wokol-pasieki.JPG\"\n\t\t\t\tstyle=\"max-height: 430px;\"\/>\n\t\t<\/a>\n\n\t\t\n\t\t<a href=\"https:\/\/archiwum.swietodrzewa.pl\/wp-content\/gallery\/wielki-dzien-pszczol\/Fot.-Klub-Gaja_-zakladanie-pasieki-edukacyjnej-w-Tajemniczym-Ogrodzie.JPG\"\n\t\t\ttitle=\"\"\n\t\t\tdata-src=\"https:\/\/archiwum.swietodrzewa.pl\/wp-content\/gallery\/wielki-dzien-pszczol\/Fot.-Klub-Gaja_-zakladanie-pasieki-edukacyjnej-w-Tajemniczym-Ogrodzie.JPG\"\n\t\t\tdata-thumbnail=\"https:\/\/archiwum.swietodrzewa.pl\/wp-content\/gallery\/wielki-dzien-pszczol\/thumbs\/thumbs_Fot.-Klub-Gaja_-zakladanie-pasieki-edukacyjnej-w-Tajemniczym-Ogrodzie.JPG\"\n\t\t\tdata-image-id=\"2038\"\n\t\t\tdata-title=\"Fot.-Klub-Gaja_-zakladanie-pasieki-edukacyjnej-w-Tajemniczym-Ogrodzie\"\n\t\t\tdata-description=\"\"\n\t\t\tclass=\"shutterset_218f95cf7e87815102d7b6a831fc3b3a\">\n\n\t\t\t<img data-image-id='2038'\n\t\t\t\ttitle=\"\"\n\t\t\t\talt=\"Fot.-Klub-Gaja_-zakladanie-pasieki-edukacyjnej-w-Tajemniczym-Ogrodzie\"\n\t\t\t\tsrc=\"https:\/\/archiwum.swietodrzewa.pl\/wp-content\/gallery\/wielki-dzien-pszczol\/Fot.-Klub-Gaja_-zakladanie-pasieki-edukacyjnej-w-Tajemniczym-Ogrodzie.JPG\"\n\t\t\t\tstyle=\"max-height: 430px;\"\/>\n\t\t<\/a>\n\n\t\t\n\t\t<a href=\"https:\/\/archiwum.swietodrzewa.pl\/wp-content\/gallery\/wielki-dzien-pszczol\/spokoj-pszczoly-9.jpg\"\n\t\t\ttitle=\"\"\n\t\t\tdata-src=\"https:\/\/archiwum.swietodrzewa.pl\/wp-content\/gallery\/wielki-dzien-pszczol\/spokoj-pszczoly-9.jpg\"\n\t\t\tdata-thumbnail=\"https:\/\/archiwum.swietodrzewa.pl\/wp-content\/gallery\/wielki-dzien-pszczol\/thumbs\/thumbs_spokoj-pszczoly-9.jpg\"\n\t\t\tdata-image-id=\"2039\"\n\t\t\tdata-title=\"spokoj-pszczoly-9\"\n\t\t\tdata-description=\"\"\n\t\t\tclass=\"shutterset_218f95cf7e87815102d7b6a831fc3b3a\">\n\n\t\t\t<img data-image-id='2039'\n\t\t\t\ttitle=\"\"\n\t\t\t\talt=\"spokoj-pszczoly-9\"\n\t\t\t\tsrc=\"https:\/\/archiwum.swietodrzewa.pl\/wp-content\/gallery\/wielki-dzien-pszczol\/spokoj-pszczoly-9.jpg\"\n\t\t\t\tstyle=\"max-height: 430px;\"\/>\n\t\t<\/a>\n\n\t\t\n\t\t<a href=\"https:\/\/archiwum.swietodrzewa.pl\/wp-content\/gallery\/wielki-dzien-pszczol\/Fot.-Klub-Gaja_pasieka-edukacyjna-w-Tajemniczym-Ogrodzie.JPG\"\n\t\t\ttitle=\"\"\n\t\t\tdata-src=\"https:\/\/archiwum.swietodrzewa.pl\/wp-content\/gallery\/wielki-dzien-pszczol\/Fot.-Klub-Gaja_pasieka-edukacyjna-w-Tajemniczym-Ogrodzie.JPG\"\n\t\t\tdata-thumbnail=\"https:\/\/archiwum.swietodrzewa.pl\/wp-content\/gallery\/wielki-dzien-pszczol\/thumbs\/thumbs_Fot.-Klub-Gaja_pasieka-edukacyjna-w-Tajemniczym-Ogrodzie.JPG\"\n\t\t\tdata-image-id=\"2041\"\n\t\t\tdata-title=\"Fot.-Klub-Gaja_pasieka-edukacyjna-w-Tajemniczym-Ogrodzie\"\n\t\t\tdata-description=\"\"\n\t\t\tclass=\"shutterset_218f95cf7e87815102d7b6a831fc3b3a\">\n\n\t\t\t<img data-image-id='2041'\n\t\t\t\ttitle=\"\"\n\t\t\t\talt=\"Fot.-Klub-Gaja_pasieka-edukacyjna-w-Tajemniczym-Ogrodzie\"\n\t\t\t\tsrc=\"https:\/\/archiwum.swietodrzewa.pl\/wp-content\/gallery\/wielki-dzien-pszczol\/Fot.-Klub-Gaja_pasieka-edukacyjna-w-Tajemniczym-Ogrodzie.JPG\"\n\t\t\t\tstyle=\"max-height: 430px;\"\/>\n\t\t<\/a>\n\n\t\t<\/div>\n\n\n\u201ePowinni\u015bmy wspomaga\u0107 przyrod\u0119, od kt\u00f3rej zale\u017cne s\u0105 zapylacze. Ka\u017cde konkretne dzia\u0142anie polegaj\u0105ce na posadzeniu odpowiednich ro\u015blin i odtwarzaniu dzikich zak\u0105tk\u00f3w, tak\u017ce w miastach, ma ogromne znaczenie dla ratowania populacji pszcz\u00f3\u0142. W naszych ubogich parkach czy ogrodach brakuje r\u00f3\u017cnorodno\u015bci, tak niezb\u0119dnej w skomplikowanej siatce zale\u017cno\u015bci. Dlatego edukacja i bezpo\u015brednie dzia\u0142anie na rzecz przyrody, mog\u0105 zatrzyma\u0107 niepokoj\u0105cy trend zaniku tych &nbsp;po\u017cytecznych zwierz\u0105t\u201d \u2013 m\u00f3wi <strong>Jacek Bo\u017cek<\/strong>, szef Klubu Gaja.&nbsp;<\/p>\n<p>Warsztatom pszczelarskim Klubu Gaja towarzysz\u0105 warsztaty ogrodnicze, by zwr\u00f3ci\u0107 uwag\u0119 na konieczno\u015b\u0107 zapewniania owadom zapylaj\u0105cym bazy pokarmowej poprzez sadzenie przyjaznych dla owad\u00f3w drzew, krzew\u00f3w, bylin i kwiat\u00f3w jednorocznych. Nale\u017cy pami\u0119ta\u0107, by nie wybiera\u0107 do nasadze\u0144 gatunk\u00f3w inwazyjnych. Sadz\u0105c w swoich ogrodach rodzime i miododajne gatunki ro\u015blin mo\u017cemy pom\u00f3c chroni\u0107 owady zapylaj\u0105ce, a tak\u017ce wspiera\u0107 r\u00f3\u017cnorodno\u015b\u0107 biologiczn\u0105.<\/p>\n<p><strong>Patryk S\u0142otwi\u0144ski<\/strong>, opiekun pasieki i edukator Klubu Gaja, komentuje \u2013\u201eW imieniu ludzi \u017cyczymy pszczo\u0142om oraz wszystkim zapylaczom &nbsp;\u2013 wszystkiego najlepszego. Pami\u0119tajmy przez ca\u0142y okr\u0105g\u0142y rok, \u017ce dzi\u0119ki temu, \u017ce \u017cyjemy razem na tej Ziemi, mo\u017cemy wszyscy czerpa\u0107 z jej dobrodziejstw. Jeste\u015bmy po\u0142\u0105czeni z pszczo\u0142ami nawet je\u015bli nie zawsze zdajemy sobie z tego spraw\u0119. Pszczo\u0142y zabior\u0105 dla siebie z kwiat\u00f3w dyni \u017cyciodajny py\u0142ek, a dzi\u0119ki temu zapylona przez owady ro\u015blina wyda okr\u0105g\u0142y, pomara\u0144czowy plon. My ugotujemy z tego pyszn\u0105 jesienn\u0105 zup\u0119, kt\u00f3ra da nam energi\u0119 do \u017cycia\u201d.&nbsp;<\/p>\n<p>Przy\u0142\u0105czmy si\u0119 do tych \u017cycze\u0144 konkretnymi dzia\u0142aniami na rzecz wszystkich pszcz\u00f3\u0142 i innych zapylaczy, bez kt\u00f3rych nasze \u017cycie b\u0119dzie ubo\u017csze i wspomagajmy je tak jak one nas wspomagaj\u0105.<\/p>\n","protected":false},"excerpt":{"rendered":"<p>Wielki Dzie\u0144 Pszcz\u00f3\u0142, kt\u00f3ry obchodzimy 8 sierpnia, przypomina nam o&nbsp;niezast\u0105pionej roli, jak\u0105 pe\u0142ni\u0105 owady zapylaj\u0105ce w przyrodzie i naszym codziennym \u017cyciu oraz o konieczno\u015bci ich ochrony. Klub Gaja zak\u0142adaj\u0105c pasiek\u0119 edukacyjn\u0105 we wsp\u00f3\u0142pracy z ALDI, Miastem Bielsko-Bia\u0142a i Gmin\u0105 Wyznaniow\u0105 \u017bydowsk\u0105 w Bielsku-Bia\u0142ej zach\u0119ca w szczeg\u00f3lno\u015bci dzieci i m\u0142odzie\u017c do poznawania biologii i zwyczaj\u00f3w pszczo\u0142y [&hellip;]<\/p>\n","protected":false},"author":3,"featured_media":13203,"comment_status":"closed","ping_status":"closed","sticky":false,"template":"","format":"standard","meta":{"ngg_post_thumbnail":0},"categories":[17],"tags":[],"_links":{"self":[{"href":"https:\/\/archiwum.swietodrzewa.pl\/index.php?rest_route=\/wp\/v2\/posts\/13202"}],"collection":[{"href":"https:\/\/archiwum.swietodrzewa.pl\/index.php?rest_route=\/wp\/v2\/posts"}],"about":[{"href":"https:\/\/archiwum.swietodrzewa.pl\/index.php?rest_route=\/wp\/v2\/types\/post"}],"author":[{"embeddable":true,"href":"https:\/\/archiwum.swietodrzewa.pl\/index.php?rest_route=\/wp\/v2\/users\/3"}],"replies":[{"embeddable":true,"href":"https:\/\/archiwum.swietodrzewa.pl\/index.php?rest_route=%2Fwp%2Fv2%2Fcomments&post=13202"}],"version-history":[{"count":3,"href":"https:\/\/archiwum.swietodrzewa.pl\/index.php?rest_route=\/wp\/v2\/posts\/13202\/revisions"}],"predecessor-version":[{"id":13219,"href":"https:\/\/archiwum.swietodrzewa.pl\/index.php?rest_route=\/wp\/v2\/posts\/13202\/revisions\/13219"}],"wp:featuredmedia":[{"embeddable":true,"href":"https:\/\/archiwum.swietodrzewa.pl\/index.php?rest_route=\/wp\/v2\/media\/13203"}],"wp:attachment":[{"href":"https:\/\/archiwum.swietodrzewa.pl\/index.php?rest_route=%2Fwp%2Fv2%2Fmedia&parent=13202"}],"wp:term":[{"taxonomy":"category","embeddable":true,"href":"https:\/\/archiwum.swietodrzewa.pl\/index.php?rest_route=%2Fwp%2Fv2%2Fcategories&post=13202"},{"taxonomy":"post_tag","embeddable":true,"href":"https:\/\/archiwum.swietodrzewa.pl\/index.php?rest_route=%2Fwp%2Fv2%2Ftags&post=13202"}],"curies":[{"name":"wp","href":"https:\/\/api.w.org\/{rel}","templated":true}]}}