{"id":13270,"date":"2021-09-03T13:27:06","date_gmt":"2021-09-03T11:27:06","guid":{"rendered":"https:\/\/swietodrzewa.pl\/?p=13270"},"modified":"2021-09-03T13:27:06","modified_gmt":"2021-09-03T11:27:06","slug":"lider-w-ekologii","status":"publish","type":"post","link":"https:\/\/archiwum.swietodrzewa.pl\/?p=13270","title":{"rendered":"Lider w ekologii"},"content":{"rendered":"<p class=\"lead\"><strong>Dbanie o \u015brodowisko, wprowadzanie nawyk\u00f3w ekologicznych w codzienne funkcjonowanie to idee coraz bli\u017csze m\u0142odzie\u017cy.<\/strong><!--more--><\/p>\n<div class=\"body\">\n<p>St\u0105d pomys\u0142 na utworzenie Akademi EkoAs\u00f3w, czyli stworzenie przestrzeni do rozwoju swoich kompetencji liderskich w obszarze dzia\u0142a\u0144 na rzecz \u015brodowiska. Od marca do listopada 2021 roku, 12 m\u0142odych os\u00f3b z \u017bywiecczyzny, uczestniczy w warsztatach, przygotowuj\u0105cych je do przeprowadzenia w\u0142asnych inicjatyw o charakterze ekologicznym, a w dalszej perspektywie do liderowania w swoim otoczeniu.<\/p>\n<p><a href=\"https:\/\/archiwum.swietodrzewa.pl\/wp-content\/uploads\/2021\/09\/ekolider-3.jpg\"><img loading=\"lazy\" class=\"alignleft size-medium wp-image-13273\" src=\"https:\/\/archiwum.swietodrzewa.pl\/wp-content\/uploads\/2021\/09\/ekolider-3-300x225.jpg\" alt=\"\" width=\"300\" height=\"225\" srcset=\"https:\/\/archiwum.swietodrzewa.pl\/wp-content\/uploads\/2021\/09\/ekolider-3-300x225.jpg 300w, https:\/\/archiwum.swietodrzewa.pl\/wp-content\/uploads\/2021\/09\/ekolider-3-1024x768.jpg 1024w, https:\/\/archiwum.swietodrzewa.pl\/wp-content\/uploads\/2021\/09\/ekolider-3-768x576.jpg 768w, https:\/\/archiwum.swietodrzewa.pl\/wp-content\/uploads\/2021\/09\/ekolider-3.jpg 1067w\" sizes=\"(max-width: 300px) 100vw, 300px\" \/><\/a>Wakacje s\u0105 intensywnym czasem dla EkoAs\u00f3w i bardzo nie \u201ewakacyjnym\u201d. W tym czasie m\u0142odzie\u017c diagnozowa\u0142a w\u0142asne \u015brodowisko, uczy\u0142a si\u0119 o celach, bud\u017cetach, pisaniu w\u0142asnych inicjatyw i projekt\u00f3w.<a href=\"https:\/\/archiwum.swietodrzewa.pl\/wp-content\/uploads\/2021\/09\/ekolider-4.jpg\"><img loading=\"lazy\" class=\"alignright size-medium wp-image-13274\" src=\"https:\/\/archiwum.swietodrzewa.pl\/wp-content\/uploads\/2021\/09\/ekolider-4-300x225.jpg\" alt=\"\" width=\"300\" height=\"225\" srcset=\"https:\/\/archiwum.swietodrzewa.pl\/wp-content\/uploads\/2021\/09\/ekolider-4-300x225.jpg 300w, https:\/\/archiwum.swietodrzewa.pl\/wp-content\/uploads\/2021\/09\/ekolider-4-1024x768.jpg 1024w, https:\/\/archiwum.swietodrzewa.pl\/wp-content\/uploads\/2021\/09\/ekolider-4-768x576.jpg 768w, https:\/\/archiwum.swietodrzewa.pl\/wp-content\/uploads\/2021\/09\/ekolider-4.jpg 1067w\" sizes=\"(max-width: 300px) 100vw, 300px\" \/><\/a><\/p>\n<p>Wakacje zako\u0144czy\u0142y dwa dni warsztat\u00f3w o liderowaniu w obszarze ekologii. M\u0142odzie\u017c mia\u0142a okazje spotka\u0107 si\u0119 z Jackiem Bo\u017ckiem, z Klubu Gaja, kt\u00f3ry skupi\u0142 si\u0119 na temacie liderowania dla siebie, dla \u015brodowiska. By\u0142o o rzeczach najistotniejszych i koniecznych w swojej liderskiej \u015bcie\u017cce. Dzie\u0144 zako\u0144czy\u0142a debata oksfordzka &#8211; \u201eGreta Thunberg &#8211; g\u0142osem naszego pokolenia\u201d.<\/p>\n<p>Zapraszamy do \u015bledzenia inicjatyw tych m\u0142odych ludzi &#8211; ju\u017c we wrze\u015bniu &#8211; na profilu Fundacji \u201ePartnerstwo Dorzecza Kocierzanki i Koszarawy\u201d.<\/p>\n<\/div>\n","protected":false},"excerpt":{"rendered":"<p>Dbanie o \u015brodowisko, wprowadzanie nawyk\u00f3w ekologicznych w codzienne funkcjonowanie to idee coraz bli\u017csze m\u0142odzie\u017cy.<\/p>\n","protected":false},"author":3,"featured_media":13274,"comment_status":"closed","ping_status":"closed","sticky":false,"template":"","format":"standard","meta":{"ngg_post_thumbnail":0},"categories":[1],"tags":[],"_links":{"self":[{"href":"https:\/\/archiwum.swietodrzewa.pl\/index.php?rest_route=\/wp\/v2\/posts\/13270"}],"collection":[{"href":"https:\/\/archiwum.swietodrzewa.pl\/index.php?rest_route=\/wp\/v2\/posts"}],"about":[{"href":"https:\/\/archiwum.swietodrzewa.pl\/index.php?rest_route=\/wp\/v2\/types\/post"}],"author":[{"embeddable":true,"href":"https:\/\/archiwum.swietodrzewa.pl\/index.php?rest_route=\/wp\/v2\/users\/3"}],"replies":[{"embeddable":true,"href":"https:\/\/archiwum.swietodrzewa.pl\/index.php?rest_route=%2Fwp%2Fv2%2Fcomments&post=13270"}],"version-history":[{"count":1,"href":"https:\/\/archiwum.swietodrzewa.pl\/index.php?rest_route=\/wp\/v2\/posts\/13270\/revisions"}],"predecessor-version":[{"id":13275,"href":"https:\/\/archiwum.swietodrzewa.pl\/index.php?rest_route=\/wp\/v2\/posts\/13270\/revisions\/13275"}],"wp:featuredmedia":[{"embeddable":true,"href":"https:\/\/archiwum.swietodrzewa.pl\/index.php?rest_route=\/wp\/v2\/media\/13274"}],"wp:attachment":[{"href":"https:\/\/archiwum.swietodrzewa.pl\/index.php?rest_route=%2Fwp%2Fv2%2Fmedia&parent=13270"}],"wp:term":[{"taxonomy":"category","embeddable":true,"href":"https:\/\/archiwum.swietodrzewa.pl\/index.php?rest_route=%2Fwp%2Fv2%2Fcategories&post=13270"},{"taxonomy":"post_tag","embeddable":true,"href":"https:\/\/archiwum.swietodrzewa.pl\/index.php?rest_route=%2Fwp%2Fv2%2Ftags&post=13270"}],"curies":[{"name":"wp","href":"https:\/\/api.w.org\/{rel}","templated":true}]}}