{"id":13290,"date":"2021-09-09T15:14:23","date_gmt":"2021-09-09T13:14:23","guid":{"rendered":"https:\/\/swietodrzewa.pl\/?p=13290"},"modified":"2021-09-18T15:58:31","modified_gmt":"2021-09-18T13:58:31","slug":"zaproszenie-do-akcji-warszawskie-swieto-drzewa-milion-drzew-dla-warszawy","status":"publish","type":"post","link":"https:\/\/archiwum.swietodrzewa.pl\/?p=13290","title":{"rendered":"Zaproszenie do akcji \u201eWarszawskie \u015awi\u0119to Drzewa \u2013 Milion drzew dla Warszawy\u201d"},"content":{"rendered":"<p><strong><em>Szanowni Dyrektorzy\/ki i&nbsp;Nauczyciele\/ki,<\/em><\/strong><\/p>\n<p>Miasto Sto\u0142eczne Warszawa w ramach kt\u00f3rego dzia\u0142a Zarz\u0105d Zieleni m.st. Warszawy oraz Klub Gaja serdecznie zapraszaj\u0105 Pa\u0144stwa plac\u00f3wk\u0119 do udzia\u0142u w&nbsp;<strong>5 edycji akcji \u201eWarszawskie \u015awi\u0119to Drzewa<\/strong> <strong>&#8211; Milion drzew dla Warszawy\u201d.<\/strong> Z powodu sytuacji zwi\u0105zanej z epidemi\u0105 SARS-CoV-2 proponujemy Pa\u0144stwu podj\u0119cie dzia\u0142a\u0144 w trybie stacjonarnym lub w wersji alternatywnej \u2013 online, w zale\u017cno\u015bci od re\u017cimu sanitarnego.<!--more--><\/p>\n<p>Plac\u00f3wki o\u015bwiatowe i wychowawcze, kt\u00f3re <strong>ode\u015bl\u0105 <\/strong><strong><a href=\"https:\/\/archiwum.swietodrzewa.pl\/wp-content\/uploads\/2021\/09\/karta_zgloszenia.docx\">ZG\u0141OSZENIE<\/a> do dnia 20 wrze\u015bnia 2021 r.<\/strong> otrzymaj\u0105 drog\u0105 elektroniczn\u0105 <strong>materia\u0142y edukacyjne oraz sadzonki drzew<\/strong>. <strong>W&nbsp;ramach akcji WYR\u00d3\u017bNIMY NAJLEPSZE INICJATYWY! <\/strong><strong>Na sprawozdania czekamy do<\/strong> <strong>30 listopada 2021 r<\/strong><strong>. <\/strong>Zach\u0119camy Pa\u0144stwa do w\u0142\u0105czenia si\u0119 w akcj\u0119 poprzez:<\/p>\n<ul>\n<li><strong>organizacj\u0119 akcji sadzenia drzew i krzew\u00f3w<\/strong> \u2013 <strong>stacjonarnie: <\/strong>z udzia\u0142em uczni\u00f3w, rodzic\u00f3w i zaproszonych go\u015bci m.in. w ogrodach przy plac\u00f3wkach, w\u0142\u0105czanie rodzic\u00f3w do sadzenia drzew w swoich ogrodach czy dzia\u0142kach pod has\u0142em \u201eMamo, tato, posad\u017a ze mn\u0105 drzewo!\u201d; <strong>alternatywnie: <\/strong>posadzenie przekazanych sadzonek drzew bez udzia\u0142u uczni\u00f3w i go\u015bci, przekazanie sadzonek rodzicom. <strong>WA\u017bNE:<\/strong> W Zg\u0142oszeniu do akcji mo\u017cecie Pa\u0144stwo zaznaczy\u0107 zapotrzebowanie na ilo\u015b\u0107 sadzonek drzew, kt\u00f3re nieodp\u0142atnie, w miar\u0119 mo\u017cliwo\u015bci Pa\u0144stwu przeka\u017cemy. Ilo\u015b\u0107 sadzonek drzew jest ograniczona. Organizator zastrzega sobie prawo do zmiany gatunk\u00f3w drzew, w zale\u017cno\u015bci od ilo\u015bci zg\u0142osze\u0144 i dost\u0119pno\u015bci sadzonek. <strong>Po odbi\u00f3r sadzonek zapraszamy do S\u0142u\u017cewskiego Domu Kultury, w dniu 11 pa\u017adziernika (poniedzia\u0142ek), w godz.11.00-12.00.<\/strong>&nbsp;<\/li>\n<li><strong>r\u00f3\u017cnorodne dzia\u0142ania wok\u00f3\u0142 drzew i dla drzew <\/strong>\u2013 <strong>stacjonarnie<\/strong>: zorganizowanie kreatywnych zaj\u0119\u0107 i zabaw o drzewach na r\u00f3\u017cnych zaj\u0119ciach i przedmiotach, organizacj\u0119 gier terenowych, konkurs\u00f3w np. plastycznych, literackich, fotograficznych, kt\u00f3re odnosz\u0105 si\u0119 do drzew; <strong>alternatywnie <\/strong>\u2013 przeprowadzenie przez nauczycieli konkurs\u00f3w online w ramach nauki zdalnej, udost\u0119pnianie online materia\u0142\u00f3w m.in. <strong>plakat\u00f3w<\/strong>, <strong>s\u0142uchowisk, kolorowanek, broszury i gry terenowej, kt\u00f3re otrzymaj\u0105 Pa\u0144stwo elektronicznie.<\/strong><strong>&nbsp;<\/strong>&nbsp;<\/li>\n<li><strong>realizacj\u0119 w\u0142asnych projekt\u00f3w <\/strong><strong>przyrodniczych wok\u00f3\u0142 Pawilonu Edukacyjnego Kamie\u0144 Zarz\u0105du Zieleni m.st. Warszawy, zlokalizowanego przy ul. Wybrze\u017ce Puckie 1 w Dzielnicy Praga-P\u00f3\u0142noc <\/strong>\u2013<strong> stacjonarnie<\/strong>: zach\u0119camy plac\u00f3wki do odwiedzenia tego miejsca oraz opracowania i realizacji w\u0142asnych projekt\u00f3w przyrodniczych zwi\u0105zanych z okolic\u0105 Kamienia np. gier terenowych, prowadzenia obserwacji ro\u015blin czy zwierz\u0105t itp. <strong>alternatywnie: <\/strong>przeprowadzenie przez nauczycieli w\/w propozycji w formie zada\u0144 online w ramach nauki zdalnej.&nbsp; Z nades\u0142anych sprawozda\u0144, zostan\u0105 wyr\u00f3\u017cnione <strong>trzy <\/strong><strong>najciekawsze projekty przyrodnicze <\/strong>zwi\u0105zane z okolic\u0105 Pawilonu Edukacyjnego Kamie\u0144<strong>.<\/strong><\/li>\n<\/ul>\n<p><a href=\"https:\/\/archiwum.swietodrzewa.pl\/wp-content\/uploads\/2021\/09\/karta_zgloszenia.docx\"><strong>POBIERZ ZG\u0141OSZENIE &gt;&gt;&gt;<\/strong><\/a><\/p>\n<p><a href=\"https:\/\/archiwum.swietodrzewa.pl\/wp-content\/uploads\/2021\/09\/regulamin_akcji.pdf\"><strong>POBIERZ REGULAMIN &gt;&gt;&gt;<\/strong><\/a><\/p>\n<p><strong>ZG\u0141OSZENIE <\/strong>do akcji nale\u017cy odes\u0142a\u0107 <strong>na adres e-mail: warszawskieswietodrzewa@gmail.com.<\/strong><\/p>\n<p>W ramach akcji zapraszamy Pa\u0144stwa do udzia\u0142u w warsztatach przyrodniczych w Pawilonie Edukacyjnym Kamie\u0144. Ilo\u015b\u0107 warsztat\u00f3w jest ograniczona. Ch\u0119tnych prosimy o zg\u0142oszenie si\u0119 na adres e-mail: <strong>warszawskieswietodrzewa@gmail.com<\/strong><\/p>\n<p><a href=\"https:\/\/archiwum.swietodrzewa.pl\/wp-content\/uploads\/2021\/09\/loga_ok.jpg\"><img loading=\"lazy\" class=\"alignleft wp-image-13291\" src=\"https:\/\/archiwum.swietodrzewa.pl\/wp-content\/uploads\/2021\/09\/loga_ok-300x46.jpg\" alt=\"\" width=\"580\" height=\"89\" srcset=\"https:\/\/archiwum.swietodrzewa.pl\/wp-content\/uploads\/2021\/09\/loga_ok-300x46.jpg 300w, https:\/\/archiwum.swietodrzewa.pl\/wp-content\/uploads\/2021\/09\/loga_ok-1024x157.jpg 1024w, https:\/\/archiwum.swietodrzewa.pl\/wp-content\/uploads\/2021\/09\/loga_ok-768x118.jpg 768w, https:\/\/archiwum.swietodrzewa.pl\/wp-content\/uploads\/2021\/09\/loga_ok.jpg 1434w\" sizes=\"(max-width: 580px) 100vw, 580px\" \/><\/a><\/p>\n<p>&nbsp;<\/p>\n<p>&nbsp;&nbsp;&nbsp;&nbsp;&nbsp;&nbsp;&nbsp;&nbsp;&nbsp;&nbsp;&nbsp;&nbsp;&nbsp;&nbsp;&nbsp;&nbsp;&nbsp;&nbsp;&nbsp;&nbsp;&nbsp;&nbsp;&nbsp;&nbsp;&nbsp;&nbsp;&nbsp; &nbsp;<\/p>\n","protected":false},"excerpt":{"rendered":"<p>Szanowni Dyrektorzy\/ki i&nbsp;Nauczyciele\/ki, Miasto Sto\u0142eczne Warszawa w ramach kt\u00f3rego dzia\u0142a Zarz\u0105d Zieleni m.st. Warszawy oraz Klub Gaja serdecznie zapraszaj\u0105 Pa\u0144stwa plac\u00f3wk\u0119 do udzia\u0142u w&nbsp;5 edycji akcji \u201eWarszawskie \u015awi\u0119to Drzewa &#8211; Milion drzew dla Warszawy\u201d. Z powodu sytuacji zwi\u0105zanej z epidemi\u0105 SARS-CoV-2 proponujemy Pa\u0144stwu podj\u0119cie dzia\u0142a\u0144 w trybie stacjonarnym lub w wersji alternatywnej \u2013 online, w [&hellip;]<\/p>\n","protected":false},"author":3,"featured_media":11945,"comment_status":"closed","ping_status":"closed","sticky":false,"template":"","format":"standard","meta":{"ngg_post_thumbnail":0},"categories":[1],"tags":[],"_links":{"self":[{"href":"https:\/\/archiwum.swietodrzewa.pl\/index.php?rest_route=\/wp\/v2\/posts\/13290"}],"collection":[{"href":"https:\/\/archiwum.swietodrzewa.pl\/index.php?rest_route=\/wp\/v2\/posts"}],"about":[{"href":"https:\/\/archiwum.swietodrzewa.pl\/index.php?rest_route=\/wp\/v2\/types\/post"}],"author":[{"embeddable":true,"href":"https:\/\/archiwum.swietodrzewa.pl\/index.php?rest_route=\/wp\/v2\/users\/3"}],"replies":[{"embeddable":true,"href":"https:\/\/archiwum.swietodrzewa.pl\/index.php?rest_route=%2Fwp%2Fv2%2Fcomments&post=13290"}],"version-history":[{"count":5,"href":"https:\/\/archiwum.swietodrzewa.pl\/index.php?rest_route=\/wp\/v2\/posts\/13290\/revisions"}],"predecessor-version":[{"id":13338,"href":"https:\/\/archiwum.swietodrzewa.pl\/index.php?rest_route=\/wp\/v2\/posts\/13290\/revisions\/13338"}],"wp:featuredmedia":[{"embeddable":true,"href":"https:\/\/archiwum.swietodrzewa.pl\/index.php?rest_route=\/wp\/v2\/media\/11945"}],"wp:attachment":[{"href":"https:\/\/archiwum.swietodrzewa.pl\/index.php?rest_route=%2Fwp%2Fv2%2Fmedia&parent=13290"}],"wp:term":[{"taxonomy":"category","embeddable":true,"href":"https:\/\/archiwum.swietodrzewa.pl\/index.php?rest_route=%2Fwp%2Fv2%2Fcategories&post=13290"},{"taxonomy":"post_tag","embeddable":true,"href":"https:\/\/archiwum.swietodrzewa.pl\/index.php?rest_route=%2Fwp%2Fv2%2Ftags&post=13290"}],"curies":[{"name":"wp","href":"https:\/\/api.w.org\/{rel}","templated":true}]}}