{"id":13370,"date":"2021-09-20T19:47:53","date_gmt":"2021-09-20T17:47:53","guid":{"rendered":"https:\/\/swietodrzewa.pl\/?p=13370"},"modified":"2021-09-20T19:48:35","modified_gmt":"2021-09-20T17:48:35","slug":"ogrody-dla-wiewiorek-nietoperzy-ptakow-i-zapylaczy","status":"publish","type":"post","link":"https:\/\/archiwum.swietodrzewa.pl\/?p=13370","title":{"rendered":"Ogrody dla wiewi\u00f3rek, nietoperzy, ptak\u00f3w i zapylaczy!"},"content":{"rendered":"<p><strong>W Bielsku-Bia\u0142ej, Katowicach i Sosnowcu powstan\u0105 przyjazne miejsca dla dzikich zwierz\u0105t \u017cyj\u0105cych w miastach. Akcje sadzenia drzew, krzew\u00f3w i bylin oraz warsztaty budowy budek l\u0119gowych dla r\u00f3\u017cnych gatunk\u00f3w ptak\u00f3w, ssak\u00f3w i owad\u00f3w odb\u0119d\u0105 si\u0119: 23 wrze\u015bnia (czwartek, godz. 9.00) w <\/strong><strong>Przedszkolu nr 15 w Bielsku-Bia\u0142ej; 24 wrze\u015bnia (pi\u0105tek, godz. 10.30) w Szkole Podstawowej nr 40 w Katowicach; 19 pa\u017adziernika (wtorek, godz. 9.00) w Waldorfskiej Szkole Podstawowej w Bielsku-Bia\u0142ej oraz 25 pa\u017adziernika (poniedzia\u0142ek, godz. 11.00) w Centrum Us\u0142ug Socjalnych i Wsparcia w Sosnowcu. Wydarzenia Klub Gaja organizowane s\u0105 we wsp\u00f3\u0142pracy z ALDI \u2013 partnerem strategicznym \u015awi\u0119ta Drzewa.<\/strong><!--more--><\/p>\n<p><a href=\"https:\/\/archiwum.swietodrzewa.pl\/wp-content\/uploads\/2021\/09\/Ogrod-edukacyjne-w-Bielsku_Bialej-_Klub-Gaja-z-ALDI.jpg\"><img loading=\"lazy\" class=\"alignleft size-medium wp-image-13371\" src=\"https:\/\/archiwum.swietodrzewa.pl\/wp-content\/uploads\/2021\/09\/Ogrod-edukacyjne-w-Bielsku_Bialej-_Klub-Gaja-z-ALDI-300x198.jpg\" alt=\"\" width=\"300\" height=\"198\" srcset=\"https:\/\/archiwum.swietodrzewa.pl\/wp-content\/uploads\/2021\/09\/Ogrod-edukacyjne-w-Bielsku_Bialej-_Klub-Gaja-z-ALDI-300x198.jpg 300w, https:\/\/archiwum.swietodrzewa.pl\/wp-content\/uploads\/2021\/09\/Ogrod-edukacyjne-w-Bielsku_Bialej-_Klub-Gaja-z-ALDI-1024x675.jpg 1024w, https:\/\/archiwum.swietodrzewa.pl\/wp-content\/uploads\/2021\/09\/Ogrod-edukacyjne-w-Bielsku_Bialej-_Klub-Gaja-z-ALDI-768x506.jpg 768w, https:\/\/archiwum.swietodrzewa.pl\/wp-content\/uploads\/2021\/09\/Ogrod-edukacyjne-w-Bielsku_Bialej-_Klub-Gaja-z-ALDI-1536x1013.jpg 1536w, https:\/\/archiwum.swietodrzewa.pl\/wp-content\/uploads\/2021\/09\/Ogrod-edukacyjne-w-Bielsku_Bialej-_Klub-Gaja-z-ALDI.jpg 2048w\" sizes=\"(max-width: 300px) 100vw, 300px\" \/><\/a>Ogrody przyjazne dzikim zwierz\u0119tom powstan\u0105 w ramach 19. edycji \u015awi\u0119ta Drzewa Klubu Gaja, kt\u00f3ra w tym roku odb\u0119dzie si\u0119 pod has\u0142em \u2013 Dla przyrody. To dobra okazja by poprzez konkretne przyk\u0142ady m\u00f3wi\u0107 o tym, jak mo\u017cemy pomaga\u0107 dzikim zwierz\u0119tom w mie\u015bcie. Ka\u017cdy z nas w swoim ogrodzie czy na balkonie mo\u017ce posadzi\u0107 odpowiednie ro\u015bliny, by zapewni\u0107 zwierz\u0119tom schronienie i po\u017cywienie. Mo\u017cemy tak\u017ce zamontowa\u0107 dla nich budki l\u0119gowe, kt\u00f3re zast\u0119puj\u0105 naturalne miejsca gniazdowania i pomagaj\u0105 im prze\u017cy\u0107 w zmienionym przez cz\u0142owieka \u015brodowisku.<\/p>\n<p>\u201eCoraz cz\u0119\u015bciej s\u0142yszymy o prawach czy dobrostanie zwierz\u0105t i zwykle my\u015blimy, \u017ce dotycz\u0105 one naszych pupili, ps\u00f3w i kot\u00f3w. Jednak wok\u00f3\u0142 nas w miastach i na wsiach \u017cyje ca\u0142a niezliczona ilo\u015b\u0107 zwierz\u0105t, kt\u00f3re potrzebuj\u0105 schronienia i po\u017cywienia. Rozw\u00f3j przemys\u0142u i zanik naturalnych przestrzeni odebra\u0142 wielu gatunkom mo\u017cliwo\u015bci przetrwania i rozmna\u017cania. Dlatego te\u017c, to my \u2013 ludzie, musimy o nie zadba\u0107. Dzi\u0119kuj\u0119 naszemu partnerowi i wszystkim tym, kt\u00f3rzy przyczynili si\u0119 do realizacji tych przedsi\u0119wzi\u0119\u0107\u201d \u2013 komentuje <strong>Jacek Bo\u017cek,<\/strong> za\u0142o\u017cyciel i lider Klubu Gaja.<a href=\"https:\/\/archiwum.swietodrzewa.pl\/wp-content\/uploads\/2021\/09\/Ogrod-edukacyjny-w-Bielsku-Biale-Klub-Gaja-z-ALDI_2.jpg\"><img loading=\"lazy\" class=\"alignright size-medium wp-image-13372\" src=\"https:\/\/archiwum.swietodrzewa.pl\/wp-content\/uploads\/2021\/09\/Ogrod-edukacyjny-w-Bielsku-Biale-Klub-Gaja-z-ALDI_2-300x196.jpg\" alt=\"\" width=\"300\" height=\"196\" srcset=\"https:\/\/archiwum.swietodrzewa.pl\/wp-content\/uploads\/2021\/09\/Ogrod-edukacyjny-w-Bielsku-Biale-Klub-Gaja-z-ALDI_2-300x196.jpg 300w, https:\/\/archiwum.swietodrzewa.pl\/wp-content\/uploads\/2021\/09\/Ogrod-edukacyjny-w-Bielsku-Biale-Klub-Gaja-z-ALDI_2-1024x668.jpg 1024w, https:\/\/archiwum.swietodrzewa.pl\/wp-content\/uploads\/2021\/09\/Ogrod-edukacyjny-w-Bielsku-Biale-Klub-Gaja-z-ALDI_2-768x501.jpg 768w, https:\/\/archiwum.swietodrzewa.pl\/wp-content\/uploads\/2021\/09\/Ogrod-edukacyjny-w-Bielsku-Biale-Klub-Gaja-z-ALDI_2-1536x1002.jpg 1536w, https:\/\/archiwum.swietodrzewa.pl\/wp-content\/uploads\/2021\/09\/Ogrod-edukacyjny-w-Bielsku-Biale-Klub-Gaja-z-ALDI_2.jpg 2048w\" sizes=\"(max-width: 300px) 100vw, 300px\" \/><\/a><\/p>\n<p><strong>Dla dzikich zapylaczy<\/strong> m.in.: pszcz\u00f3\u0142 samotnic, trzmieli, motyli i bzyg\u00f3w najlepiej sadzi\u0107 ro\u015bliny zapewniaj\u0105ce im pokarm od wczesnej wiosny do p\u00f3\u017anej jesieni. Wczesn\u0105 wiosn\u0105 kwitn\u0105 np. \u015bnie\u017cyczki przebi\u015bniegi, krokusy, miodunki, potem drzewa owocowe i krzewy, od wiosny do p\u00f3\u017anej jesieni mamy du\u017cy wyb\u00f3r bylin i kwiat\u00f3w jednorocznych, kt\u00f3re mo\u017cemy posadzi\u0107 w ogrodach, na balkonach czy na parapecie. Im wi\u0119cej kszta\u0142t\u00f3w, rozmiar\u00f3w i barw maj\u0105 kwiaty, tym lepiej dla owad\u00f3w. Sadzenie kwitn\u0105cych ro\u015blin w du\u017cych plamach pozwala kr\u00f3tkowzrocznym owadom \u0142atwiej je zauwa\u017cy\u0107. Ro\u015bliny o otwartych, pojedynczych kwiatach u\u0142atwiaj\u0105 im dost\u0119p do nektaru i py\u0142ku. Pami\u0119tajmy o pozostawianiu dzikich zak\u0105tk\u00f3w w ogrodach. Motyle uwielbiaj\u0105 pokrzyw\u0119! Przysmakiem rusa\u0142ki pawika s\u0105 opad\u0142e z drzew jab\u0142ka, gruszki czy \u015bliwki. Ich sok to zastrzyk energii potrzebnej do przetrwania zimy!<\/p>\n<p><strong>Dla ptak\u00f3w<\/strong> mo\u017cemy posadzi\u0107 takie ro\u015bliny, kt\u00f3re zapewni\u0105 im pokarm, jak np. jarz\u0105b pospolity, dere\u0144 jadalny, berberys, trzmielina pospolita, ligustr. Ptaki lubi\u0105 tak\u017ce nasiona np. ost\u00f3w, bylicy, szczeci czy pokrzywy. Nie ko\u015bmy i nie wyrywajmy dziko rosn\u0105cych ro\u015blin. Wa\u017cne, by nasadzenia zapewnia\u0142y ptakom nie tylko po\u017cywienie, ale tak\u017ce schronienie przed atakiem drapie\u017cnik\u00f3w. Posad\u017amy dla nich cierniste drzewa i krzewy jak np. g\u0142\u00f3g, \u015bliw\u0119 tarnin\u0119 oraz pn\u0105cza, jak np. r\u00f3\u017ce. <strong>Dla wiewi\u00f3rek i innych ma\u0142ych sak\u00f3w<\/strong> mo\u017cemy posadzi\u0107 orzechy&nbsp;w\u0142oskie, leszczyny, d\u0119by, buki, modrzewie czy \u015bwierki. <strong>Dbajmy o drzewa, w szczeg\u00f3lno\u015bci o stare drzewa<\/strong>, bo w ich koronach i dziuplach mo\u017ce \u017cy\u0107 wiele gatunk\u00f3w zwierz\u0105t jak ptaki, owady, wiewi\u00f3rki i nietoperze!<\/p>\n<p><strong>Ma\u0142gorzata Socha\u0144ska<\/strong>, dyrektorka Przedszkola nr 15 w Bielsku-Bia\u0142ej, m\u00f3wi \u2013 \u201eW zwi\u0105zku z zaproponowanym przez Klub Gaja przedsi\u0119wzi\u0119ciem edukacyjnym obejmuj\u0105cym sadzenie drzew i krzew\u00f3w dla wiewi\u00f3rek, ptak\u00f3w i owad\u00f3w pragniemy wyrazi\u0107 nasz\u0105 wdzi\u0119czno\u015b\u0107 za zaproszenie i zorganizowanie tego wydarzenia na terenie naszej plac\u00f3wki. Takie akcje naszym zdaniem zwi\u0119kszaj\u0105 \u015bwiadomo\u015b\u0107 ekologiczn\u0105 dzieci, kszta\u0142tuj\u0105 prawid\u0142owe postawy proekologiczne korzystnie wp\u0142ywaj\u0105ce poprzez dzieci r\u00f3wnie\u017c na doros\u0142ych. Dzi\u0119ki temu w mie\u015bcie powstaje wi\u0119cej zielonych miejsc z kt\u00f3rych skorzystamy nie tylko my ale tak\u017ce zwierz\u0119ta\u201d.<\/p>\n<p>Fot. Klub Gaja \/ Ogr\u00f3d edukacyjny w Szkole Podstawowej nr 27 w Bielsku-Bia\u0142ej, Klub Gaja we wsp\u00f3\u0142pracy z Miastem Bielsko-Bia\u0142a i ALDI, \u015awi\u0119to Drzewa 2020.<\/p>\n","protected":false},"excerpt":{"rendered":"<p>W Bielsku-Bia\u0142ej, Katowicach i Sosnowcu powstan\u0105 przyjazne miejsca dla dzikich zwierz\u0105t \u017cyj\u0105cych w miastach. Akcje sadzenia drzew, krzew\u00f3w i bylin oraz warsztaty budowy budek l\u0119gowych dla r\u00f3\u017cnych gatunk\u00f3w ptak\u00f3w, ssak\u00f3w i owad\u00f3w odb\u0119d\u0105 si\u0119: 23 wrze\u015bnia (czwartek, godz. 9.00) w Przedszkolu nr 15 w Bielsku-Bia\u0142ej; 24 wrze\u015bnia (pi\u0105tek, godz. 10.30) w Szkole Podstawowej nr 40 [&hellip;]<\/p>\n","protected":false},"author":3,"featured_media":13372,"comment_status":"closed","ping_status":"closed","sticky":false,"template":"","format":"standard","meta":{"ngg_post_thumbnail":0},"categories":[1],"tags":[],"_links":{"self":[{"href":"https:\/\/archiwum.swietodrzewa.pl\/index.php?rest_route=\/wp\/v2\/posts\/13370"}],"collection":[{"href":"https:\/\/archiwum.swietodrzewa.pl\/index.php?rest_route=\/wp\/v2\/posts"}],"about":[{"href":"https:\/\/archiwum.swietodrzewa.pl\/index.php?rest_route=\/wp\/v2\/types\/post"}],"author":[{"embeddable":true,"href":"https:\/\/archiwum.swietodrzewa.pl\/index.php?rest_route=\/wp\/v2\/users\/3"}],"replies":[{"embeddable":true,"href":"https:\/\/archiwum.swietodrzewa.pl\/index.php?rest_route=%2Fwp%2Fv2%2Fcomments&post=13370"}],"version-history":[{"count":2,"href":"https:\/\/archiwum.swietodrzewa.pl\/index.php?rest_route=\/wp\/v2\/posts\/13370\/revisions"}],"predecessor-version":[{"id":13374,"href":"https:\/\/archiwum.swietodrzewa.pl\/index.php?rest_route=\/wp\/v2\/posts\/13370\/revisions\/13374"}],"wp:featuredmedia":[{"embeddable":true,"href":"https:\/\/archiwum.swietodrzewa.pl\/index.php?rest_route=\/wp\/v2\/media\/13372"}],"wp:attachment":[{"href":"https:\/\/archiwum.swietodrzewa.pl\/index.php?rest_route=%2Fwp%2Fv2%2Fmedia&parent=13370"}],"wp:term":[{"taxonomy":"category","embeddable":true,"href":"https:\/\/archiwum.swietodrzewa.pl\/index.php?rest_route=%2Fwp%2Fv2%2Fcategories&post=13370"},{"taxonomy":"post_tag","embeddable":true,"href":"https:\/\/archiwum.swietodrzewa.pl\/index.php?rest_route=%2Fwp%2Fv2%2Ftags&post=13370"}],"curies":[{"name":"wp","href":"https:\/\/api.w.org\/{rel}","templated":true}]}}