{"id":13461,"date":"2021-09-30T14:42:09","date_gmt":"2021-09-30T12:42:09","guid":{"rendered":"https:\/\/swietodrzewa.pl\/?p=13461"},"modified":"2021-10-13T11:24:59","modified_gmt":"2021-10-13T09:24:59","slug":"park-dla-ludzi-i-przyrody-swieto-drzewa-w-sosnowcu","status":"publish","type":"post","link":"https:\/\/archiwum.swietodrzewa.pl\/?p=13461","title":{"rendered":"Park dla ludzi i przyrody \u2013 \u015awi\u0119to Drzewa w Sosnowcu"},"content":{"rendered":"<p><strong>Po raz pierwszy Klub Gaja we wsp\u00f3\u0142pracy z Miastem Sosnowiec zaprosi\u0142 przedszkola i szko\u0142y z terenu miasta do w\u0142\u0105czenia si\u0119 w jesienn\u0105 akcj\u0119 \u015awi\u0119to Drzewa w Sosnowcu. W Parku Harcerzy (20 wrze\u015bnia br.) Klub Gaja wsp\u00f3lnie z dzie\u0107mi i m\u0142odzie\u017c\u0105, przedstawicielami miasta i Krzysztofem Matern\u0105 \u2013 znanym sosnowiczaninem, posadzi\u0142 ponad 80 drzew, krzew\u00f3w i bylin &#8211; miododajnych i owocowych. Razem z uczestnikami zbudowano domki dla ptak\u00f3w, wiewi\u00f3rek i dzikich zapylaczy. W owocowym zak\u0105tku posadzono m.in. porzeczki, maliny, wi\u015bnie, jab\u0142onie i grusze, a nieopodal za\u0142o\u017cono ma\u0142y ogr\u00f3d deszczowy. Podczas wydarzenia Klub Gaja przekaza\u0142 400 sadzonek jarz\u0119b\u00f3w, lip i dzikich jab\u0142oni sosnowieckim plac\u00f3wkom, kt\u00f3re zg\u0142osi\u0142y si\u0119 do akcji \u201e\u015awi\u0119to Drzewa w Sosnowcu&#8221;. <\/strong><!--more--><\/p>\n<p>Pogoda dopisa\u0142a. Organizatorzy i wsp\u00f3\u0142gospodarze wydarzenia m.in. Jacek Bo\u017cek \u2013 Klub Gaja, Anna Jedynak \u2013 Pe\u0142nomocniczka Prezydenta Miasta ds. Funduszy Zewn\u0119trznych i Polityki Spo\u0142ecznej,&nbsp; Paulina Adamus \u2013 Naczelniczka Wydzia\u0142u Wsp\u00f3\u0142pracy z Organizacjami pozarz\u0105dowymi, Jakub Wolny \u2013 zast\u0119pca dyrektora Zespo\u0142u Szk\u00f3\u0142 Specjalnych nr 4 oraz Krzysztof Materna powitali dzieci i m\u0142odzie\u017c, dzi\u0119kuj\u0105c im za zaanga\u017cowanie w dzia\u0142ania dla otaczaj\u0105cej nas przyrody. Wszyscy podkre\u015blali, \u017ce dla drzew w Sosnowcu i dla naszej planety najlepiej dzia\u0142a\u0107 wsp\u00f3lnie. I razem zabra\u0107 si\u0119 do pracy!<\/p>\n<p><strong>Krzysztof Materna<\/strong>, komentuj\u0105c swoje zaanga\u017cowanie w \u015awi\u0119to Drzewa, powiedzia\u0142 \u2013 \u201eTo prawda, urodzi\u0142em si\u0119 w Sosnowcu! Uwa\u017cam, \u017ce dzia\u0142alno\u015b\u0107 takiego entuzjasty i ekologa jak Jacek Bo\u017cek jest nieprawdopodobna i stawiam si\u0119 na ka\u017cde jego wezwanie. Dzia\u0142alno\u015b\u0107 Klubu Gaja jest nie tyko fantastyczna w sensie spo\u0142ecznym, ale szczeg\u00f3lnie wa\u017cna w dzisiejszych czasach. Dodaj\u0105c w\u0142asn\u0105 pr\u00f3\u017cno\u015b\u0107 czyli mie\u0107 zasadzone przez siebie drzewo w rodzinnym mie\u015bcie to ogromna przyjemno\u015b\u0107. Prosz\u0119 o barwa dla mojego drzewa!\u201d.<\/p>\n<p>\n<div class=\"ngg-galleryoverview ngg-slideshow\"\n\tid=\"ngg-slideshow-c7d9e46906aeb4b2674647e8c96c3d47-4917919220\"\n\tdata-gallery-id=\"c7d9e46906aeb4b2674647e8c96c3d47\"\n\tstyle=\"max-width: 600px;\n\t\t\tmax-height: 450px;\n\t\t\tdisplay: none;\">\n\n\t\n\t\t<a href=\"https:\/\/archiwum.swietodrzewa.pl\/wp-content\/gallery\/swieto-drzewa-w-sosnowcu\/242712475_4741689279175488_780408201918305854_n.jpg\"\n\t\t\ttitle=\"\"\n\t\t\tdata-src=\"https:\/\/archiwum.swietodrzewa.pl\/wp-content\/gallery\/swieto-drzewa-w-sosnowcu\/242712475_4741689279175488_780408201918305854_n.jpg\"\n\t\t\tdata-thumbnail=\"https:\/\/archiwum.swietodrzewa.pl\/wp-content\/gallery\/swieto-drzewa-w-sosnowcu\/thumbs\/thumbs_242712475_4741689279175488_780408201918305854_n.jpg\"\n\t\t\tdata-image-id=\"2068\"\n\t\t\tdata-title=\"242712475_4741689279175488_780408201918305854_n\"\n\t\t\tdata-description=\"\"\n\t\t\tclass=\"shutterset_c7d9e46906aeb4b2674647e8c96c3d47\">\n\n\t\t\t<img data-image-id='2068'\n\t\t\t\ttitle=\"\"\n\t\t\t\talt=\"242712475_4741689279175488_780408201918305854_n\"\n\t\t\t\tsrc=\"https:\/\/archiwum.swietodrzewa.pl\/wp-content\/gallery\/swieto-drzewa-w-sosnowcu\/242712475_4741689279175488_780408201918305854_n.jpg\"\n\t\t\t\tstyle=\"max-height: 430px;\"\/>\n\t\t<\/a>\n\n\t\t\n\t\t<a href=\"https:\/\/archiwum.swietodrzewa.pl\/wp-content\/gallery\/swieto-drzewa-w-sosnowcu\/242715764_4741691549175261_7036062585868443106_n.jpg\"\n\t\t\ttitle=\"\"\n\t\t\tdata-src=\"https:\/\/archiwum.swietodrzewa.pl\/wp-content\/gallery\/swieto-drzewa-w-sosnowcu\/242715764_4741691549175261_7036062585868443106_n.jpg\"\n\t\t\tdata-thumbnail=\"https:\/\/archiwum.swietodrzewa.pl\/wp-content\/gallery\/swieto-drzewa-w-sosnowcu\/thumbs\/thumbs_242715764_4741691549175261_7036062585868443106_n.jpg\"\n\t\t\tdata-image-id=\"2069\"\n\t\t\tdata-title=\"242715764_4741691549175261_7036062585868443106_n\"\n\t\t\tdata-description=\"\"\n\t\t\tclass=\"shutterset_c7d9e46906aeb4b2674647e8c96c3d47\">\n\n\t\t\t<img data-image-id='2069'\n\t\t\t\ttitle=\"\"\n\t\t\t\talt=\"242715764_4741691549175261_7036062585868443106_n\"\n\t\t\t\tsrc=\"https:\/\/archiwum.swietodrzewa.pl\/wp-content\/gallery\/swieto-drzewa-w-sosnowcu\/242715764_4741691549175261_7036062585868443106_n.jpg\"\n\t\t\t\tstyle=\"max-height: 430px;\"\/>\n\t\t<\/a>\n\n\t\t\n\t\t<a href=\"https:\/\/archiwum.swietodrzewa.pl\/wp-content\/gallery\/swieto-drzewa-w-sosnowcu\/242715526_4741688872508862_8261141819766823591_n.jpg\"\n\t\t\ttitle=\"\"\n\t\t\tdata-src=\"https:\/\/archiwum.swietodrzewa.pl\/wp-content\/gallery\/swieto-drzewa-w-sosnowcu\/242715526_4741688872508862_8261141819766823591_n.jpg\"\n\t\t\tdata-thumbnail=\"https:\/\/archiwum.swietodrzewa.pl\/wp-content\/gallery\/swieto-drzewa-w-sosnowcu\/thumbs\/thumbs_242715526_4741688872508862_8261141819766823591_n.jpg\"\n\t\t\tdata-image-id=\"2070\"\n\t\t\tdata-title=\"242715526_4741688872508862_8261141819766823591_n\"\n\t\t\tdata-description=\"\"\n\t\t\tclass=\"shutterset_c7d9e46906aeb4b2674647e8c96c3d47\">\n\n\t\t\t<img data-image-id='2070'\n\t\t\t\ttitle=\"\"\n\t\t\t\talt=\"242715526_4741688872508862_8261141819766823591_n\"\n\t\t\t\tsrc=\"https:\/\/archiwum.swietodrzewa.pl\/wp-content\/gallery\/swieto-drzewa-w-sosnowcu\/242715526_4741688872508862_8261141819766823591_n.jpg\"\n\t\t\t\tstyle=\"max-height: 430px;\"\/>\n\t\t<\/a>\n\n\t\t\n\t\t<a href=\"https:\/\/archiwum.swietodrzewa.pl\/wp-content\/gallery\/swieto-drzewa-w-sosnowcu\/242713515_4741692195841863_7393582008740802222_n.jpg\"\n\t\t\ttitle=\"\"\n\t\t\tdata-src=\"https:\/\/archiwum.swietodrzewa.pl\/wp-content\/gallery\/swieto-drzewa-w-sosnowcu\/242713515_4741692195841863_7393582008740802222_n.jpg\"\n\t\t\tdata-thumbnail=\"https:\/\/archiwum.swietodrzewa.pl\/wp-content\/gallery\/swieto-drzewa-w-sosnowcu\/thumbs\/thumbs_242713515_4741692195841863_7393582008740802222_n.jpg\"\n\t\t\tdata-image-id=\"2071\"\n\t\t\tdata-title=\"242713515_4741692195841863_7393582008740802222_n\"\n\t\t\tdata-description=\"\"\n\t\t\tclass=\"shutterset_c7d9e46906aeb4b2674647e8c96c3d47\">\n\n\t\t\t<img data-image-id='2071'\n\t\t\t\ttitle=\"\"\n\t\t\t\talt=\"242713515_4741692195841863_7393582008740802222_n\"\n\t\t\t\tsrc=\"https:\/\/archiwum.swietodrzewa.pl\/wp-content\/gallery\/swieto-drzewa-w-sosnowcu\/242713515_4741692195841863_7393582008740802222_n.jpg\"\n\t\t\t\tstyle=\"max-height: 430px;\"\/>\n\t\t<\/a>\n\n\t\t\n\t\t<a href=\"https:\/\/archiwum.swietodrzewa.pl\/wp-content\/gallery\/swieto-drzewa-w-sosnowcu\/242717077_4741692319175184_512343169068407613_n.jpg\"\n\t\t\ttitle=\"\"\n\t\t\tdata-src=\"https:\/\/archiwum.swietodrzewa.pl\/wp-content\/gallery\/swieto-drzewa-w-sosnowcu\/242717077_4741692319175184_512343169068407613_n.jpg\"\n\t\t\tdata-thumbnail=\"https:\/\/archiwum.swietodrzewa.pl\/wp-content\/gallery\/swieto-drzewa-w-sosnowcu\/thumbs\/thumbs_242717077_4741692319175184_512343169068407613_n.jpg\"\n\t\t\tdata-image-id=\"2072\"\n\t\t\tdata-title=\"242717077_4741692319175184_512343169068407613_n\"\n\t\t\tdata-description=\"\"\n\t\t\tclass=\"shutterset_c7d9e46906aeb4b2674647e8c96c3d47\">\n\n\t\t\t<img data-image-id='2072'\n\t\t\t\ttitle=\"\"\n\t\t\t\talt=\"242717077_4741692319175184_512343169068407613_n\"\n\t\t\t\tsrc=\"https:\/\/archiwum.swietodrzewa.pl\/wp-content\/gallery\/swieto-drzewa-w-sosnowcu\/242717077_4741692319175184_512343169068407613_n.jpg\"\n\t\t\t\tstyle=\"max-height: 430px;\"\/>\n\t\t<\/a>\n\n\t\t\n\t\t<a href=\"https:\/\/archiwum.swietodrzewa.pl\/wp-content\/gallery\/swieto-drzewa-w-sosnowcu\/242726403_4741693415841741_2801750685475931689_n.jpg\"\n\t\t\ttitle=\"\"\n\t\t\tdata-src=\"https:\/\/archiwum.swietodrzewa.pl\/wp-content\/gallery\/swieto-drzewa-w-sosnowcu\/242726403_4741693415841741_2801750685475931689_n.jpg\"\n\t\t\tdata-thumbnail=\"https:\/\/archiwum.swietodrzewa.pl\/wp-content\/gallery\/swieto-drzewa-w-sosnowcu\/thumbs\/thumbs_242726403_4741693415841741_2801750685475931689_n.jpg\"\n\t\t\tdata-image-id=\"2073\"\n\t\t\tdata-title=\"242726403_4741693415841741_2801750685475931689_n\"\n\t\t\tdata-description=\"\"\n\t\t\tclass=\"shutterset_c7d9e46906aeb4b2674647e8c96c3d47\">\n\n\t\t\t<img data-image-id='2073'\n\t\t\t\ttitle=\"\"\n\t\t\t\talt=\"242726403_4741693415841741_2801750685475931689_n\"\n\t\t\t\tsrc=\"https:\/\/archiwum.swietodrzewa.pl\/wp-content\/gallery\/swieto-drzewa-w-sosnowcu\/242726403_4741693415841741_2801750685475931689_n.jpg\"\n\t\t\t\tstyle=\"max-height: 430px;\"\/>\n\t\t<\/a>\n\n\t\t\n\t\t<a href=\"https:\/\/archiwum.swietodrzewa.pl\/wp-content\/gallery\/swieto-drzewa-w-sosnowcu\/242728836_4741691049175311_5250726759735291147_n.jpg\"\n\t\t\ttitle=\"\"\n\t\t\tdata-src=\"https:\/\/archiwum.swietodrzewa.pl\/wp-content\/gallery\/swieto-drzewa-w-sosnowcu\/242728836_4741691049175311_5250726759735291147_n.jpg\"\n\t\t\tdata-thumbnail=\"https:\/\/archiwum.swietodrzewa.pl\/wp-content\/gallery\/swieto-drzewa-w-sosnowcu\/thumbs\/thumbs_242728836_4741691049175311_5250726759735291147_n.jpg\"\n\t\t\tdata-image-id=\"2074\"\n\t\t\tdata-title=\"242728836_4741691049175311_5250726759735291147_n\"\n\t\t\tdata-description=\"\"\n\t\t\tclass=\"shutterset_c7d9e46906aeb4b2674647e8c96c3d47\">\n\n\t\t\t<img data-image-id='2074'\n\t\t\t\ttitle=\"\"\n\t\t\t\talt=\"242728836_4741691049175311_5250726759735291147_n\"\n\t\t\t\tsrc=\"https:\/\/archiwum.swietodrzewa.pl\/wp-content\/gallery\/swieto-drzewa-w-sosnowcu\/242728836_4741691049175311_5250726759735291147_n.jpg\"\n\t\t\t\tstyle=\"max-height: 430px;\"\/>\n\t\t<\/a>\n\n\t\t\n\t\t<a href=\"https:\/\/archiwum.swietodrzewa.pl\/wp-content\/gallery\/swieto-drzewa-w-sosnowcu\/242733894_4741691572508592_7447197155932987975_n.jpg\"\n\t\t\ttitle=\"\"\n\t\t\tdata-src=\"https:\/\/archiwum.swietodrzewa.pl\/wp-content\/gallery\/swieto-drzewa-w-sosnowcu\/242733894_4741691572508592_7447197155932987975_n.jpg\"\n\t\t\tdata-thumbnail=\"https:\/\/archiwum.swietodrzewa.pl\/wp-content\/gallery\/swieto-drzewa-w-sosnowcu\/thumbs\/thumbs_242733894_4741691572508592_7447197155932987975_n.jpg\"\n\t\t\tdata-image-id=\"2075\"\n\t\t\tdata-title=\"242733894_4741691572508592_7447197155932987975_n\"\n\t\t\tdata-description=\"\"\n\t\t\tclass=\"shutterset_c7d9e46906aeb4b2674647e8c96c3d47\">\n\n\t\t\t<img data-image-id='2075'\n\t\t\t\ttitle=\"\"\n\t\t\t\talt=\"242733894_4741691572508592_7447197155932987975_n\"\n\t\t\t\tsrc=\"https:\/\/archiwum.swietodrzewa.pl\/wp-content\/gallery\/swieto-drzewa-w-sosnowcu\/242733894_4741691572508592_7447197155932987975_n.jpg\"\n\t\t\t\tstyle=\"max-height: 430px;\"\/>\n\t\t<\/a>\n\n\t\t\n\t\t<a href=\"https:\/\/archiwum.swietodrzewa.pl\/wp-content\/gallery\/swieto-drzewa-w-sosnowcu\/242765014_4741689855842097_9070949983211994612_n.jpg\"\n\t\t\ttitle=\"\"\n\t\t\tdata-src=\"https:\/\/archiwum.swietodrzewa.pl\/wp-content\/gallery\/swieto-drzewa-w-sosnowcu\/242765014_4741689855842097_9070949983211994612_n.jpg\"\n\t\t\tdata-thumbnail=\"https:\/\/archiwum.swietodrzewa.pl\/wp-content\/gallery\/swieto-drzewa-w-sosnowcu\/thumbs\/thumbs_242765014_4741689855842097_9070949983211994612_n.jpg\"\n\t\t\tdata-image-id=\"2076\"\n\t\t\tdata-title=\"242765014_4741689855842097_9070949983211994612_n\"\n\t\t\tdata-description=\"\"\n\t\t\tclass=\"shutterset_c7d9e46906aeb4b2674647e8c96c3d47\">\n\n\t\t\t<img data-image-id='2076'\n\t\t\t\ttitle=\"\"\n\t\t\t\talt=\"242765014_4741689855842097_9070949983211994612_n\"\n\t\t\t\tsrc=\"https:\/\/archiwum.swietodrzewa.pl\/wp-content\/gallery\/swieto-drzewa-w-sosnowcu\/242765014_4741689855842097_9070949983211994612_n.jpg\"\n\t\t\t\tstyle=\"max-height: 430px;\"\/>\n\t\t<\/a>\n\n\t\t\n\t\t<a href=\"https:\/\/archiwum.swietodrzewa.pl\/wp-content\/gallery\/swieto-drzewa-w-sosnowcu\/242758145_4741690485842034_4966827354637105914_n.jpg\"\n\t\t\ttitle=\"\"\n\t\t\tdata-src=\"https:\/\/archiwum.swietodrzewa.pl\/wp-content\/gallery\/swieto-drzewa-w-sosnowcu\/242758145_4741690485842034_4966827354637105914_n.jpg\"\n\t\t\tdata-thumbnail=\"https:\/\/archiwum.swietodrzewa.pl\/wp-content\/gallery\/swieto-drzewa-w-sosnowcu\/thumbs\/thumbs_242758145_4741690485842034_4966827354637105914_n.jpg\"\n\t\t\tdata-image-id=\"2077\"\n\t\t\tdata-title=\"242758145_4741690485842034_4966827354637105914_n\"\n\t\t\tdata-description=\"\"\n\t\t\tclass=\"shutterset_c7d9e46906aeb4b2674647e8c96c3d47\">\n\n\t\t\t<img data-image-id='2077'\n\t\t\t\ttitle=\"\"\n\t\t\t\talt=\"242758145_4741690485842034_4966827354637105914_n\"\n\t\t\t\tsrc=\"https:\/\/archiwum.swietodrzewa.pl\/wp-content\/gallery\/swieto-drzewa-w-sosnowcu\/242758145_4741690485842034_4966827354637105914_n.jpg\"\n\t\t\t\tstyle=\"max-height: 430px;\"\/>\n\t\t<\/a>\n\n\t\t\n\t\t<a href=\"https:\/\/archiwum.swietodrzewa.pl\/wp-content\/gallery\/swieto-drzewa-w-sosnowcu\/242842214_4741690462508703_8248343990619681415_n.jpg\"\n\t\t\ttitle=\"\"\n\t\t\tdata-src=\"https:\/\/archiwum.swietodrzewa.pl\/wp-content\/gallery\/swieto-drzewa-w-sosnowcu\/242842214_4741690462508703_8248343990619681415_n.jpg\"\n\t\t\tdata-thumbnail=\"https:\/\/archiwum.swietodrzewa.pl\/wp-content\/gallery\/swieto-drzewa-w-sosnowcu\/thumbs\/thumbs_242842214_4741690462508703_8248343990619681415_n.jpg\"\n\t\t\tdata-image-id=\"2078\"\n\t\t\tdata-title=\"242842214_4741690462508703_8248343990619681415_n\"\n\t\t\tdata-description=\"\"\n\t\t\tclass=\"shutterset_c7d9e46906aeb4b2674647e8c96c3d47\">\n\n\t\t\t<img data-image-id='2078'\n\t\t\t\ttitle=\"\"\n\t\t\t\talt=\"242842214_4741690462508703_8248343990619681415_n\"\n\t\t\t\tsrc=\"https:\/\/archiwum.swietodrzewa.pl\/wp-content\/gallery\/swieto-drzewa-w-sosnowcu\/242842214_4741690462508703_8248343990619681415_n.jpg\"\n\t\t\t\tstyle=\"max-height: 430px;\"\/>\n\t\t<\/a>\n\n\t\t\n\t\t<a href=\"https:\/\/archiwum.swietodrzewa.pl\/wp-content\/gallery\/swieto-drzewa-w-sosnowcu\/242904487_4741690745842008_5245517145352319605_n.jpg\"\n\t\t\ttitle=\"\"\n\t\t\tdata-src=\"https:\/\/archiwum.swietodrzewa.pl\/wp-content\/gallery\/swieto-drzewa-w-sosnowcu\/242904487_4741690745842008_5245517145352319605_n.jpg\"\n\t\t\tdata-thumbnail=\"https:\/\/archiwum.swietodrzewa.pl\/wp-content\/gallery\/swieto-drzewa-w-sosnowcu\/thumbs\/thumbs_242904487_4741690745842008_5245517145352319605_n.jpg\"\n\t\t\tdata-image-id=\"2079\"\n\t\t\tdata-title=\"242904487_4741690745842008_5245517145352319605_n\"\n\t\t\tdata-description=\"\"\n\t\t\tclass=\"shutterset_c7d9e46906aeb4b2674647e8c96c3d47\">\n\n\t\t\t<img data-image-id='2079'\n\t\t\t\ttitle=\"\"\n\t\t\t\talt=\"242904487_4741690745842008_5245517145352319605_n\"\n\t\t\t\tsrc=\"https:\/\/archiwum.swietodrzewa.pl\/wp-content\/gallery\/swieto-drzewa-w-sosnowcu\/242904487_4741690745842008_5245517145352319605_n.jpg\"\n\t\t\t\tstyle=\"max-height: 430px;\"\/>\n\t\t<\/a>\n\n\t\t\n\t\t<a href=\"https:\/\/archiwum.swietodrzewa.pl\/wp-content\/gallery\/swieto-drzewa-w-sosnowcu\/242815482_4741692495841833_2844857425800249980_n.jpg\"\n\t\t\ttitle=\"\"\n\t\t\tdata-src=\"https:\/\/archiwum.swietodrzewa.pl\/wp-content\/gallery\/swieto-drzewa-w-sosnowcu\/242815482_4741692495841833_2844857425800249980_n.jpg\"\n\t\t\tdata-thumbnail=\"https:\/\/archiwum.swietodrzewa.pl\/wp-content\/gallery\/swieto-drzewa-w-sosnowcu\/thumbs\/thumbs_242815482_4741692495841833_2844857425800249980_n.jpg\"\n\t\t\tdata-image-id=\"2080\"\n\t\t\tdata-title=\"242815482_4741692495841833_2844857425800249980_n\"\n\t\t\tdata-description=\"\"\n\t\t\tclass=\"shutterset_c7d9e46906aeb4b2674647e8c96c3d47\">\n\n\t\t\t<img data-image-id='2080'\n\t\t\t\ttitle=\"\"\n\t\t\t\talt=\"242815482_4741692495841833_2844857425800249980_n\"\n\t\t\t\tsrc=\"https:\/\/archiwum.swietodrzewa.pl\/wp-content\/gallery\/swieto-drzewa-w-sosnowcu\/242815482_4741692495841833_2844857425800249980_n.jpg\"\n\t\t\t\tstyle=\"max-height: 430px;\"\/>\n\t\t<\/a>\n\n\t\t<\/div>\n\n\nNast\u0119pnie wszyscy zabrali si\u0119 do konkretnej pracy \u2013 sadzenia ro\u015blin, budowy budek l\u0119gowych dla ma\u0142ych i du\u017cych ptak\u00f3w, wiewi\u00f3rek i domk\u00f3w dla m.in. pszcz\u00f3\u0142 i trzmieli oraz za\u0142o\u017cenia ogrodu deszczowego. Uczestnicy z zaanga\u017cowaniem wykopywali ziemi\u0119 pod ro\u015bliny i potem je \u015bci\u00f3\u0142kowali. W parku powsta\u0142 zak\u0105tek z drzewami i krzewami owocowymi, a na rabatach dosadzono kwitn\u0105ce krzewy i byliny. Dla niekt\u00f3rych monta\u017c drewnianych modu\u0142\u00f3w budek by\u0142o du\u017cym wyzwaniem. Dzieci, kt\u00f3re pracowa\u0142y przy ogrodzie deszczowym z zapa\u0142em wype\u0142nia\u0142y drewnian\u0105 skrzyni\u0119 keramzytem, piaskiem, \u017cwirem i ziemi\u0105. Pojemnik zosta\u0142 po\u0142\u0105czony z rynn\u0105 i obsadzony m.in. turzycami, kosa\u0107cami i sitem \u2013 ro\u015blinami dobrze znosz\u0105cymi okresy suszy i zalewania.<\/p>\n<p>\u201e\u015awi\u0119to Drzewa obchodzimy przez ca\u0142y rok. Chcia\u0142bym aby\u015bmy dzia\u0142ali codziennie dla przyrody, bo te drzewa i krzewy, kt\u00f3re tutaj sadzimy to kropla w morzu potrzeb. Pami\u0119tajmy aby m\u00f3wi\u0107 i edukowa\u0107 dlaczego to robimy. W czasie kiedy dotyka nas katastrofa klimatyczna, najbardziej liczy si\u0119 wsp\u00f3\u0142praca i konkretne dzia\u0142anie. To w\u0142a\u015bnie mia\u0142o miejsce w Sosnowcu. R\u00f3\u017cnorodne \u015brodowiska i ludzie po\u0142\u0105czyli swoje mo\u017cliwo\u015bci aby tworzy\u0107 wsp\u00f3lnie lepsze miejsce dla ludzi i zwierz\u0105t w mie\u015bcie. Ka\u017cde dzia\u0142anie dla zmniejszenia skutk\u00f3w zmian klimatu ma znaczenie. Dzi\u0119kuj\u0119 wszystkim za zaanga\u017cowanie i du\u017co dobrej woli\u201d \u2013&nbsp; m\u00f3wi\u0142 <strong>Jacek Bo\u017cek,<\/strong> za\u0142o\u017cyciel i lider Klubu Gaja.<\/p>\n<p>Podczas inauguracji \u015awi\u0119ta Drzewa w Sosnowcu Klub Gaja przekaza\u0142 400 sadzonek jarz\u0119b\u00f3w, lip i dzikich jab\u0142oni sosnowieckim przedszkolom i szko\u0142om, kt\u00f3re zg\u0142osi\u0142y si\u0119 do akcji \u201e\u015awi\u0119to Drzewa w Sosnowcu&#8221;. Dzi\u0119kujemy wszystkim plac\u00f3wkom za zaanga\u017cowanie i czekamy na sprawozdania z podj\u0119tych dzia\u0142a\u0144! Wydarzenie finansowane by\u0142o ze \u015brodk\u00f3w Gminy Sosnowiec i zosta\u0142o obj\u0119te Honorowym Patronatem Prezydenta Miasta Sosnowca.<\/p>\n<p><strong><a href=\"https:\/\/www.facebook.com\/Klub.Gaja\/photos\/pcb.4741693572508392\/4741691035841979\">ZOBACZ ZDJ\u0118CIA Z INAUGURACJI \u015aWI\u0118TA DRZEWA W SOSNOWCU &gt;&gt;&gt;<\/a> <\/strong><\/p>\n<p><strong><a href=\"https:\/\/youtu.be\/ntdQ4aRpKU0\">ZOBACZ FILM Z WYDARZENIA &gt;&gt;&gt;<\/a><\/strong><\/p>\n<p><a href=\"https:\/\/archiwum.swietodrzewa.pl\/wp-content\/uploads\/2021\/09\/logotypy.jpg\"><img loading=\"lazy\" class=\"alignleft wp-image-13284\" src=\"https:\/\/archiwum.swietodrzewa.pl\/wp-content\/uploads\/2021\/09\/logotypy.jpg\" alt=\"\" width=\"624\" height=\"188\" srcset=\"https:\/\/archiwum.swietodrzewa.pl\/wp-content\/uploads\/2021\/09\/logotypy.jpg 511w, https:\/\/archiwum.swietodrzewa.pl\/wp-content\/uploads\/2021\/09\/logotypy-300x90.jpg 300w\" sizes=\"(max-width: 624px) 100vw, 624px\" \/><\/a><\/p>\n<p>Projekt Klubu Gaja \u201e\u015awi\u0119to Drzewa w Sosnowcu&#8221; finansowany jest ze \u015brodk\u00f3w Gminy Sosnowiec.<\/p>\n<p><strong>\u015awi\u0119to Drzewa w Sosnowcu w mediach:<\/strong><\/p>\n<p><a href=\"https:\/\/wiadomosci.wp.pl\/slask\/sosnowiec-krzysztof-materna-odwiedzil-rodzinne-miasto-i-zasadzil-wisnie-6685332254554624a\">https:\/\/wiadomosci.wp.pl\/slask\/sosnowiec-krzysztof-materna-odwiedzil-rodzinne-miasto-i-zasadzil-wisnie-6685332254554624a<\/a><br \/>\n<a href=\"https:\/\/sosnowiecki.pl\/i,inauguracja-swieta-drzewa-juz-20-wrzesnia,100,834546.html\">https:\/\/sosnowiecki.pl\/i,inauguracja-swieta-drzewa-juz-20-wrzesnia,100,834546.html<\/a><\/p>\n","protected":false},"excerpt":{"rendered":"<p>Po raz pierwszy Klub Gaja we wsp\u00f3\u0142pracy z Miastem Sosnowiec zaprosi\u0142 przedszkola i szko\u0142y z terenu miasta do w\u0142\u0105czenia si\u0119 w jesienn\u0105 akcj\u0119 \u015awi\u0119to Drzewa w Sosnowcu. W Parku Harcerzy (20 wrze\u015bnia br.) Klub Gaja wsp\u00f3lnie z dzie\u0107mi i m\u0142odzie\u017c\u0105, przedstawicielami miasta i Krzysztofem Matern\u0105 \u2013 znanym sosnowiczaninem, posadzi\u0142 ponad 80 drzew, krzew\u00f3w i bylin [&hellip;]<\/p>\n","protected":false},"author":3,"featured_media":13462,"comment_status":"closed","ping_status":"closed","sticky":false,"template":"","format":"standard","meta":{"ngg_post_thumbnail":0},"categories":[17],"tags":[],"_links":{"self":[{"href":"https:\/\/archiwum.swietodrzewa.pl\/index.php?rest_route=\/wp\/v2\/posts\/13461"}],"collection":[{"href":"https:\/\/archiwum.swietodrzewa.pl\/index.php?rest_route=\/wp\/v2\/posts"}],"about":[{"href":"https:\/\/archiwum.swietodrzewa.pl\/index.php?rest_route=\/wp\/v2\/types\/post"}],"author":[{"embeddable":true,"href":"https:\/\/archiwum.swietodrzewa.pl\/index.php?rest_route=\/wp\/v2\/users\/3"}],"replies":[{"embeddable":true,"href":"https:\/\/archiwum.swietodrzewa.pl\/index.php?rest_route=%2Fwp%2Fv2%2Fcomments&post=13461"}],"version-history":[{"count":5,"href":"https:\/\/archiwum.swietodrzewa.pl\/index.php?rest_route=\/wp\/v2\/posts\/13461\/revisions"}],"predecessor-version":[{"id":13688,"href":"https:\/\/archiwum.swietodrzewa.pl\/index.php?rest_route=\/wp\/v2\/posts\/13461\/revisions\/13688"}],"wp:featuredmedia":[{"embeddable":true,"href":"https:\/\/archiwum.swietodrzewa.pl\/index.php?rest_route=\/wp\/v2\/media\/13462"}],"wp:attachment":[{"href":"https:\/\/archiwum.swietodrzewa.pl\/index.php?rest_route=%2Fwp%2Fv2%2Fmedia&parent=13461"}],"wp:term":[{"taxonomy":"category","embeddable":true,"href":"https:\/\/archiwum.swietodrzewa.pl\/index.php?rest_route=%2Fwp%2Fv2%2Fcategories&post=13461"},{"taxonomy":"post_tag","embeddable":true,"href":"https:\/\/archiwum.swietodrzewa.pl\/index.php?rest_route=%2Fwp%2Fv2%2Ftags&post=13461"}],"curies":[{"name":"wp","href":"https:\/\/api.w.org\/{rel}","templated":true}]}}