{"id":13683,"date":"2021-10-12T06:50:34","date_gmt":"2021-10-12T04:50:34","guid":{"rendered":"https:\/\/swietodrzewa.pl\/?p=13683"},"modified":"2021-10-12T09:22:27","modified_gmt":"2021-10-12T07:22:27","slug":"19-swieto-drzewa-w-tajemniczym-ogrodzie","status":"publish","type":"post","link":"https:\/\/archiwum.swietodrzewa.pl\/?p=13683","title":{"rendered":"19. \u015awi\u0119to Drzewa w Tajemniczym Ogrodzie"},"content":{"rendered":"<p><strong>W tym roku 19 edycja \u015awi\u0119ta Drzewa w Bielsku-Bia\u0142ej odb\u0119dzie si\u0119 15 pa\u017adziernika o godz. 10.00 w Tajemniczym Ogrodzie, kt\u00f3ry powstaje na nieu\u017cytku cmentarza \u017cydowskiego.&nbsp;&nbsp;&nbsp;&nbsp; Wydarzenie zainauguruje wsp\u00f3lne posadzenie drzew w g\u0142\u00f3wnej alei cmentarza z udzia\u0142em m.in. dzieci i m\u0142odzie\u017cy z bielskich szk\u00f3\u0142, Prezydenta Miasta Bielska-Bia\u0142ej Jaros\u0142awa Klimaszewskiego oraz <\/strong><strong>Georgiany&nbsp;Keable&nbsp;\u2013 angielskiej opowiadaczki, prekursorki odrodzenia sztuki opowiadania w Norwegii i Anglii.<\/strong><strong> O godz. 10.30 rozpoczn\u0105 si\u0119 dla uczni\u00f3w warsztaty ekologiczne po\u0142\u0105czone z pracami porz\u0105dkowymi w Tajemniczym Ogrodzie. \u015awi\u0119to Drzewa Klubu Gaja organizowane jest we wsp\u00f3\u0142pracy z Miastem Bielsko-Bia\u0142a i <\/strong><strong>Gmin\u0105 Wyznaniow\u0105 \u017bydowsk\u0105 w Bielsku-Bia\u0142ej. <\/strong><!--more--><\/p>\n<p><a href=\"https:\/\/archiwum.swietodrzewa.pl\/wp-content\/uploads\/2021\/10\/fot.jpeg\"><img loading=\"lazy\" class=\"alignleft  wp-image-13685\" src=\"https:\/\/archiwum.swietodrzewa.pl\/wp-content\/uploads\/2021\/10\/fot-300x200.jpeg\" alt=\"\" width=\"398\" height=\"265\" srcset=\"https:\/\/archiwum.swietodrzewa.pl\/wp-content\/uploads\/2021\/10\/fot-300x200.jpeg 300w, https:\/\/archiwum.swietodrzewa.pl\/wp-content\/uploads\/2021\/10\/fot-768x512.jpeg 768w, https:\/\/archiwum.swietodrzewa.pl\/wp-content\/uploads\/2021\/10\/fot-272x182.jpeg 272w, https:\/\/archiwum.swietodrzewa.pl\/wp-content\/uploads\/2021\/10\/fot.jpeg 876w\" sizes=\"(max-width: 398px) 100vw, 398px\" \/><\/a>Niezwyk\u0142ym go\u015bciem inauguracji \u015awi\u0119ta Drzewa w Bielsku-Bia\u0142ej b\u0119dzie Georgiana&nbsp;Keable, wyk\u0142adowczyni sztuki opowiadania na Uniwersytecie w Oslo. Niedawno otrzyma\u0142a nagrod\u0119 Oslo City Art Award za wybitny wk\u0142ad w rozw\u00f3j \u017cycia kulturalnego Oslo. Jej opowie\u015bci o relacjach cz\u0142owieka z natur\u0105 wpisuj\u0105 si\u0119 w 19. edycj\u0119 programu \u015awi\u0119to Drzewa Klubu Gaja, kt\u00f3re w tym roku, w ca\u0142ym kraju, obchodzone s\u0105 pod has\u0142em \u201eDla przyrody\u201d. Georgiana wzi\u0119\u0142a udzia\u0142 w tegorocznej, og\u00f3lnopolskiej inauguracji \u015awi\u0119ta Drzewa w Warszawie.<\/p>\n<p><strong>Jacek Bo\u017cek<\/strong> z Klubu Gaja, komentuje <strong>\u2013<\/strong> \u201ePraca i opowie\u015bci Georgiany Keable wpisuj\u0105 si\u0119 bezpo\u015brednio w ten rodzaj podej\u015bcia do przyrody, kt\u00f3ry jest mi niezwykle bliski. Przyroda i jej po\u0142\u0105czenia, i zale\u017cno\u015bci z nami, powinna sta\u0107 si\u0119 cz\u0119\u015bci\u0105 naszej kultury, a nie tylko by\u0107 oceniana z perspektywy u\u017cyteczno\u015bci dla cz\u0142owieka. Bardzo si\u0119 ciesz\u0119, \u017ce m\u0142odzie\u017c z Bielska-Bia\u0142ej b\u0119dzie mog\u0142a pozna\u0107 Georgiane i jej prac\u0119\u201d.&nbsp;&nbsp;<\/p>\n<p>Co roku Georgiana Kable zak\u0142ada sw\u00f3j postrz\u0119piony p\u0142aszcz i z setkami nastolatk\u00f3w udaje si\u0119 na Drog\u0119 Pielgrzyma. Uczestnicy w\u0119dr\u00f3wki do\u015bwiadczaj\u0105 ataku bandyt\u00f3w, mijaj\u0105 pradawne miejsca, chodz\u0105 boso i na koniec poddawani s\u0105 ostatniej pr\u00f3bie \u2013 id\u0105 w ciszy. Wchodz\u0105c do krainy ba\u015bni, aktywnie zanurzaj\u0105 si\u0119 w \u015bwiat przyrody i opowie\u015bci. Drugie coroczne wydarzenie organizowane przez Georgian\u0119 odwo\u0142uje si\u0119 do historii norweskiego poszukiwacza przyg\u00f3d Thora Heyerdahla. Nastolatkowie przekonuj\u0105 si\u0119, \u017ce wcale nie trzeba by\u0107 modelowym bohaterem, \u017ceby dokona\u0107 wielkich rzeczy. Wcielaj\u0105 si\u0119 w role \u201e\u015bwiadk\u00f3w zmian klimatu\u201d z ca\u0142ego \u015bwiata, wsp\u00f3lnie szukaj\u0105 rozwi\u0105za\u0144. Co roku na po\u0142udniu Norwegii, gdzie znajduje si\u0119 \u0142\u00f3d\u017a poch\u00f3wkowa Wiking\u00f3w, wcielaj\u0105c si\u0119 w rol\u0119 dziewi\u0119tnastowiecznej botaniczki Marianne North, Georgiana opowiada m\u0142odym ludziom historie o \u017cyciu i \u015bmierci splecione m.in. z legendarnym d\u0119bem. Na koniec podr\u00f3\u017cy nastolatkowie s\u0105 w stanie nazwa\u0107 wi\u0119kszo\u015b\u0107 miejscowych gatunk\u00f3w ro\u015blin i otrzymuj\u0105 sadzonk\u0119 drzewa, o kt\u00f3r\u0105 maj\u0105 si\u0119 troszczy\u0107. Bra\u0142a udzia\u0142 w festiwalach opowie\u015bci w Norwegii, Danii, Szwecji, Finlandii, Anglii, Szkocji, Szwajcarii, Estonii, Indii i Iranu.<\/p>\n<p>\u015awi\u0119to Drzewa rozpocznie si\u0119 o godz.10.00 wsp\u00f3lnym posadzeniem drzew w alei na cmentarzu \u017cydowskim z udzia\u0142em uczni\u00f3w z bielskich szk\u00f3\u0142 i zaproszonych go\u015bci. Dzieci i m\u0142odzie\u017c od godz. 10.30 wezm\u0105 udzia\u0142 warsztatach na temat dzikich zwierz\u0105t wyst\u0119puj\u0105cych w mie\u015bcie m.in. ptak\u00f3w, owad\u00f3w i ma\u0142ych sak\u00f3w i zbuduj\u0105 dla nich z drewnianych modu\u0142\u00f3w budki l\u0119gowe. Kolejnym wyzwaniem b\u0119d\u0105 zaj\u0119cia dotycz\u0105ce gatunk\u00f3w ro\u015blin inwazyjnych, jakim jest np. rdestowiec ostroko\u0144czysty, po\u0142\u0105czone z pracami porz\u0105dkowymi w Tajemniczym Ogrodzie.<\/p>\n<p>\u015awi\u0119to Drzewa w Bielsku-Bia\u0142ej dofinansowano ze \u015brodk\u00f3w Miasta Bielska-Bia\u0142ej.<\/p>\n","protected":false},"excerpt":{"rendered":"<p>W tym roku 19 edycja \u015awi\u0119ta Drzewa w Bielsku-Bia\u0142ej odb\u0119dzie si\u0119 15 pa\u017adziernika o godz. 10.00 w Tajemniczym Ogrodzie, kt\u00f3ry powstaje na nieu\u017cytku cmentarza \u017cydowskiego.&nbsp;&nbsp;&nbsp;&nbsp; Wydarzenie zainauguruje wsp\u00f3lne posadzenie drzew w g\u0142\u00f3wnej alei cmentarza z udzia\u0142em m.in. dzieci i m\u0142odzie\u017cy z bielskich szk\u00f3\u0142, Prezydenta Miasta Bielska-Bia\u0142ej Jaros\u0142awa Klimaszewskiego oraz Georgiany&nbsp;Keable&nbsp;\u2013 angielskiej opowiadaczki, prekursorki odrodzenia sztuki [&hellip;]<\/p>\n","protected":false},"author":3,"featured_media":13562,"comment_status":"closed","ping_status":"closed","sticky":false,"template":"","format":"standard","meta":{"ngg_post_thumbnail":0},"categories":[17],"tags":[],"_links":{"self":[{"href":"https:\/\/archiwum.swietodrzewa.pl\/index.php?rest_route=\/wp\/v2\/posts\/13683"}],"collection":[{"href":"https:\/\/archiwum.swietodrzewa.pl\/index.php?rest_route=\/wp\/v2\/posts"}],"about":[{"href":"https:\/\/archiwum.swietodrzewa.pl\/index.php?rest_route=\/wp\/v2\/types\/post"}],"author":[{"embeddable":true,"href":"https:\/\/archiwum.swietodrzewa.pl\/index.php?rest_route=\/wp\/v2\/users\/3"}],"replies":[{"embeddable":true,"href":"https:\/\/archiwum.swietodrzewa.pl\/index.php?rest_route=%2Fwp%2Fv2%2Fcomments&post=13683"}],"version-history":[{"count":3,"href":"https:\/\/archiwum.swietodrzewa.pl\/index.php?rest_route=\/wp\/v2\/posts\/13683\/revisions"}],"predecessor-version":[{"id":13687,"href":"https:\/\/archiwum.swietodrzewa.pl\/index.php?rest_route=\/wp\/v2\/posts\/13683\/revisions\/13687"}],"wp:featuredmedia":[{"embeddable":true,"href":"https:\/\/archiwum.swietodrzewa.pl\/index.php?rest_route=\/wp\/v2\/media\/13562"}],"wp:attachment":[{"href":"https:\/\/archiwum.swietodrzewa.pl\/index.php?rest_route=%2Fwp%2Fv2%2Fmedia&parent=13683"}],"wp:term":[{"taxonomy":"category","embeddable":true,"href":"https:\/\/archiwum.swietodrzewa.pl\/index.php?rest_route=%2Fwp%2Fv2%2Fcategories&post=13683"},{"taxonomy":"post_tag","embeddable":true,"href":"https:\/\/archiwum.swietodrzewa.pl\/index.php?rest_route=%2Fwp%2Fv2%2Ftags&post=13683"}],"curies":[{"name":"wp","href":"https:\/\/api.w.org\/{rel}","templated":true}]}}