{"id":13690,"date":"2021-10-11T14:47:13","date_gmt":"2021-10-11T12:47:13","guid":{"rendered":"https:\/\/swietodrzewa.pl\/?p=13690"},"modified":"2021-10-18T14:56:10","modified_gmt":"2021-10-18T12:56:10","slug":"fryzjerzy-davines-posadzili-olchy-czarne","status":"publish","type":"post","link":"https:\/\/archiwum.swietodrzewa.pl\/?p=13690","title":{"rendered":"Fryzjerzy Davines posadzili olchy czarne"},"content":{"rendered":"<p><strong>Fryzjerzy zaprzyja\u017anieni z mark\u0105 Davines ju\u017c po raz sz\u00f3sty posadzili drzewa z Klubem Gaja. Wielka akcja sadzenia lasu odby\u0142a si\u0119 3 pa\u017adziernika w ramach fina\u0142u kampanii Dzie\u0144 Zr\u00f3wnowa\u017conego Pi\u0119kna. Tym razem spo\u0142eczno\u015b\u0107 fryzjerska odwiedzi\u0142a Jaworze w Beskidach. Mimo wymagaj\u0105cego i podmok\u0142ego &nbsp;terenu w kilka godzin uda\u0142o si\u0119 posadzi\u0107 1&nbsp;100 olch czarnych. <\/strong><strong>Dzi\u0119kujemy wszystkim fryzjerom za zaanga\u017cowanie i le\u015bnikom z Nadle\u015bnictwa Bielsko za pomoc! <\/strong><strong>Kampania Davines organizowana jest w ramach \u015awi\u0119ta Drzewa Klub Gaja.<\/strong><!--more--><\/p>\n<p>Od kilkunastu lat na \u015bwiecie, od sze\u015bciu w Polsce \u2013 fryzjerzy Davines sadz\u0105 drzewa. Dla czystszego powietrza, dla ochrony ekosystemu, dla przysz\u0142ych pokole\u0144. Kampania Dzie\u0144 Zr\u00f3wnowa\u017conego Pi\u0119kna to autorski pomys\u0142 w\u0142oskiego producenta kosmetyk\u00f3w do w\u0142os\u00f3w na kompensacj\u0119 emisji dwutlenku w\u0119gla. Akcja anga\u017cuje fryzjer\u00f3w wsp\u00f3\u0142pracuj\u0105cych z mark\u0105 oraz ich klient\u00f3w. Do ko\u0144ca wrze\u015bnia w partnerskich salonach fryzjerskich dost\u0119pna by\u0142a specjalna oferta kosmetyk\u00f3w Davines \u2013 doch\u00f3d ze sprzeda\u017cy produkt\u00f3w przeznaczono na akcj\u0119 sadzenia drzew.<\/p>\n<p><strong>2021 dla beskidzkiego ekosystemu<br \/>\n<\/strong>Podczas tegorocznej edycji kampanii spo\u0142eczno\u015b\u0107 fryzjerska odwiedzi\u0142a Jaworze w Beskidach. Mimo wymagaj\u0105cego terenu w kilka godzin uda\u0142o si\u0119 posadzi\u0107 1 100 drzew. Tym razem zasilono las li\u015bciasty o olchy. Dzie\u0144 Zr\u00f3wnowa\u017conego Pi\u0119kna, jako sta\u0142y element w kalendarzu stylist\u00f3w Davines, to r\u00f3wnie\u017c dodatkowa okazja do integracji fryzjer\u00f3w z ca\u0142ej Polski. Tegoroczna akcja sadzenia drzew to by\u0142a prawdziwa przygoda. W s\u0142o\u0144cu, g\u0105szczu je\u017cyn, pomi\u0119dzy zag\u0142\u0119bieniami ze stoj\u0105c\u0105 wod\u0105 posadzono olchy czarne &#8211; jedno z wa\u017cniejszych drzew wilgotnych zaro\u015bli nadbrze\u017cnych i las\u00f3w \u0142\u0119gowych.<\/p>\n<p>\n<div class=\"ngg-galleryoverview ngg-slideshow\"\n\tid=\"ngg-slideshow-9e49f491b9306eeb1a51fe07648d3520-4388190250\"\n\tdata-gallery-id=\"9e49f491b9306eeb1a51fe07648d3520\"\n\tstyle=\"max-width: 600px;\n\t\t\tmax-height: 450px;\n\t\t\tdisplay: none;\">\n\n\t\n\t\t<a href=\"https:\/\/archiwum.swietodrzewa.pl\/wp-content\/gallery\/davines-2021\/244520709_4786297684714647_5730860832056493470_n.jpg\"\n\t\t\ttitle=\"\"\n\t\t\tdata-src=\"https:\/\/archiwum.swietodrzewa.pl\/wp-content\/gallery\/davines-2021\/244520709_4786297684714647_5730860832056493470_n.jpg\"\n\t\t\tdata-thumbnail=\"https:\/\/archiwum.swietodrzewa.pl\/wp-content\/gallery\/davines-2021\/thumbs\/thumbs_244520709_4786297684714647_5730860832056493470_n.jpg\"\n\t\t\tdata-image-id=\"2081\"\n\t\t\tdata-title=\"244520709_4786297684714647_5730860832056493470_n\"\n\t\t\tdata-description=\"\"\n\t\t\tclass=\"shutterset_9e49f491b9306eeb1a51fe07648d3520\">\n\n\t\t\t<img data-image-id='2081'\n\t\t\t\ttitle=\"\"\n\t\t\t\talt=\"244520709_4786297684714647_5730860832056493470_n\"\n\t\t\t\tsrc=\"https:\/\/archiwum.swietodrzewa.pl\/wp-content\/gallery\/davines-2021\/244520709_4786297684714647_5730860832056493470_n.jpg\"\n\t\t\t\tstyle=\"max-height: 430px;\"\/>\n\t\t<\/a>\n\n\t\t\n\t\t<a href=\"https:\/\/archiwum.swietodrzewa.pl\/wp-content\/gallery\/davines-2021\/244531788_4786295238048225_1380914192203088700_n.jpg\"\n\t\t\ttitle=\"\"\n\t\t\tdata-src=\"https:\/\/archiwum.swietodrzewa.pl\/wp-content\/gallery\/davines-2021\/244531788_4786295238048225_1380914192203088700_n.jpg\"\n\t\t\tdata-thumbnail=\"https:\/\/archiwum.swietodrzewa.pl\/wp-content\/gallery\/davines-2021\/thumbs\/thumbs_244531788_4786295238048225_1380914192203088700_n.jpg\"\n\t\t\tdata-image-id=\"2082\"\n\t\t\tdata-title=\"244531788_4786295238048225_1380914192203088700_n\"\n\t\t\tdata-description=\"\"\n\t\t\tclass=\"shutterset_9e49f491b9306eeb1a51fe07648d3520\">\n\n\t\t\t<img data-image-id='2082'\n\t\t\t\ttitle=\"\"\n\t\t\t\talt=\"244531788_4786295238048225_1380914192203088700_n\"\n\t\t\t\tsrc=\"https:\/\/archiwum.swietodrzewa.pl\/wp-content\/gallery\/davines-2021\/244531788_4786295238048225_1380914192203088700_n.jpg\"\n\t\t\t\tstyle=\"max-height: 430px;\"\/>\n\t\t<\/a>\n\n\t\t\n\t\t<a href=\"https:\/\/archiwum.swietodrzewa.pl\/wp-content\/gallery\/davines-2021\/244823249_4786295574714858_2249755688230095556_n.jpg\"\n\t\t\ttitle=\"\"\n\t\t\tdata-src=\"https:\/\/archiwum.swietodrzewa.pl\/wp-content\/gallery\/davines-2021\/244823249_4786295574714858_2249755688230095556_n.jpg\"\n\t\t\tdata-thumbnail=\"https:\/\/archiwum.swietodrzewa.pl\/wp-content\/gallery\/davines-2021\/thumbs\/thumbs_244823249_4786295574714858_2249755688230095556_n.jpg\"\n\t\t\tdata-image-id=\"2083\"\n\t\t\tdata-title=\"244823249_4786295574714858_2249755688230095556_n\"\n\t\t\tdata-description=\"\"\n\t\t\tclass=\"shutterset_9e49f491b9306eeb1a51fe07648d3520\">\n\n\t\t\t<img data-image-id='2083'\n\t\t\t\ttitle=\"\"\n\t\t\t\talt=\"244823249_4786295574714858_2249755688230095556_n\"\n\t\t\t\tsrc=\"https:\/\/archiwum.swietodrzewa.pl\/wp-content\/gallery\/davines-2021\/244823249_4786295574714858_2249755688230095556_n.jpg\"\n\t\t\t\tstyle=\"max-height: 430px;\"\/>\n\t\t<\/a>\n\n\t\t\n\t\t<a href=\"https:\/\/archiwum.swietodrzewa.pl\/wp-content\/gallery\/davines-2021\/244526160_4786297581381324_2655802633959129648_n.jpg\"\n\t\t\ttitle=\"\"\n\t\t\tdata-src=\"https:\/\/archiwum.swietodrzewa.pl\/wp-content\/gallery\/davines-2021\/244526160_4786297581381324_2655802633959129648_n.jpg\"\n\t\t\tdata-thumbnail=\"https:\/\/archiwum.swietodrzewa.pl\/wp-content\/gallery\/davines-2021\/thumbs\/thumbs_244526160_4786297581381324_2655802633959129648_n.jpg\"\n\t\t\tdata-image-id=\"2084\"\n\t\t\tdata-title=\"244526160_4786297581381324_2655802633959129648_n\"\n\t\t\tdata-description=\"\"\n\t\t\tclass=\"shutterset_9e49f491b9306eeb1a51fe07648d3520\">\n\n\t\t\t<img data-image-id='2084'\n\t\t\t\ttitle=\"\"\n\t\t\t\talt=\"244526160_4786297581381324_2655802633959129648_n\"\n\t\t\t\tsrc=\"https:\/\/archiwum.swietodrzewa.pl\/wp-content\/gallery\/davines-2021\/244526160_4786297581381324_2655802633959129648_n.jpg\"\n\t\t\t\tstyle=\"max-height: 430px;\"\/>\n\t\t<\/a>\n\n\t\t\n\t\t<a href=\"https:\/\/archiwum.swietodrzewa.pl\/wp-content\/gallery\/davines-2021\/244577672_4786295958048153_7971247198554109414_n.jpg\"\n\t\t\ttitle=\"\"\n\t\t\tdata-src=\"https:\/\/archiwum.swietodrzewa.pl\/wp-content\/gallery\/davines-2021\/244577672_4786295958048153_7971247198554109414_n.jpg\"\n\t\t\tdata-thumbnail=\"https:\/\/archiwum.swietodrzewa.pl\/wp-content\/gallery\/davines-2021\/thumbs\/thumbs_244577672_4786295958048153_7971247198554109414_n.jpg\"\n\t\t\tdata-image-id=\"2085\"\n\t\t\tdata-title=\"244577672_4786295958048153_7971247198554109414_n\"\n\t\t\tdata-description=\"\"\n\t\t\tclass=\"shutterset_9e49f491b9306eeb1a51fe07648d3520\">\n\n\t\t\t<img data-image-id='2085'\n\t\t\t\ttitle=\"\"\n\t\t\t\talt=\"244577672_4786295958048153_7971247198554109414_n\"\n\t\t\t\tsrc=\"https:\/\/archiwum.swietodrzewa.pl\/wp-content\/gallery\/davines-2021\/244577672_4786295958048153_7971247198554109414_n.jpg\"\n\t\t\t\tstyle=\"max-height: 430px;\"\/>\n\t\t<\/a>\n\n\t\t\n\t\t<a href=\"https:\/\/archiwum.swietodrzewa.pl\/wp-content\/gallery\/davines-2021\/244953756_4786297268048022_3736237372043101595_n.jpg\"\n\t\t\ttitle=\"\"\n\t\t\tdata-src=\"https:\/\/archiwum.swietodrzewa.pl\/wp-content\/gallery\/davines-2021\/244953756_4786297268048022_3736237372043101595_n.jpg\"\n\t\t\tdata-thumbnail=\"https:\/\/archiwum.swietodrzewa.pl\/wp-content\/gallery\/davines-2021\/thumbs\/thumbs_244953756_4786297268048022_3736237372043101595_n.jpg\"\n\t\t\tdata-image-id=\"2086\"\n\t\t\tdata-title=\"244953756_4786297268048022_3736237372043101595_n\"\n\t\t\tdata-description=\"\"\n\t\t\tclass=\"shutterset_9e49f491b9306eeb1a51fe07648d3520\">\n\n\t\t\t<img data-image-id='2086'\n\t\t\t\ttitle=\"\"\n\t\t\t\talt=\"244953756_4786297268048022_3736237372043101595_n\"\n\t\t\t\tsrc=\"https:\/\/archiwum.swietodrzewa.pl\/wp-content\/gallery\/davines-2021\/244953756_4786297268048022_3736237372043101595_n.jpg\"\n\t\t\t\tstyle=\"max-height: 430px;\"\/>\n\t\t<\/a>\n\n\t\t\n\t\t<a href=\"https:\/\/archiwum.swietodrzewa.pl\/wp-content\/gallery\/davines-2021\/244997231_4786292901381792_4376035155409351040_n.jpg\"\n\t\t\ttitle=\"\"\n\t\t\tdata-src=\"https:\/\/archiwum.swietodrzewa.pl\/wp-content\/gallery\/davines-2021\/244997231_4786292901381792_4376035155409351040_n.jpg\"\n\t\t\tdata-thumbnail=\"https:\/\/archiwum.swietodrzewa.pl\/wp-content\/gallery\/davines-2021\/thumbs\/thumbs_244997231_4786292901381792_4376035155409351040_n.jpg\"\n\t\t\tdata-image-id=\"2087\"\n\t\t\tdata-title=\"244997231_4786292901381792_4376035155409351040_n\"\n\t\t\tdata-description=\"\"\n\t\t\tclass=\"shutterset_9e49f491b9306eeb1a51fe07648d3520\">\n\n\t\t\t<img data-image-id='2087'\n\t\t\t\ttitle=\"\"\n\t\t\t\talt=\"244997231_4786292901381792_4376035155409351040_n\"\n\t\t\t\tsrc=\"https:\/\/archiwum.swietodrzewa.pl\/wp-content\/gallery\/davines-2021\/244997231_4786292901381792_4376035155409351040_n.jpg\"\n\t\t\t\tstyle=\"max-height: 430px;\"\/>\n\t\t<\/a>\n\n\t\t\n\t\t<a href=\"https:\/\/archiwum.swietodrzewa.pl\/wp-content\/gallery\/davines-2021\/245002921_4786296054714810_2953358109664749819_n.jpg\"\n\t\t\ttitle=\"\"\n\t\t\tdata-src=\"https:\/\/archiwum.swietodrzewa.pl\/wp-content\/gallery\/davines-2021\/245002921_4786296054714810_2953358109664749819_n.jpg\"\n\t\t\tdata-thumbnail=\"https:\/\/archiwum.swietodrzewa.pl\/wp-content\/gallery\/davines-2021\/thumbs\/thumbs_245002921_4786296054714810_2953358109664749819_n.jpg\"\n\t\t\tdata-image-id=\"2088\"\n\t\t\tdata-title=\"245002921_4786296054714810_2953358109664749819_n\"\n\t\t\tdata-description=\"\"\n\t\t\tclass=\"shutterset_9e49f491b9306eeb1a51fe07648d3520\">\n\n\t\t\t<img data-image-id='2088'\n\t\t\t\ttitle=\"\"\n\t\t\t\talt=\"245002921_4786296054714810_2953358109664749819_n\"\n\t\t\t\tsrc=\"https:\/\/archiwum.swietodrzewa.pl\/wp-content\/gallery\/davines-2021\/245002921_4786296054714810_2953358109664749819_n.jpg\"\n\t\t\t\tstyle=\"max-height: 430px;\"\/>\n\t\t<\/a>\n\n\t\t<\/div>\n\n\n<strong>Partnerstwo Klubu Gaja<br \/>\n<\/strong>Kampania Davines organizowana jest w ramach \u015awi\u0119ta Drzewa, realizowanego przez Klub Gaja. Polska organizacja ekologiczna o ponad 30-letniej historii aktywnie dba o przyrod\u0119, sadz\u0105c lasy, zak\u0142adaj\u0105c ogrody i parki, jak i opiekuj\u0105c si\u0119 starymi drzewami. &nbsp;<\/p>\n<p>\u201eWsp\u00f3\u0142praca dla dobra planety jest kluczem do dzia\u0142ania w kryzysie ekologicznym. Budowanie kapita\u0142u spo\u0142ecznego dla drzew i wok\u00f3\u0142 nich to jeden z cel\u00f3w \u015awi\u0119ta Drzewa i od lat staramy si\u0119 podkre\u015bla\u0107 znaczenie relacji pomi\u0119dzy lud\u017ami i przyrod\u0105. W\u0142a\u015bnie to robimy ze spo\u0142eczno\u015bci\u0105 fryzjer\u00f3w. Ponad 1 000 sadzonek olszy czarnej dopisali\u015bmy do licznika drzew posadzonych w ramach \u015awi\u0119ta Drzewa, a jest ich ju\u017c ponad 940 tysi\u0119cy\u201d \u2013 m\u00f3wi <strong>Jacek Bo\u017cek<\/strong>, za\u0142o\u017cyciel Klubu Gaja.<\/p>\n<p><a href=\"https:\/\/pl-pl.facebook.com\/pg\/Klub.Gaja\/photos\/?ref=page_internal&amp;tab=album&amp;album_id=4786312884713127\">ZOBACZ ZDJ\u0118CIA Z SADZENIA DRZEW Z DAVINES &gt;&gt;&gt;<\/a><\/p>\n<p>***<\/p>\n<p><strong>Davines<\/strong> \u2013 w\u0142oski producent profesjonalnych kosmetyk\u00f3w do piel\u0119gnacji, stylizacji i koloryzacji w\u0142os\u00f3w. Za\u0142o\u017cona w Parmie w 1983 roku firma obecnie ma swoje oddzia\u0142y w Nowym Jorku, Meksyku, Londynie, Pary\u017cu oraz Deventer, a jej kosmetyki s\u0105 dost\u0119pne w 90 krajach. Laboratoria Davines stosuj\u0105 cenione sk\u0142adniki pochodzenia naturalnego oraz korzystaj\u0105 z naukowych procedur podczas tworzenia ka\u017cdego z produkt\u00f3w. Styl marki odzwierciedla ciekawo\u015b\u0107 i otwarcie Davines na r\u00f3\u017cnorodno\u015b\u0107 \u015bwiata oraz w\u0142oskie podej\u015bcie do historii i sztuki, designu i mody, kultury i stylu \u017cycia. Funkcj\u0119 Hair Art Director marki pe\u0142ni Tom Connell \u2013 brytyjski fryzjer i stylista fryzur, by\u0142y cz\u0142onek akademii Trevor Sorbie.<\/p>\n<p>Davines realizuje warto\u015bci zr\u00f3wnowa\u017conego rozwoju. Dzia\u0142a na rzecz zachowania bior\u00f3\u017cnorodno\u015bci gatunk\u00f3w ro\u015blin, korzysta z odnawialnych \u017ar\u00f3de\u0142 energii, zar\u00f3wno opakowania produkt\u00f3w, jak i same kosmetyki powstaj\u0105 przy minimalnym wp\u0142ywie na \u015brodowisko \u2013 firma uczestniczy w projekcie Zero Impact LifeGate. Wy\u0142\u0105cznym dystrybutorem kosmetyk\u00f3w Davines w Polsce jest Sustainable Beauty Sp. z o.o.<\/p>\n<p>&nbsp;<\/p>\n<p><strong>&nbsp;<\/strong><\/p>\n<p>&nbsp;<\/p>\n<p>&nbsp;<\/p>\n","protected":false},"excerpt":{"rendered":"<p>Fryzjerzy zaprzyja\u017anieni z mark\u0105 Davines ju\u017c po raz sz\u00f3sty posadzili drzewa z Klubem Gaja. Wielka akcja sadzenia lasu odby\u0142a si\u0119 3 pa\u017adziernika w ramach fina\u0142u kampanii Dzie\u0144 Zr\u00f3wnowa\u017conego Pi\u0119kna. Tym razem spo\u0142eczno\u015b\u0107 fryzjerska odwiedzi\u0142a Jaworze w Beskidach. Mimo wymagaj\u0105cego i podmok\u0142ego &nbsp;terenu w kilka godzin uda\u0142o si\u0119 posadzi\u0107 1&nbsp;100 olch czarnych. Dzi\u0119kujemy wszystkim fryzjerom za [&hellip;]<\/p>\n","protected":false},"author":3,"featured_media":13691,"comment_status":"closed","ping_status":"closed","sticky":false,"template":"","format":"standard","meta":{"ngg_post_thumbnail":0},"categories":[1],"tags":[],"_links":{"self":[{"href":"https:\/\/archiwum.swietodrzewa.pl\/index.php?rest_route=\/wp\/v2\/posts\/13690"}],"collection":[{"href":"https:\/\/archiwum.swietodrzewa.pl\/index.php?rest_route=\/wp\/v2\/posts"}],"about":[{"href":"https:\/\/archiwum.swietodrzewa.pl\/index.php?rest_route=\/wp\/v2\/types\/post"}],"author":[{"embeddable":true,"href":"https:\/\/archiwum.swietodrzewa.pl\/index.php?rest_route=\/wp\/v2\/users\/3"}],"replies":[{"embeddable":true,"href":"https:\/\/archiwum.swietodrzewa.pl\/index.php?rest_route=%2Fwp%2Fv2%2Fcomments&post=13690"}],"version-history":[{"count":2,"href":"https:\/\/archiwum.swietodrzewa.pl\/index.php?rest_route=\/wp\/v2\/posts\/13690\/revisions"}],"predecessor-version":[{"id":13702,"href":"https:\/\/archiwum.swietodrzewa.pl\/index.php?rest_route=\/wp\/v2\/posts\/13690\/revisions\/13702"}],"wp:featuredmedia":[{"embeddable":true,"href":"https:\/\/archiwum.swietodrzewa.pl\/index.php?rest_route=\/wp\/v2\/media\/13691"}],"wp:attachment":[{"href":"https:\/\/archiwum.swietodrzewa.pl\/index.php?rest_route=%2Fwp%2Fv2%2Fmedia&parent=13690"}],"wp:term":[{"taxonomy":"category","embeddable":true,"href":"https:\/\/archiwum.swietodrzewa.pl\/index.php?rest_route=%2Fwp%2Fv2%2Fcategories&post=13690"},{"taxonomy":"post_tag","embeddable":true,"href":"https:\/\/archiwum.swietodrzewa.pl\/index.php?rest_route=%2Fwp%2Fv2%2Ftags&post=13690"}],"curies":[{"name":"wp","href":"https:\/\/api.w.org\/{rel}","templated":true}]}}