{"id":13755,"date":"2021-10-28T07:00:30","date_gmt":"2021-10-28T05:00:30","guid":{"rendered":"https:\/\/swietodrzewa.pl\/?p=13755"},"modified":"2021-10-28T07:17:31","modified_gmt":"2021-10-28T05:17:31","slug":"posluchaj-podcastu-rozmowy-z-bozkiem","status":"publish","type":"post","link":"https:\/\/archiwum.swietodrzewa.pl\/?p=13755","title":{"rendered":"Pos\u0142uchaj podcastu \u201eRozmowy z Bo\u017ckiem\u201d"},"content":{"rendered":"<p>Chcia\u0142bym serdecznie zaprosi\u0107 Pa\u0144stwa do wys\u0142uchania mojego podcastu o zmieniaj\u0105cym si\u0119 \u015bwiecie.<!--more--><\/p>\n<p><a href=\"https:\/\/archiwum.swietodrzewa.pl\/wp-content\/uploads\/2021\/10\/Podkast-Rozmowy-z-Bozkiem_OK.jpg\"><img loading=\"lazy\" class=\"alignleft size-medium wp-image-13756\" src=\"https:\/\/archiwum.swietodrzewa.pl\/wp-content\/uploads\/2021\/10\/Podkast-Rozmowy-z-Bozkiem_OK-300x300.jpg\" alt=\"\" width=\"300\" height=\"300\" srcset=\"https:\/\/archiwum.swietodrzewa.pl\/wp-content\/uploads\/2021\/10\/Podkast-Rozmowy-z-Bozkiem_OK-300x300.jpg 300w, https:\/\/archiwum.swietodrzewa.pl\/wp-content\/uploads\/2021\/10\/Podkast-Rozmowy-z-Bozkiem_OK-1024x1024.jpg 1024w, https:\/\/archiwum.swietodrzewa.pl\/wp-content\/uploads\/2021\/10\/Podkast-Rozmowy-z-Bozkiem_OK-100x100.jpg 100w, https:\/\/archiwum.swietodrzewa.pl\/wp-content\/uploads\/2021\/10\/Podkast-Rozmowy-z-Bozkiem_OK-768x768.jpg 768w, https:\/\/archiwum.swietodrzewa.pl\/wp-content\/uploads\/2021\/10\/Podkast-Rozmowy-z-Bozkiem_OK.jpg 1181w\" sizes=\"(max-width: 300px) 100vw, 300px\" \/><\/a>Od d\u0142u\u017cszego ju\u017c czasu jestem przekonany, \u017ce rozwi\u0105zanie kryzysu ekologicznego nie jest mo\u017cliwe bez g\u0142\u0119bokich zmian w naszej kulturze i przyzwyczajeniach. Zmiany te powinny zachodzi\u0107 nie tyle na polach produkcji i konsumpcji, co jest oczywiste, ale w szczeg\u00f3lno\u015bci w sferze duchowo\u015bci i edukacji. O tych zagadnieniach zamierzam rozmawia\u0107 z moimi go\u015b\u0107mi w kolejnych odcinkach podcastu \u201eRozmowy z Bo\u017ckiem\u201d, kt\u00f3ry b\u0119dzie si\u0119 ukazywa\u0142 co dwa tygodnie.<\/p>\n<p><span style=\"color: #0000ff;\"><strong>W pierwszym odcinku podcastu rozmawiam z Krzysztofem Czy\u017cewskim <\/strong><\/span>&#8211; pisarzem, poet\u0105, re\u017cyserem i animatorem dzia\u0142a\u0144 mi\u0119dzykulturowych, wsp\u00f3\u0142tw\u00f3rc\u0105 O\u015brodka \u201ePogranicze \u2013 sztuk, kultur, narod\u00f3w\u201d w Sejnach oraz Fundacji Pogranicze i Mi\u0119dzynarodowego Centrum Dialogu w Krasnogrudzie. Krzysztof jest wyk\u0142adowc\u0105 Uniwersytetu Bolo\u0144skiego i Rutgers University, wi\u0119c nasza rozmowa bywa filozoficzna. Oddajemy g\u0142os Gai &#8211; Ziemi i jej kobiecemu pierwiastkowi, ws\u0142uchuj\u0105c si\u0119 zarazem w nasz wewn\u0119trzny krzyk wojownika, od kt\u00f3rego si\u0119 tak wiele nauczyli\u015bmy. Szukamy miejsca dla ciszy, uwa\u017cnie przygl\u0105daj\u0105c si\u0119 zmianom.&nbsp;<\/p>\n<p><a href=\"https:\/\/open.spotify.com\/show\/0SWcy6Jd2l5A1y30e7nPLz?fbclid=IwAR3jRAMWibaNrIzQZv4Yt7pWHE6qB3KG_B0eAJjmdXFzE61BVvCjI72ISYo\"><strong>POS\u0141UCHAJ 1 ODCINKA NA SPOTIFY &gt;&gt;&gt;<\/strong><\/a><strong>&nbsp;<\/strong><\/p>\n<p>Serdecznie zapraszam.<\/p>\n<p>Jacek Bo\u017cek- za\u0142o\u017cyciel i prezes Klubu Gaja<\/p>\n<p>Podcast zosta\u0142 zrealizowany w ramach dotacji z programu Aktywni Obywatele \u2013 Fundusz Krajowy finansowany z Funduszy EOG.<\/p>\n<p><a href=\"https:\/\/archiwum.swietodrzewa.pl\/wp-content\/uploads\/2021\/04\/active-citizens-fund-4x.png\"><img loading=\"lazy\" class=\"alignleft wp-image-12821\" src=\"https:\/\/archiwum.swietodrzewa.pl\/wp-content\/uploads\/2021\/04\/active-citizens-fund-4x-300x105.png\" alt=\"\" width=\"417\" height=\"146\" srcset=\"https:\/\/archiwum.swietodrzewa.pl\/wp-content\/uploads\/2021\/04\/active-citizens-fund-4x-300x105.png 300w, https:\/\/archiwum.swietodrzewa.pl\/wp-content\/uploads\/2021\/04\/active-citizens-fund-4x-1024x359.png 1024w, https:\/\/archiwum.swietodrzewa.pl\/wp-content\/uploads\/2021\/04\/active-citizens-fund-4x-768x270.png 768w, https:\/\/archiwum.swietodrzewa.pl\/wp-content\/uploads\/2021\/04\/active-citizens-fund-4x-1536x539.png 1536w, https:\/\/archiwum.swietodrzewa.pl\/wp-content\/uploads\/2021\/04\/active-citizens-fund-4x-2048x719.png 2048w\" sizes=\"(max-width: 417px) 100vw, 417px\" \/><\/a><\/p>\n<p>&nbsp;<\/p>\n<p>&nbsp;<\/p>\n","protected":false},"excerpt":{"rendered":"<p>Chcia\u0142bym serdecznie zaprosi\u0107 Pa\u0144stwa do wys\u0142uchania mojego podcastu o zmieniaj\u0105cym si\u0119 \u015bwiecie.<\/p>\n","protected":false},"author":3,"featured_media":13756,"comment_status":"closed","ping_status":"closed","sticky":false,"template":"","format":"standard","meta":{"ngg_post_thumbnail":0},"categories":[1],"tags":[],"_links":{"self":[{"href":"https:\/\/archiwum.swietodrzewa.pl\/index.php?rest_route=\/wp\/v2\/posts\/13755"}],"collection":[{"href":"https:\/\/archiwum.swietodrzewa.pl\/index.php?rest_route=\/wp\/v2\/posts"}],"about":[{"href":"https:\/\/archiwum.swietodrzewa.pl\/index.php?rest_route=\/wp\/v2\/types\/post"}],"author":[{"embeddable":true,"href":"https:\/\/archiwum.swietodrzewa.pl\/index.php?rest_route=\/wp\/v2\/users\/3"}],"replies":[{"embeddable":true,"href":"https:\/\/archiwum.swietodrzewa.pl\/index.php?rest_route=%2Fwp%2Fv2%2Fcomments&post=13755"}],"version-history":[{"count":6,"href":"https:\/\/archiwum.swietodrzewa.pl\/index.php?rest_route=\/wp\/v2\/posts\/13755\/revisions"}],"predecessor-version":[{"id":13763,"href":"https:\/\/archiwum.swietodrzewa.pl\/index.php?rest_route=\/wp\/v2\/posts\/13755\/revisions\/13763"}],"wp:featuredmedia":[{"embeddable":true,"href":"https:\/\/archiwum.swietodrzewa.pl\/index.php?rest_route=\/wp\/v2\/media\/13756"}],"wp:attachment":[{"href":"https:\/\/archiwum.swietodrzewa.pl\/index.php?rest_route=%2Fwp%2Fv2%2Fmedia&parent=13755"}],"wp:term":[{"taxonomy":"category","embeddable":true,"href":"https:\/\/archiwum.swietodrzewa.pl\/index.php?rest_route=%2Fwp%2Fv2%2Fcategories&post=13755"},{"taxonomy":"post_tag","embeddable":true,"href":"https:\/\/archiwum.swietodrzewa.pl\/index.php?rest_route=%2Fwp%2Fv2%2Ftags&post=13755"}],"curies":[{"name":"wp","href":"https:\/\/api.w.org\/{rel}","templated":true}]}}