{"id":13764,"date":"2021-10-30T12:35:16","date_gmt":"2021-10-30T10:35:16","guid":{"rendered":"https:\/\/swietodrzewa.pl\/?p=13764"},"modified":"2021-11-02T12:54:34","modified_gmt":"2021-11-02T11:54:34","slug":"spoleczni-opiekunowie-tajemniczego-ogrodu","status":"publish","type":"post","link":"https:\/\/archiwum.swietodrzewa.pl\/?p=13764","title":{"rendered":"Spo\u0142eczni opiekunowie Tajemniczego Ogrodu"},"content":{"rendered":"<p><strong>Tajemniczy Ogr\u00f3d, kt\u00f3ry powstaje na nieu\u017cytku cmentarza \u017cydowskiego w Bielsku-Bia\u0142ej ma ju\u017c swoich spo\u0142ecznych opiekun\u00f3w. M\u0142odzie\u017c z bielskich szk\u00f3\u0142 wzi\u0119\u0142a udzia\u0142 w zaj\u0119ciach \u0142\u0105cz\u0105cych prace porz\u0105dkowe w ogrodzie z <\/strong><strong>edukacj\u0105 ekologiczn\u0105 i poznawaniem historii miejsca. Zaj\u0119cia w ramach projektu <\/strong><strong>\u201e\u015awi\u0119to Drzewa \u2013 ogrody dla klimatu\u201d po<\/strong><strong>prowadzili edukatorzy\/ki Klubu Gaja wsp\u00f3lnie z Dorot\u0105 Wiewi\u00f3r\u0105 \u2013 Przewodnicz\u0105c\u0105 Gminy Wyznaniowej \u017bydowskiej w Bielsku-Bia\u0142ej oraz S\u0142awomirem Pastuszk\u0105 <\/strong><strong>\u2013<\/strong> <strong>historykiem judaist\u0105 i opiekunem wielu cmentarzy \u017cydowskich w regionie. M\u0142odzie\u017c porz\u0105dkowa\u0142a teren i usuwa\u0142a gatunek inwazyjny <\/strong><strong>\u2013 rdestowca ostroko\u0144czystego, kt\u00f3ry stanowi ogromne zagro\u017cenie dla ro\u015blinno\u015bci rodzimej. <\/strong><strong>Kolejne zaj\u0119cia odb\u0119d\u0119 si\u0119 ju\u017c na wiosn\u0119.<\/strong><!--more--><\/p>\n<p>\u201eSercem projektu \u201e\u015awi\u0119to Drzewa \u2013 ogrody dla klimatu\u201d jest wsp\u00f3\u0142praca i obywatelskie zaanga\u017cowanie. Rozmowy o katastrofie klimatycznej s\u0105 konieczne ale konkretne dzia\u0142ania pokazuj\u0105 z jak z\u0142o\u017conymi problemami mamy do czynienia. Praca wsp\u00f3lna nawet z niewielkim skrawkiem przyrody daje uczestnikom mo\u017cliwo\u015bci zrozumienia proces\u00f3w ekologicznych, spo\u0142ecznych, a nawet politycznych. Ka\u017cdy z nas mo\u017ce i powinien wnie\u015b\u0107 do tej pracy swoj\u0105 wiedz\u0119 i mo\u017cliwo\u015bci. W procesie adaptacji do zmian klimatu wsp\u00f3\u0142dzia\u0142anie staje si\u0119 kluczow\u0105 umiej\u0119tno\u015bci\u0105, kt\u00f3rej powinni\u015bmy uczy\u0107 si\u0119 w dzia\u0142aniu\u201d \u2013 wyja\u015bnia <strong>Jacek Bo\u017cek,<\/strong> za\u0142o\u017cyciel i prezes Klubu Gaja.<\/p>\n<p>Pierwsza grupa wolontariuszek i wolontariuszy z Zespo\u0142u szk\u00f3\u0142 Medycznych i Og\u00f3lnokszta\u0142c\u0105cych przyby\u0142a do Tajemniczego Ogrodu 21 czerwca. Zaj\u0119cia z m\u0142odzie\u017c\u0105 rozpocz\u0119\u0142y si\u0119 spotkaniem w Domu Ceremonii z Dorot\u0105 Wiewi\u00f3r\u0105 &#8211; przewodnicz\u0105c\u0105 Gminy Wyznaniowej \u017bydowskiej w Bielsku-Bia\u0142ej i wys\u0142uchaniem opowie\u015bci o historii spo\u0142eczno\u015bci \u017cydowskiej, kt\u00f3ra tworzy\u0142a miasto. Pani Dorota opowiada\u0142a tak\u017ce osobiste i poruszaj\u0105ce historie z \u017cycia swojej rodziny. M\u00f3wi\u0142a o tradycjach i \u015bwi\u0119tach \u017cydowskich. Potem uczniowie pracowali w ogrodzie z edukatorami Klubu Gaja. Rozmawiali m.in. o katastrofie klimatycznej i utracie r\u00f3\u017cnorodno\u015bci biologicznej oraz wyrywali i wycinali rdestowca ostroko\u0144czystego, kt\u00f3ry zarasta ca\u0142e po\u0142acie ogrodu.<\/p>\n<p>\n<div class=\"ngg-galleryoverview ngg-slideshow\"\n\tid=\"ngg-slideshow-ef6ea50307f90ef903c1e1ca66ca5785-9355201860\"\n\tdata-gallery-id=\"ef6ea50307f90ef903c1e1ca66ca5785\"\n\tstyle=\"max-width: 600px;\n\t\t\tmax-height: 450px;\n\t\t\tdisplay: none;\">\n\n\t\n\t\t<a href=\"https:\/\/archiwum.swietodrzewa.pl\/wp-content\/gallery\/opiekunowie-tajemniczego-ogrodu\/249921527_4854358531241895_2075713746850592411_n.jpg\"\n\t\t\ttitle=\"\"\n\t\t\tdata-src=\"https:\/\/archiwum.swietodrzewa.pl\/wp-content\/gallery\/opiekunowie-tajemniczego-ogrodu\/249921527_4854358531241895_2075713746850592411_n.jpg\"\n\t\t\tdata-thumbnail=\"https:\/\/archiwum.swietodrzewa.pl\/wp-content\/gallery\/opiekunowie-tajemniczego-ogrodu\/thumbs\/thumbs_249921527_4854358531241895_2075713746850592411_n.jpg\"\n\t\t\tdata-image-id=\"2106\"\n\t\t\tdata-title=\"249921527_4854358531241895_2075713746850592411_n\"\n\t\t\tdata-description=\"\"\n\t\t\tclass=\"shutterset_ef6ea50307f90ef903c1e1ca66ca5785\">\n\n\t\t\t<img data-image-id='2106'\n\t\t\t\ttitle=\"\"\n\t\t\t\talt=\"249921527_4854358531241895_2075713746850592411_n\"\n\t\t\t\tsrc=\"https:\/\/archiwum.swietodrzewa.pl\/wp-content\/gallery\/opiekunowie-tajemniczego-ogrodu\/249921527_4854358531241895_2075713746850592411_n.jpg\"\n\t\t\t\tstyle=\"max-height: 430px;\"\/>\n\t\t<\/a>\n\n\t\t\n\t\t<a href=\"https:\/\/archiwum.swietodrzewa.pl\/wp-content\/gallery\/opiekunowie-tajemniczego-ogrodu\/249850077_4854360531241695_5828581241854362738_n.jpg\"\n\t\t\ttitle=\"\"\n\t\t\tdata-src=\"https:\/\/archiwum.swietodrzewa.pl\/wp-content\/gallery\/opiekunowie-tajemniczego-ogrodu\/249850077_4854360531241695_5828581241854362738_n.jpg\"\n\t\t\tdata-thumbnail=\"https:\/\/archiwum.swietodrzewa.pl\/wp-content\/gallery\/opiekunowie-tajemniczego-ogrodu\/thumbs\/thumbs_249850077_4854360531241695_5828581241854362738_n.jpg\"\n\t\t\tdata-image-id=\"2107\"\n\t\t\tdata-title=\"249850077_4854360531241695_5828581241854362738_n\"\n\t\t\tdata-description=\"\"\n\t\t\tclass=\"shutterset_ef6ea50307f90ef903c1e1ca66ca5785\">\n\n\t\t\t<img data-image-id='2107'\n\t\t\t\ttitle=\"\"\n\t\t\t\talt=\"249850077_4854360531241695_5828581241854362738_n\"\n\t\t\t\tsrc=\"https:\/\/archiwum.swietodrzewa.pl\/wp-content\/gallery\/opiekunowie-tajemniczego-ogrodu\/249850077_4854360531241695_5828581241854362738_n.jpg\"\n\t\t\t\tstyle=\"max-height: 430px;\"\/>\n\t\t<\/a>\n\n\t\t\n\t\t<a href=\"https:\/\/archiwum.swietodrzewa.pl\/wp-content\/gallery\/opiekunowie-tajemniczego-ogrodu\/249850081_4854360094575072_5750203338263407892_n.jpg\"\n\t\t\ttitle=\"\"\n\t\t\tdata-src=\"https:\/\/archiwum.swietodrzewa.pl\/wp-content\/gallery\/opiekunowie-tajemniczego-ogrodu\/249850081_4854360094575072_5750203338263407892_n.jpg\"\n\t\t\tdata-thumbnail=\"https:\/\/archiwum.swietodrzewa.pl\/wp-content\/gallery\/opiekunowie-tajemniczego-ogrodu\/thumbs\/thumbs_249850081_4854360094575072_5750203338263407892_n.jpg\"\n\t\t\tdata-image-id=\"2108\"\n\t\t\tdata-title=\"249850081_4854360094575072_5750203338263407892_n\"\n\t\t\tdata-description=\"\"\n\t\t\tclass=\"shutterset_ef6ea50307f90ef903c1e1ca66ca5785\">\n\n\t\t\t<img data-image-id='2108'\n\t\t\t\ttitle=\"\"\n\t\t\t\talt=\"249850081_4854360094575072_5750203338263407892_n\"\n\t\t\t\tsrc=\"https:\/\/archiwum.swietodrzewa.pl\/wp-content\/gallery\/opiekunowie-tajemniczego-ogrodu\/249850081_4854360094575072_5750203338263407892_n.jpg\"\n\t\t\t\tstyle=\"max-height: 430px;\"\/>\n\t\t<\/a>\n\n\t\t\n\t\t<a href=\"https:\/\/archiwum.swietodrzewa.pl\/wp-content\/gallery\/opiekunowie-tajemniczego-ogrodu\/249850077_4854361781241570_7574346681028542811_n.jpg\"\n\t\t\ttitle=\"\"\n\t\t\tdata-src=\"https:\/\/archiwum.swietodrzewa.pl\/wp-content\/gallery\/opiekunowie-tajemniczego-ogrodu\/249850077_4854361781241570_7574346681028542811_n.jpg\"\n\t\t\tdata-thumbnail=\"https:\/\/archiwum.swietodrzewa.pl\/wp-content\/gallery\/opiekunowie-tajemniczego-ogrodu\/thumbs\/thumbs_249850077_4854361781241570_7574346681028542811_n.jpg\"\n\t\t\tdata-image-id=\"2109\"\n\t\t\tdata-title=\"249850077_4854361781241570_7574346681028542811_n\"\n\t\t\tdata-description=\"\"\n\t\t\tclass=\"shutterset_ef6ea50307f90ef903c1e1ca66ca5785\">\n\n\t\t\t<img data-image-id='2109'\n\t\t\t\ttitle=\"\"\n\t\t\t\talt=\"249850077_4854361781241570_7574346681028542811_n\"\n\t\t\t\tsrc=\"https:\/\/archiwum.swietodrzewa.pl\/wp-content\/gallery\/opiekunowie-tajemniczego-ogrodu\/249850077_4854361781241570_7574346681028542811_n.jpg\"\n\t\t\t\tstyle=\"max-height: 430px;\"\/>\n\t\t<\/a>\n\n\t\t\n\t\t<a href=\"https:\/\/archiwum.swietodrzewa.pl\/wp-content\/gallery\/opiekunowie-tajemniczego-ogrodu\/250034167_4854361761241572_8000739358834994301_n.jpg\"\n\t\t\ttitle=\"\"\n\t\t\tdata-src=\"https:\/\/archiwum.swietodrzewa.pl\/wp-content\/gallery\/opiekunowie-tajemniczego-ogrodu\/250034167_4854361761241572_8000739358834994301_n.jpg\"\n\t\t\tdata-thumbnail=\"https:\/\/archiwum.swietodrzewa.pl\/wp-content\/gallery\/opiekunowie-tajemniczego-ogrodu\/thumbs\/thumbs_250034167_4854361761241572_8000739358834994301_n.jpg\"\n\t\t\tdata-image-id=\"2110\"\n\t\t\tdata-title=\"250034167_4854361761241572_8000739358834994301_n\"\n\t\t\tdata-description=\"\"\n\t\t\tclass=\"shutterset_ef6ea50307f90ef903c1e1ca66ca5785\">\n\n\t\t\t<img data-image-id='2110'\n\t\t\t\ttitle=\"\"\n\t\t\t\talt=\"250034167_4854361761241572_8000739358834994301_n\"\n\t\t\t\tsrc=\"https:\/\/archiwum.swietodrzewa.pl\/wp-content\/gallery\/opiekunowie-tajemniczego-ogrodu\/250034167_4854361761241572_8000739358834994301_n.jpg\"\n\t\t\t\tstyle=\"max-height: 430px;\"\/>\n\t\t<\/a>\n\n\t\t\n\t\t<a href=\"https:\/\/archiwum.swietodrzewa.pl\/wp-content\/gallery\/opiekunowie-tajemniczego-ogrodu\/249845260_4854358387908576_2596076437449992308_n.jpg\"\n\t\t\ttitle=\"\"\n\t\t\tdata-src=\"https:\/\/archiwum.swietodrzewa.pl\/wp-content\/gallery\/opiekunowie-tajemniczego-ogrodu\/249845260_4854358387908576_2596076437449992308_n.jpg\"\n\t\t\tdata-thumbnail=\"https:\/\/archiwum.swietodrzewa.pl\/wp-content\/gallery\/opiekunowie-tajemniczego-ogrodu\/thumbs\/thumbs_249845260_4854358387908576_2596076437449992308_n.jpg\"\n\t\t\tdata-image-id=\"2111\"\n\t\t\tdata-title=\"249845260_4854358387908576_2596076437449992308_n\"\n\t\t\tdata-description=\"\"\n\t\t\tclass=\"shutterset_ef6ea50307f90ef903c1e1ca66ca5785\">\n\n\t\t\t<img data-image-id='2111'\n\t\t\t\ttitle=\"\"\n\t\t\t\talt=\"249845260_4854358387908576_2596076437449992308_n\"\n\t\t\t\tsrc=\"https:\/\/archiwum.swietodrzewa.pl\/wp-content\/gallery\/opiekunowie-tajemniczego-ogrodu\/249845260_4854358387908576_2596076437449992308_n.jpg\"\n\t\t\t\tstyle=\"max-height: 430px;\"\/>\n\t\t<\/a>\n\n\t\t\n\t\t<a href=\"https:\/\/archiwum.swietodrzewa.pl\/wp-content\/gallery\/opiekunowie-tajemniczego-ogrodu\/250072177_4854360361241712_4279995091811759417_n.jpg\"\n\t\t\ttitle=\"\"\n\t\t\tdata-src=\"https:\/\/archiwum.swietodrzewa.pl\/wp-content\/gallery\/opiekunowie-tajemniczego-ogrodu\/250072177_4854360361241712_4279995091811759417_n.jpg\"\n\t\t\tdata-thumbnail=\"https:\/\/archiwum.swietodrzewa.pl\/wp-content\/gallery\/opiekunowie-tajemniczego-ogrodu\/thumbs\/thumbs_250072177_4854360361241712_4279995091811759417_n.jpg\"\n\t\t\tdata-image-id=\"2112\"\n\t\t\tdata-title=\"250072177_4854360361241712_4279995091811759417_n\"\n\t\t\tdata-description=\"\"\n\t\t\tclass=\"shutterset_ef6ea50307f90ef903c1e1ca66ca5785\">\n\n\t\t\t<img data-image-id='2112'\n\t\t\t\ttitle=\"\"\n\t\t\t\talt=\"250072177_4854360361241712_4279995091811759417_n\"\n\t\t\t\tsrc=\"https:\/\/archiwum.swietodrzewa.pl\/wp-content\/gallery\/opiekunowie-tajemniczego-ogrodu\/250072177_4854360361241712_4279995091811759417_n.jpg\"\n\t\t\t\tstyle=\"max-height: 430px;\"\/>\n\t\t<\/a>\n\n\t\t\n\t\t<a href=\"https:\/\/archiwum.swietodrzewa.pl\/wp-content\/gallery\/opiekunowie-tajemniczego-ogrodu\/250079771_4854357744575307_2486315583344376478_n.jpg\"\n\t\t\ttitle=\"\"\n\t\t\tdata-src=\"https:\/\/archiwum.swietodrzewa.pl\/wp-content\/gallery\/opiekunowie-tajemniczego-ogrodu\/250079771_4854357744575307_2486315583344376478_n.jpg\"\n\t\t\tdata-thumbnail=\"https:\/\/archiwum.swietodrzewa.pl\/wp-content\/gallery\/opiekunowie-tajemniczego-ogrodu\/thumbs\/thumbs_250079771_4854357744575307_2486315583344376478_n.jpg\"\n\t\t\tdata-image-id=\"2113\"\n\t\t\tdata-title=\"250079771_4854357744575307_2486315583344376478_n\"\n\t\t\tdata-description=\"\"\n\t\t\tclass=\"shutterset_ef6ea50307f90ef903c1e1ca66ca5785\">\n\n\t\t\t<img data-image-id='2113'\n\t\t\t\ttitle=\"\"\n\t\t\t\talt=\"250079771_4854357744575307_2486315583344376478_n\"\n\t\t\t\tsrc=\"https:\/\/archiwum.swietodrzewa.pl\/wp-content\/gallery\/opiekunowie-tajemniczego-ogrodu\/250079771_4854357744575307_2486315583344376478_n.jpg\"\n\t\t\t\tstyle=\"max-height: 430px;\"\/>\n\t\t<\/a>\n\n\t\t\n\t\t<a href=\"https:\/\/archiwum.swietodrzewa.pl\/wp-content\/gallery\/opiekunowie-tajemniczego-ogrodu\/250198199_4854360551241693_78871491385951250_n.jpg\"\n\t\t\ttitle=\"\"\n\t\t\tdata-src=\"https:\/\/archiwum.swietodrzewa.pl\/wp-content\/gallery\/opiekunowie-tajemniczego-ogrodu\/250198199_4854360551241693_78871491385951250_n.jpg\"\n\t\t\tdata-thumbnail=\"https:\/\/archiwum.swietodrzewa.pl\/wp-content\/gallery\/opiekunowie-tajemniczego-ogrodu\/thumbs\/thumbs_250198199_4854360551241693_78871491385951250_n.jpg\"\n\t\t\tdata-image-id=\"2114\"\n\t\t\tdata-title=\"250198199_4854360551241693_78871491385951250_n\"\n\t\t\tdata-description=\"\"\n\t\t\tclass=\"shutterset_ef6ea50307f90ef903c1e1ca66ca5785\">\n\n\t\t\t<img data-image-id='2114'\n\t\t\t\ttitle=\"\"\n\t\t\t\talt=\"250198199_4854360551241693_78871491385951250_n\"\n\t\t\t\tsrc=\"https:\/\/archiwum.swietodrzewa.pl\/wp-content\/gallery\/opiekunowie-tajemniczego-ogrodu\/250198199_4854360551241693_78871491385951250_n.jpg\"\n\t\t\t\tstyle=\"max-height: 430px;\"\/>\n\t\t<\/a>\n\n\t\t\n\t\t<a href=\"https:\/\/archiwum.swietodrzewa.pl\/wp-content\/gallery\/opiekunowie-tajemniczego-ogrodu\/250503613_4854358301241918_3814428557608408993_n.jpg\"\n\t\t\ttitle=\"\"\n\t\t\tdata-src=\"https:\/\/archiwum.swietodrzewa.pl\/wp-content\/gallery\/opiekunowie-tajemniczego-ogrodu\/250503613_4854358301241918_3814428557608408993_n.jpg\"\n\t\t\tdata-thumbnail=\"https:\/\/archiwum.swietodrzewa.pl\/wp-content\/gallery\/opiekunowie-tajemniczego-ogrodu\/thumbs\/thumbs_250503613_4854358301241918_3814428557608408993_n.jpg\"\n\t\t\tdata-image-id=\"2115\"\n\t\t\tdata-title=\"250503613_4854358301241918_3814428557608408993_n\"\n\t\t\tdata-description=\"\"\n\t\t\tclass=\"shutterset_ef6ea50307f90ef903c1e1ca66ca5785\">\n\n\t\t\t<img data-image-id='2115'\n\t\t\t\ttitle=\"\"\n\t\t\t\talt=\"250503613_4854358301241918_3814428557608408993_n\"\n\t\t\t\tsrc=\"https:\/\/archiwum.swietodrzewa.pl\/wp-content\/gallery\/opiekunowie-tajemniczego-ogrodu\/250503613_4854358301241918_3814428557608408993_n.jpg\"\n\t\t\t\tstyle=\"max-height: 430px;\"\/>\n\t\t<\/a>\n\n\t\t\n\t\t<a href=\"https:\/\/archiwum.swietodrzewa.pl\/wp-content\/gallery\/opiekunowie-tajemniczego-ogrodu\/250587471_4854362601241488_3930802950706241983_n.jpg\"\n\t\t\ttitle=\"\"\n\t\t\tdata-src=\"https:\/\/archiwum.swietodrzewa.pl\/wp-content\/gallery\/opiekunowie-tajemniczego-ogrodu\/250587471_4854362601241488_3930802950706241983_n.jpg\"\n\t\t\tdata-thumbnail=\"https:\/\/archiwum.swietodrzewa.pl\/wp-content\/gallery\/opiekunowie-tajemniczego-ogrodu\/thumbs\/thumbs_250587471_4854362601241488_3930802950706241983_n.jpg\"\n\t\t\tdata-image-id=\"2116\"\n\t\t\tdata-title=\"250587471_4854362601241488_3930802950706241983_n\"\n\t\t\tdata-description=\"\"\n\t\t\tclass=\"shutterset_ef6ea50307f90ef903c1e1ca66ca5785\">\n\n\t\t\t<img data-image-id='2116'\n\t\t\t\ttitle=\"\"\n\t\t\t\talt=\"250587471_4854362601241488_3930802950706241983_n\"\n\t\t\t\tsrc=\"https:\/\/archiwum.swietodrzewa.pl\/wp-content\/gallery\/opiekunowie-tajemniczego-ogrodu\/250587471_4854362601241488_3930802950706241983_n.jpg\"\n\t\t\t\tstyle=\"max-height: 430px;\"\/>\n\t\t<\/a>\n\n\t\t\n\t\t<a href=\"https:\/\/archiwum.swietodrzewa.pl\/wp-content\/gallery\/opiekunowie-tajemniczego-ogrodu\/250765030_4854361014574980_6726816658197215772_n.jpg\"\n\t\t\ttitle=\"\"\n\t\t\tdata-src=\"https:\/\/archiwum.swietodrzewa.pl\/wp-content\/gallery\/opiekunowie-tajemniczego-ogrodu\/250765030_4854361014574980_6726816658197215772_n.jpg\"\n\t\t\tdata-thumbnail=\"https:\/\/archiwum.swietodrzewa.pl\/wp-content\/gallery\/opiekunowie-tajemniczego-ogrodu\/thumbs\/thumbs_250765030_4854361014574980_6726816658197215772_n.jpg\"\n\t\t\tdata-image-id=\"2117\"\n\t\t\tdata-title=\"250765030_4854361014574980_6726816658197215772_n\"\n\t\t\tdata-description=\"\"\n\t\t\tclass=\"shutterset_ef6ea50307f90ef903c1e1ca66ca5785\">\n\n\t\t\t<img data-image-id='2117'\n\t\t\t\ttitle=\"\"\n\t\t\t\talt=\"250765030_4854361014574980_6726816658197215772_n\"\n\t\t\t\tsrc=\"https:\/\/archiwum.swietodrzewa.pl\/wp-content\/gallery\/opiekunowie-tajemniczego-ogrodu\/250765030_4854361014574980_6726816658197215772_n.jpg\"\n\t\t\t\tstyle=\"max-height: 430px;\"\/>\n\t\t<\/a>\n\n\t\t\n\t\t<a href=\"https:\/\/archiwum.swietodrzewa.pl\/wp-content\/gallery\/opiekunowie-tajemniczego-ogrodu\/250802257_4854361881241560_200177364368871710_n.jpg\"\n\t\t\ttitle=\"\"\n\t\t\tdata-src=\"https:\/\/archiwum.swietodrzewa.pl\/wp-content\/gallery\/opiekunowie-tajemniczego-ogrodu\/250802257_4854361881241560_200177364368871710_n.jpg\"\n\t\t\tdata-thumbnail=\"https:\/\/archiwum.swietodrzewa.pl\/wp-content\/gallery\/opiekunowie-tajemniczego-ogrodu\/thumbs\/thumbs_250802257_4854361881241560_200177364368871710_n.jpg\"\n\t\t\tdata-image-id=\"2118\"\n\t\t\tdata-title=\"250802257_4854361881241560_200177364368871710_n\"\n\t\t\tdata-description=\"\"\n\t\t\tclass=\"shutterset_ef6ea50307f90ef903c1e1ca66ca5785\">\n\n\t\t\t<img data-image-id='2118'\n\t\t\t\ttitle=\"\"\n\t\t\t\talt=\"250802257_4854361881241560_200177364368871710_n\"\n\t\t\t\tsrc=\"https:\/\/archiwum.swietodrzewa.pl\/wp-content\/gallery\/opiekunowie-tajemniczego-ogrodu\/250802257_4854361881241560_200177364368871710_n.jpg\"\n\t\t\t\tstyle=\"max-height: 430px;\"\/>\n\t\t<\/a>\n\n\t\t\n\t\t<a href=\"https:\/\/archiwum.swietodrzewa.pl\/wp-content\/gallery\/opiekunowie-tajemniczego-ogrodu\/250854348_4854362387908176_2320906941299097967_n.jpg\"\n\t\t\ttitle=\"\"\n\t\t\tdata-src=\"https:\/\/archiwum.swietodrzewa.pl\/wp-content\/gallery\/opiekunowie-tajemniczego-ogrodu\/250854348_4854362387908176_2320906941299097967_n.jpg\"\n\t\t\tdata-thumbnail=\"https:\/\/archiwum.swietodrzewa.pl\/wp-content\/gallery\/opiekunowie-tajemniczego-ogrodu\/thumbs\/thumbs_250854348_4854362387908176_2320906941299097967_n.jpg\"\n\t\t\tdata-image-id=\"2119\"\n\t\t\tdata-title=\"250854348_4854362387908176_2320906941299097967_n\"\n\t\t\tdata-description=\"\"\n\t\t\tclass=\"shutterset_ef6ea50307f90ef903c1e1ca66ca5785\">\n\n\t\t\t<img data-image-id='2119'\n\t\t\t\ttitle=\"\"\n\t\t\t\talt=\"250854348_4854362387908176_2320906941299097967_n\"\n\t\t\t\tsrc=\"https:\/\/archiwum.swietodrzewa.pl\/wp-content\/gallery\/opiekunowie-tajemniczego-ogrodu\/250854348_4854362387908176_2320906941299097967_n.jpg\"\n\t\t\t\tstyle=\"max-height: 430px;\"\/>\n\t\t<\/a>\n\n\t\t\n\t\t<a href=\"https:\/\/archiwum.swietodrzewa.pl\/wp-content\/gallery\/opiekunowie-tajemniczego-ogrodu\/251265373_4854358281241920_2726536015025012735_n.jpg\"\n\t\t\ttitle=\"\"\n\t\t\tdata-src=\"https:\/\/archiwum.swietodrzewa.pl\/wp-content\/gallery\/opiekunowie-tajemniczego-ogrodu\/251265373_4854358281241920_2726536015025012735_n.jpg\"\n\t\t\tdata-thumbnail=\"https:\/\/archiwum.swietodrzewa.pl\/wp-content\/gallery\/opiekunowie-tajemniczego-ogrodu\/thumbs\/thumbs_251265373_4854358281241920_2726536015025012735_n.jpg\"\n\t\t\tdata-image-id=\"2120\"\n\t\t\tdata-title=\"251265373_4854358281241920_2726536015025012735_n\"\n\t\t\tdata-description=\"\"\n\t\t\tclass=\"shutterset_ef6ea50307f90ef903c1e1ca66ca5785\">\n\n\t\t\t<img data-image-id='2120'\n\t\t\t\ttitle=\"\"\n\t\t\t\talt=\"251265373_4854358281241920_2726536015025012735_n\"\n\t\t\t\tsrc=\"https:\/\/archiwum.swietodrzewa.pl\/wp-content\/gallery\/opiekunowie-tajemniczego-ogrodu\/251265373_4854358281241920_2726536015025012735_n.jpg\"\n\t\t\t\tstyle=\"max-height: 430px;\"\/>\n\t\t<\/a>\n\n\t\t<\/div>\n\n\n\u201eWarsztaty by\u0142y dla m\u0142odzie\u017cy naszej szko\u0142y wspania\u0142\u0105 lekcja budowania \u015bwiadomo\u015bci z\u0142o\u017cono\u015bci zjawisk nie tylko przyrodniczych, ale i kulturowych czy historycznych naszego regionu. Efektem tych dzia\u0142a\u0144 jest podj\u0119ta inicjatywa aktywnej pomocy w pracach porz\u0105dkowych na terenie cmentarza \u017cydowskiego\u201d\u2013 m\u00f3wi\u0142a <strong>Lucyna Katana<\/strong>, bibliotekarka z Zesp\u00f3\u0142 Szk\u00f3\u0142 Medycznych i Og\u00f3lnokszta\u0142c\u0105cych.<\/p>\n<p>Kolejne zaj\u0119cia odby\u0142y si\u0119 14 pa\u017adziernika z udzia\u0142em m\u0142odzie\u017cy&nbsp; z Zespo\u0142u Szk\u00f3\u0142 im. Juliana Tuwima. Dwie grupy uczni\u00f3w z klas I i III tym razem spotkali si\u0119 ze S\u0142awomirem Pastuszk\u0105 \u2013 historykiem judaist\u0105, genealogiem, nauczycielem, spo\u0142ecznikiem i opiekunem wielu cmentarzy \u017cydowskich w regionie oraz edukatorami Klubu Gaja. S\u0142awomir oprowadzaj\u0105c m\u0142odzie\u017c po cmentarzu opowiada\u0142 o jego historii i ludziach, kt\u00f3rzy na nim spoczywaj\u0105. Wielu z nich to s\u0142awni i zas\u0142u\u017ceni mieszka\u0144cy miasta. Zaj\u0119cia po\u0142\u0105czone by\u0142y z pracami porz\u0105dkowymi i oczywi\u015bcie z usuwaniem rdestowca ostroko\u0144czystego!<\/p>\n<p>Na zako\u0144czenie zaj\u0119\u0107 m\u0142odzie\u017c wykona\u0142a nadruk na koszulkach &#8211; li\u015bcie bluszczu pospolitego \u2013 ro\u015bliny charakterystycznej dla tego miejsca, kt\u00f3ra oplata drzewa, groby i mury nekropolii, tworz\u0105c niesamowity nastr\u00f3j i krajobraz. W zaj\u0119ciach wzi\u0119\u0142o udzia\u0142 blisko 60 m\u0142odych os\u00f3b. Dzi\u0119kujemy wszystkim uczestniczkom i uczestnikom! Dzi\u0119kujemy Miastu Bielsko-Bia\u0142a za podstawienie kontener\u00f3w do wywo\u017cenia zebranego rdestowca!<\/p>\n<p>Projekt&nbsp; Klubu Gaja \u201e\u015awi\u0119to Drzewa \u2013 ogrody dla klimatu\u201d realizowany jest wsp\u00f3lnie z Miastem Bielsko-Bia\u0142a, Gmin\u0105 Wyznaniow\u0105 \u017bydowsk\u0105 i Galeri\u0105 Bielsk\u0105 BWA w ramach dotacji z programu Aktywni Obywatele \u2013 Fundusz Krajowy finansowany z Funduszy EOG.<\/p>\n<p><a href=\"https:\/\/www.facebook.com\/media\/set\/?set=a.4854364957907919&amp;type=3&amp;__xts__%5b0%5d=68.ARD_1w73xBWSoYq8Y_SgnLGwvX_WLoYUk2SIS4De2aAA7Ote6M1XPEQ7rwuSjsbRpehVbgniVnFAtSE_WDog0HRXC9HnTiamdukmalkeywZqEm1uSR1k7A-xKBYVr7_dfvUtkkJhTPSBgoaSoQd2sMvs1bNMCT7LaDdR6ixjBUi6fmGwv50m01qZLpjihVDVtbncrQa1RrxwDrCigHD3QwcmQOP2e5UrSbMOeLEQLfsC6sfau5fJ5DpSVsuUYBS2GsysbYcbLyyvwZNKoqgqT0U73tfUsQI8idBdtlITyd-9WiP8zqLMQA\">ZOBACZ FOTORELACJ\u0118 &gt;&gt;&gt;<\/a><\/p>\n<p><a href=\"https:\/\/archiwum.swietodrzewa.pl\/wp-content\/uploads\/2021\/04\/active-citizens-fund-4x.png\"><img loading=\"lazy\" class=\"alignleft wp-image-12821\" src=\"https:\/\/archiwum.swietodrzewa.pl\/wp-content\/uploads\/2021\/04\/active-citizens-fund-4x-300x105.png\" alt=\"\" width=\"377\" height=\"132\" srcset=\"https:\/\/archiwum.swietodrzewa.pl\/wp-content\/uploads\/2021\/04\/active-citizens-fund-4x-300x105.png 300w, https:\/\/archiwum.swietodrzewa.pl\/wp-content\/uploads\/2021\/04\/active-citizens-fund-4x-1024x359.png 1024w, https:\/\/archiwum.swietodrzewa.pl\/wp-content\/uploads\/2021\/04\/active-citizens-fund-4x-768x270.png 768w, https:\/\/archiwum.swietodrzewa.pl\/wp-content\/uploads\/2021\/04\/active-citizens-fund-4x-1536x539.png 1536w, https:\/\/archiwum.swietodrzewa.pl\/wp-content\/uploads\/2021\/04\/active-citizens-fund-4x-2048x719.png 2048w\" sizes=\"(max-width: 377px) 100vw, 377px\" \/><\/a><\/p>\n<p><a href=\"https:\/\/archiwum.swietodrzewa.pl\/wp-content\/uploads\/2021\/05\/4-loga_11.jpg\"><img loading=\"lazy\" class=\"alignleft  wp-image-12938\" src=\"https:\/\/archiwum.swietodrzewa.pl\/wp-content\/uploads\/2021\/05\/4-loga_11-300x44.jpg\" alt=\"\" width=\"559\" height=\"82\" srcset=\"https:\/\/archiwum.swietodrzewa.pl\/wp-content\/uploads\/2021\/05\/4-loga_11-300x44.jpg 300w, https:\/\/archiwum.swietodrzewa.pl\/wp-content\/uploads\/2021\/05\/4-loga_11-1024x150.jpg 1024w, https:\/\/archiwum.swietodrzewa.pl\/wp-content\/uploads\/2021\/05\/4-loga_11-768x112.jpg 768w, https:\/\/archiwum.swietodrzewa.pl\/wp-content\/uploads\/2021\/05\/4-loga_11.jpg 1198w\" sizes=\"(max-width: 559px) 100vw, 559px\" \/><\/a><\/p>\n","protected":false},"excerpt":{"rendered":"<p>Tajemniczy Ogr\u00f3d, kt\u00f3ry powstaje na nieu\u017cytku cmentarza \u017cydowskiego w Bielsku-Bia\u0142ej ma ju\u017c swoich spo\u0142ecznych opiekun\u00f3w. M\u0142odzie\u017c z bielskich szk\u00f3\u0142 wzi\u0119\u0142a udzia\u0142 w zaj\u0119ciach \u0142\u0105cz\u0105cych prace porz\u0105dkowe w ogrodzie z edukacj\u0105 ekologiczn\u0105 i poznawaniem historii miejsca. Zaj\u0119cia w ramach projektu \u201e\u015awi\u0119to Drzewa \u2013 ogrody dla klimatu\u201d poprowadzili edukatorzy\/ki Klubu Gaja wsp\u00f3lnie z Dorot\u0105 Wiewi\u00f3r\u0105 \u2013 Przewodnicz\u0105c\u0105 [&hellip;]<\/p>\n","protected":false},"author":3,"featured_media":13766,"comment_status":"closed","ping_status":"closed","sticky":false,"template":"","format":"standard","meta":{"ngg_post_thumbnail":0},"categories":[17],"tags":[],"_links":{"self":[{"href":"https:\/\/archiwum.swietodrzewa.pl\/index.php?rest_route=\/wp\/v2\/posts\/13764"}],"collection":[{"href":"https:\/\/archiwum.swietodrzewa.pl\/index.php?rest_route=\/wp\/v2\/posts"}],"about":[{"href":"https:\/\/archiwum.swietodrzewa.pl\/index.php?rest_route=\/wp\/v2\/types\/post"}],"author":[{"embeddable":true,"href":"https:\/\/archiwum.swietodrzewa.pl\/index.php?rest_route=\/wp\/v2\/users\/3"}],"replies":[{"embeddable":true,"href":"https:\/\/archiwum.swietodrzewa.pl\/index.php?rest_route=%2Fwp%2Fv2%2Fcomments&post=13764"}],"version-history":[{"count":5,"href":"https:\/\/archiwum.swietodrzewa.pl\/index.php?rest_route=\/wp\/v2\/posts\/13764\/revisions"}],"predecessor-version":[{"id":13787,"href":"https:\/\/archiwum.swietodrzewa.pl\/index.php?rest_route=\/wp\/v2\/posts\/13764\/revisions\/13787"}],"wp:featuredmedia":[{"embeddable":true,"href":"https:\/\/archiwum.swietodrzewa.pl\/index.php?rest_route=\/wp\/v2\/media\/13766"}],"wp:attachment":[{"href":"https:\/\/archiwum.swietodrzewa.pl\/index.php?rest_route=%2Fwp%2Fv2%2Fmedia&parent=13764"}],"wp:term":[{"taxonomy":"category","embeddable":true,"href":"https:\/\/archiwum.swietodrzewa.pl\/index.php?rest_route=%2Fwp%2Fv2%2Fcategories&post=13764"},{"taxonomy":"post_tag","embeddable":true,"href":"https:\/\/archiwum.swietodrzewa.pl\/index.php?rest_route=%2Fwp%2Fv2%2Ftags&post=13764"}],"curies":[{"name":"wp","href":"https:\/\/api.w.org\/{rel}","templated":true}]}}