{"id":13875,"date":"2021-11-23T10:18:15","date_gmt":"2021-11-23T09:18:15","guid":{"rendered":"https:\/\/swietodrzewa.pl\/?p=13875"},"modified":"2021-12-13T14:39:22","modified_gmt":"2021-12-13T13:39:22","slug":"posluchaj-rozmowy-o-lakach","status":"publish","type":"post","link":"https:\/\/archiwum.swietodrzewa.pl\/?p=13875","title":{"rendered":"Pos\u0142uchaj rozmowy o \u0142\u0105kach"},"content":{"rendered":"<div><strong>Klub Gaja zaprasza do wys\u0142uchania&nbsp; 3 odcinka podcastu &#8222;Rozmowy z Bo\u017ckiem&#8221;. Tym razem go\u015bciem Jacka Bo\u017cka jest Maciej Podyma &#8211; Pan \u0141\u0105ka, wraz z \u017con\u0105 Natali\u0105 Podym\u0105 prowadz\u0105 firm\u0119 rodzinn\u0105 Pa\u0144stwo \u0141\u0105ka, zajmuj\u0105c\u0105 si\u0119 us\u0142ugami zak\u0142adania i piel\u0119gnacji \u0142\u0105k kwietnych. Od dziecka pasjonat botaniki, aktywista na rzecz czystego powietrza. Wsp\u00f3\u0142za\u0142o\u017cyciel Fundacji \u0141\u0105ka, kt\u00f3ra od kilku lat aktywnie dzia\u0142a i edukuje na temat korzy\u015bci z zak\u0142adania \u0142\u0105k.&nbsp; Od 2018 roku Maciej Podyma jest cz\u0142onkiem Ashoka. Organizacja doceni\u0142a, \u017ce mi\u0119dzy innymi ,,Maciej zainicjowa\u0142 nowy etap rozm\u00f3w na temat bior\u00f3\u017cnorodno\u015bci w miastach\u201d. Rozmawiamy o rodzinnych pasjach, syndromie czystej szyby, starych jab\u0142kowych sadach i nie zawracaniu dupy.&nbsp;<\/strong><\/div>\n<p><!--more--><\/p>\n<div>&nbsp;<\/div>\n<div><a href=\"https:\/\/anchor.fm\/rozmowy-z-bozkiem\/episodes\/Maciej-Podyma-e1al8t3\"><b>POS\u0141UCHAJ ROZMOWY Z MACIEJEM PODYM\u0104 &gt;&gt;&gt;<\/b><\/a><\/div>\n<div>&nbsp;<\/div>\n<div>\n<p>Premiery odcink\u00f3w podcastu \u201eRozmowy z Bo\u017ckiem\u201d b\u0119d\u0105 dost\u0119pne co dwa tygodnie, we wtorki, na platformach: <a href=\"https:\/\/open.spotify.com\/show\/0SWcy6Jd2l5A1y30e7nPLz\" target=\"_blank\" rel=\"noopener\" data-saferedirecturl=\"https:\/\/www.google.com\/url?q=https:\/\/open.spotify.com\/show\/0SWcy6Jd2l5A1y30e7nPLz&amp;source=gmail&amp;ust=1637745308663000&amp;usg=AOvVaw3TlHpoDuXesNdnzNPzE-nD\">Spotify<\/a>, <a href=\"https:\/\/anchor.fm\/rozmowy-z-bozkiem\" target=\"_blank\" rel=\"noopener\" data-saferedirecturl=\"https:\/\/www.google.com\/url?q=https:\/\/anchor.fm\/rozmowy-z-bozkiem&amp;source=gmail&amp;ust=1637745308663000&amp;usg=AOvVaw0GFooIUPkWqRYG6lSfJkwg\">Anchor<\/a>, <a href=\"https:\/\/podcasts.google.com\/feed\/aHR0cHM6Ly9hbmNob3IuZm0vcy83MGEyOGE5NC9wb2RjYXN0L3Jzcw\" target=\"_blank\" rel=\"noopener\" data-saferedirecturl=\"https:\/\/www.google.com\/url?q=https:\/\/podcasts.google.com\/feed\/aHR0cHM6Ly9hbmNob3IuZm0vcy83MGEyOGE5NC9wb2RjYXN0L3Jzcw&amp;source=gmail&amp;ust=1637745308663000&amp;usg=AOvVaw0PgOnqf2IGuB8UYyir0Ige\">Google Podcasts<\/a> i <a href=\"https:\/\/podcasts.apple.com\/us\/podcast\/rozmowy-z-bo%C5%BCkiem\/id1592528506\" target=\"_blank\" rel=\"noopener\" data-saferedirecturl=\"https:\/\/www.google.com\/url?q=https:\/\/podcasts.apple.com\/us\/podcast\/rozmowy-z-bo%25C5%25BCkiem\/id1592528506&amp;source=gmail&amp;ust=1637745308663000&amp;usg=AOvVaw0GWrPX_QGIUw1djCeuQL78\">Apple Podcasts<\/a>.<\/p>\n<p>Mo\u017cesz wesprze\u0107 realizacj\u0119 podcast\u00f3w na <a href=\"https:\/\/patronite.pl\/rozmowyzbozkiem\"><strong>Patronite<\/strong> <\/a><\/p>\n<p>Podcast powsta\u0142 dzi\u0119ki wsparciu z dotacji programu Aktywni Obywatele \u2013 Fundusz Krajowy, finansowanego z Funduszy EOG.<\/p>\n<p>&nbsp;<\/p>\n<p>POPRZEDNIE ODCINKI<\/p>\n<\/div>\n<div>&nbsp;<\/div>\n<div><a href=\"https:\/\/anchor.fm\/rozmowy-z-bozkiem\/episodes\/Iwona-Pawliczka-e19uhbr\">ROZMOWA Z IWON\u0104 PAWLICZK\u0104 &gt;&gt;&gt;<\/a><\/div>\n<div>&nbsp;<\/div>\n<div><a href=\"https:\/\/anchor.fm\/rozmowy-z-bozkiem\/episodes\/Krzysztof-Czyewski-e197sdk\">ROZMOWA Z KRZYSZTOFEM CZY\u017bEWSKIM &gt;&gt;&gt;<\/a><\/div>\n<div>&nbsp;<\/div>\n","protected":false},"excerpt":{"rendered":"<p>Klub Gaja zaprasza do wys\u0142uchania&nbsp; 3 odcinka podcastu &#8222;Rozmowy z Bo\u017ckiem&#8221;. Tym razem go\u015bciem Jacka Bo\u017cka jest Maciej Podyma &#8211; Pan \u0141\u0105ka, wraz z \u017con\u0105 Natali\u0105 Podym\u0105 prowadz\u0105 firm\u0119 rodzinn\u0105 Pa\u0144stwo \u0141\u0105ka, zajmuj\u0105c\u0105 si\u0119 us\u0142ugami zak\u0142adania i piel\u0119gnacji \u0142\u0105k kwietnych. Od dziecka pasjonat botaniki, aktywista na rzecz czystego powietrza. Wsp\u00f3\u0142za\u0142o\u017cyciel Fundacji \u0141\u0105ka, kt\u00f3ra od kilku [&hellip;]<\/p>\n","protected":false},"author":3,"featured_media":13756,"comment_status":"closed","ping_status":"closed","sticky":false,"template":"","format":"standard","meta":{"ngg_post_thumbnail":0},"categories":[1],"tags":[],"_links":{"self":[{"href":"https:\/\/archiwum.swietodrzewa.pl\/index.php?rest_route=\/wp\/v2\/posts\/13875"}],"collection":[{"href":"https:\/\/archiwum.swietodrzewa.pl\/index.php?rest_route=\/wp\/v2\/posts"}],"about":[{"href":"https:\/\/archiwum.swietodrzewa.pl\/index.php?rest_route=\/wp\/v2\/types\/post"}],"author":[{"embeddable":true,"href":"https:\/\/archiwum.swietodrzewa.pl\/index.php?rest_route=\/wp\/v2\/users\/3"}],"replies":[{"embeddable":true,"href":"https:\/\/archiwum.swietodrzewa.pl\/index.php?rest_route=%2Fwp%2Fv2%2Fcomments&post=13875"}],"version-history":[{"count":4,"href":"https:\/\/archiwum.swietodrzewa.pl\/index.php?rest_route=\/wp\/v2\/posts\/13875\/revisions"}],"predecessor-version":[{"id":13981,"href":"https:\/\/archiwum.swietodrzewa.pl\/index.php?rest_route=\/wp\/v2\/posts\/13875\/revisions\/13981"}],"wp:featuredmedia":[{"embeddable":true,"href":"https:\/\/archiwum.swietodrzewa.pl\/index.php?rest_route=\/wp\/v2\/media\/13756"}],"wp:attachment":[{"href":"https:\/\/archiwum.swietodrzewa.pl\/index.php?rest_route=%2Fwp%2Fv2%2Fmedia&parent=13875"}],"wp:term":[{"taxonomy":"category","embeddable":true,"href":"https:\/\/archiwum.swietodrzewa.pl\/index.php?rest_route=%2Fwp%2Fv2%2Fcategories&post=13875"},{"taxonomy":"post_tag","embeddable":true,"href":"https:\/\/archiwum.swietodrzewa.pl\/index.php?rest_route=%2Fwp%2Fv2%2Ftags&post=13875"}],"curies":[{"name":"wp","href":"https:\/\/api.w.org\/{rel}","templated":true}]}}