{"id":13892,"date":"2021-11-30T21:08:10","date_gmt":"2021-11-30T20:08:10","guid":{"rendered":"https:\/\/swietodrzewa.pl\/?p=13892"},"modified":"2021-11-30T21:08:10","modified_gmt":"2021-11-30T20:08:10","slug":"jacek-bozek-laureatem-zielonego-orla-rzeczpospolitej","status":"publish","type":"post","link":"https:\/\/archiwum.swietodrzewa.pl\/?p=13892","title":{"rendered":"Jacek Bo\u017cek laureatem Zielonego Or\u0142a \u201eRzeczpospolitej\u201d"},"content":{"rendered":"<p><strong>Podczas Gali \u201eWalka o klimat\u201d, kt\u00f3ra odby\u0142a si\u0119 30 listopada 2021 r. og\u0142oszono laureat\u00f3w nagr\u00f3d Zielonych Or\u0142\u00f3w \u201eRzeczpospolitej\u201d. &nbsp;Jacek Bo\u017cek, za\u0142o\u017cyciel i lider Klubu Gaja otrzyma\u0142 nagrod\u0119 w kategorii Tytan. Kapitu\u0142a nagrody wybra\u0142a po raz drugi osoby, instytucje i organizacje, kt\u00f3re w szczeg\u00f3lny spos\u00f3b zas\u0142u\u017cy\u0142y si\u0119 w dzia\u0142aniach zwi\u0105zanych z edukacj\u0105 ekologiczn\u0105, dzia\u0142alno\u015bci\u0105 na rzecz klimatu i \u015brodowiska oraz przoduj\u0105 w proekologicznych rozwi\u0105zaniach technologicznych. Wi\u0119cej informacji o laureatach nagrody Zielnych Or\u0142\u00f3w \u201eRzeczpospolitej\u201d na stronie:<\/strong> <a href=\"https:\/\/klimat.rp.pl\/walka-o-klimat\/art19148761-zielone-orly-rzeczpospolitej-przyznane\">https:\/\/klimat.rp.pl\/walka-o-klimat\/art19148761-zielone-orly-rzeczpospolitej-przyznane<\/a><!--more--><\/p>\n<p>Jeste\u015bmy niezwykle dumni z przyznania tytu\u0142u Tytana za\u0142o\u017cycielowi i prezesowi Klubu Gaja Jackowi Bo\u017ckowi. Jacek niestrudzenie od 33 lat prowadzi nasz\u0105 organizacj\u0119 i jest jej niekwestionowanym charyzmatycznym liderem. W swoim kr\u00f3tkim wyst\u0105pieniu podczas Gali \u201eWalka o klimat\u201d tu\u017c po informacji o otrzymaniu nagrody, podzi\u0119kowa\u0142 nie tylko \u201eRzeczpospolitej\u201d, cz\u0142onkom kapitu\u0142y i zespo\u0142owi Klubu Gaja, ale i drzewom, rzekom, i zwierz\u0119tom, dzi\u0119ki kt\u00f3rym mo\u017ce dzia\u0142a\u0107 i pracowa\u0107 dla Ziemi.<\/p>\n<p><strong><a href=\"https:\/\/archiwum.swietodrzewa.pl\/wp-content\/uploads\/2021\/11\/jacek_bozek.jpg\"><img loading=\"lazy\" class=\"alignleft size-medium wp-image-13893\" src=\"https:\/\/archiwum.swietodrzewa.pl\/wp-content\/uploads\/2021\/11\/jacek_bozek-300x210.jpg\" alt=\"\" width=\"300\" height=\"210\" srcset=\"https:\/\/archiwum.swietodrzewa.pl\/wp-content\/uploads\/2021\/11\/jacek_bozek-300x210.jpg 300w, https:\/\/archiwum.swietodrzewa.pl\/wp-content\/uploads\/2021\/11\/jacek_bozek-768x537.jpg 768w, https:\/\/archiwum.swietodrzewa.pl\/wp-content\/uploads\/2021\/11\/jacek_bozek.jpg 1024w\" sizes=\"(max-width: 300px) 100vw, 300px\" \/><\/a>Micha\u0142 Niewiadomski<\/strong>, redaktor \u201eRzeczpospolitej\u201d i zarazem szef kapitu\u0142y nagrody, w komentarzu zatytu\u0142owanym \u201eZwierz\u0119 nie jest rzecz\u0105\u201d nawi\u0105zuj\u0105cym do dzia\u0142a\u0144 Klubu Gaja, napisa\u0142 \u2013 \u201ePod takim has\u0142em Klub Gaja prowadzi\u0142 wieloletni\u0105 kampani\u0119, kt\u00f3ra skutecznie zmieni\u0142a krajobraz prawno-spo\u0142eczny w Polsce. Pami\u0119tam ko\u0144c\u00f3wk\u0119 lat 90. ubieg\u0142ego wieku, gdy w koszulce z logo kampanii \u201eZwierz\u0119 nie jest rzecz\u0105&#8221; dumnie chodzi\u0142em po polu namiotowym w \u017barach, gdzie odbywa\u0142 si\u0119 Przystanek Woodstock organizowany przez fundacj\u0119 Jurka Owsiaka. I co ciekawe, wiele os\u00f3b, widz\u0105c moj\u0105 koszulk\u0119, podnosi\u0142o kciuki do g\u00f3ry, zgadzaj\u0105c si\u0119, \u017ce zwierz\u0119tom nale\u017cy si\u0119 szacunek, traktowanie podmiotowe, a nie przedmiotowe. I pami\u0119tam te\u017c op\u00f3r widoczny w sejmowych \u0142awach zajmowanych przez pos\u0142\u00f3w z PSL, gdy inni parlamentarzy\u015bci maj\u0105cy dobro zwierz\u0105t na wzgl\u0119dzie, zainspirowani dzia\u0142aniami Klubu Gaja, uzasadniali potrzeb\u0119 zmiany podej\u015bcia do zwierz\u0105t. I finalnie zmieniono ustaw\u0119 o ochronie zwierz\u0105t, dzi\u0119ki kt\u00f3rej \u017cywe stworzenia nabra\u0142y podmiotowo\u015bci, a co za tym idzie \u2013 za ich maltretowanie s\u0105 paragrafy w kodeksie karnym. Klub Gaja to oczywi\u015bcie kampanie u\u015bwiadamiaj\u0105ce, \u017ce karp te\u017c zas\u0142uguje na odpowiednie traktowanie w czasie przygotowa\u0144 do \u015bwi\u0105t Bo\u017cego Narodzenia, ale i akcja sadzenia setek tysi\u0119cy drzew. To r\u00f3wnie\u017c wielka kampania zwi\u0105zana z Wis\u0142\u0105, kr\u00f3low\u0105 naszych rzek. Wiele lat musia\u0142o up\u0142yn\u0105\u0107, aby\u015bmy jako spo\u0142ecze\u0144stwo dostrzegli wag\u0119 spraw zwi\u0105zanych z gospodark\u0105 wodn\u0105\u201d (\u017ar\u00f3d\u0142o \u201eRzeczpospolita\u201d &#8211; <a href=\"https:\/\/klimat.rp.pl\/walka-o-klimat\/art19148811-michal-niewiadomski-zwierze-nie-jest-rzecza\">https:\/\/klimat.rp.pl\/walka-o-klimat\/art19148811-michal-niewiadomski-zwierze-nie-jest-rzecza<\/a> )<\/p>\n<p>Zesp\u00f3\u0142 Klubu Gaja<\/p>\n<p>Fot. Jacek Bo\u017cek \/ Klub Gaja<\/p>\n","protected":false},"excerpt":{"rendered":"<p>Podczas Gali \u201eWalka o klimat\u201d, kt\u00f3ra odby\u0142a si\u0119 30 listopada 2021 r. og\u0142oszono laureat\u00f3w nagr\u00f3d Zielonych Or\u0142\u00f3w \u201eRzeczpospolitej\u201d. &nbsp;Jacek Bo\u017cek, za\u0142o\u017cyciel i lider Klubu Gaja otrzyma\u0142 nagrod\u0119 w kategorii Tytan. Kapitu\u0142a nagrody wybra\u0142a po raz drugi osoby, instytucje i organizacje, kt\u00f3re w szczeg\u00f3lny spos\u00f3b zas\u0142u\u017cy\u0142y si\u0119 w dzia\u0142aniach zwi\u0105zanych z edukacj\u0105 ekologiczn\u0105, dzia\u0142alno\u015bci\u0105 na rzecz [&hellip;]<\/p>\n","protected":false},"author":3,"featured_media":13893,"comment_status":"closed","ping_status":"closed","sticky":false,"template":"","format":"standard","meta":{"ngg_post_thumbnail":0},"categories":[1],"tags":[],"_links":{"self":[{"href":"https:\/\/archiwum.swietodrzewa.pl\/index.php?rest_route=\/wp\/v2\/posts\/13892"}],"collection":[{"href":"https:\/\/archiwum.swietodrzewa.pl\/index.php?rest_route=\/wp\/v2\/posts"}],"about":[{"href":"https:\/\/archiwum.swietodrzewa.pl\/index.php?rest_route=\/wp\/v2\/types\/post"}],"author":[{"embeddable":true,"href":"https:\/\/archiwum.swietodrzewa.pl\/index.php?rest_route=\/wp\/v2\/users\/3"}],"replies":[{"embeddable":true,"href":"https:\/\/archiwum.swietodrzewa.pl\/index.php?rest_route=%2Fwp%2Fv2%2Fcomments&post=13892"}],"version-history":[{"count":1,"href":"https:\/\/archiwum.swietodrzewa.pl\/index.php?rest_route=\/wp\/v2\/posts\/13892\/revisions"}],"predecessor-version":[{"id":13894,"href":"https:\/\/archiwum.swietodrzewa.pl\/index.php?rest_route=\/wp\/v2\/posts\/13892\/revisions\/13894"}],"wp:featuredmedia":[{"embeddable":true,"href":"https:\/\/archiwum.swietodrzewa.pl\/index.php?rest_route=\/wp\/v2\/media\/13893"}],"wp:attachment":[{"href":"https:\/\/archiwum.swietodrzewa.pl\/index.php?rest_route=%2Fwp%2Fv2%2Fmedia&parent=13892"}],"wp:term":[{"taxonomy":"category","embeddable":true,"href":"https:\/\/archiwum.swietodrzewa.pl\/index.php?rest_route=%2Fwp%2Fv2%2Fcategories&post=13892"},{"taxonomy":"post_tag","embeddable":true,"href":"https:\/\/archiwum.swietodrzewa.pl\/index.php?rest_route=%2Fwp%2Fv2%2Ftags&post=13892"}],"curies":[{"name":"wp","href":"https:\/\/api.w.org\/{rel}","templated":true}]}}