{"id":13896,"date":"2021-12-07T11:41:49","date_gmt":"2021-12-07T10:41:49","guid":{"rendered":"https:\/\/swietodrzewa.pl\/?p=13896"},"modified":"2021-12-07T11:41:49","modified_gmt":"2021-12-07T10:41:49","slug":"rozmowa-z-ewa-ciepielewska-o-wisle","status":"publish","type":"post","link":"https:\/\/archiwum.swietodrzewa.pl\/?p=13896","title":{"rendered":"Rozmowa z Ew\u0105 Ciepielewsk\u0105 o Wi\u015ble"},"content":{"rendered":"<p><strong>Zapraszamy do wys\u0142uchania 4 odcinka podcastu \u201eRozmowy z Bo\u017ckiem\u201d. Go\u015bcini\u0105 Jacka Bo\u017cka jest Ewa Ciepielewsk\u0105 &#8211; polsk\u0105 malark\u0105, performerk\u0105, aktywistk\u0105 i mi\u0142o\u015bniczk\u0105 przyrody. \u0141\u0105czy ich mi\u0142o\u015b\u0107 do Wis\u0142y. Pos\u0142uchaj rozmowy o osobowo\u015bci rzeki, j\u0119zyku flisak\u00f3w, m\u0142odzie\u0144cu z zubo\u017ca\u0142ej szlachty i magicznym towarzystwie padalc\u00f3w. <\/strong><!--more--><\/p>\n<p><a href=\"https:\/\/archiwum.swietodrzewa.pl\/wp-content\/uploads\/2021\/12\/ciepielewska-scaled.jpg\"><img loading=\"lazy\" class=\"alignleft size-medium wp-image-13897\" src=\"https:\/\/archiwum.swietodrzewa.pl\/wp-content\/uploads\/2021\/12\/ciepielewska-300x225.jpg\" alt=\"\" width=\"300\" height=\"225\" srcset=\"https:\/\/archiwum.swietodrzewa.pl\/wp-content\/uploads\/2021\/12\/ciepielewska-300x225.jpg 300w, https:\/\/archiwum.swietodrzewa.pl\/wp-content\/uploads\/2021\/12\/ciepielewska-1024x768.jpg 1024w, https:\/\/archiwum.swietodrzewa.pl\/wp-content\/uploads\/2021\/12\/ciepielewska-768x576.jpg 768w, https:\/\/archiwum.swietodrzewa.pl\/wp-content\/uploads\/2021\/12\/ciepielewska-1536x1152.jpg 1536w, https:\/\/archiwum.swietodrzewa.pl\/wp-content\/uploads\/2021\/12\/ciepielewska-2048x1536.jpg 2048w\" sizes=\"(max-width: 300px) 100vw, 300px\" \/><\/a>Ewa Ciepielewska &#8211; absolwentka malarstwa na ASP we Wroc\u0142awiu, kt\u00f3re uko\u0144czy\u0142a pod kierunkiem prof. Konrada Jarodzkiego. Jest jedn\u0105 z za\u0142o\u017cycielek<strong> Grupy Luxus. <\/strong>W 1997 za\u0142o\u017cy\u0142a stowarzyszenie <strong>Volans<\/strong> wspieraj\u0105ce artyst\u00f3w m\u0142odego pokolenia. Od 15 lat znaczn\u0105 cz\u0119\u015b\u0107 roku sp\u0119dza na Wi\u015ble p\u0142ywaj\u0105c tradycyjn\u0105 \u0142odzi\u0105 \u201eSolny\u201d, a od 2016 roku wsp\u00f3\u0142tworzy z Agnieszk\u0119 Brze\u017ca\u0144sk\u0105 projekt <strong>FLOW \/ PRZEP\u0141YW <\/strong>&#8211; mobilne rezydencje na \u0142odzi \u0142\u0105cz\u0105ce artyst\u00f3w, muzyk\u00f3w, performer\u00f3w, kurator\u00f3w i innych aktywist\u00f3w.<\/p>\n<p><a href=\"https:\/\/anchor.fm\/rozmowy-z-bozkiem\/episodes\/Ewa-Ciepielewska-e1bag9p\"><strong>POS\u0141UCHAJ&nbsp; ROZMOWY Z EW\u0104 CIEPIELEWSK\u0104 &gt;&gt;<\/strong><\/a><strong> <a href=\"https:\/\/archiwum.swietodrzewa.pl\/wp-content\/uploads\/2021\/12\/Jacek_Ewa_podcast_2021-scaled.jpg\"><img loading=\"lazy\" class=\"alignright size-medium wp-image-13898\" src=\"https:\/\/archiwum.swietodrzewa.pl\/wp-content\/uploads\/2021\/12\/Jacek_Ewa_podcast_2021-300x225.jpg\" alt=\"\" width=\"300\" height=\"225\" srcset=\"https:\/\/archiwum.swietodrzewa.pl\/wp-content\/uploads\/2021\/12\/Jacek_Ewa_podcast_2021-300x225.jpg 300w, https:\/\/archiwum.swietodrzewa.pl\/wp-content\/uploads\/2021\/12\/Jacek_Ewa_podcast_2021-1024x768.jpg 1024w, https:\/\/archiwum.swietodrzewa.pl\/wp-content\/uploads\/2021\/12\/Jacek_Ewa_podcast_2021-768x576.jpg 768w, https:\/\/archiwum.swietodrzewa.pl\/wp-content\/uploads\/2021\/12\/Jacek_Ewa_podcast_2021-1536x1152.jpg 1536w, https:\/\/archiwum.swietodrzewa.pl\/wp-content\/uploads\/2021\/12\/Jacek_Ewa_podcast_2021-2048x1536.jpg 2048w\" sizes=\"(max-width: 300px) 100vw, 300px\" \/><\/a><\/p>\n<p><\/strong>Premiery odcink\u00f3w podcastu \u201eRozmowy z Bo\u017ckiem\u201d b\u0119d\u0105 dost\u0119pne co dwa tygodnie, we wtorki, na platformach: <a href=\"https:\/\/open.spotify.com\/show\/0SWcy6Jd2l5A1y30e7nPLz\">Spotify<\/a>, <a href=\"https:\/\/anchor.fm\/rozmowy-z-bozkiem\">Anchor<\/a>, <a href=\"https:\/\/podcasts.google.com\/feed\/aHR0cHM6Ly9hbmNob3IuZm0vcy83MGEyOGE5NC9wb2RjYXN0L3Jzcw\">Google Podcasts<\/a> i <a href=\"https:\/\/podcasts.apple.com\/us\/podcast\/rozmowy-z-bo%C5%BCkiem\/id1592528506\">Apple Podcasts<\/a>.<br \/>\nMo\u017cesz wesprze\u0107 realizacj\u0119 podcast\u00f3w na <a href=\"https:\/\/patronite.pl\/rozmowyzbozkiem\">Patronite<\/a><\/p>\n<p>Podcast powsta\u0142 dzi\u0119ki wsparciu z dotacji programu Aktywni Obywatele \u2013 Fundusz Krajowy, finansowanego z Funduszy EOG.<br \/>\n&nbsp;<\/p>\n<p><strong>POPRZEDNIE ODCINKI PODCASTU \u201eROZMOWY Z BO\u017bKIEM\u201d<\/strong><\/p>\n<p><a href=\"https:\/\/anchor.fm\/rozmowy-z-bozkiem\/episodes\/Maciej-Podyma-e1al8t3\">POS\u0141UCHAJ ROZMOWY Z MACIEJEM PODYM\u0104 &gt;&gt;&gt;<\/a><\/p>\n<p><a href=\"https:\/\/anchor.fm\/rozmowy-z-bozkiem\/episodes\/Iwona-Pawliczka-e19uhbr\">ROZMOWA Z IWON\u0104 PAWLICZK\u0104 &gt;&gt;&gt;<\/a><\/p>\n<p><a href=\"https:\/\/anchor.fm\/rozmowy-z-bozkiem\/episodes\/Krzysztof-Czyewski-e197sdk\">ROZMOWA Z KRZYSZTOFEM CZY\u017bEWSKIM &gt;&gt;&gt;<\/a><br \/>\n&nbsp;<\/p>\n","protected":false},"excerpt":{"rendered":"<p>Zapraszamy do wys\u0142uchania 4 odcinka podcastu \u201eRozmowy z Bo\u017ckiem\u201d. Go\u015bcini\u0105 Jacka Bo\u017cka jest Ewa Ciepielewsk\u0105 &#8211; polsk\u0105 malark\u0105, performerk\u0105, aktywistk\u0105 i mi\u0142o\u015bniczk\u0105 przyrody. \u0141\u0105czy ich mi\u0142o\u015b\u0107 do Wis\u0142y. Pos\u0142uchaj rozmowy o osobowo\u015bci rzeki, j\u0119zyku flisak\u00f3w, m\u0142odzie\u0144cu z zubo\u017ca\u0142ej szlachty i magicznym towarzystwie padalc\u00f3w.<\/p>\n","protected":false},"author":3,"featured_media":13756,"comment_status":"closed","ping_status":"closed","sticky":false,"template":"","format":"standard","meta":{"ngg_post_thumbnail":0},"categories":[1],"tags":[],"_links":{"self":[{"href":"https:\/\/archiwum.swietodrzewa.pl\/index.php?rest_route=\/wp\/v2\/posts\/13896"}],"collection":[{"href":"https:\/\/archiwum.swietodrzewa.pl\/index.php?rest_route=\/wp\/v2\/posts"}],"about":[{"href":"https:\/\/archiwum.swietodrzewa.pl\/index.php?rest_route=\/wp\/v2\/types\/post"}],"author":[{"embeddable":true,"href":"https:\/\/archiwum.swietodrzewa.pl\/index.php?rest_route=\/wp\/v2\/users\/3"}],"replies":[{"embeddable":true,"href":"https:\/\/archiwum.swietodrzewa.pl\/index.php?rest_route=%2Fwp%2Fv2%2Fcomments&post=13896"}],"version-history":[{"count":1,"href":"https:\/\/archiwum.swietodrzewa.pl\/index.php?rest_route=\/wp\/v2\/posts\/13896\/revisions"}],"predecessor-version":[{"id":13899,"href":"https:\/\/archiwum.swietodrzewa.pl\/index.php?rest_route=\/wp\/v2\/posts\/13896\/revisions\/13899"}],"wp:featuredmedia":[{"embeddable":true,"href":"https:\/\/archiwum.swietodrzewa.pl\/index.php?rest_route=\/wp\/v2\/media\/13756"}],"wp:attachment":[{"href":"https:\/\/archiwum.swietodrzewa.pl\/index.php?rest_route=%2Fwp%2Fv2%2Fmedia&parent=13896"}],"wp:term":[{"taxonomy":"category","embeddable":true,"href":"https:\/\/archiwum.swietodrzewa.pl\/index.php?rest_route=%2Fwp%2Fv2%2Fcategories&post=13896"},{"taxonomy":"post_tag","embeddable":true,"href":"https:\/\/archiwum.swietodrzewa.pl\/index.php?rest_route=%2Fwp%2Fv2%2Ftags&post=13896"}],"curies":[{"name":"wp","href":"https:\/\/api.w.org\/{rel}","templated":true}]}}