{"id":14062,"date":"2022-01-18T14:29:20","date_gmt":"2022-01-18T13:29:20","guid":{"rendered":"https:\/\/swietodrzewa.pl\/?p=14062"},"modified":"2022-01-18T14:30:27","modified_gmt":"2022-01-18T13:30:27","slug":"posluchaj-rozmowy-z-bartlomiejem-topa","status":"publish","type":"post","link":"https:\/\/archiwum.swietodrzewa.pl\/?p=14062","title":{"rendered":"Pos\u0142uchaj rozmowy z Bart\u0142omiejem Top\u0105"},"content":{"rendered":"<p><strong>Zapraszamy do wys\u0142uchania 8 odcinka podcastu Klubu Gaja \u201eRozmowy z Bo\u017ckiem\u201d <\/strong><strong>o zmieniaj\u0105cym si\u0119 \u015bwiecie. <\/strong><strong>Go\u015bciem Jacka Bo\u017cka jest Bart\u0142omiej Topa &#8211; aktor filmowy i teatralny, producent filmowy i ambasador Klubu Gaja. <\/strong><!--more--><\/p>\n<p><strong><a href=\"https:\/\/archiwum.swietodrzewa.pl\/wp-content\/uploads\/2022\/01\/Bartek-_podcast-scaled.jpg\"><img loading=\"lazy\" class=\"alignleft size-large wp-image-14063\" src=\"https:\/\/archiwum.swietodrzewa.pl\/wp-content\/uploads\/2022\/01\/Bartek-_podcast-1024x677.jpg\" alt=\"\" width=\"540\" height=\"357\" srcset=\"https:\/\/archiwum.swietodrzewa.pl\/wp-content\/uploads\/2022\/01\/Bartek-_podcast-1024x677.jpg 1024w, https:\/\/archiwum.swietodrzewa.pl\/wp-content\/uploads\/2022\/01\/Bartek-_podcast-300x198.jpg 300w, https:\/\/archiwum.swietodrzewa.pl\/wp-content\/uploads\/2022\/01\/Bartek-_podcast-768x508.jpg 768w, https:\/\/archiwum.swietodrzewa.pl\/wp-content\/uploads\/2022\/01\/Bartek-_podcast-1536x1016.jpg 1536w, https:\/\/archiwum.swietodrzewa.pl\/wp-content\/uploads\/2022\/01\/Bartek-_podcast-2048x1355.jpg 2048w\" sizes=\"(max-width: 540px) 100vw, 540px\" \/><\/a><a href=\"https:\/\/open.spotify.com\/episode\/2nVMO9uxsllsa5q4bFVAJw\">POS\u0141UCHAJ ROZMOWY Z BART\u0141OMIEJEM TOP\u0104 &gt;&gt;&gt;<\/a><\/strong><\/p>\n<p>Rozmawiamy o chodzeniu na bosaka po trawie, multiplikacji rzeczywisto\u015bci, niezb\u0119dnym szacunku, jaskiniach i skalnej bryzie, komunikacji i warstwach cebuli. Zastanawiamy si\u0119 czy si\u0119 lubimy, troch\u0119 przeklinamy, szukamy wsp\u00f3lnego j\u0119zyka z ko\u0144mi, papie\u017cami, karpiami, kibicami i paj\u0105kami. A na koniec serwujemy przypowie\u015bci o Bogu i muszce, i pu\u0142apce jogina.<\/p>\n<p><strong>&nbsp;<\/strong><\/p>\n<p><strong>POS\u0141UCHAJ POPRZEDNICH ODCINK\u00d3W PODCASTU \u201eRozmowy z Bo\u017ckiem\u201d<\/strong><\/p>\n<p><a href=\"https:\/\/open.spotify.com\/episode\/4PZnFSy3VaZFmHCbelcXhW\"><strong>Rozmowa z Juli\u0105 Mafald\u0105 &gt;&gt;&gt; podr\u00f3\u017cniczk\u0105, fotografk\u0105, dziennikark\u0105 i aktywistk\u0105 <\/strong><\/a><strong>&nbsp;<\/strong><\/p>\n<p>O g\u0105bkach konopnych, post hipisach, po\u0142\u0105czeniu serca i biznesu oraz wp\u0142ywie influencer\u00f3w.<\/p>\n<p><a href=\"https:\/\/open.spotify.com\/episode\/1Gpwkw4EonR51vMPme9RvU\"><strong>Rozmowa z Jackiem Jakubowskim&nbsp; &gt;&gt;&gt; &nbsp;psychologiem, trenerem, mentorem i super wizorem coachingu <\/strong><\/a><strong>&nbsp;<\/strong><\/p>\n<p>O \u015bwiadomo\u015bci, oderwaniu i byciu, unikaniu szko\u0142y ucz\u0105cej nudy, mentoringu pokory i micie \u201e\u017ce, kiedy\u015b by\u0142o lepiej\u201d.<\/p>\n<p><strong><a href=\"https:\/\/open.spotify.com\/episode\/4qX3q5rO9ZDgmS9FN2ZUOm\">Rozmowa z Ew\u0105 Ciepielewsk\u0105&nbsp; &gt;&gt;&gt;&nbsp; malark\u0105, performerk\u0105, aktywisytk\u0105 i mi\u0142o\u015bniczk\u0105 przyrody<\/a><\/strong><\/p>\n<p>O osobowo\u015bci Wis\u0142y, j\u0119zyku flisak\u00f3w, m\u0142odzie\u0144cu z zubo\u017ca\u0142ej szlachty i magicznym towarzystwie padalc\u00f3w.<\/p>\n<p><a href=\"https:\/\/open.spotify.com\/episode\/6HxVUkf71YAPoWjSp350me\"><strong>Rozmowa z Maciejem Podym\u0105&nbsp; &gt;&gt;&gt; Panem \u0141\u0105k\u0105<\/strong><\/a><\/p>\n<p>O rodzinnych pasjach, syndromie czystej szyby, starych jab\u0142kowych sadach i nie zawracaniu dupy.<\/p>\n<p><a href=\"https:\/\/open.spotify.com\/episode\/6NEfGWdXCfxgWrg6lQZ9AI\"><strong>Rozmowa z Iwon\u0105 Pawliczk\u0105 &gt;&gt;&gt;<\/strong>&nbsp; <strong>oceanografk\u0105, biolo\u017ck\u0105 morza<\/strong><\/a><\/p>\n<p>O znaczeniu morza uto\u017csamianym z pocz\u0105tkiem \u017cycia, nieuchronnej zmianie oraz pok\u0142adanej w niej nadziei i mocy zakl\u0119tej w poca\u0142unku foki.<\/p>\n<p><strong><a href=\"https:\/\/open.spotify.com\/episode\/0LaskyOta0TKVmcDiaZELK\">Rozmowa z Krzysztofem Czy\u017cewskim &gt;&gt;&gt; pisarzem, poet\u0105, re\u017cyserem, animatorem dzia\u0142a\u0144 mi\u0119dzykulturowych <\/a><\/strong><\/p>\n<p>O g\u0142osie Gai &#8211; Ziemi i jej kobiecym pierwiastku, wewn\u0119trznym krzyku wojownika, od kt\u00f3rego si\u0119 tak wiele nauczyli.<\/p>\n<p>Premiery odcink\u00f3w podcastu \u201eRozmowy z Bo\u017ckiem\u201d b\u0119d\u0105 dost\u0119pne co dwa tygodnie, we wtorki, na platformach: <a href=\"https:\/\/open.spotify.com\/show\/0SWcy6Jd2l5A1y30e7nPLz\">Spotify<\/a>, <a href=\"https:\/\/anchor.fm\/rozmowy-z-bozkiem\">Anchor<\/a>, <a href=\"https:\/\/podcasts.google.com\/feed\/aHR0cHM6Ly9hbmNob3IuZm0vcy83MGEyOGE5NC9wb2RjYXN0L3Jzcw\">Google Podcasts<\/a>&nbsp;i <a href=\"https:\/\/podcasts.apple.com\/us\/podcast\/rozmowy-z-bo%C5%BCkiem\/id1592528506\">Apple Podcasts<\/a>. Mo\u017cesz wesprze\u0107 realizacj\u0119 podcast\u00f3w na portalu <a href=\"https:\/\/patronite.pl\/rozmowyzbozkiem?podglad-autora\">Patronite<\/a> .<\/p>\n<p>Pierwszych 19 odcink\u00f3w podcastu powstaje dzi\u0119ki wsparciu z dotacji programu Aktywni Obywatele &#8211; Fundusz Krajowy, finansowanego z Funduszy EOG.<\/p>\n<p>&nbsp;<\/p>\n","protected":false},"excerpt":{"rendered":"<p>Zapraszamy do wys\u0142uchania 8 odcinka podcastu Klubu Gaja \u201eRozmowy z Bo\u017ckiem\u201d o zmieniaj\u0105cym si\u0119 \u015bwiecie. Go\u015bciem Jacka Bo\u017cka jest Bart\u0142omiej Topa &#8211; aktor filmowy i teatralny, producent filmowy i ambasador Klubu Gaja.<\/p>\n","protected":false},"author":3,"featured_media":14063,"comment_status":"closed","ping_status":"closed","sticky":false,"template":"","format":"standard","meta":{"ngg_post_thumbnail":0},"categories":[1],"tags":[],"_links":{"self":[{"href":"https:\/\/archiwum.swietodrzewa.pl\/index.php?rest_route=\/wp\/v2\/posts\/14062"}],"collection":[{"href":"https:\/\/archiwum.swietodrzewa.pl\/index.php?rest_route=\/wp\/v2\/posts"}],"about":[{"href":"https:\/\/archiwum.swietodrzewa.pl\/index.php?rest_route=\/wp\/v2\/types\/post"}],"author":[{"embeddable":true,"href":"https:\/\/archiwum.swietodrzewa.pl\/index.php?rest_route=\/wp\/v2\/users\/3"}],"replies":[{"embeddable":true,"href":"https:\/\/archiwum.swietodrzewa.pl\/index.php?rest_route=%2Fwp%2Fv2%2Fcomments&post=14062"}],"version-history":[{"count":2,"href":"https:\/\/archiwum.swietodrzewa.pl\/index.php?rest_route=\/wp\/v2\/posts\/14062\/revisions"}],"predecessor-version":[{"id":14065,"href":"https:\/\/archiwum.swietodrzewa.pl\/index.php?rest_route=\/wp\/v2\/posts\/14062\/revisions\/14065"}],"wp:featuredmedia":[{"embeddable":true,"href":"https:\/\/archiwum.swietodrzewa.pl\/index.php?rest_route=\/wp\/v2\/media\/14063"}],"wp:attachment":[{"href":"https:\/\/archiwum.swietodrzewa.pl\/index.php?rest_route=%2Fwp%2Fv2%2Fmedia&parent=14062"}],"wp:term":[{"taxonomy":"category","embeddable":true,"href":"https:\/\/archiwum.swietodrzewa.pl\/index.php?rest_route=%2Fwp%2Fv2%2Fcategories&post=14062"},{"taxonomy":"post_tag","embeddable":true,"href":"https:\/\/archiwum.swietodrzewa.pl\/index.php?rest_route=%2Fwp%2Fv2%2Ftags&post=14062"}],"curies":[{"name":"wp","href":"https:\/\/api.w.org\/{rel}","templated":true}]}}