{"id":14071,"date":"2022-01-24T11:32:34","date_gmt":"2022-01-24T10:32:34","guid":{"rendered":"https:\/\/swietodrzewa.pl\/?p=14071"},"modified":"2022-01-24T11:37:51","modified_gmt":"2022-01-24T10:37:51","slug":"pasza-dla-staruszkow","status":"publish","type":"post","link":"https:\/\/archiwum.swietodrzewa.pl\/?p=14071","title":{"rendered":"Pasza dla staruszk\u00f3w"},"content":{"rendered":"<p>Nasi ko\u0144scy podopieczni niestety s\u0105 schorowani. Cierpi\u0105 mi\u0119dzy innymi na ko\u0144sk\u0105 <strong>astm\u0119<\/strong>, <strong>wrzody \u017co\u0142\u0105dka<\/strong>, s\u0105 po przebytym <strong>ochwacie<\/strong>. Wszystkie ich schorzenia wymagaj\u0105 specjalistycznego podej\u015bcia i klinicznego oraz zbilansowanego \u017cywienia. W zwi\u0105zku z tym karmione s\u0105 odpowiednimi paszami dostosowanymi do ich indywidualnych potrzeb.<!--more--><\/p>\n<p>Takie pasze nie s\u0105 tanie. Zamawiamy je na palecie, kt\u00f3ra starcza na oko\u0142o p\u00f3\u0142 roku.&nbsp; Sk\u0142ada si\u0119 ona z pasz dedykowanych dla koni z astm\u0105, wrzodami, s\u0105 to karmy pozbawione sk\u0142adnik\u00f3w, kt\u00f3re mog\u0105 powodowa\u0107 ochwat, a tak\u017ce z pasz specjalnych dla koni starszych z problemami z utrzymaniem wagi.<\/p>\n<p>Bardzo zale\u017cy nam na jak najlepszym utrzymaniu naszych podopiecznych dlatego staramy si\u0119 podawa\u0107 im jak najlepiej przygotowane posi\u0142ki do ich zapotrzebowania. <strong>Wiemy, \u017ce jest to najwa\u017cniejsze w utrzymaniu ich w zdrowiu i dobrym samopoczuciu.<\/strong><\/p>\n<p><em>Mamy nadziej\u0119, \u017ce b\u0119dzie to mo\u017cliwe dzi\u0119ki Waszej niezast\u0105pionej pomocy i wsparciu!<\/em><\/p>\n<p>\n<div class=\"ngg-galleryoverview ngg-slideshow\"\n\tid=\"ngg-slideshow-8cfcdd98b4068983cde29b73e732dc02-4631233670\"\n\tdata-gallery-id=\"8cfcdd98b4068983cde29b73e732dc02\"\n\tstyle=\"max-width: 600px;\n\t\t\tmax-height: 450px;\n\t\t\tdisplay: none;\">\n\n\t\n\t\t<a href=\"https:\/\/archiwum.swietodrzewa.pl\/wp-content\/gallery\/pasza-dla-staruszka\/big_34e70488-470a-4022-8805-26ef618beaef.jpeg\"\n\t\t\ttitle=\"\"\n\t\t\tdata-src=\"https:\/\/archiwum.swietodrzewa.pl\/wp-content\/gallery\/pasza-dla-staruszka\/big_34e70488-470a-4022-8805-26ef618beaef.jpeg\"\n\t\t\tdata-thumbnail=\"https:\/\/archiwum.swietodrzewa.pl\/wp-content\/gallery\/pasza-dla-staruszka\/thumbs\/thumbs_big_34e70488-470a-4022-8805-26ef618beaef.jpeg\"\n\t\t\tdata-image-id=\"2237\"\n\t\t\tdata-title=\"big_34e70488-470a-4022-8805-26ef618beaef\"\n\t\t\tdata-description=\"\"\n\t\t\tclass=\"shutterset_8cfcdd98b4068983cde29b73e732dc02\">\n\n\t\t\t<img data-image-id='2237'\n\t\t\t\ttitle=\"\"\n\t\t\t\talt=\"big_34e70488-470a-4022-8805-26ef618beaef\"\n\t\t\t\tsrc=\"https:\/\/archiwum.swietodrzewa.pl\/wp-content\/gallery\/pasza-dla-staruszka\/big_34e70488-470a-4022-8805-26ef618beaef.jpeg\"\n\t\t\t\tstyle=\"max-height: 430px;\"\/>\n\t\t<\/a>\n\n\t\t\n\t\t<a href=\"https:\/\/archiwum.swietodrzewa.pl\/wp-content\/gallery\/pasza-dla-staruszka\/content_801bbb0e-9f00-42ee-b03e-700f907b6386.jpeg\"\n\t\t\ttitle=\"\"\n\t\t\tdata-src=\"https:\/\/archiwum.swietodrzewa.pl\/wp-content\/gallery\/pasza-dla-staruszka\/content_801bbb0e-9f00-42ee-b03e-700f907b6386.jpeg\"\n\t\t\tdata-thumbnail=\"https:\/\/archiwum.swietodrzewa.pl\/wp-content\/gallery\/pasza-dla-staruszka\/thumbs\/thumbs_content_801bbb0e-9f00-42ee-b03e-700f907b6386.jpeg\"\n\t\t\tdata-image-id=\"2238\"\n\t\t\tdata-title=\"content_801bbb0e-9f00-42ee-b03e-700f907b6386\"\n\t\t\tdata-description=\"\"\n\t\t\tclass=\"shutterset_8cfcdd98b4068983cde29b73e732dc02\">\n\n\t\t\t<img data-image-id='2238'\n\t\t\t\ttitle=\"\"\n\t\t\t\talt=\"content_801bbb0e-9f00-42ee-b03e-700f907b6386\"\n\t\t\t\tsrc=\"https:\/\/archiwum.swietodrzewa.pl\/wp-content\/gallery\/pasza-dla-staruszka\/content_801bbb0e-9f00-42ee-b03e-700f907b6386.jpeg\"\n\t\t\t\tstyle=\"max-height: 430px;\"\/>\n\t\t<\/a>\n\n\t\t\n\t\t<a href=\"https:\/\/archiwum.swietodrzewa.pl\/wp-content\/gallery\/pasza-dla-staruszka\/big_e6373392-8876-493b-abf7-128e4b0775e0.jpeg\"\n\t\t\ttitle=\"\"\n\t\t\tdata-src=\"https:\/\/archiwum.swietodrzewa.pl\/wp-content\/gallery\/pasza-dla-staruszka\/big_e6373392-8876-493b-abf7-128e4b0775e0.jpeg\"\n\t\t\tdata-thumbnail=\"https:\/\/archiwum.swietodrzewa.pl\/wp-content\/gallery\/pasza-dla-staruszka\/thumbs\/thumbs_big_e6373392-8876-493b-abf7-128e4b0775e0.jpeg\"\n\t\t\tdata-image-id=\"2239\"\n\t\t\tdata-title=\"big_e6373392-8876-493b-abf7-128e4b0775e0\"\n\t\t\tdata-description=\"\"\n\t\t\tclass=\"shutterset_8cfcdd98b4068983cde29b73e732dc02\">\n\n\t\t\t<img data-image-id='2239'\n\t\t\t\ttitle=\"\"\n\t\t\t\talt=\"big_e6373392-8876-493b-abf7-128e4b0775e0\"\n\t\t\t\tsrc=\"https:\/\/archiwum.swietodrzewa.pl\/wp-content\/gallery\/pasza-dla-staruszka\/big_e6373392-8876-493b-abf7-128e4b0775e0.jpeg\"\n\t\t\t\tstyle=\"max-height: 430px;\"\/>\n\t\t<\/a>\n\n\t\t\n\t\t<a href=\"https:\/\/archiwum.swietodrzewa.pl\/wp-content\/gallery\/pasza-dla-staruszka\/IMG_3304.jpg\"\n\t\t\ttitle=\"\"\n\t\t\tdata-src=\"https:\/\/archiwum.swietodrzewa.pl\/wp-content\/gallery\/pasza-dla-staruszka\/IMG_3304.jpg\"\n\t\t\tdata-thumbnail=\"https:\/\/archiwum.swietodrzewa.pl\/wp-content\/gallery\/pasza-dla-staruszka\/thumbs\/thumbs_IMG_3304.jpg\"\n\t\t\tdata-image-id=\"2240\"\n\t\t\tdata-title=\"IMG_3304\"\n\t\t\tdata-description=\"\"\n\t\t\tclass=\"shutterset_8cfcdd98b4068983cde29b73e732dc02\">\n\n\t\t\t<img data-image-id='2240'\n\t\t\t\ttitle=\"\"\n\t\t\t\talt=\"IMG_3304\"\n\t\t\t\tsrc=\"https:\/\/archiwum.swietodrzewa.pl\/wp-content\/gallery\/pasza-dla-staruszka\/IMG_3304.jpg\"\n\t\t\t\tstyle=\"max-height: 430px;\"\/>\n\t\t<\/a>\n\n\t\t\n\t\t<a href=\"https:\/\/archiwum.swietodrzewa.pl\/wp-content\/gallery\/pasza-dla-staruszka\/IMG_3302.jpg\"\n\t\t\ttitle=\"\"\n\t\t\tdata-src=\"https:\/\/archiwum.swietodrzewa.pl\/wp-content\/gallery\/pasza-dla-staruszka\/IMG_3302.jpg\"\n\t\t\tdata-thumbnail=\"https:\/\/archiwum.swietodrzewa.pl\/wp-content\/gallery\/pasza-dla-staruszka\/thumbs\/thumbs_IMG_3302.jpg\"\n\t\t\tdata-image-id=\"2241\"\n\t\t\tdata-title=\"IMG_3302\"\n\t\t\tdata-description=\"\"\n\t\t\tclass=\"shutterset_8cfcdd98b4068983cde29b73e732dc02\">\n\n\t\t\t<img data-image-id='2241'\n\t\t\t\ttitle=\"\"\n\t\t\t\talt=\"IMG_3302\"\n\t\t\t\tsrc=\"https:\/\/archiwum.swietodrzewa.pl\/wp-content\/gallery\/pasza-dla-staruszka\/IMG_3302.jpg\"\n\t\t\t\tstyle=\"max-height: 430px;\"\/>\n\t\t<\/a>\n\n\t\t<\/div>\n\n\nKlub Gaja uratowa\u0142 60 koni, niekt\u00f3re hodowane by\u0142y na mi\u0119so i mia\u0142y trafi\u0107 do rze\u017ani. Nadal potrzebuj\u0105 pomocy. Wymagaj\u0105 szczeg\u00f3lnej opieki i&nbsp;leczenia ze wzgl\u0119du wiek, stan zdrowia, urazy fizyczne i psychiczne. Prosimy o pomoc.<\/p>\n<p><strong>Klub Gaja jest organizacj\u0105 po\u017cytku publicznego.<\/strong> Konie ratujemy tylko dzi\u0119ki hojno\u015bci Darczy\u0144c\u00f3w. Prosimy o pomoc, ka\u017cda wp\u0142ata si\u0119 liczy.<\/p>\n<p>Od pocz\u0105tku dzia\u0142alno\u015bci przyk\u0142ada wielk\u0105 wag\u0119 do praw i dobrostanu zwierz\u0105t oraz ich ochrony. <strong>Doprowadzili\u015bmy do ustanowienia w Polsce&nbsp;Ustawy o ochronie zwierz\u0105t&nbsp;(1997r.)<\/strong>, a prowadzony w niej zapis potwierdza, \u017ce&nbsp;<strong>Zwierz\u0119 nie jest rzecz\u0105<\/strong>.&nbsp;Dla upami\u0119tnienia tego faktu ustanowili\u015bmy&nbsp;<strong>Dzie\u0144 Praw Zwierz\u0105t&nbsp;(22 maja)<\/strong>. Byli\u015bmy pierwsz\u0105 organizacj\u0105 w Polsce, kt\u00f3ra rozpocz\u0119\u0142a kampani\u0119 zwi\u0105zan\u0105 z <strong>transportem \u017cywych zwierz\u0105t, g\u0142\u00f3wnie koni.<\/strong>&nbsp;Dzi\u0119ki og\u00f3lnopolskiej kampanii \u201eZwierz\u0119 nie jest rzecz\u0105\u201d, kt\u00f3r\u0105 rozpocz\u0119li\u015bmy przed 1999 r., poprawi\u0142y si\u0119 warunki transportu, a liczba wywo\u017conych zwierz\u0105t spad\u0142a. Problem sta\u0142 si\u0119 tematem publicznych debat i teraz wiele organizacji zajmuje si\u0119 tym problemem.<\/p>\n<p>Wierzymy, \u017ce uda nam si\u0119 w tym trudnym dla wszystkich czasie dba\u0107 o nasze zwierz\u0119ta jak najlepiej. Potrzebujemy jednak Waszej pomocy. Bez Was zabieg i opieka b\u0119dzie niemo\u017cliwa&#8230;<\/p>\n<p><a href=\"https:\/\/www.ratujemyzwierzaki.pl\/pasza-dla-staruszkow\">LINK DO ZBI\u00d3RKI &gt;&gt;&gt;<\/a><\/p>\n","protected":false},"excerpt":{"rendered":"<p>Nasi ko\u0144scy podopieczni niestety s\u0105 schorowani. Cierpi\u0105 mi\u0119dzy innymi na ko\u0144sk\u0105 astm\u0119, wrzody \u017co\u0142\u0105dka, s\u0105 po przebytym ochwacie. Wszystkie ich schorzenia wymagaj\u0105 specjalistycznego podej\u015bcia i klinicznego oraz zbilansowanego \u017cywienia. W zwi\u0105zku z tym karmione s\u0105 odpowiednimi paszami dostosowanymi do ich indywidualnych potrzeb.<\/p>\n","protected":false},"author":3,"featured_media":14074,"comment_status":"closed","ping_status":"closed","sticky":false,"template":"","format":"standard","meta":{"ngg_post_thumbnail":0},"categories":[26],"tags":[],"_links":{"self":[{"href":"https:\/\/archiwum.swietodrzewa.pl\/index.php?rest_route=\/wp\/v2\/posts\/14071"}],"collection":[{"href":"https:\/\/archiwum.swietodrzewa.pl\/index.php?rest_route=\/wp\/v2\/posts"}],"about":[{"href":"https:\/\/archiwum.swietodrzewa.pl\/index.php?rest_route=\/wp\/v2\/types\/post"}],"author":[{"embeddable":true,"href":"https:\/\/archiwum.swietodrzewa.pl\/index.php?rest_route=\/wp\/v2\/users\/3"}],"replies":[{"embeddable":true,"href":"https:\/\/archiwum.swietodrzewa.pl\/index.php?rest_route=%2Fwp%2Fv2%2Fcomments&post=14071"}],"version-history":[{"count":3,"href":"https:\/\/archiwum.swietodrzewa.pl\/index.php?rest_route=\/wp\/v2\/posts\/14071\/revisions"}],"predecessor-version":[{"id":14082,"href":"https:\/\/archiwum.swietodrzewa.pl\/index.php?rest_route=\/wp\/v2\/posts\/14071\/revisions\/14082"}],"wp:featuredmedia":[{"embeddable":true,"href":"https:\/\/archiwum.swietodrzewa.pl\/index.php?rest_route=\/wp\/v2\/media\/14074"}],"wp:attachment":[{"href":"https:\/\/archiwum.swietodrzewa.pl\/index.php?rest_route=%2Fwp%2Fv2%2Fmedia&parent=14071"}],"wp:term":[{"taxonomy":"category","embeddable":true,"href":"https:\/\/archiwum.swietodrzewa.pl\/index.php?rest_route=%2Fwp%2Fv2%2Fcategories&post=14071"},{"taxonomy":"post_tag","embeddable":true,"href":"https:\/\/archiwum.swietodrzewa.pl\/index.php?rest_route=%2Fwp%2Fv2%2Ftags&post=14071"}],"curies":[{"name":"wp","href":"https:\/\/api.w.org\/{rel}","templated":true}]}}