{"id":14086,"date":"2022-01-31T17:24:19","date_gmt":"2022-01-31T16:24:19","guid":{"rendered":"https:\/\/swietodrzewa.pl\/?p=14086"},"modified":"2022-01-31T17:28:58","modified_gmt":"2022-01-31T16:28:58","slug":"zaglosuj-na-dab-dunin-straznika-puszczy-bialowieskiej","status":"publish","type":"post","link":"https:\/\/archiwum.swietodrzewa.pl\/?p=14086","title":{"rendered":"Zag\u0142osuj na D\u0105b Dunin &#8211; Stra\u017cnika Puszczy Bia\u0142owieskiej!"},"content":{"rendered":"<p><strong>Przez ca\u0142y luty Europejczycy wybiera\u0107 b\u0119d\u0105 najciekawsze drzewo 2022 roku. W organizowanym ju\u017c po raz dwunasty konkursie na Europejskie Drzewo Roku bierze udzia\u0142 szesna\u015bcie drzew z ca\u0142ej Europy, kt\u00f3re zwyci\u0119\u017cy\u0142y w konkursach krajowych. Polsk\u0119 w tym roku reprezentowa\u0142 b\u0119dzie 400-letni D\u0105b Dunin zwany Stra\u017cnikiem Puszczy Bia\u0142owieskiej, kt\u00f3ry zwyci\u0119\u017cy\u0142 w krajowym konkursie Drzewo Roku 2021 organizowanym przez Klubu Gaja. Polska trzykrotnie stawa\u0142a ju\u017c na podium europejskiego konkursu.<\/strong> <strong>O tym, kt\u00f3re drzewo wygra, zadecyduj\u0105 internauci. Zapraszamy do g\u0142osowania na <\/strong><a href=\"https:\/\/www.treeoftheyear.org\/Vote\"><strong>https:\/\/www.treeoftheyear.org\/Vote<\/strong><\/a><!--more--><\/p>\n<p><strong>D\u0105b Dunin zwany Stra\u017cnikiem Puszczy Bia\u0142owieskiej w Przybudkach<\/strong> (gmina Narew w woj. podlaskim), to polski kandydat do tytu\u0142u Europejskiego Drzewa Roku 2022. Legenda g\u0142osi, \u017ce zostawiono go tam, gdzie wyr\u00f3s\u0142 po to, \u017ceby pokaza\u0107, dok\u0105d kiedy\u015b si\u0119ga\u0142a Puszcza Bia\u0142owieska.&nbsp;Dzisiaj ten 400-letni pomnik przyrody to jeden z najbardziej znanych Puszcza\u0144skich Olbrzym\u00f3w \u2013 symbol si\u0142y i pot\u0119gi. Od lat zachwyca swoim pi\u0119knem i jest inspiracj\u0105 dla wielu artyst\u00f3w i spo\u0142ecznik\u00f3w. Tury\u015bci z Polski i z zagranicy przyje\u017cd\u017caj\u0105 tutaj, aby go zobaczy\u0107 i zrobi\u0107 przy nim pami\u0105tkowe zdj\u0119cie. W polskim konkursie organizowanym przez Klub Gaja D\u0105b Dunin zdoby\u0142 blisko 7,5 tysi\u0105ca g\u0142os\u00f3w internaut\u00f3w i zapewni\u0142 sobie zaszczytny tytu\u0142 Drzewa Roku 2021. Czy teraz powt\u00f3rzy ten sukces? Wszystko zale\u017cy od naszych g\u0142os\u00f3w!<\/p>\n<p><strong>&nbsp;<\/strong><a href=\"https:\/\/www.treeoftheyear.org\/PL\"><strong>ZAG\u0141OSUJ NA D\u0104B DUNIN&nbsp; &gt;&gt;&gt;<\/strong><\/a><\/p>\n<p><a href=\"https:\/\/archiwum.swietodrzewa.pl\/?p=13169\"><strong>Przeczytaj wi\u0119cej o D\u0119bie Dunin &gt;&gt;&gt;<\/strong><\/a><\/p>\n<p>\n<div class=\"ngg-galleryoverview ngg-slideshow\"\n\tid=\"ngg-slideshow-1ed07244bf49048f3672c30b4e8ab69f-20180765060\"\n\tdata-gallery-id=\"1ed07244bf49048f3672c30b4e8ab69f\"\n\tstyle=\"max-width: 600px;\n\t\t\tmax-height: 450px;\n\t\t\tdisplay: none;\">\n\n\t\n\t\t<a href=\"https:\/\/archiwum.swietodrzewa.pl\/wp-content\/gallery\/dab-dunin\/szczepan_skibicki.jpeg\"\n\t\t\ttitle=\"\"\n\t\t\tdata-src=\"https:\/\/archiwum.swietodrzewa.pl\/wp-content\/gallery\/dab-dunin\/szczepan_skibicki.jpeg\"\n\t\t\tdata-thumbnail=\"https:\/\/archiwum.swietodrzewa.pl\/wp-content\/gallery\/dab-dunin\/thumbs\/thumbs_szczepan_skibicki.jpeg\"\n\t\t\tdata-image-id=\"2242\"\n\t\t\tdata-title=\"ETY22 web\"\n\t\t\tdata-description=\"\"\n\t\t\tclass=\"shutterset_1ed07244bf49048f3672c30b4e8ab69f\">\n\n\t\t\t<img data-image-id='2242'\n\t\t\t\ttitle=\"\"\n\t\t\t\talt=\"ETY22 web\"\n\t\t\t\tsrc=\"https:\/\/archiwum.swietodrzewa.pl\/wp-content\/gallery\/dab-dunin\/szczepan_skibicki.jpeg\"\n\t\t\t\tstyle=\"max-height: 430px;\"\/>\n\t\t<\/a>\n\n\t\t\n\t\t<a href=\"https:\/\/archiwum.swietodrzewa.pl\/wp-content\/gallery\/dab-dunin\/fot1_tomasz_kaminski_1.jpeg\"\n\t\t\ttitle=\"\"\n\t\t\tdata-src=\"https:\/\/archiwum.swietodrzewa.pl\/wp-content\/gallery\/dab-dunin\/fot1_tomasz_kaminski_1.jpeg\"\n\t\t\tdata-thumbnail=\"https:\/\/archiwum.swietodrzewa.pl\/wp-content\/gallery\/dab-dunin\/thumbs\/thumbs_fot1_tomasz_kaminski_1.jpeg\"\n\t\t\tdata-image-id=\"2243\"\n\t\t\tdata-title=\"ETY22 web\"\n\t\t\tdata-description=\"\"\n\t\t\tclass=\"shutterset_1ed07244bf49048f3672c30b4e8ab69f\">\n\n\t\t\t<img data-image-id='2243'\n\t\t\t\ttitle=\"\"\n\t\t\t\talt=\"ETY22 web\"\n\t\t\t\tsrc=\"https:\/\/archiwum.swietodrzewa.pl\/wp-content\/gallery\/dab-dunin\/fot1_tomasz_kaminski_1.jpeg\"\n\t\t\t\tstyle=\"max-height: 430px;\"\/>\n\t\t<\/a>\n\n\t\t\n\t\t<a href=\"https:\/\/archiwum.swietodrzewa.pl\/wp-content\/gallery\/dab-dunin\/tomasz_kaminski.jpeg\"\n\t\t\ttitle=\"\"\n\t\t\tdata-src=\"https:\/\/archiwum.swietodrzewa.pl\/wp-content\/gallery\/dab-dunin\/tomasz_kaminski.jpeg\"\n\t\t\tdata-thumbnail=\"https:\/\/archiwum.swietodrzewa.pl\/wp-content\/gallery\/dab-dunin\/thumbs\/thumbs_tomasz_kaminski.jpeg\"\n\t\t\tdata-image-id=\"2244\"\n\t\t\tdata-title=\"ETY22 web\"\n\t\t\tdata-description=\"\"\n\t\t\tclass=\"shutterset_1ed07244bf49048f3672c30b4e8ab69f\">\n\n\t\t\t<img data-image-id='2244'\n\t\t\t\ttitle=\"\"\n\t\t\t\talt=\"ETY22 web\"\n\t\t\t\tsrc=\"https:\/\/archiwum.swietodrzewa.pl\/wp-content\/gallery\/dab-dunin\/tomasz_kaminski.jpeg\"\n\t\t\t\tstyle=\"max-height: 430px;\"\/>\n\t\t<\/a>\n\n\t\t\n\t\t<a href=\"https:\/\/archiwum.swietodrzewa.pl\/wp-content\/gallery\/dab-dunin\/zofia_eliza_szewczyk.jpeg\"\n\t\t\ttitle=\"\"\n\t\t\tdata-src=\"https:\/\/archiwum.swietodrzewa.pl\/wp-content\/gallery\/dab-dunin\/zofia_eliza_szewczyk.jpeg\"\n\t\t\tdata-thumbnail=\"https:\/\/archiwum.swietodrzewa.pl\/wp-content\/gallery\/dab-dunin\/thumbs\/thumbs_zofia_eliza_szewczyk.jpeg\"\n\t\t\tdata-image-id=\"2245\"\n\t\t\tdata-title=\"ETY22 web\"\n\t\t\tdata-description=\"\"\n\t\t\tclass=\"shutterset_1ed07244bf49048f3672c30b4e8ab69f\">\n\n\t\t\t<img data-image-id='2245'\n\t\t\t\ttitle=\"\"\n\t\t\t\talt=\"ETY22 web\"\n\t\t\t\tsrc=\"https:\/\/archiwum.swietodrzewa.pl\/wp-content\/gallery\/dab-dunin\/zofia_eliza_szewczyk.jpeg\"\n\t\t\t\tstyle=\"max-height: 430px;\"\/>\n\t\t<\/a>\n\n\t\t\n\t\t<a href=\"https:\/\/archiwum.swietodrzewa.pl\/wp-content\/gallery\/dab-dunin\/malgorzata_pawelczyk.jpeg\"\n\t\t\ttitle=\"\"\n\t\t\tdata-src=\"https:\/\/archiwum.swietodrzewa.pl\/wp-content\/gallery\/dab-dunin\/malgorzata_pawelczyk.jpeg\"\n\t\t\tdata-thumbnail=\"https:\/\/archiwum.swietodrzewa.pl\/wp-content\/gallery\/dab-dunin\/thumbs\/thumbs_malgorzata_pawelczyk.jpeg\"\n\t\t\tdata-image-id=\"2246\"\n\t\t\tdata-title=\"ETY22 web\"\n\t\t\tdata-description=\"\"\n\t\t\tclass=\"shutterset_1ed07244bf49048f3672c30b4e8ab69f\">\n\n\t\t\t<img data-image-id='2246'\n\t\t\t\ttitle=\"\"\n\t\t\t\talt=\"ETY22 web\"\n\t\t\t\tsrc=\"https:\/\/archiwum.swietodrzewa.pl\/wp-content\/gallery\/dab-dunin\/malgorzata_pawelczyk.jpeg\"\n\t\t\t\tstyle=\"max-height: 430px;\"\/>\n\t\t<\/a>\n\n\t\t\n\t\t<a href=\"https:\/\/archiwum.swietodrzewa.pl\/wp-content\/gallery\/dab-dunin\/fot2_tomasz_arciszewski.jpeg\"\n\t\t\ttitle=\"\"\n\t\t\tdata-src=\"https:\/\/archiwum.swietodrzewa.pl\/wp-content\/gallery\/dab-dunin\/fot2_tomasz_arciszewski.jpeg\"\n\t\t\tdata-thumbnail=\"https:\/\/archiwum.swietodrzewa.pl\/wp-content\/gallery\/dab-dunin\/thumbs\/thumbs_fot2_tomasz_arciszewski.jpeg\"\n\t\t\tdata-image-id=\"2247\"\n\t\t\tdata-title=\"ETY22 web\"\n\t\t\tdata-description=\"\"\n\t\t\tclass=\"shutterset_1ed07244bf49048f3672c30b4e8ab69f\">\n\n\t\t\t<img data-image-id='2247'\n\t\t\t\ttitle=\"\"\n\t\t\t\talt=\"ETY22 web\"\n\t\t\t\tsrc=\"https:\/\/archiwum.swietodrzewa.pl\/wp-content\/gallery\/dab-dunin\/fot2_tomasz_arciszewski.jpeg\"\n\t\t\t\tstyle=\"max-height: 430px;\"\/>\n\t\t<\/a>\n\n\t\t<\/div>\n\n\n<strong>Jacek Bo\u017cek<\/strong>, szef Klubu Gaja, komentuje \u2013 \u201eG\u0142osowanie na Dunina &#8211; Stra\u017cnika Puszczy Bia\u0142owieskiej ma w tym momencie historii znaczenie nie tylko symboliczne. Ten niezwyk\u0142y chroniony od setek lat las na naszych oczach zostanie rozdarty przez polityk\u0119 i bezpowrotnie zniszczony. G\u0142osujmy i tam, gdzie to mo\u017cliwe m\u00f3wmy o potrzebie ratowania puszczy przed zasiekami i murami. Oby refleksja nad tym co tracimy nie przysz\u0142a zbyt p\u00f3\u017ano\u201d.<\/p>\n<p>W\u015br\u00f3d kontrkandydat\u00f3w polskiego d\u0119bu do tytu\u0142u Europejskiego Drzewa Roku 2022 znalaz\u0142y si\u0119 ulubione przez lokalne spo\u0142eczno\u015bci drzewa z ca\u0142ej Europy, kt\u00f3re wygra\u0142y w konkursach krajowych. Wszystkie je \u0142\u0105cz\u0105 niezwyk\u0142e historie i fakt, \u017ce s\u0105 wa\u017cn\u0105 cz\u0119\u015bci\u0105 lokalnego \u017cycia i dum\u0105 mieszka\u0144c\u00f3w. <strong>Mamutowiec z Chorwacji<\/strong> jest jednym z najstarszych w Europie, a <strong>mamutowiec z Belgii<\/strong> zosta\u0142 opisany nawet w komiksie. <strong>\u015apiewaj\u0105ca lipa z Czech<\/strong> podobno skrywa zakazane psalmy, ukryte tu w XVII wieku. <strong>Majestatyczna Sosna Kr\u00f3lewska w Estonii<\/strong>, wykie\u0142kowa\u0142a w czasie, gdy szwedzki kr\u00f3l Gustaw Adolf II za\u0142o\u017cy\u0142 uniwersytet w Tartu. <strong>Lipa Tilia z Holandii<\/strong> jest pierwszym drzewem w historii z kontem na Instagramie, gdzie ponad 3 tysi\u0105ce obserwuj\u0105cych ogl\u0105da jej podr\u00f3\u017c przez pory roku. <strong>P\u0142acz\u0105ce sofory japo\u0144skie Teatru Csokonai w Debreczynie<\/strong> stanowi\u0105 lokaln\u0105 ciekawostk\u0119 na <strong>W\u0119grzech<\/strong>, a <strong>Wiekowy Wielki D\u0105b z \u0141otwy<\/strong> przypomina wszystkim, \u017ce ten kraj ma drugie co do wielko\u015bci zag\u0119szczenie wielkich drzew w Europie. <strong>W\u0142oski \u201eKasztan stu koni\u201d<\/strong> jak g\u0142osi legenda, schroni\u0142 przed burz\u0105 sam\u0105 kr\u00f3low\u0105 Joann\u0119 Arago\u0144sk\u0105. Z kolei<strong> rosyjski d\u0105b<\/strong> zwi\u0105zany jest z osob\u0105 wielkiego pisarza Iwana Siergiejewicza Turgieniewa. <strong>S\u0142owacki p\u0142acz\u0105cy d\u0105b \u201eParasol z Wysokich Tatr\u201d, <\/strong>to symbol Starego Smokowca, kt\u00f3rym opiekuj\u0105 si\u0119 ratownicy G\u00f3rskiego Pogotowia Ratunkowego. <strong>Hiszpa\u0144skie Drzewo Wolno\u015bci<\/strong> by\u0142o \u015bwiadkiem Bankietu Demokrat\u00f3w w Conxo w 1856 roku \u2013 rewolucyjnego aktu, kt\u00f3ry potwierdzi\u0142 idea\u0142y nowej Europy: Wolno\u015b\u0107, R\u00f3wno\u015b\u0107 i Braterstwo. <strong>Zjednoczone Kr\u00f3lestwo reprezentuje<\/strong> <strong>Pochylony g\u0142\u00f3g w Kippford<\/strong> &#8211; samotne drzewo strzeg\u0105ce smaganej wiatrem pla\u017cy na szkockim wybrze\u017cu. <strong>Bu\u0142garski d\u0105b<\/strong> <strong>Kolyo<\/strong> nosi imi\u0119 w\u0142a\u015bciciela pola, na kt\u00f3rym ro\u015bnie. <strong>Francuski 300-letni<\/strong> <strong>kasztan jadalny<\/strong> przez lata by\u0142 samotnym drzewem rosn\u0105cym na \u015brodku \u0142\u0105ki, a dzi\u015b jest bardzo popularnym drzewem miejskim. <strong>Portugalski \u201eWielki d\u0105b korkowy<\/strong>\u201d wszystkich zaskakuje swoj\u0105 \u015brednic\u0105 korony.<\/p>\n<p>Zdj\u0119cia i historie wszystkich 16. finalist\u00f3w znajdziemy na stronie g\u0142osowania <a href=\"https:\/\/www.treeoftheyear.org\">https:\/\/www.treeoftheyear.org<\/a><\/p>\n<p>\u201eDzi\u0119ki konkursowi Europejskie Drzewo Roku mo\u017cemy pozna\u0107 i zobaczy\u0107 niezwyk\u0142e skarby przyrody, kultury i historii naszego kontynentu. G\u0142osowanie trwa przez ca\u0142y luty, jednak zwyci\u0119zc\u0119 poznamy dopiero 22 marca podczas ceremonii og\u0142oszenia wynik\u00f3w, gdy\u017c ostatni tydzie\u0144 g\u0142osowania jest tajny. Polska trzykrotnie stawa\u0142a ju\u017c na podium europejskiego konkursu. W 2017 roku tytu\u0142 Europejskiego Drzewa Roku zdoby\u0142 D\u0105b J\u00f3zef z Wi\u015bniowej w woj. podkarpackim, w 2013 roku platan z K\u00f3z w woj. \u015bl\u0105skim zdoby\u0142 2. miejsce, a w 2014 roku na 3. miejscu uplasowa\u0142 si\u0119 D\u0105b Wybickiego w B\u0119dominie w woj. pomorskim. Kt\u00f3re miejsce zdob\u0119dziemy w tym roku zale\u017cy tylko od naszych g\u0142os\u00f3w\u201d \u2013 m\u00f3wi <strong>Jolanta Migda\u0142<\/strong> z Klubu Gaja, koordynatorka konkursu Drzewo Roku.<\/p>\n<p>Organizatorem konkursu Europejskie Drzewo Roku jest Environmental Partnership Association (EPA) z siedzib\u0105 w Brukseli. W ci\u0105gu jedenastu lat konkurs zgromadzi\u0142 ju\u017c ponad 1100 drzew \u2013 \u015bwiadk\u00f3w naszej europejskiej historii i ponad 1100 spo\u0142eczno\u015bci lokalnych dumnych ze swoich skarb\u00f3w przyrody, a tak\u017ce ponad 3 miliony mi\u0142o\u015bnik\u00f3w drzew na ca\u0142ym \u015bwiecie. Co roku w konkursie bierze udzia\u0142 ponad 300 tysi\u0119cy os\u00f3b z ca\u0142ej Europy. W Polsce &nbsp;<a href=\"http:\/\/swietodrzewa.pl\/?page_id=1673\"><strong>konkurs Drzewo Roku<\/strong>&nbsp;<\/a> organizuje&nbsp;Klub Gaja.<\/p>\n<p>Mog\u0105 Pa\u0144stwo pom\u00f3c sadzi\u0107 i chroni\u0107 drzewa przekazuj\u0105c <a href=\"http:\/\/www.klubgaja.pl\/wesprzyj-nas\"><strong>darowizn\u0119<\/strong><\/a> lub <a href=\"https:\/\/archiwum.swietodrzewa.pl\/?page_id=218\"><strong>1% podatku<\/strong><\/a> dla Klubu Gaja. Na stronie Klubu Gaja znajdziecie Pa\u0144stwo&nbsp;<a href=\"https:\/\/www.e-pity.pl\/pity-2021\/akcja-e-life-jeden-procent-2022-KRS-0000120069--32475\"><strong>Bezp\u0142atny Program PIT<\/strong>&nbsp;<\/a>lub w deklaracji podatkowej PIT wystarczy wpisa\u0107 KRS: 0000120069.<\/p>\n","protected":false},"excerpt":{"rendered":"<p>Przez ca\u0142y luty Europejczycy wybiera\u0107 b\u0119d\u0105 najciekawsze drzewo 2022 roku. W organizowanym ju\u017c po raz dwunasty konkursie na Europejskie Drzewo Roku bierze udzia\u0142 szesna\u015bcie drzew z ca\u0142ej Europy, kt\u00f3re zwyci\u0119\u017cy\u0142y w konkursach krajowych. Polsk\u0119 w tym roku reprezentowa\u0142 b\u0119dzie 400-letni D\u0105b Dunin zwany Stra\u017cnikiem Puszczy Bia\u0142owieskiej, kt\u00f3ry zwyci\u0119\u017cy\u0142 w krajowym konkursie Drzewo Roku 2021 organizowanym [&hellip;]<\/p>\n","protected":false},"author":3,"featured_media":14087,"comment_status":"closed","ping_status":"closed","sticky":false,"template":"","format":"standard","meta":{"ngg_post_thumbnail":0},"categories":[24,116],"tags":[],"_links":{"self":[{"href":"https:\/\/archiwum.swietodrzewa.pl\/index.php?rest_route=\/wp\/v2\/posts\/14086"}],"collection":[{"href":"https:\/\/archiwum.swietodrzewa.pl\/index.php?rest_route=\/wp\/v2\/posts"}],"about":[{"href":"https:\/\/archiwum.swietodrzewa.pl\/index.php?rest_route=\/wp\/v2\/types\/post"}],"author":[{"embeddable":true,"href":"https:\/\/archiwum.swietodrzewa.pl\/index.php?rest_route=\/wp\/v2\/users\/3"}],"replies":[{"embeddable":true,"href":"https:\/\/archiwum.swietodrzewa.pl\/index.php?rest_route=%2Fwp%2Fv2%2Fcomments&post=14086"}],"version-history":[{"count":2,"href":"https:\/\/archiwum.swietodrzewa.pl\/index.php?rest_route=\/wp\/v2\/posts\/14086\/revisions"}],"predecessor-version":[{"id":14096,"href":"https:\/\/archiwum.swietodrzewa.pl\/index.php?rest_route=\/wp\/v2\/posts\/14086\/revisions\/14096"}],"wp:featuredmedia":[{"embeddable":true,"href":"https:\/\/archiwum.swietodrzewa.pl\/index.php?rest_route=\/wp\/v2\/media\/14087"}],"wp:attachment":[{"href":"https:\/\/archiwum.swietodrzewa.pl\/index.php?rest_route=%2Fwp%2Fv2%2Fmedia&parent=14086"}],"wp:term":[{"taxonomy":"category","embeddable":true,"href":"https:\/\/archiwum.swietodrzewa.pl\/index.php?rest_route=%2Fwp%2Fv2%2Fcategories&post=14086"},{"taxonomy":"post_tag","embeddable":true,"href":"https:\/\/archiwum.swietodrzewa.pl\/index.php?rest_route=%2Fwp%2Fv2%2Ftags&post=14086"}],"curies":[{"name":"wp","href":"https:\/\/api.w.org\/{rel}","templated":true}]}}