{"id":14103,"date":"2022-02-14T06:42:28","date_gmt":"2022-02-14T05:42:28","guid":{"rendered":"https:\/\/swietodrzewa.pl\/?p=14103"},"modified":"2022-02-14T06:42:28","modified_gmt":"2022-02-14T05:42:28","slug":"dab-dunin-na-czele-trwa-glosowanie-na-europejskie-drzewo-roku-2022","status":"publish","type":"post","link":"https:\/\/archiwum.swietodrzewa.pl\/?p=14103","title":{"rendered":"D\u0105b Dunin na czele! Trwa g\u0142osowanie na Europejskie Drzewo Roku 2022"},"content":{"rendered":"<p><strong>Jeste\u015bmy na p\u00f3\u0142metku g\u0142osowania na Europejskie Drzewo Roku 2022. Prowadzi zwyci\u0119zca polskiej edycji konkursu organizowanego przez Klub Gaja \u2013 D\u0105b Dunin zwany Stra\u017cnikiem Puszczy Bia\u0142owieskiej z ponad 30 tysi\u0105cami g\u0142os\u00f3w internaut\u00f3w! Po pi\u0119tach depcz\u0105 nam Rosjanie i Hiszpanie. Aby utrzyma\u0107 pierwsze miejsce i zwyci\u0119stwo w konkursie, do ko\u0144ca musimy trzyma\u0107 r\u0119k\u0119 na pulsie i g\u0142osowa\u0107 na naszego kandydata na <\/strong><a href=\"https:\/\/www.treeoftheyear.org\/PL\">https:\/\/www.treeoftheyear.org\/PL<\/a><strong> &nbsp;Decyduj\u0105cy b\u0119dzie ostatni tydzie\u0144 plebiscytu, gdy\u017c nie b\u0119dziemy widzieli wtedy, ile g\u0142os\u00f3w maj\u0105 poszczeg\u00f3lne drzewa. G\u0142osowanie trwa do ko\u0144ca lutego, a zwyci\u0119zc\u0119 poznamy 22 marca podczas ceremonii og\u0142oszenia wynik\u00f3w w Brukseli.<\/strong><br \/>\n<!--more--><\/p>\n<p>W tegorocznej edycji konkursu o tytu\u0142 Europejskiego Drzewa Roku walczy 16 drzew z 16. kraj\u00f3w Europy. Nasz reprezentant, 400-letni D\u0105b Dunin z Przybudek w gminie Narew w woj. podlaskim, wygra\u0142 polsk\u0105 edycj\u0119 konkursu Drzewo Roku 2021 organizowanego przez Klub Gaja. Legenda g\u0142osi, \u017ce zostawiono go tam, gdzie wyr\u00f3s\u0142, po to, \u017ceby pokaza\u0107, dok\u0105d kiedy\u015b si\u0119ga\u0142a Puszcza Bia\u0142owieska. To wyj\u0105tkowe drzewo skrad\u0142o serce wielu ludziom. \u201eTo nasza wizyt\u00f3wka\u201d \u2013 m\u00f3wi jeden z mieszka\u0144c\u00f3w Przybudek i ma racj\u0119, bo wielu turyst\u00f3w z Polski i nie tylko przyje\u017cd\u017ca tutaj w\u0142a\u015bnie po to, by go zobaczy\u0107, zrobi\u0107 przy nim pami\u0105tkowe zdj\u0119cie. Dunin to tak\u017ce charakterystyczny punkt spotka\u0144. \u201eDo zobaczenia przy d\u0119bie\u201d \u2013 m\u00f3wili mieszka\u0144cy. By\u0142 i jest te\u017c inspiracj\u0105 dla wielu artyst\u00f3w. Znalaz\u0142 si\u0119 m.in. na ok\u0142adce p\u0142yty \u201eScenariusz\u201d zespo\u0142u Hoyraky. Re\u017cyserka Beata Hy\u017cy-Czo\u0142pi\u0144ska umie\u015bci\u0142a go w filmie \u201eWielkie drzewa\u201d w cyklu reporta\u017cy \u201eCzytanie Puszczy\u201d. Drzewu nada\u0142 nazw\u0119 DUNIN Janusz Korbel \u2013 jeden z tw\u00f3rc\u00f3w ruchu ekologicznego \u2013 na cze\u015b\u0107 bia\u0142oruskiego poety i dramaturga Wincentego Dunina-Marcinkiewicza.<\/p>\n<div id=\"attachment_14104\" style=\"width: 550px\" class=\"wp-caption alignleft\"><a href=\"https:\/\/archiwum.swietodrzewa.pl\/wp-content\/uploads\/2022\/02\/fot.jpg\"><img aria-describedby=\"caption-attachment-14104\" loading=\"lazy\" class=\"size-large wp-image-14104\" src=\"https:\/\/archiwum.swietodrzewa.pl\/wp-content\/uploads\/2022\/02\/fot-1024x768.jpg\" alt=\"\" width=\"540\" height=\"405\" srcset=\"https:\/\/archiwum.swietodrzewa.pl\/wp-content\/uploads\/2022\/02\/fot-1024x768.jpg 1024w, https:\/\/archiwum.swietodrzewa.pl\/wp-content\/uploads\/2022\/02\/fot-300x225.jpg 300w, https:\/\/archiwum.swietodrzewa.pl\/wp-content\/uploads\/2022\/02\/fot-768x576.jpg 768w, https:\/\/archiwum.swietodrzewa.pl\/wp-content\/uploads\/2022\/02\/fot.jpg 1200w\" sizes=\"(max-width: 540px) 100vw, 540px\" \/><\/a><p id=\"caption-attachment-14104\" class=\"wp-caption-text\">D\u0105b Dunin w Przybudkach. Fot. Zofia Eliza Szewczyk<\/p><\/div>\n<p>Dunin-Stra\u017cnik Puszczy ma szans\u0119 dobrze wypa\u015b\u0107 w Konkursie Europejskie Drzewo Roku. Mamy ponad 30 tysi\u0119cy g\u0142os\u00f3w, ale aby my\u015ble\u0107 o zwyci\u0119stwie trzeba mie\u0107 pewnie ok. 100 tysi\u0119cy. Potrzebna jest mobilizacja wszystkich mi\u0142o\u015bnik\u00f3w drzew w Polsce, wsparcie celebryt\u00f3w, popularnych profili facebookowych i instagramowych. Dunin to pi\u0119kne drzewo i warto odda\u0107 na niego sw\u00f3j g\u0142os!!!!&nbsp;\u2013 zach\u0119caj\u0105 do g\u0142osowania <strong>Agnieszka Aleksiejczuk i Tomasz Niechoda<\/strong>, kt\u00f3rzy zg\u0142osili drzewo do polskiej edycji konkursu<\/p>\n<p><a href=\"https:\/\/www.youtube.com\/watch?v=hepmEFjvDFk\">Zobacz film o D\u0119bie Dunin \u2013 Stra\u017cniku Puszczy Bia\u0142owieskiej &gt;&gt;&gt;<\/a><\/p>\n<p><a href=\"https:\/\/www.treeoftheyear.org\/PL\">ZAG\u0141OSUJ NA POLSKIE DRZEWO &gt;&gt;&gt;<\/a><\/p>\n<p>Konkurs Europejskie Drzewo Roku zosta\u0142 zapocz\u0105tkowany w 2011 r. Jego organizatorem jest Environmental&nbsp;Partnership Association (EPA) z siedzib\u0105 w Brukseli. W finale konkursu bior\u0105 udzia\u0142 zwyci\u0119zcy etap\u00f3w krajowych z ca\u0142ej Europy. Polskie drzewa maj\u0105 ju\u017c swoje osi\u0105gni\u0119cia w tym corocznym plebiscycie. W 2017 roku zwyci\u0119zc\u0105 konkursu zosta\u0142 D\u0105b J\u00f3zef z Wi\u015bniowej w woj. podkarpackim. W 2013 roku 2. miejsce zdoby\u0142 Platan z K\u00f3z w woj. \u015bl\u0105skim, a w 2014 roku 3. miejsce w Europie zdoby\u0142 D\u0105b Wybickiego w B\u0119dominie w woj. pomorskim.<\/p>\n<p>W Polsce odbywa si\u0119 ju\u017c 12. edycja <a href=\"https:\/\/archiwum.swietodrzewa.pl\/?page_id=1673\">konkursu Drzewo Roku <\/a>organizowanego przez Klub Gaja. Celem konkursu jest zwr\u00f3cenie uwagi na ciekawe, stare drzewa jako wa\u017cne elementy dziedzictwa przyrodniczego i kulturowego, kt\u00f3re powinni\u015bmy ceni\u0107 i chroni\u0107. W konkursie decyduj\u0105ce nie jest pi\u0119kno, rozmiary, czy te\u017c wiek, ale historia i zwi\u0105zki drzew z lud\u017ami. Ko\u0144cem lutego poznamy 16. finalist\u00f3w tegorocznego konkursu, kt\u00f3rzy ju\u017c w czerwcu powalcz\u0105 o tytu\u0142 Drzewa Roku 2022 w Polsce, a zwyci\u0119zca b\u0119dzie reprezentowa\u0142 Polsk\u0119 w konkursie europejskim w 2023 roku.<\/p>\n<p>Mog\u0105 Pa\u0144stwo pom\u00f3c sadzi\u0107 i chroni\u0107 drzewa przekazuj\u0105c <a href=\"http:\/\/www.klubgaja.pl\/wesprzyj-nas\"><strong>darowizn\u0119<\/strong><\/a> lub <a href=\"https:\/\/www.e-pity.pl\/pity-2021\/akcja-e-life-jeden-procent-2022-KRS-0000120069--32475#\/home\"><strong>1% podatku<\/strong><\/a> dla Klubu Gaja. Na stronie Klubu Gaja znajdziecie Pa\u0144stwo&nbsp;<a href=\"https:\/\/www.e-pity.pl\/pity-2021\/akcja-e-life-jeden-procent-2022-KRS-0000120069--32475\">Bezp\u0142atny Program PIT&nbsp;<\/a>lub w deklaracji podatkowej PIT wystarczy wpisa\u0107 KRS: 0000120069.<\/p>\n<p><strong>Na zdj\u0119ciu:<\/strong> D\u0105b Dunin w Przybudkach. Fot. \u2013 Klub Gaja \/Zofia Eliza Szewczyk<\/p>\n","protected":false},"excerpt":{"rendered":"<p>Jeste\u015bmy na p\u00f3\u0142metku g\u0142osowania na Europejskie Drzewo Roku 2022. Prowadzi zwyci\u0119zca polskiej edycji konkursu organizowanego przez Klub Gaja \u2013 D\u0105b Dunin zwany Stra\u017cnikiem Puszczy Bia\u0142owieskiej z ponad 30 tysi\u0105cami g\u0142os\u00f3w internaut\u00f3w! Po pi\u0119tach depcz\u0105 nam Rosjanie i Hiszpanie. Aby utrzyma\u0107 pierwsze miejsce i zwyci\u0119stwo w konkursie, do ko\u0144ca musimy trzyma\u0107 r\u0119k\u0119 na pulsie i g\u0142osowa\u0107 [&hellip;]<\/p>\n","protected":false},"author":3,"featured_media":14104,"comment_status":"closed","ping_status":"closed","sticky":false,"template":"","format":"standard","meta":{"ngg_post_thumbnail":0},"categories":[116],"tags":[],"_links":{"self":[{"href":"https:\/\/archiwum.swietodrzewa.pl\/index.php?rest_route=\/wp\/v2\/posts\/14103"}],"collection":[{"href":"https:\/\/archiwum.swietodrzewa.pl\/index.php?rest_route=\/wp\/v2\/posts"}],"about":[{"href":"https:\/\/archiwum.swietodrzewa.pl\/index.php?rest_route=\/wp\/v2\/types\/post"}],"author":[{"embeddable":true,"href":"https:\/\/archiwum.swietodrzewa.pl\/index.php?rest_route=\/wp\/v2\/users\/3"}],"replies":[{"embeddable":true,"href":"https:\/\/archiwum.swietodrzewa.pl\/index.php?rest_route=%2Fwp%2Fv2%2Fcomments&post=14103"}],"version-history":[{"count":1,"href":"https:\/\/archiwum.swietodrzewa.pl\/index.php?rest_route=\/wp\/v2\/posts\/14103\/revisions"}],"predecessor-version":[{"id":14105,"href":"https:\/\/archiwum.swietodrzewa.pl\/index.php?rest_route=\/wp\/v2\/posts\/14103\/revisions\/14105"}],"wp:featuredmedia":[{"embeddable":true,"href":"https:\/\/archiwum.swietodrzewa.pl\/index.php?rest_route=\/wp\/v2\/media\/14104"}],"wp:attachment":[{"href":"https:\/\/archiwum.swietodrzewa.pl\/index.php?rest_route=%2Fwp%2Fv2%2Fmedia&parent=14103"}],"wp:term":[{"taxonomy":"category","embeddable":true,"href":"https:\/\/archiwum.swietodrzewa.pl\/index.php?rest_route=%2Fwp%2Fv2%2Fcategories&post=14103"},{"taxonomy":"post_tag","embeddable":true,"href":"https:\/\/archiwum.swietodrzewa.pl\/index.php?rest_route=%2Fwp%2Fv2%2Ftags&post=14103"}],"curies":[{"name":"wp","href":"https:\/\/api.w.org\/{rel}","templated":true}]}}