{"id":14113,"date":"2022-02-25T06:37:21","date_gmt":"2022-02-25T05:37:21","guid":{"rendered":"https:\/\/swietodrzewa.pl\/?p=14113"},"modified":"2022-02-25T06:40:00","modified_gmt":"2022-02-25T05:40:00","slug":"zaglosuj-na-dab-dunin-ostatnie-dni-plebiscytu-na-europejskie-drzewo-roku","status":"publish","type":"post","link":"https:\/\/archiwum.swietodrzewa.pl\/?p=14113","title":{"rendered":"Zag\u0142osuj na D\u0105b Dunin! Ostatnie dni plebiscytu na Europejskie Drzewo Roku"},"content":{"rendered":"<p><strong>Tylko do ko\u0144ca lutego mo\u017cemy powalczy\u0107 o tytu\u0142 Europejskiego Drzewa Roku 2022 oddaj\u0105c sw\u00f3j g\u0142os na polskie drzewo na <\/strong><a href=\"https:\/\/www.treeoftheyear.org\/PL\">https:\/\/www.treeoftheyear.org\/PL<\/a><strong><br \/>\nObecnie na stronie plebiscytu nie mo\u017cemy ju\u017c zobaczy\u0107, ile g\u0142os\u00f3w maj\u0105 poszczeg\u00f3lne drzewa. Przed utajnieniem wynik\u00f3w nasz kandydat \u2013 D\u0105b Dunin zwany Stra\u017cnikiem Puszczy Bia\u0142owieskiej zajmowa\u0142 1. miejsce z blisko 148 tysi\u0105cami g\u0142os\u00f3w. Tu\u017c za nami drzewo z Hiszpanii z blisko 130 tysi\u0105cami g\u0142os\u00f3w. Na trzecim miejscu drzewo z Portugalii z ponad 52 tysi\u0105cami g\u0142os\u00f3w. Pozostali konkurenci pozostali daleko w tyle. Wszystko mo\u017ce si\u0119 jeszcze jednak zmieni\u0107. Kt\u00f3re z drzew wygra zale\u017cy tylko od nas. Klub Gaja zach\u0119ca do g\u0142osowania. Liczy si\u0119 ka\u017cdy g\u0142os!<\/strong><!--more--><\/p>\n<p>Polski kandydat do tytu\u0142u Europejskiego Drzewa Roku 2022 to D\u0105b Dunin w Przybudkach w gminie Narew w woj. podlaskim. Legenda g\u0142osi, \u017ce zostawiono go tam, gdzie wyr\u00f3s\u0142, \u017ceby pokaza\u0107, dok\u0105d kiedy\u015b si\u0119ga\u0142a Puszcza Bia\u0142owieska. Dzisiaj ten 400-letni pomnik przyrody to jeden z najbardziej znanych Puszcza\u0144skich Olbrzym\u00f3w \u2013 symbol si\u0142y i pot\u0119gi. &nbsp;Od lat zachwyca swoim pi\u0119knem i jest inspiracj\u0105 dla wielu artyst\u00f3w i spo\u0142ecznik\u00f3w. Tury\u015bci z Polski i z zagranicy przyje\u017cd\u017caj\u0105 tutaj, aby go zobaczy\u0107 i zrobi\u0107 przy nim pami\u0105tkowe zdj\u0119cie. W 2021 roku D\u0105b Dunin wygra\u0142 polsk\u0105 edycj\u0119 konkursu Drzewo Roku organizowanego przez Klub Gaja. Tym samym zapewni\u0142 sobie udzia\u0142 w konkursie europejskim wraz z 15. innymi finalistami konkurs\u00f3w krajowych z ca\u0142ej Europy. G\u0142osowanie trwa do ko\u0144ca lutego, a zwyci\u0119zc\u0119 poznamy 22 marca podczas ceremonii og\u0142oszenia wynik\u00f3w w Brukseli. <a href=\"https:\/\/archiwum.swietodrzewa.pl\/wp-content\/uploads\/2022\/02\/fot.jpeg\"><img loading=\"lazy\" class=\"alignleft size-full wp-image-14114\" src=\"https:\/\/archiwum.swietodrzewa.pl\/wp-content\/uploads\/2022\/02\/fot.jpeg\" alt=\"\" width=\"1200\" height=\"900\" srcset=\"https:\/\/archiwum.swietodrzewa.pl\/wp-content\/uploads\/2022\/02\/fot.jpeg 1200w, https:\/\/archiwum.swietodrzewa.pl\/wp-content\/uploads\/2022\/02\/fot-300x225.jpeg 300w, https:\/\/archiwum.swietodrzewa.pl\/wp-content\/uploads\/2022\/02\/fot-1024x768.jpeg 1024w, https:\/\/archiwum.swietodrzewa.pl\/wp-content\/uploads\/2022\/02\/fot-768x576.jpeg 768w\" sizes=\"(max-width: 1200px) 100vw, 1200px\" \/><\/a><\/p>\n<p>&nbsp;<\/p>\n<p>\u201eW tegorocznym konkursie na Europejskie Drzewo Roku polscy internauci jak do tej pory nie zawiedli. Do momentu utajnienia g\u0142os\u00f3w D\u0105b Dunin ca\u0142y czas prowadzi\u0142, wyprzedzaj\u0105c pozosta\u0142ych 15. konkurent\u00f3w z ca\u0142ej Europy. Przed nami ostatnia prosta i ostatnia szansa, aby wesprze\u0107 naszego Olbrzyma!&nbsp; W plebiscycie wybieramy dwa naszym zdaniem najciekawsze drzewa. Mo\u017cemy zag\u0142osowa\u0107 tylko raz z jednego adresu e-mail. Koniecznie te\u017c musimy potwierdzi\u0107 oddany g\u0142os, klikaj\u0105c w link w otrzymanej wiadomo\u015bci na nasz\u0105 skrzynk\u0119 pocztow\u0105. Zach\u0119cajmy te\u017c naszych przyjaci\u00f3\u0142 do g\u0142osowania i promujmy nasze pi\u0119kne polskie drzewo!\u201d \u2013 m\u00f3wi <strong>Jolanta Migda\u0142<\/strong> z Klubu Gaja, koordynatorka konkursu Drzewo Roku.<\/p>\n<p>&nbsp;<a href=\"https:\/\/www.treeoftheyear.org\/PL\">ZAG\u0141OSUJ NA POLSKIE DRZEWO &gt;&gt;&gt;<\/a><\/p>\n<p>Organizatorem konkursu Europejskie Drzewo Roku jest Environmental Partnership Association (EPA) z siedzib\u0105 w Brukseli. W ci\u0105gu jedenastu lat konkurs zgromadzi\u0142 ju\u017c ponad 1100 drzew \u2013 \u015bwiadk\u00f3w naszej europejskiej historii i ponad 1100 spo\u0142eczno\u015bci lokalnych dumnych ze swoich skarb\u00f3w przyrody, a tak\u017ce ponad 3 miliony mi\u0142o\u015bnik\u00f3w drzew na ca\u0142ym \u015bwiecie. Co roku w konkursie bierze udzia\u0142 ponad 300 tysi\u0119cy os\u00f3b z ca\u0142ej Europy. W Polsce&nbsp; <a href=\"http:\/\/swietodrzewa.pl\/?page_id=1673\"><strong>konkurs Drzewo Roku<\/strong>&nbsp;<\/a> organizuje&nbsp;Klub Gaja. W ten spos\u00f3b chcemy zwraca\u0107 uwag\u0119 na ciekawe, stare drzewa jako wa\u017cne elementy dziedzictwa przyrodniczego i kulturowego, kt\u00f3re powinni\u015bmy ceni\u0107 i chroni\u0107.<\/p>\n<p>Mog\u0105 Pa\u0144stwo pom\u00f3c sadzi\u0107 i chroni\u0107 drzewa przekazuj\u0105c <a href=\"http:\/\/www.klubgaja.pl\/wesprzyj-nas\"><strong>darowizn\u0119<\/strong><\/a> lub <a href=\"https:\/\/www.e-pity.pl\/pity-2021\/akcja-e-life-jeden-procent-2022-KRS-0000120069--32475\">1% podatku<\/a> dla Klubu Gaja. Na stronie Klubu Gaja znajdziecie Pa\u0144stwo&nbsp;<a href=\"https:\/\/www.e-pity.pl\/pity-2021\/akcja-e-life-jeden-procent-2022-KRS-0000120069--32475\">Bezp\u0142atny Program PIT&nbsp;<\/a>lub w deklaracji podatkowej PIT wystarczy wpisa\u0107 KRS: 0000120069.<\/p>\n<p><strong>Na zdj\u0119ciu: D\u0105b Dunin w Przybudkach. Fot. \u2013 Klub Gaja \/Tomasz Arciszewski<\/strong><\/p>\n","protected":false},"excerpt":{"rendered":"<p>Tylko do ko\u0144ca lutego mo\u017cemy powalczy\u0107 o tytu\u0142 Europejskiego Drzewa Roku 2022 oddaj\u0105c sw\u00f3j g\u0142os na polskie drzewo na https:\/\/www.treeoftheyear.org\/PL Obecnie na stronie plebiscytu nie mo\u017cemy ju\u017c zobaczy\u0107, ile g\u0142os\u00f3w maj\u0105 poszczeg\u00f3lne drzewa. Przed utajnieniem wynik\u00f3w nasz kandydat \u2013 D\u0105b Dunin zwany Stra\u017cnikiem Puszczy Bia\u0142owieskiej zajmowa\u0142 1. miejsce z blisko 148 tysi\u0105cami g\u0142os\u00f3w. Tu\u017c za [&hellip;]<\/p>\n","protected":false},"author":3,"featured_media":14114,"comment_status":"closed","ping_status":"closed","sticky":false,"template":"","format":"standard","meta":{"ngg_post_thumbnail":0},"categories":[1],"tags":[],"_links":{"self":[{"href":"https:\/\/archiwum.swietodrzewa.pl\/index.php?rest_route=\/wp\/v2\/posts\/14113"}],"collection":[{"href":"https:\/\/archiwum.swietodrzewa.pl\/index.php?rest_route=\/wp\/v2\/posts"}],"about":[{"href":"https:\/\/archiwum.swietodrzewa.pl\/index.php?rest_route=\/wp\/v2\/types\/post"}],"author":[{"embeddable":true,"href":"https:\/\/archiwum.swietodrzewa.pl\/index.php?rest_route=\/wp\/v2\/users\/3"}],"replies":[{"embeddable":true,"href":"https:\/\/archiwum.swietodrzewa.pl\/index.php?rest_route=%2Fwp%2Fv2%2Fcomments&post=14113"}],"version-history":[{"count":2,"href":"https:\/\/archiwum.swietodrzewa.pl\/index.php?rest_route=\/wp\/v2\/posts\/14113\/revisions"}],"predecessor-version":[{"id":14116,"href":"https:\/\/archiwum.swietodrzewa.pl\/index.php?rest_route=\/wp\/v2\/posts\/14113\/revisions\/14116"}],"wp:featuredmedia":[{"embeddable":true,"href":"https:\/\/archiwum.swietodrzewa.pl\/index.php?rest_route=\/wp\/v2\/media\/14114"}],"wp:attachment":[{"href":"https:\/\/archiwum.swietodrzewa.pl\/index.php?rest_route=%2Fwp%2Fv2%2Fmedia&parent=14113"}],"wp:term":[{"taxonomy":"category","embeddable":true,"href":"https:\/\/archiwum.swietodrzewa.pl\/index.php?rest_route=%2Fwp%2Fv2%2Fcategories&post=14113"},{"taxonomy":"post_tag","embeddable":true,"href":"https:\/\/archiwum.swietodrzewa.pl\/index.php?rest_route=%2Fwp%2Fv2%2Ftags&post=14113"}],"curies":[{"name":"wp","href":"https:\/\/api.w.org\/{rel}","templated":true}]}}