{"id":14142,"date":"2022-03-03T11:36:19","date_gmt":"2022-03-03T10:36:19","guid":{"rendered":"https:\/\/swietodrzewa.pl\/?p=14142"},"modified":"2022-03-03T11:41:14","modified_gmt":"2022-03-03T10:41:14","slug":"o-sensie-zycia-i-modelach-przetrwania","status":"publish","type":"post","link":"https:\/\/archiwum.swietodrzewa.pl\/?p=14142","title":{"rendered":"O sensie \u017cycia i modelach przetrwania"},"content":{"rendered":"<p><strong>Podcast powsta\u0142 przed atakiem zbrojnym Rosji na Ukrain\u0119 24 lutego 2022 roku, dlatego chcieli\u015bmy doda\u0107, \u017ce ROZMOWY Z BO\u017bKIEM i Klub Gaja s\u0105 SOLIDARNE Z UKRAIN\u0104!<\/strong><!--more--><\/p>\n<p>W rozmowie z Jackiem Bo\u017ckiem, Jakub Wygna\u0144ski przytacza dialog o sensie \u017cycia prowadzony przez dwa dro\u017cd\u017ce. Rozmawiaj\u0105 o z\u0142ym odczytaniu tego, jak czyni\u0107 sobie ziemi\u0119 poddan\u0105, o ograniczeniu apetytu i globalnym kompakcie, o czterech modelach przetrwania, ub\u00f3stwie energetycznym, utopii i patologicznej formie wsp\u00f3lnoty.&nbsp;<\/p>\n<p>Jakub Wygna\u0144ski&nbsp; jest socjologiem, dzia\u0142aczem i wsp\u00f3\u0142tw\u00f3rc\u0105 organizacji pozarz\u0105dowych. Absolwentem Uniwersytetu Warszawskiego, stypendyst\u0105 Uniwersytetu Yale i dzia\u0142aczem opozycji demokratycznej w latach 80. Uczestniczy\u0142 w rozmowach Okr\u0105g\u0142ego Sto\u0142u. Jeden z animator\u00f3w ruchu organizacji pozarz\u0105dowych w Polsce od pocz\u0105tku lat 90. Za\u0142o\u017cyciel i obecnie Prezes Zarz\u0105du Pracowni Bada\u0144 i Innowacji Spo\u0142ecznych STOCZNIA.<\/p>\n<p><strong><a href=\"https:\/\/archiwum.swietodrzewa.pl\/wp-content\/uploads\/2022\/03\/jakub-insta-scaled.jpg\"><img loading=\"lazy\" class=\"alignleft size-medium wp-image-14143\" src=\"https:\/\/archiwum.swietodrzewa.pl\/wp-content\/uploads\/2022\/03\/jakub-insta-300x283.jpg\" alt=\"\" width=\"300\" height=\"283\" srcset=\"https:\/\/archiwum.swietodrzewa.pl\/wp-content\/uploads\/2022\/03\/jakub-insta-300x283.jpg 300w, https:\/\/archiwum.swietodrzewa.pl\/wp-content\/uploads\/2022\/03\/jakub-insta-1024x965.jpg 1024w, https:\/\/archiwum.swietodrzewa.pl\/wp-content\/uploads\/2022\/03\/jakub-insta-768x724.jpg 768w, https:\/\/archiwum.swietodrzewa.pl\/wp-content\/uploads\/2022\/03\/jakub-insta-1536x1447.jpg 1536w, https:\/\/archiwum.swietodrzewa.pl\/wp-content\/uploads\/2022\/03\/jakub-insta-2048x1930.jpg 2048w\" sizes=\"(max-width: 300px) 100vw, 300px\" \/><\/a><a href=\"https:\/\/open.spotify.com\/episode\/3LTW3jH0UFxzvssoECcVQa\">POS\u0141UCHAJ PODCASTU Z JAKUBEM WYGNA\u0143SKIM &gt;&gt;<\/a><\/strong><\/p>\n<p><strong>Poprzednie odcinki podcastu \u201eRozmowy z Bo\u017ckiem\u201d<\/strong><\/p>\n<p><a href=\"https:\/\/open.spotify.com\/episode\/4bQTvnEp6fNXn1S8M20cJt\"><strong>Rozmowa z Beat\u0105 Tarnawa i Mi\u0142os\u0142aw\u0105 Bo\u017cek &gt;&gt;&gt;<\/strong><\/a><\/p>\n<p>O Magurce, powrocie do korzeni Klubu Gaja, o ta\u0144cu butoh, wycieczek zak\u0142adowych i do zmian, na kt\u00f3re Klub Gaja jest zawsze przygotowany.<\/p>\n<p><a href=\"https:\/\/open.spotify.com\/episode\/6qeMf63DoCP9MbfPfNkDtE\"><strong>Rozmowa z Ma\u0142gorzat\u0105 Sporek-Czy\u017cewsk\u0105 &nbsp;&gt;&gt;&gt;<\/strong><\/a><strong> edukatork\u0105, aktork\u0105, archiwistk\u0105 spo\u0142eczn\u0105 <\/strong><\/p>\n<p>O Mi\u0142oszu, jego dziadku, Litwie i Niewia\u017cy, \u015awi\u0119tym Brodzie, mitach i ba\u015bniach, sztuce jako medium, o jaszczurce zapowiadaj\u0105cej go\u015bci, Guciu zaczarowanym i wracamy do muchy sprzed odcinka.<\/p>\n<p><a href=\"https:\/\/open.spotify.com\/episode\/2nVMO9uxsllsa5q4bFVAJw\"><strong>Rozmowa z Bar\u0142omiejem Top\u0105&nbsp; &gt;&gt;&gt;<\/strong><\/a><strong> aktorem<\/strong><\/p>\n<p>O chodzeniu na bosaka, multiplikacji rzeczywisto\u015bci, niezb\u0119dnym szacunku, jaskiniach i skalnej bryzie, a na koniec przypowie\u015bci o Bogu i muszce, i pu\u0142apce jogina.<\/p>\n<p><a href=\"https:\/\/open.spotify.com\/episode\/4PZnFSy3VaZFmHCbelcXhW\"><strong>Rozmowa z Juli\u0105 Mafald\u0105 &gt;&gt;&gt; podr\u00f3\u017cniczk\u0105, fotografk\u0105, dziennikark\u0105 i aktywistk\u0105 <\/strong><\/a><strong>&nbsp;<\/strong><\/p>\n<p>O g\u0105bkach konopnych, post hipisach, po\u0142\u0105czeniu serca i biznesu oraz wp\u0142ywie influencer\u00f3w.<\/p>\n<p><a href=\"https:\/\/open.spotify.com\/episode\/1Gpwkw4EonR51vMPme9RvU\"><strong>Rozmowa z Jackiem Jakubowskim&nbsp; &gt;&gt;&gt;&nbsp; psychologiem, trenerem, mentorem i super wizorem coachingu <\/strong><\/a><strong>&nbsp;<\/strong><\/p>\n<p>O \u015bwiadomo\u015bci, oderwaniu i byciu, unikaniu szko\u0142y ucz\u0105cej nudy, mentoringu pokory i micie \u201e\u017ce, kiedy\u015b by\u0142o lepiej\u201d.<\/p>\n<p><a href=\"https:\/\/open.spotify.com\/episode\/4qX3q5rO9ZDgmS9FN2ZUOm\"><strong>Rozmowa z Ew\u0105 Ciepielewsk\u0105&nbsp; &gt;&gt;&gt;&nbsp; malark\u0105, performerk\u0105, aktywisytk\u0105 i mi\u0142o\u015bniczk\u0105 przyrody<\/strong><\/a><\/p>\n<p>O osobowo\u015bci Wis\u0142y, j\u0119zyku flisak\u00f3w, m\u0142odzie\u0144cu z zubo\u017ca\u0142ej szlachty i magicznym towarzystwie padalc\u00f3w.<\/p>\n<p><a href=\"https:\/\/open.spotify.com\/episode\/6HxVUkf71YAPoWjSp350me\"><strong>Rozmowa z Maciejem Podym\u0105&nbsp; &gt;&gt;&gt; Panem \u0141\u0105k\u0105<\/strong><\/a><\/p>\n<p>O rodzinnych pasjach, syndromie czystej szyby, starych jab\u0142kowych sadach i nie zawracaniu dupy.<\/p>\n<p><a href=\"https:\/\/open.spotify.com\/episode\/6NEfGWdXCfxgWrg6lQZ9AI\"><strong>Rozmowa z Iwon\u0105 Pawliczk\u0105 &gt;&gt;&gt;<\/strong>&nbsp; <strong>oceanografk\u0105, biolo\u017ck\u0105 morza<\/strong><\/a><\/p>\n<p>O znaczeniu morza uto\u017csamianym z pocz\u0105tkiem \u017cycia, nieuchronnej zmianie oraz pok\u0142adanej w niej nadziei i mocy zakl\u0119tej w poca\u0142unku foki.<\/p>\n<p><a href=\"https:\/\/open.spotify.com\/episode\/0LaskyOta0TKVmcDiaZELK\"><strong>Rozmowa z Krzysztofem Czy\u017cewskim &gt;&gt;&gt; pisarzem, poet\u0105, re\u017cyserem, animatorem dzia\u0142a\u0144 mi\u0119dzykulturowych <\/strong><\/a><\/p>\n<p>O g\u0142osie Gai &#8211; Ziemi i jej kobiecym pierwiastku, wewn\u0119trznym krzyku wojownika, od kt\u00f3rego si\u0119 tak wiele nauczyli.<\/p>\n<p>Premiery odcink\u00f3w podcastu \u201eRozmowy z Bo\u017ckiem\u201d b\u0119d\u0105 dost\u0119pne co dwa tygodnie, we wtorki, na platformach: <a href=\"https:\/\/open.spotify.com\/show\/0SWcy6Jd2l5A1y30e7nPLz\">Spotify<\/a>, <a href=\"https:\/\/anchor.fm\/rozmowy-z-bozkiem\">Anchor<\/a>, <a href=\"https:\/\/podcasts.google.com\/feed\/aHR0cHM6Ly9hbmNob3IuZm0vcy83MGEyOGE5NC9wb2RjYXN0L3Jzcw\">Google Podcasts<\/a>&nbsp;i <a href=\"https:\/\/podcasts.apple.com\/us\/podcast\/rozmowy-z-bo%C5%BCkiem\/id1592528506\">Apple Podcasts<\/a>. Mo\u017cesz wesprze\u0107 realizacj\u0119 podcast\u00f3w na portalu <a href=\"https:\/\/patronite.pl\/rozmowyzbozkiem?podglad-autora\">Patronite<\/a> .<\/p>\n<p>Pierwszych 19 odcink\u00f3w podcastu powstaje dzi\u0119ki wsparciu z dotacji programu Aktywni Obywatele &#8211; Fundusz Krajowy, finansowanego z Funduszy EOG.<\/p>\n<p>&nbsp;<\/p>\n","protected":false},"excerpt":{"rendered":"<p>Podcast powsta\u0142 przed atakiem zbrojnym Rosji na Ukrain\u0119 24 lutego 2022 roku, dlatego chcieli\u015bmy doda\u0107, \u017ce ROZMOWY Z BO\u017bKIEM i Klub Gaja s\u0105 SOLIDARNE Z UKRAIN\u0104!<\/p>\n","protected":false},"author":3,"featured_media":14143,"comment_status":"closed","ping_status":"closed","sticky":false,"template":"","format":"standard","meta":{"ngg_post_thumbnail":0},"categories":[1],"tags":[],"_links":{"self":[{"href":"https:\/\/archiwum.swietodrzewa.pl\/index.php?rest_route=\/wp\/v2\/posts\/14142"}],"collection":[{"href":"https:\/\/archiwum.swietodrzewa.pl\/index.php?rest_route=\/wp\/v2\/posts"}],"about":[{"href":"https:\/\/archiwum.swietodrzewa.pl\/index.php?rest_route=\/wp\/v2\/types\/post"}],"author":[{"embeddable":true,"href":"https:\/\/archiwum.swietodrzewa.pl\/index.php?rest_route=\/wp\/v2\/users\/3"}],"replies":[{"embeddable":true,"href":"https:\/\/archiwum.swietodrzewa.pl\/index.php?rest_route=%2Fwp%2Fv2%2Fcomments&post=14142"}],"version-history":[{"count":3,"href":"https:\/\/archiwum.swietodrzewa.pl\/index.php?rest_route=\/wp\/v2\/posts\/14142\/revisions"}],"predecessor-version":[{"id":14147,"href":"https:\/\/archiwum.swietodrzewa.pl\/index.php?rest_route=\/wp\/v2\/posts\/14142\/revisions\/14147"}],"wp:featuredmedia":[{"embeddable":true,"href":"https:\/\/archiwum.swietodrzewa.pl\/index.php?rest_route=\/wp\/v2\/media\/14143"}],"wp:attachment":[{"href":"https:\/\/archiwum.swietodrzewa.pl\/index.php?rest_route=%2Fwp%2Fv2%2Fmedia&parent=14142"}],"wp:term":[{"taxonomy":"category","embeddable":true,"href":"https:\/\/archiwum.swietodrzewa.pl\/index.php?rest_route=%2Fwp%2Fv2%2Fcategories&post=14142"},{"taxonomy":"post_tag","embeddable":true,"href":"https:\/\/archiwum.swietodrzewa.pl\/index.php?rest_route=%2Fwp%2Fv2%2Ftags&post=14142"}],"curies":[{"name":"wp","href":"https:\/\/api.w.org\/{rel}","templated":true}]}}