{"id":14176,"date":"2022-03-31T13:55:38","date_gmt":"2022-03-31T11:55:38","guid":{"rendered":"https:\/\/swietodrzewa.pl\/?p=14176"},"modified":"2022-03-31T14:52:36","modified_gmt":"2022-03-31T12:52:36","slug":"czarodziejskie-drzewa-2022","status":"publish","type":"post","link":"https:\/\/archiwum.swietodrzewa.pl\/?p=14176","title":{"rendered":"Czarodziejskie Drzewa 2022"},"content":{"rendered":"<p><strong>Klub Gaja nagrodzi\u0142 najbardziej aktywnych uczestnik\u00f3w 19. edycji \u015awi\u0119ta Drzewa, kt\u00f3ra tym razem przebiega\u0142a si\u0119 pod has\u0142em \u2013 Dla przyrody!<\/strong><strong>&nbsp;<\/strong><strong>Wzi\u0119\u0142o w niej udzia\u0142 23 tysi\u0105ce os\u00f3b z ponad 240 podmiot\u00f3w w ca\u0142ym kraju \u2013 plac\u00f3wek o\u015bwiatowych, urz\u0119d\u00f3w gmin i miast, nadle\u015bnictw, stowarzysze\u0144, firm, a tak\u017ce os\u00f3b prywatnych. Do licznika dopisali\u015bmy blisko 61 tysi\u0119cy posadzonych drzew i krzew\u00f3w. Zbudowali\u015bmy tak\u017ce 74 budki l\u0119gowe dla ptak\u00f3w, owad\u00f3w, nietoperzy i wiewi\u00f3rek!<\/strong> <strong>Wszystkim uczestnik\u00f3w serdecznie dzi\u0119kujemy za kolejny rok wsp\u00f3lnej pracy dla Ziemi!<\/strong><!--more--><\/p>\n<p>Celem programu \u015awi\u0119to Drzewa organizowanego przez Klub Gaja od 2003 roku jest edukacja dla rozwoju zr\u00f3wnowa\u017conego i podnoszenie \u015bwiadomo\u015bci ekologicznej spo\u0142ecze\u0144stwa w zakresie ochrony \u015brodowiska i zmian klimatu, poparta konkretnymi dzia\u0142aniami \u2013 sadzeniem i ochron\u0105 drzew.&nbsp;Co roku uczestnicy podejmuj\u0105 wiele r\u00f3\u017cnorodnych dzia\u0142a\u0144 w ramach \u015awi\u0119ta Drzewa &#8211; organizuj\u0105 lokalne akcje sadzenia drzew, krzew\u00f3w i bylin rodzimych gatunk\u00f3w, przyjaznych dla zwierz\u0105t (miododajnych, owocowych), buduj\u0105 schronienia i budki l\u0119gowe dla owad\u00f3w zapylaj\u0105cych, ptak\u00f3w i ma\u0142ych ssak\u00f3w, organizuj\u0105 r\u00f3\u017cnorodne zaj\u0119cia edukacyjne po\u015bwi\u0119cone drzewom, takie jak gry terenowe, zabawy, konkursy, pikniki rodzinne i happeningi. Od pocz\u0105tku programu wsp\u00f3lnie z uczestnikami posadzili\u015bmy&nbsp; ju\u017c ponad <strong>996 tysi\u0119cy drzew i krzew\u00f3w<\/strong> w ca\u0142ym kraju oraz zbudowali\u015bmy blisko <strong>1800 schronie\u0144 i budek l\u0119gowych dla zwierz\u0105t.<\/strong> Dzi\u0119kujemy za nieustaj\u0105ce zaanga\u017cowanie w dzia\u0142ania na rzecz otaczaj\u0105cej nas przyrody, a ju\u017c w pa\u017adzierniku zapraszamy wszystkich do udzia\u0142u w jubileuszowej, 20-tej edycji \u015awi\u0119ta Drzewa.<\/p>\n<p>Najbardziej aktywnym uczestnikom 19. edycji \u015awi\u0119ta Drzewa, kt\u00f3rzy wykazali si\u0119 najwi\u0119ksz\u0105 ilo\u015bci\u0105 posadzonych drzew, szerok\u0105 wsp\u00f3\u0142prac\u0105 i kreatywno\u015bci\u0105 dzia\u0142a\u0144, Klub Gaja, jak co roku przyzna\u0142 nagrody Czarodziejskiego Drzewa. Rozdanie nagr\u00f3d odb\u0119dzie si\u0119 10 pa\u017adziernika 2022 roku w Warszawie podczas inauguracji 20. edycji programu \u015awi\u0119to Drzewa. Serdecznie gratulujemy!<\/p>\n<p>\n<div class=\"ngg-galleryoverview ngg-slideshow\"\n\tid=\"ngg-slideshow-0d03c2a793ce99e9a1803424cc53ef03-9531479470\"\n\tdata-gallery-id=\"0d03c2a793ce99e9a1803424cc53ef03\"\n\tstyle=\"max-width: 600px;\n\t\t\tmax-height: 450px;\n\t\t\tdisplay: none;\">\n\n\t\n\t\t<a href=\"https:\/\/archiwum.swietodrzewa.pl\/wp-content\/gallery\/czarodiejskie-2022\/21.jpg\"\n\t\t\ttitle=\"\"\n\t\t\tdata-src=\"https:\/\/archiwum.swietodrzewa.pl\/wp-content\/gallery\/czarodiejskie-2022\/21.jpg\"\n\t\t\tdata-thumbnail=\"https:\/\/archiwum.swietodrzewa.pl\/wp-content\/gallery\/czarodiejskie-2022\/thumbs\/thumbs_21.jpg\"\n\t\t\tdata-image-id=\"2248\"\n\t\t\tdata-title=\"21\"\n\t\t\tdata-description=\"\"\n\t\t\tclass=\"shutterset_0d03c2a793ce99e9a1803424cc53ef03\">\n\n\t\t\t<img data-image-id='2248'\n\t\t\t\ttitle=\"\"\n\t\t\t\talt=\"21\"\n\t\t\t\tsrc=\"https:\/\/archiwum.swietodrzewa.pl\/wp-content\/gallery\/czarodiejskie-2022\/21.jpg\"\n\t\t\t\tstyle=\"max-height: 430px;\"\/>\n\t\t<\/a>\n\n\t\t\n\t\t<a href=\"https:\/\/archiwum.swietodrzewa.pl\/wp-content\/gallery\/czarodiejskie-2022\/171.jpg\"\n\t\t\ttitle=\"\"\n\t\t\tdata-src=\"https:\/\/archiwum.swietodrzewa.pl\/wp-content\/gallery\/czarodiejskie-2022\/171.jpg\"\n\t\t\tdata-thumbnail=\"https:\/\/archiwum.swietodrzewa.pl\/wp-content\/gallery\/czarodiejskie-2022\/thumbs\/thumbs_171.jpg\"\n\t\t\tdata-image-id=\"2249\"\n\t\t\tdata-title=\"171\"\n\t\t\tdata-description=\"\"\n\t\t\tclass=\"shutterset_0d03c2a793ce99e9a1803424cc53ef03\">\n\n\t\t\t<img data-image-id='2249'\n\t\t\t\ttitle=\"\"\n\t\t\t\talt=\"171\"\n\t\t\t\tsrc=\"https:\/\/archiwum.swietodrzewa.pl\/wp-content\/gallery\/czarodiejskie-2022\/171.jpg\"\n\t\t\t\tstyle=\"max-height: 430px;\"\/>\n\t\t<\/a>\n\n\t\t\n\t\t<a href=\"https:\/\/archiwum.swietodrzewa.pl\/wp-content\/gallery\/czarodiejskie-2022\/22.jpg\"\n\t\t\ttitle=\"\"\n\t\t\tdata-src=\"https:\/\/archiwum.swietodrzewa.pl\/wp-content\/gallery\/czarodiejskie-2022\/22.jpg\"\n\t\t\tdata-thumbnail=\"https:\/\/archiwum.swietodrzewa.pl\/wp-content\/gallery\/czarodiejskie-2022\/thumbs\/thumbs_22.jpg\"\n\t\t\tdata-image-id=\"2250\"\n\t\t\tdata-title=\"22\"\n\t\t\tdata-description=\"\"\n\t\t\tclass=\"shutterset_0d03c2a793ce99e9a1803424cc53ef03\">\n\n\t\t\t<img data-image-id='2250'\n\t\t\t\ttitle=\"\"\n\t\t\t\talt=\"22\"\n\t\t\t\tsrc=\"https:\/\/archiwum.swietodrzewa.pl\/wp-content\/gallery\/czarodiejskie-2022\/22.jpg\"\n\t\t\t\tstyle=\"max-height: 430px;\"\/>\n\t\t<\/a>\n\n\t\t\n\t\t<a href=\"https:\/\/archiwum.swietodrzewa.pl\/wp-content\/gallery\/czarodiejskie-2022\/18.jpg\"\n\t\t\ttitle=\"\"\n\t\t\tdata-src=\"https:\/\/archiwum.swietodrzewa.pl\/wp-content\/gallery\/czarodiejskie-2022\/18.jpg\"\n\t\t\tdata-thumbnail=\"https:\/\/archiwum.swietodrzewa.pl\/wp-content\/gallery\/czarodiejskie-2022\/thumbs\/thumbs_18.jpg\"\n\t\t\tdata-image-id=\"2251\"\n\t\t\tdata-title=\"18\"\n\t\t\tdata-description=\"\"\n\t\t\tclass=\"shutterset_0d03c2a793ce99e9a1803424cc53ef03\">\n\n\t\t\t<img data-image-id='2251'\n\t\t\t\ttitle=\"\"\n\t\t\t\talt=\"18\"\n\t\t\t\tsrc=\"https:\/\/archiwum.swietodrzewa.pl\/wp-content\/gallery\/czarodiejskie-2022\/18.jpg\"\n\t\t\t\tstyle=\"max-height: 430px;\"\/>\n\t\t<\/a>\n\n\t\t\n\t\t<a href=\"https:\/\/archiwum.swietodrzewa.pl\/wp-content\/gallery\/czarodiejskie-2022\/25.jpg\"\n\t\t\ttitle=\"\"\n\t\t\tdata-src=\"https:\/\/archiwum.swietodrzewa.pl\/wp-content\/gallery\/czarodiejskie-2022\/25.jpg\"\n\t\t\tdata-thumbnail=\"https:\/\/archiwum.swietodrzewa.pl\/wp-content\/gallery\/czarodiejskie-2022\/thumbs\/thumbs_25.jpg\"\n\t\t\tdata-image-id=\"2252\"\n\t\t\tdata-title=\"25\"\n\t\t\tdata-description=\"\"\n\t\t\tclass=\"shutterset_0d03c2a793ce99e9a1803424cc53ef03\">\n\n\t\t\t<img data-image-id='2252'\n\t\t\t\ttitle=\"\"\n\t\t\t\talt=\"25\"\n\t\t\t\tsrc=\"https:\/\/archiwum.swietodrzewa.pl\/wp-content\/gallery\/czarodiejskie-2022\/25.jpg\"\n\t\t\t\tstyle=\"max-height: 430px;\"\/>\n\t\t<\/a>\n\n\t\t\n\t\t<a href=\"https:\/\/archiwum.swietodrzewa.pl\/wp-content\/gallery\/czarodiejskie-2022\/1_21.jpg\"\n\t\t\ttitle=\"\"\n\t\t\tdata-src=\"https:\/\/archiwum.swietodrzewa.pl\/wp-content\/gallery\/czarodiejskie-2022\/1_21.jpg\"\n\t\t\tdata-thumbnail=\"https:\/\/archiwum.swietodrzewa.pl\/wp-content\/gallery\/czarodiejskie-2022\/thumbs\/thumbs_1_21.jpg\"\n\t\t\tdata-image-id=\"2253\"\n\t\t\tdata-title=\"1_21\"\n\t\t\tdata-description=\"\"\n\t\t\tclass=\"shutterset_0d03c2a793ce99e9a1803424cc53ef03\">\n\n\t\t\t<img data-image-id='2253'\n\t\t\t\ttitle=\"\"\n\t\t\t\talt=\"1_21\"\n\t\t\t\tsrc=\"https:\/\/archiwum.swietodrzewa.pl\/wp-content\/gallery\/czarodiejskie-2022\/1_21.jpg\"\n\t\t\t\tstyle=\"max-height: 430px;\"\/>\n\t\t<\/a>\n\n\t\t\n\t\t<a href=\"https:\/\/archiwum.swietodrzewa.pl\/wp-content\/gallery\/czarodiejskie-2022\/20210928_074800.jpg\"\n\t\t\ttitle=\"\"\n\t\t\tdata-src=\"https:\/\/archiwum.swietodrzewa.pl\/wp-content\/gallery\/czarodiejskie-2022\/20210928_074800.jpg\"\n\t\t\tdata-thumbnail=\"https:\/\/archiwum.swietodrzewa.pl\/wp-content\/gallery\/czarodiejskie-2022\/thumbs\/thumbs_20210928_074800.jpg\"\n\t\t\tdata-image-id=\"2254\"\n\t\t\tdata-title=\"20210928_074800\"\n\t\t\tdata-description=\"\"\n\t\t\tclass=\"shutterset_0d03c2a793ce99e9a1803424cc53ef03\">\n\n\t\t\t<img data-image-id='2254'\n\t\t\t\ttitle=\"\"\n\t\t\t\talt=\"20210928_074800\"\n\t\t\t\tsrc=\"https:\/\/archiwum.swietodrzewa.pl\/wp-content\/gallery\/czarodiejskie-2022\/20210928_074800.jpg\"\n\t\t\t\tstyle=\"max-height: 430px;\"\/>\n\t\t<\/a>\n\n\t\t\n\t\t<a href=\"https:\/\/archiwum.swietodrzewa.pl\/wp-content\/gallery\/czarodiejskie-2022\/20211008_120243.jpg\"\n\t\t\ttitle=\"\"\n\t\t\tdata-src=\"https:\/\/archiwum.swietodrzewa.pl\/wp-content\/gallery\/czarodiejskie-2022\/20211008_120243.jpg\"\n\t\t\tdata-thumbnail=\"https:\/\/archiwum.swietodrzewa.pl\/wp-content\/gallery\/czarodiejskie-2022\/thumbs\/thumbs_20211008_120243.jpg\"\n\t\t\tdata-image-id=\"2256\"\n\t\t\tdata-title=\"20211008_120243\"\n\t\t\tdata-description=\"\"\n\t\t\tclass=\"shutterset_0d03c2a793ce99e9a1803424cc53ef03\">\n\n\t\t\t<img data-image-id='2256'\n\t\t\t\ttitle=\"\"\n\t\t\t\talt=\"20211008_120243\"\n\t\t\t\tsrc=\"https:\/\/archiwum.swietodrzewa.pl\/wp-content\/gallery\/czarodiejskie-2022\/20211008_120243.jpg\"\n\t\t\t\tstyle=\"max-height: 430px;\"\/>\n\t\t<\/a>\n\n\t\t\n\t\t<a href=\"https:\/\/archiwum.swietodrzewa.pl\/wp-content\/gallery\/czarodiejskie-2022\/DSCN9893.JPG\"\n\t\t\ttitle=\"\"\n\t\t\tdata-src=\"https:\/\/archiwum.swietodrzewa.pl\/wp-content\/gallery\/czarodiejskie-2022\/DSCN9893.JPG\"\n\t\t\tdata-thumbnail=\"https:\/\/archiwum.swietodrzewa.pl\/wp-content\/gallery\/czarodiejskie-2022\/thumbs\/thumbs_DSCN9893.JPG\"\n\t\t\tdata-image-id=\"2261\"\n\t\t\tdata-title=\"DSCN9893\"\n\t\t\tdata-description=\"\"\n\t\t\tclass=\"shutterset_0d03c2a793ce99e9a1803424cc53ef03\">\n\n\t\t\t<img data-image-id='2261'\n\t\t\t\ttitle=\"\"\n\t\t\t\talt=\"DSCN9893\"\n\t\t\t\tsrc=\"https:\/\/archiwum.swietodrzewa.pl\/wp-content\/gallery\/czarodiejskie-2022\/DSCN9893.JPG\"\n\t\t\t\tstyle=\"max-height: 430px;\"\/>\n\t\t<\/a>\n\n\t\t\n\t\t<a href=\"https:\/\/archiwum.swietodrzewa.pl\/wp-content\/gallery\/czarodiejskie-2022\/NIK-413.JPG\"\n\t\t\ttitle=\"\"\n\t\t\tdata-src=\"https:\/\/archiwum.swietodrzewa.pl\/wp-content\/gallery\/czarodiejskie-2022\/NIK-413.JPG\"\n\t\t\tdata-thumbnail=\"https:\/\/archiwum.swietodrzewa.pl\/wp-content\/gallery\/czarodiejskie-2022\/thumbs\/thumbs_NIK-413.JPG\"\n\t\t\tdata-image-id=\"2263\"\n\t\t\tdata-title=\"NIK-413\"\n\t\t\tdata-description=\"\"\n\t\t\tclass=\"shutterset_0d03c2a793ce99e9a1803424cc53ef03\">\n\n\t\t\t<img data-image-id='2263'\n\t\t\t\ttitle=\"\"\n\t\t\t\talt=\"NIK-413\"\n\t\t\t\tsrc=\"https:\/\/archiwum.swietodrzewa.pl\/wp-content\/gallery\/czarodiejskie-2022\/NIK-413.JPG\"\n\t\t\t\tstyle=\"max-height: 430px;\"\/>\n\t\t<\/a>\n\n\t\t\n\t\t<a href=\"https:\/\/archiwum.swietodrzewa.pl\/wp-content\/gallery\/czarodiejskie-2022\/245049238_1009366653194450_7344528305462433339_n.jpg\"\n\t\t\ttitle=\"\"\n\t\t\tdata-src=\"https:\/\/archiwum.swietodrzewa.pl\/wp-content\/gallery\/czarodiejskie-2022\/245049238_1009366653194450_7344528305462433339_n.jpg\"\n\t\t\tdata-thumbnail=\"https:\/\/archiwum.swietodrzewa.pl\/wp-content\/gallery\/czarodiejskie-2022\/thumbs\/thumbs_245049238_1009366653194450_7344528305462433339_n.jpg\"\n\t\t\tdata-image-id=\"2255\"\n\t\t\tdata-title=\"245049238_1009366653194450_7344528305462433339_n\"\n\t\t\tdata-description=\"\"\n\t\t\tclass=\"shutterset_0d03c2a793ce99e9a1803424cc53ef03\">\n\n\t\t\t<img data-image-id='2255'\n\t\t\t\ttitle=\"\"\n\t\t\t\talt=\"245049238_1009366653194450_7344528305462433339_n\"\n\t\t\t\tsrc=\"https:\/\/archiwum.swietodrzewa.pl\/wp-content\/gallery\/czarodiejskie-2022\/245049238_1009366653194450_7344528305462433339_n.jpg\"\n\t\t\t\tstyle=\"max-height: 430px;\"\/>\n\t\t<\/a>\n\n\t\t\n\t\t<a href=\"https:\/\/archiwum.swietodrzewa.pl\/wp-content\/gallery\/czarodiejskie-2022\/20211008_160558_HDR.jpg\"\n\t\t\ttitle=\"\"\n\t\t\tdata-src=\"https:\/\/archiwum.swietodrzewa.pl\/wp-content\/gallery\/czarodiejskie-2022\/20211008_160558_HDR.jpg\"\n\t\t\tdata-thumbnail=\"https:\/\/archiwum.swietodrzewa.pl\/wp-content\/gallery\/czarodiejskie-2022\/thumbs\/thumbs_20211008_160558_HDR.jpg\"\n\t\t\tdata-image-id=\"2257\"\n\t\t\tdata-title=\"20211008_160558_HDR\"\n\t\t\tdata-description=\"\"\n\t\t\tclass=\"shutterset_0d03c2a793ce99e9a1803424cc53ef03\">\n\n\t\t\t<img data-image-id='2257'\n\t\t\t\ttitle=\"\"\n\t\t\t\talt=\"20211008_160558_HDR\"\n\t\t\t\tsrc=\"https:\/\/archiwum.swietodrzewa.pl\/wp-content\/gallery\/czarodiejskie-2022\/20211008_160558_HDR.jpg\"\n\t\t\t\tstyle=\"max-height: 430px;\"\/>\n\t\t<\/a>\n\n\t\t\n\t\t<a href=\"https:\/\/archiwum.swietodrzewa.pl\/wp-content\/gallery\/czarodiejskie-2022\/244867148_2965869053626030_230850764252681630_n.jpg\"\n\t\t\ttitle=\"\"\n\t\t\tdata-src=\"https:\/\/archiwum.swietodrzewa.pl\/wp-content\/gallery\/czarodiejskie-2022\/244867148_2965869053626030_230850764252681630_n.jpg\"\n\t\t\tdata-thumbnail=\"https:\/\/archiwum.swietodrzewa.pl\/wp-content\/gallery\/czarodiejskie-2022\/thumbs\/thumbs_244867148_2965869053626030_230850764252681630_n.jpg\"\n\t\t\tdata-image-id=\"2258\"\n\t\t\tdata-title=\"244867148_2965869053626030_230850764252681630_n\"\n\t\t\tdata-description=\"\"\n\t\t\tclass=\"shutterset_0d03c2a793ce99e9a1803424cc53ef03\">\n\n\t\t\t<img data-image-id='2258'\n\t\t\t\ttitle=\"\"\n\t\t\t\talt=\"244867148_2965869053626030_230850764252681630_n\"\n\t\t\t\tsrc=\"https:\/\/archiwum.swietodrzewa.pl\/wp-content\/gallery\/czarodiejskie-2022\/244867148_2965869053626030_230850764252681630_n.jpg\"\n\t\t\t\tstyle=\"max-height: 430px;\"\/>\n\t\t<\/a>\n\n\t\t\n\t\t<a href=\"https:\/\/archiwum.swietodrzewa.pl\/wp-content\/gallery\/czarodiejskie-2022\/244991470_1009367663194349_6297995917722240924_n.jpg\"\n\t\t\ttitle=\"\"\n\t\t\tdata-src=\"https:\/\/archiwum.swietodrzewa.pl\/wp-content\/gallery\/czarodiejskie-2022\/244991470_1009367663194349_6297995917722240924_n.jpg\"\n\t\t\tdata-thumbnail=\"https:\/\/archiwum.swietodrzewa.pl\/wp-content\/gallery\/czarodiejskie-2022\/thumbs\/thumbs_244991470_1009367663194349_6297995917722240924_n.jpg\"\n\t\t\tdata-image-id=\"2259\"\n\t\t\tdata-title=\"244991470_1009367663194349_6297995917722240924_n\"\n\t\t\tdata-description=\"\"\n\t\t\tclass=\"shutterset_0d03c2a793ce99e9a1803424cc53ef03\">\n\n\t\t\t<img data-image-id='2259'\n\t\t\t\ttitle=\"\"\n\t\t\t\talt=\"244991470_1009367663194349_6297995917722240924_n\"\n\t\t\t\tsrc=\"https:\/\/archiwum.swietodrzewa.pl\/wp-content\/gallery\/czarodiejskie-2022\/244991470_1009367663194349_6297995917722240924_n.jpg\"\n\t\t\t\tstyle=\"max-height: 430px;\"\/>\n\t\t<\/a>\n\n\t\t\n\t\t<a href=\"https:\/\/archiwum.swietodrzewa.pl\/wp-content\/gallery\/czarodiejskie-2022\/245030683_2966874906858778_628639636786081184_n.jpg\"\n\t\t\ttitle=\"\"\n\t\t\tdata-src=\"https:\/\/archiwum.swietodrzewa.pl\/wp-content\/gallery\/czarodiejskie-2022\/245030683_2966874906858778_628639636786081184_n.jpg\"\n\t\t\tdata-thumbnail=\"https:\/\/archiwum.swietodrzewa.pl\/wp-content\/gallery\/czarodiejskie-2022\/thumbs\/thumbs_245030683_2966874906858778_628639636786081184_n.jpg\"\n\t\t\tdata-image-id=\"2260\"\n\t\t\tdata-title=\"245030683_2966874906858778_628639636786081184_n\"\n\t\t\tdata-description=\"\"\n\t\t\tclass=\"shutterset_0d03c2a793ce99e9a1803424cc53ef03\">\n\n\t\t\t<img data-image-id='2260'\n\t\t\t\ttitle=\"\"\n\t\t\t\talt=\"245030683_2966874906858778_628639636786081184_n\"\n\t\t\t\tsrc=\"https:\/\/archiwum.swietodrzewa.pl\/wp-content\/gallery\/czarodiejskie-2022\/245030683_2966874906858778_628639636786081184_n.jpg\"\n\t\t\t\tstyle=\"max-height: 430px;\"\/>\n\t\t<\/a>\n\n\t\t\n\t\t<a href=\"https:\/\/archiwum.swietodrzewa.pl\/wp-content\/gallery\/czarodiejskie-2022\/IMG_20211007_110407.jpg\"\n\t\t\ttitle=\"\"\n\t\t\tdata-src=\"https:\/\/archiwum.swietodrzewa.pl\/wp-content\/gallery\/czarodiejskie-2022\/IMG_20211007_110407.jpg\"\n\t\t\tdata-thumbnail=\"https:\/\/archiwum.swietodrzewa.pl\/wp-content\/gallery\/czarodiejskie-2022\/thumbs\/thumbs_IMG_20211007_110407.jpg\"\n\t\t\tdata-image-id=\"2262\"\n\t\t\tdata-title=\"IMG_20211007_110407\"\n\t\t\tdata-description=\"\"\n\t\t\tclass=\"shutterset_0d03c2a793ce99e9a1803424cc53ef03\">\n\n\t\t\t<img data-image-id='2262'\n\t\t\t\ttitle=\"\"\n\t\t\t\talt=\"IMG_20211007_110407\"\n\t\t\t\tsrc=\"https:\/\/archiwum.swietodrzewa.pl\/wp-content\/gallery\/czarodiejskie-2022\/IMG_20211007_110407.jpg\"\n\t\t\t\tstyle=\"max-height: 430px;\"\/>\n\t\t<\/a>\n\n\t\t\n\t\t<a href=\"https:\/\/archiwum.swietodrzewa.pl\/wp-content\/gallery\/czarodiejskie-2022\/NIK-409.JPG\"\n\t\t\ttitle=\"\"\n\t\t\tdata-src=\"https:\/\/archiwum.swietodrzewa.pl\/wp-content\/gallery\/czarodiejskie-2022\/NIK-409.JPG\"\n\t\t\tdata-thumbnail=\"https:\/\/archiwum.swietodrzewa.pl\/wp-content\/gallery\/czarodiejskie-2022\/thumbs\/thumbs_NIK-409.JPG\"\n\t\t\tdata-image-id=\"2264\"\n\t\t\tdata-title=\"NIK-409\"\n\t\t\tdata-description=\"\"\n\t\t\tclass=\"shutterset_0d03c2a793ce99e9a1803424cc53ef03\">\n\n\t\t\t<img data-image-id='2264'\n\t\t\t\ttitle=\"\"\n\t\t\t\talt=\"NIK-409\"\n\t\t\t\tsrc=\"https:\/\/archiwum.swietodrzewa.pl\/wp-content\/gallery\/czarodiejskie-2022\/NIK-409.JPG\"\n\t\t\t\tstyle=\"max-height: 430px;\"\/>\n\t\t<\/a>\n\n\t\t<\/div>\n\n\n<strong><u>Laureaci <\/u><\/strong><strong><u>Czarodziejskiego Drzewa 2022 :<\/u><\/strong><\/p>\n<ol>\n<li><strong>Gmina Miasto Ostr\u00f3w Wielkopolski (woj. wielkopolskie) <\/strong>\u2013 za organizacj\u0119 obchod\u00f3w \u015awi\u0119ta Drzewa na terenie gminy we wsp\u00f3\u0142pracy z lokalnymi instytucjami m.in. SP nr 5 i Nadle\u015bnictwem Taczan\u00f3w oraz przekazanie mieszka\u0144com 1500 sadzonek drzew.<\/li>\n<li><strong>Szko\u0142a Podstawowa im. St. Wyspia\u0144skiego w Rupniowie (woj. ma\u0142opolski) <\/strong>\u2013 za organizacj\u0119 akcji przekazania 1090 sadzonek sosny we wsp\u00f3\u0142pracy z Nadle\u015bnictwem Limanowa, kt\u00f3re zosta\u0142y posadzone przez mieszka\u0144c\u00f3w na terenie miejscowo\u015bci.&nbsp;<\/li>\n<li><strong>Stowarzyszenie WeRwA z Che\u0142ma (woj. lubelskie) \u2013 <\/strong>za posadzenie blisko 200 sadzonek drzew na terenie che\u0142mskich osiedli oraz akcj\u0119 \u201eDrzewodzielnia\u201d w ramach kt\u00f3rej rozdano mieszka\u0144com 355 sadzonek drzew.<\/li>\n<li><strong>Zesp\u00f3\u0142 Szk\u00f3\u0142 w Skalbmierzu (woj<\/strong>. <strong>\u015bwi\u0119tokrzyskie)<\/strong> \u2013 za organizacj\u0119 obchod\u00f3w \u015awi\u0119ta Drzewa na terenie Gminy Skalbmierz i szerok\u0105 wsp\u00f3\u0142prac\u0119 m.in. z w\u0142adzami miasta i gminy, rad\u0105 so\u0142eck\u0105, ko\u0142em gospody\u0144 wiejskich w Grodzonowicach, OSP w Dro\u017cejowicach i Nadle\u015bnictwem Pi\u0144cz\u00f3w.<\/li>\n<li><strong>Przedszkole Samorz\u0105dowe nr 18 w Kielcach (woj<\/strong>. <strong>\u015bwi\u0119tokrzyskie)<\/strong> \u2013 za szerok\u0105 wsp\u00f3\u0142prac\u0119 i r\u00f3\u017cnorodne dzia\u0142ania w ramach \u015awi\u0119ta Drzewa, m.in. zbudowanie we wsp\u00f3\u0142pracy z rodzicami hoteli dla owad\u00f3w.&nbsp;<\/li>\n<li><strong>Przedszkole nr 370 w Warszawie (woj<\/strong>. <strong>mazowieckie)<\/strong> &#8211; za r\u00f3\u017cnorodne dzia\u0142ania wok\u00f3\u0142 drzew m.in. zorganizowanie wycieczki do sadu oraz projektu badawczego \u201eDrzewo\u201d.<\/li>\n<li><strong>Zesp\u00f3\u0142 Szk\u00f3\u0142 Gminy Ko\u015bcian Przedszkole i Szko\u0142a Podstawowa w Starym Luboszu (woj. wielkopolskie) <\/strong>\u2013 za r\u00f3\u017cnorodne dzia\u0142ania w ramach \u015awi\u0119ta Drzewa, m.in. akcj\u0119 sprz\u0105tania okolicznych las\u00f3w i wykonanie makiety warstwowej budowy lasu i Parku Krajobrazowego im. Dezyderego Ch\u0142apowskiego w Turwi.<\/li>\n<li><strong>Przedszkole Gminne w Zespole Szkolno-Przedszkolnym w Kamie\u0144cu (woj. wielkopolskie) &#8211; <\/strong>za kreatywne zaj\u0119cia na temat drzew, m.in. stworzenie \u015bcie\u017cki dydaktycznej w formie interaktywnej wystawy oraz przekazanie mieszka\u0144com i instytucjom nasion drzew i&nbsp; eko s\u0142oiczkowych doniczek wraz listem zach\u0119caj\u0105cym do ich posadzenia.<\/li>\n<li><strong>Szko\u0142a Podstawowa im. Polskich Noblist\u00f3w w Dr\u0105\u017cnej (woj. wielkopolskie) \u2013 <\/strong>za przeprowadzenie ca\u0142omiesi\u0119cznych obchod\u00f3w \u015awi\u0119ta Drzewa i wykonanie gazetki \u015bciennej na r\u00f3\u017cne tematy zwi\u0105zane z drzewami, m.in. zielnik \u015bcienny drzew, jak obliczy\u0107 wiek drzewa, wp\u0142yw lasu na klimat.<\/li>\n<li><strong>Fundacja Musszelka w Milan\u00f3wku (woj. mazowieckie)<\/strong> \u2013 za kreatywne zaj\u0119cia wok\u00f3\u0142 drzew z udzia\u0142em opowiadaczki historii Georgiany Keable z Norwegii., m.in. ta\u0144ce, pie\u015bni i opowie\u015bci o sile jak\u0105 mo\u017cemy czerpa\u0107 z drzew.<\/li>\n<\/ol>\n<p>\u015awi\u0119to Drzewa 2021<br \/>\n<strong>Patronat Honorowy Prezydenta Miasta Sto\u0142ecznego Warszawy<br \/>\nPartnerzy strategiczni:<\/strong> Lasy Pa\u0144stwowe, ALDI, Davines,<br \/>\n<strong>Partnerzy:<\/strong> BNP Paribas Bank Polska S.A, Environmental Partnership Association, Europejskie Drzewo Roku, Billion Tree Campaign<br \/>\n<strong>Wsp\u00f3\u0142praca:<\/strong>&nbsp;Zarz\u0105d Zieleni m.st. Warszawy, S\u0142u\u017cewski Dom Kultury, Miasto Bielsko-Bia\u0142a, Miasto Sosnowiec, AstraZeneca Pharma Poland Sp. z o.o., Fundusz Partnerstwa, Clean Advantage, LeasePlan Polska<strong>, <\/strong>Troton, Blac Point S.A.<\/p>\n<p>&nbsp;<\/p>\n","protected":false},"excerpt":{"rendered":"<p>Klub Gaja nagrodzi\u0142 najbardziej aktywnych uczestnik\u00f3w 19. edycji \u015awi\u0119ta Drzewa, kt\u00f3ra tym razem przebiega\u0142a si\u0119 pod has\u0142em \u2013 Dla przyrody!&nbsp;Wzi\u0119\u0142o w niej udzia\u0142 23 tysi\u0105ce os\u00f3b z ponad 240 podmiot\u00f3w w ca\u0142ym kraju \u2013 plac\u00f3wek o\u015bwiatowych, urz\u0119d\u00f3w gmin i miast, nadle\u015bnictw, stowarzysze\u0144, firm, a tak\u017ce os\u00f3b prywatnych. Do licznika dopisali\u015bmy blisko 61 tysi\u0119cy posadzonych drzew [&hellip;]<\/p>\n","protected":false},"author":3,"featured_media":13562,"comment_status":"closed","ping_status":"closed","sticky":false,"template":"","format":"standard","meta":{"ngg_post_thumbnail":0},"categories":[22,17],"tags":[],"_links":{"self":[{"href":"https:\/\/archiwum.swietodrzewa.pl\/index.php?rest_route=\/wp\/v2\/posts\/14176"}],"collection":[{"href":"https:\/\/archiwum.swietodrzewa.pl\/index.php?rest_route=\/wp\/v2\/posts"}],"about":[{"href":"https:\/\/archiwum.swietodrzewa.pl\/index.php?rest_route=\/wp\/v2\/types\/post"}],"author":[{"embeddable":true,"href":"https:\/\/archiwum.swietodrzewa.pl\/index.php?rest_route=\/wp\/v2\/users\/3"}],"replies":[{"embeddable":true,"href":"https:\/\/archiwum.swietodrzewa.pl\/index.php?rest_route=%2Fwp%2Fv2%2Fcomments&post=14176"}],"version-history":[{"count":4,"href":"https:\/\/archiwum.swietodrzewa.pl\/index.php?rest_route=\/wp\/v2\/posts\/14176\/revisions"}],"predecessor-version":[{"id":14200,"href":"https:\/\/archiwum.swietodrzewa.pl\/index.php?rest_route=\/wp\/v2\/posts\/14176\/revisions\/14200"}],"wp:featuredmedia":[{"embeddable":true,"href":"https:\/\/archiwum.swietodrzewa.pl\/index.php?rest_route=\/wp\/v2\/media\/13562"}],"wp:attachment":[{"href":"https:\/\/archiwum.swietodrzewa.pl\/index.php?rest_route=%2Fwp%2Fv2%2Fmedia&parent=14176"}],"wp:term":[{"taxonomy":"category","embeddable":true,"href":"https:\/\/archiwum.swietodrzewa.pl\/index.php?rest_route=%2Fwp%2Fv2%2Fcategories&post=14176"},{"taxonomy":"post_tag","embeddable":true,"href":"https:\/\/archiwum.swietodrzewa.pl\/index.php?rest_route=%2Fwp%2Fv2%2Ftags&post=14176"}],"curies":[{"name":"wp","href":"https:\/\/api.w.org\/{rel}","templated":true}]}}