{"id":14261,"date":"2022-05-25T13:54:38","date_gmt":"2022-05-25T11:54:38","guid":{"rendered":"https:\/\/swietodrzewa.pl\/?p=14261"},"modified":"2022-05-25T13:57:28","modified_gmt":"2022-05-25T11:57:28","slug":"o-wolnej-szkole","status":"publish","type":"post","link":"https:\/\/archiwum.swietodrzewa.pl\/?p=14261","title":{"rendered":"O wolnej szkole"},"content":{"rendered":"<p><strong>Zapraszamy do wys\u0142uchania podcastu \u201eRozmowy z Bo\u017ckiem\u201d o wolnej szkole i pedagogice waldorfskiej. Go\u015bcini\u0105 Jacka Bo\u017cka jest Maria \u015awierczek &#8211; wieloletnia prezes Zwi\u0105zku Szk\u00f3\u0142 i Przedszkoli Waldorfskich w Polsce, wyk\u0142adowczyni na Uniwersytecie Warszawskim, od ponad dwudziestu pi\u0119ciu lat czynnie zaanga\u017cowana w propagowanie pedagogiki waldorfskiej w Polsce.<\/strong><!--more--><\/p>\n<p><img loading=\"lazy\" class=\"alignleft size-medium wp-image-14262\" src=\"https:\/\/archiwum.swietodrzewa.pl\/wp-content\/uploads\/2022\/05\/IMG_0407-\u2014-kopia-300x225.jpg\" alt=\"\" width=\"300\" height=\"225\" srcset=\"https:\/\/archiwum.swietodrzewa.pl\/wp-content\/uploads\/2022\/05\/IMG_0407-\u2014-kopia-300x225.jpg 300w, https:\/\/archiwum.swietodrzewa.pl\/wp-content\/uploads\/2022\/05\/IMG_0407-\u2014-kopia-1024x768.jpg 1024w, https:\/\/archiwum.swietodrzewa.pl\/wp-content\/uploads\/2022\/05\/IMG_0407-\u2014-kopia-768x576.jpg 768w, https:\/\/archiwum.swietodrzewa.pl\/wp-content\/uploads\/2022\/05\/IMG_0407-\u2014-kopia-1536x1152.jpg 1536w, https:\/\/archiwum.swietodrzewa.pl\/wp-content\/uploads\/2022\/05\/IMG_0407-\u2014-kopia-2048x1536.jpg 2048w\" sizes=\"(max-width: 300px) 100vw, 300px\" \/>Rozmawiamy o czeremchach, rytmie jako podstawie wszelkiego \u017cycia, w rytmie dnia i nocy staramy si\u0119 przyjrze\u0107 organizmowi ma\u0142ego dziecka, potrzebie snu i czuwania, kreatywno\u015bci i wolno\u015bci. Pada pytanie o brak ocen w szko\u0142ach waldorfskich, wi\u0119c rozmawiamy o warto\u015bci stopni i ocenach opisowych, porach dnia odpowiednich do nauki, cyklach przedmiot\u00f3w i pedagogice holistycznej, zdrowej rywalizacji i stresie, wsp\u00f3\u0142pracy rodzic\u00f3w i pracy nauczycieli i ich cennym powo\u0142aniu.&nbsp;<\/p>\n<p><a href=\"https:\/\/open.spotify.com\/episode\/6qgxIP2hK1xWRg0mCSXNJs\"><strong>POS\u0141UCHAJ ROZMOWY Z MARI\u0104 \u015aWIERCZEK &gt;&gt;&gt;<\/strong><\/a><\/p>\n<p>Zapraszamy do wys\u0142uchania poprzednich odcink\u00f3w podcastu \u201eRozmowy z Bo\u017ckiem\u201d&nbsp; na na platformach: <a href=\"https:\/\/open.spotify.com\/show\/0SWcy6Jd2l5A1y30e7nPLz\">Spotify<\/a>, <a href=\"https:\/\/anchor.fm\/rozmowy-z-bozkiem\">Anchor<\/a>, <a href=\"https:\/\/podcasts.google.com\/feed\/aHR0cHM6Ly9hbmNob3IuZm0vcy83MGEyOGE5NC9wb2RjYXN0L3Jzcw\">Google Podcasts<\/a>&nbsp;i <a href=\"https:\/\/podcasts.apple.com\/us\/podcast\/rozmowy-z-bo%C5%BCkiem\/id1592528506\">Apple Podcasts<\/a>. Mo\u017cesz wesprze\u0107 realizacj\u0119 podcast\u00f3w na portalu <a href=\"https:\/\/patronite.pl\/rozmowyzbozkiem?podglad-autora\">Patronite<\/a> .<\/p>\n<ol start=\"15\">\n<li><a href=\"https:\/\/open.spotify.com\/episode\/4SwayXPaxXIHY1PIVwFZXQ\"><strong>Rozmowa z Robertem Bali\u0144skim &gt;&gt;&gt;<\/strong><strong> operatorem filmowym, re\u017cyserem, dokumentalist\u0105<\/strong><\/a><\/li>\n<\/ol>\n<p>O odbiciu lustrzanym, sztuce jako narz\u0119dziu i kreacji, kreatywno\u015bci i jej potrzebie wymuszenia, powracaj\u0105cym temacie kryzysu edukacji, kamieniu i lalkach<\/p>\n<ol start=\"14\">\n<li><a href=\"https:\/\/open.spotify.com\/episode\/6RK3WIqEX3ZnTr9qYzZ9pK\"><strong> Rozmowa z Agat\u0105 Stafiej-Bartosik &gt;&gt;&gt; dyrektork\u0105 Fundacji Ashoka w Polsce<\/strong><\/a><\/li>\n<\/ol>\n<p>O wolnych zebrach w Afryce, rozrabianiu w antropocenie i poczuciu winy, o tym czym jest Ashoka, micie za\u0142o\u017cycielskim i Billu Draytonie, &nbsp;i zgodnie jeste\u015bmy zadowoleni ze wspierania zmian, jakie nios\u0105 jej cz\u0142onkowie i cz\u0142onkinie &#8211; Ashoka Fellows<\/p>\n<ol start=\"13\">\n<li><a href=\"https:\/\/open.spotify.com\/episode\/2IyoNreJksLKvDcrD8WDy4\"><strong>Rozmowa z Kamilem D\u0105brow\u0105 &gt; &gt;&gt; dziennikarzem, biegaczem marato\u0144czykiem<\/strong><\/a><\/li>\n<\/ol>\n<p>O duch rywalizacji, c\u00f3rkach, relacji matka &#8211; dzieci w kontek\u015bcie Ziemi, przysz\u0142o\u015bci nastolatk\u00f3w, Jamiem Olivierze, filmie \u201eSeaspiracy\u201d i o tym co mo\u017cemy, a czego nie mo\u017cemy zrobi\u0107 dla Ziemi.<\/p>\n<ol start=\"12\">\n<li><strong> <a href=\"https:\/\/open.spotify.com\/episode\/6lcdiBQdEtir3wfiKIQx9S\">Rozmowa z Cecyli\u0105 Malik &gt;&gt;&gt; malark\u0105, performerk\u0105, ekolo\u017ck\u0105 i aktywistk\u0105<\/a><\/strong><\/li>\n<\/ol>\n<p>O rzekach dzieci\u0144stwa, domu wype\u0142nionym sztuk\u0105, lex Szyszko, p\u00f3\u017anym macierzy\u0144stwie na \u015bci\u0119tym pniu, aktywizmie o niebieskich skrzyd\u0142ach modraszka i oczywi\u015bcie o Wi\u015ble.<\/p>\n<ol start=\"11\">\n<li><strong> <a href=\"https:\/\/open.spotify.com\/episode\/1voIGRcMZKQbrK4vhiIR6x\">Rozmowa z Marcinem Urbaniakiem &gt;&gt;&gt; filozofem, kognitywist\u0105, etykiem i weganinem<\/a><\/strong><\/li>\n<\/ol>\n<p>O gadach i p\u0142azach, regulacjach systemowych, o tym, \u017ce w Europie jest wi\u0119cej egzotycznych gatunk\u00f3w \u017cab ni\u017c w samej Amazonii i oczywi\u015bcie o obijaniu si\u0119 po mordzie, czyli &#8211; boksie.<\/p>\n<ol start=\"10\">\n<li>&nbsp;<a href=\"https:\/\/open.spotify.com\/episode\/3LTW3jH0UFxzvssoECcVQa\"><strong>Rozmowa z Jakubem Wygna\u0144skim &gt;&gt;&gt; socjologiem, dzia\u0142aczem i wsp\u00f3\u0142tw\u00f3rc\u0105 organizacji pozarz\u0105dowych<\/strong><\/a><\/li>\n<\/ol>\n<p>O sensie \u017cycia prowadzony przez dwa dro\u017cd\u017ce, czterech modelach przetrwania, ub\u00f3stwie energetycznym, utopii i patologicznej formie wsp\u00f3lnoty.<\/p>\n<ol start=\"9\">\n<li>&nbsp;<a href=\"https:\/\/open.spotify.com\/episode\/4bQTvnEp6fNXn1S8M20cJt\"><strong>Rozmowa z Beat\u0105 Tarnawa i Mi\u0142os\u0142aw\u0105 Bo\u017cek &gt;&gt;&gt;<\/strong><\/a><\/li>\n<\/ol>\n<p>O Magurce, powrocie do korzeni Klubu Gaja, o ta\u0144cu butoh, wycieczek zak\u0142adowych i do zmian, na kt\u00f3re Klub Gaja jest zawsze przygotowany.<\/p>\n<ol start=\"8\">\n<li><a href=\"https:\/\/open.spotify.com\/episode\/6qeMf63DoCP9MbfPfNkDtE\"><strong>Rozmowa z Ma\u0142gorzat\u0105 Sporek-Czy\u017cewsk\u0105 &gt;&gt;&gt;<\/strong><\/a><strong> edukatork\u0105, aktork\u0105, archiwistk\u0105 spo\u0142eczn\u0105 <\/strong><\/li>\n<\/ol>\n<p>O Mi\u0142oszu, jego dziadku, Litwie i Niewia\u017cy, \u015awi\u0119tym Brodzie, mitach i ba\u015bniach, sztuce jako medium, o jaszczurce zapowiadaj\u0105cej go\u015bci, Guciu zaczarowanym i wracamy do muchy sprzed odcinka.<\/p>\n<ol start=\"7\">\n<li>&nbsp;<a href=\"https:\/\/open.spotify.com\/episode\/2nVMO9uxsllsa5q4bFVAJw\"><strong>Rozmowa z Bar\u0142omiejem Top\u0105 &gt;&gt;&gt;<\/strong><\/a><strong> aktorem<\/strong><\/li>\n<\/ol>\n<p>O chodzeniu na bosaka, multiplikacji rzeczywisto\u015bci, niezb\u0119dnym szacunku, jaskiniach i skalnej bryzie, a na koniec przypowie\u015bci o Bogu i muszce, i pu\u0142apce jogina.<\/p>\n<ol start=\"6\">\n<li><a href=\"https:\/\/open.spotify.com\/episode\/4PZnFSy3VaZFmHCbelcXhW\"><strong>Rozmowa z Juli\u0105 Mafald\u0105 &gt;&gt;&gt; podr\u00f3\u017cniczk\u0105, fotografk\u0105, dziennikark\u0105 i aktywistk\u0105 <\/strong><\/a><\/li>\n<\/ol>\n<p>O g\u0105bkach konopnych, post hipisach, po\u0142\u0105czeniu serca i biznesu oraz wp\u0142ywie influencer\u00f3w.<\/p>\n<ol start=\"5\">\n<li>&nbsp;<a href=\"https:\/\/open.spotify.com\/episode\/1Gpwkw4EonR51vMPme9RvU\"><strong>Rozmowa z Jackiem Jakubowskim &gt;&gt;&gt; psychologiem, trenerem, mentorem i super wizorem coachingu <\/strong><\/a><strong>&nbsp;<\/strong><\/li>\n<\/ol>\n<p>O \u015bwiadomo\u015bci, oderwaniu i byciu, unikaniu szko\u0142y ucz\u0105cej nudy, mentoringu pokory i micie \u201e\u017ce, kiedy\u015b by\u0142o lepiej\u201d.<\/p>\n<ol start=\"4\">\n<li>&nbsp;<a href=\"https:\/\/open.spotify.com\/episode\/4qX3q5rO9ZDgmS9FN2ZUOm\"><strong>Rozmowa z Ew\u0105 Ciepielewsk\u0105 &gt;&gt;&gt; malark\u0105, performerk\u0105, aktywisytk\u0105 i mi\u0142o\u015bniczk\u0105 przyrody<\/strong><\/a><\/li>\n<\/ol>\n<p>O osobowo\u015bci Wis\u0142y, j\u0119zyku flisak\u00f3w, m\u0142odzie\u0144cu z zubo\u017ca\u0142ej szlachty i magicznym towarzystwie padalc\u00f3w.<\/p>\n<ol start=\"3\">\n<li>&nbsp;<a href=\"https:\/\/open.spotify.com\/episode\/6HxVUkf71YAPoWjSp350me\"><strong>Rozmowa z Maciejem Podym\u0105 &gt;&gt;&gt; Panem \u0141\u0105k\u0105<\/strong><\/a><\/li>\n<\/ol>\n<p>O rodzinnych pasjach, syndromie czystej szyby, starych jab\u0142kowych sadach i nie zawracaniu dupy.<\/p>\n<ol start=\"2\">\n<li><a href=\"https:\/\/open.spotify.com\/episode\/6NEfGWdXCfxgWrg6lQZ9AI\"><strong>Rozmowa z Iwon\u0105 Pawliczk\u0105 &gt;&gt;&gt;<\/strong> <strong>oceanografk\u0105, biolo\u017ck\u0105 morza<\/strong><\/a><\/li>\n<\/ol>\n<p>O znaczeniu morza uto\u017csamianym z pocz\u0105tkiem \u017cycia, nieuchronnej zmianie oraz pok\u0142adanej w niej nadziei i mocy zakl\u0119tej w poca\u0142unku foki.<\/p>\n<ol>\n<li><a href=\"https:\/\/open.spotify.com\/episode\/0LaskyOta0TKVmcDiaZELK\"><strong>Rozmowa z Krzysztofem Czy\u017cewskim &gt;&gt;&gt; pisarzem, poet\u0105, re\u017cyserem, animatorem dzia\u0142a\u0144 mi\u0119dzykulturowych <\/strong><\/a><\/li>\n<\/ol>\n<p>O g\u0142osie Gai &#8211; Ziemi i jej kobiecym pierwiastku, wewn\u0119trznym krzyku wojownika, od kt\u00f3rego si\u0119 tak wiele nauczyli.<\/p>\n<p>Pierwszych 19 odcink\u00f3w podcastu powstaje dzi\u0119ki wsparciu z dotacji programu Aktywni Obywatele &#8211; Fundusz Krajowy, finansowanego przez Islandi\u0119, Liechtenstein i Norwegi\u0119 w ramach&nbsp; Funduszy EOG.<\/p>\n<p>&nbsp;<\/p>\n","protected":false},"excerpt":{"rendered":"<p>Zapraszamy do wys\u0142uchania podcastu \u201eRozmowy z Bo\u017ckiem\u201d o wolnej szkole i pedagogice waldorfskiej. Go\u015bcini\u0105 Jacka Bo\u017cka jest Maria \u015awierczek &#8211; wieloletnia prezes Zwi\u0105zku Szk\u00f3\u0142 i Przedszkoli Waldorfskich w Polsce, wyk\u0142adowczyni na Uniwersytecie Warszawskim, od ponad dwudziestu pi\u0119ciu lat czynnie zaanga\u017cowana w propagowanie pedagogiki waldorfskiej w Polsce.<\/p>\n","protected":false},"author":3,"featured_media":14262,"comment_status":"closed","ping_status":"closed","sticky":false,"template":"","format":"standard","meta":{"ngg_post_thumbnail":0},"categories":[1],"tags":[],"_links":{"self":[{"href":"https:\/\/archiwum.swietodrzewa.pl\/index.php?rest_route=\/wp\/v2\/posts\/14261"}],"collection":[{"href":"https:\/\/archiwum.swietodrzewa.pl\/index.php?rest_route=\/wp\/v2\/posts"}],"about":[{"href":"https:\/\/archiwum.swietodrzewa.pl\/index.php?rest_route=\/wp\/v2\/types\/post"}],"author":[{"embeddable":true,"href":"https:\/\/archiwum.swietodrzewa.pl\/index.php?rest_route=\/wp\/v2\/users\/3"}],"replies":[{"embeddable":true,"href":"https:\/\/archiwum.swietodrzewa.pl\/index.php?rest_route=%2Fwp%2Fv2%2Fcomments&post=14261"}],"version-history":[{"count":3,"href":"https:\/\/archiwum.swietodrzewa.pl\/index.php?rest_route=\/wp\/v2\/posts\/14261\/revisions"}],"predecessor-version":[{"id":14267,"href":"https:\/\/archiwum.swietodrzewa.pl\/index.php?rest_route=\/wp\/v2\/posts\/14261\/revisions\/14267"}],"wp:featuredmedia":[{"embeddable":true,"href":"https:\/\/archiwum.swietodrzewa.pl\/index.php?rest_route=\/wp\/v2\/media\/14262"}],"wp:attachment":[{"href":"https:\/\/archiwum.swietodrzewa.pl\/index.php?rest_route=%2Fwp%2Fv2%2Fmedia&parent=14261"}],"wp:term":[{"taxonomy":"category","embeddable":true,"href":"https:\/\/archiwum.swietodrzewa.pl\/index.php?rest_route=%2Fwp%2Fv2%2Fcategories&post=14261"},{"taxonomy":"post_tag","embeddable":true,"href":"https:\/\/archiwum.swietodrzewa.pl\/index.php?rest_route=%2Fwp%2Fv2%2Ftags&post=14261"}],"curies":[{"name":"wp","href":"https:\/\/api.w.org\/{rel}","templated":true}]}}