{"id":14349,"date":"2022-06-21T10:50:29","date_gmt":"2022-06-21T08:50:29","guid":{"rendered":"https:\/\/swietodrzewa.pl\/?p=14349"},"modified":"2022-06-21T10:50:29","modified_gmt":"2022-06-21T08:50:29","slug":"drzewo-roku-2022-ostatnie-dni-konkursu","status":"publish","type":"post","link":"https:\/\/archiwum.swietodrzewa.pl\/?p=14349","title":{"rendered":"Drzewo Roku 2022 \u2013 ostatnie dni konkursu!"},"content":{"rendered":"<p><strong>Zbli\u017camy si\u0119 do decyduj\u0105cej fazy konkursu Klubu Gaja o tytu\u0142 Drzewa Roku 2022. W g\u0142osowaniu bierze udzia\u0142 16 drzew z ca\u0142ej Polski, kt\u00f3re znalaz\u0142y si\u0119 w finale. To drzewa szczeg\u00f3lnie doceniane i lubiane przez spo\u0142eczno\u015bci lokalne, a tak\u017ce wa\u017cne elementy naszego dziedzictwa przyrodniczego i kulturowego, kt\u00f3re powinni\u015bmy chroni\u0107 i szanowa\u0107. W tym roku<\/strong> <strong>ostatni tydzie\u0144 plebiscytu (24 \u2013 30 czerwca) jest tajny, tak\u017ce do ostatniej chwili nie b\u0119dziemy widzieli ile g\u0142os\u00f3w maj\u0105 poszczeg\u00f3lne drzewa. Laureatem zostanie to drzewo, kt\u00f3re zdob\u0119dzie najwi\u0119ksz\u0105 liczb\u0119 g\u0142os\u00f3w internaut\u00f3w, a zwyci\u0119zc\u0119 og\u0142osimy ju\u017c 1 lipca o godzinie 13.00.<\/strong><strong> B\u0119dzie on reprezentowa\u0142 nasz kraj w konkursie europejskim Tree of the Year w 2023 roku. Zapraszamy do g\u0142osowania na&nbsp;<\/strong> <a href=\"http:\/\/www.drzeworoku.pl\"><strong>www.drzeworoku.pl<\/strong><\/a><!--more--><\/p>\n<p>W 12. edycji konkursu Drzewo Roku Klubu Gaja jury wy\u0142oni\u0142o 16. finalist\u00f3w. Teraz te historyczne drzewa i wspieraj\u0105ce je lokalne spo\u0142eczno\u015bci zabiegaj\u0105 o g\u0142osy internaut\u00f3w. Wygra to drzewo, kt\u00f3re zdob\u0119dzie ich najwi\u0119cej. Obecnie w plebiscycie na prowadzenie wysun\u0119\u0142y si\u0119 cztery okazy.<\/p>\n<p>Prowadzi <strong>D\u0105b Fabrykant w \u0141odzi <\/strong><strong>z ponad 4 tysi\u0105cami g\u0142os\u00f3w. <\/strong>&nbsp;Jest to jedno z najbardziej oryginalnych drzew w Polsce. Jeden z jego konar\u00f3w ma esowaty kszta\u0142t i d\u0142ugo\u015b\u0107 ponad 20 metr\u00f3w. Wiosn\u0105 przyci\u0105ga do siebie t\u0142umy ludzi, kt\u00f3rzy chc\u0105 ogl\u0105da\u0107 jego majestat zatopiony w morzu b\u0142\u0119kitnych kwiat\u00f3w \u015bnie\u017cnik\u00f3w i cebulic.<\/p>\n<p>Drugie miejsce z ponad 3 tysi\u0105cami g\u0142osami zajmuje <strong>Stra\u017cniczka Mi\u0142osnej Historii<\/strong> z Bie\u0144kowic w woj. ma\u0142opolskim. Ta 380-letnia lipa jest \u015bwiadkiem wielowiekowej historii znajduj\u0105cego si\u0119 tu maj\u0105tku, kt\u00f3ry niegdy\u015b nale\u017ca\u0142 do d\u00f3br kr\u00f3lowej Bony. Dzi\u0119ki odbudowie, miejsce to na nowo od\u017cy\u0142o, a pot\u0119\u017cna lipa zn\u00f3w zachwyca swym urokiem. Wr\u00f3ci\u0142a dawna tradycja koncert\u00f3w pod lip\u0105.<\/p>\n<p>Trzecie miejsce i ponad 1,4 tysi\u0105ca g\u0142os\u00f3w zdobywa <strong>Lipa prof. Szafera w Broniszewie <\/strong>w woj. podkarpackim. Drzewo od blisko pi\u0119ciu wiek\u00f3w jest per\u0142\u0105 parku podworskiego w Broniszewie. Polski botanik i profesor Uniwersytetu Jagiello\u0144skiego W\u0142adys\u0142aw Szafer aktywnie zabiega\u0142 o jej ochron\u0119, dlatego nazywana jest jego imieniem.<\/p>\n<p>Tu\u017c za lip\u0105 z Broniszewa z ponad tysi\u0105cem g\u0142os\u00f3w plasuje si\u0119 <strong>D\u0105b Niepodleg\u0142o\u015bci w Pu\u0142awach<\/strong>, kt\u00f3ry zosta\u0142 posadzony w 10. rocznic\u0119 odzyskania przez Polsk\u0119 niepodleg\u0142o\u015bci przez m\u0142odzie\u017c pu\u0142awskich szk\u00f3\u0142.<\/p>\n<p>Ranking drzew mo\u017ce si\u0119 jeszcze zmieni\u0107 dzi\u0119ki naszym wyborom. Zach\u0119camy do poznawania ciekawych, polskich drzew i g\u0142osowania na <a href=\"http:\/\/www.drzeworoku.pl\">www.drzeworoku.pl<\/a><\/p>\n<p><img loading=\"lazy\" class=\"alignright  wp-image-14302\" src=\"https:\/\/archiwum.swietodrzewa.pl\/wp-content\/uploads\/2022\/06\/Drzewo-Roku_2022-instagram-glosowanie-czerwiec.jpg\" alt=\"\" width=\"1409\" height=\"1409\" srcset=\"https:\/\/archiwum.swietodrzewa.pl\/wp-content\/uploads\/2022\/06\/Drzewo-Roku_2022-instagram-glosowanie-czerwiec.jpg 600w, https:\/\/archiwum.swietodrzewa.pl\/wp-content\/uploads\/2022\/06\/Drzewo-Roku_2022-instagram-glosowanie-czerwiec-300x300.jpg 300w, https:\/\/archiwum.swietodrzewa.pl\/wp-content\/uploads\/2022\/06\/Drzewo-Roku_2022-instagram-glosowanie-czerwiec-100x100.jpg 100w\" sizes=\"(max-width: 1409px) 100vw, 1409px\" \/>Pozosta\u0142e drzewa rywalizuj\u0105ce o tytu\u0142 Drzewa Roku 2022 to:<\/p>\n<ul>\n<li><strong>Matka Lasu w Ch\u0142opowie<\/strong><strong><br \/>\n<\/strong>(gmina My\u015blib\u00f3rz, woj. zachodniopomorskie) \u2013 170 letni buk zwyczajny ro\u015bnie w rezerwacie przyrodniczo-krajobrazowym \u201eD\u0142ugog\u00f3ry\u201d w Nadle\u015bnictwie R\u00f3\u017ca\u0144sko. Drzewo jest s\u0142ynne od dawna i ch\u0119tnie odwiedzane przez mi\u0142o\u015bnik\u00f3w przyrody. Jego najwi\u0119ksze konary si\u0119gaj\u0105 w bok na 15 m w ka\u017cda stron\u0119, dzi\u0119ki czemu pod swoim baldachimem mo\u017ce pomie\u015bci\u0107 nawet 1000 os\u00f3b.<\/li>\n<li><strong>D\u0105b Chrze\u015bcijanin w Januszkowicach <\/strong>(gmina Brzostek, woj. podkarpackie) \u2013 650 letni d\u0105b szypu\u0142kowy, znajduje si\u0119 w pierwszej dziesi\u0105tce najstarszych drzew w Polsce, za\u015b w rankingu tych o najgrubszym pniu zajmuje sz\u00f3st\u0105 lokat\u0119. Mieszka\u0144cy m\u00f3wi\u0105 o nim \u201eniezniszczalne drzewo\u201d, gdy\u017c ju\u017c kilka razy w historii swojego istnienia by\u0142o podpalane.<\/li>\n<li><strong>D\u0105b Jan w Rogowie <\/strong>(gmina Stargard, woj. zachodniopomorskie) \u2013 d\u0105b szypu\u0142kowy, wiek 600 lat, Ro\u015bnie w samym centrum wsi w towarzystwie mniejszego d\u0105bka Jasia i dw\u00f3ch okaza\u0142ych d\u0119b\u00f3w. Kilkadziesi\u0105t metr\u00f3w dalej znajduje si\u0119 poniemiecki dworek, kt\u00f3ry wraz z drzewami tworzy wyj\u0105tkow\u0105 atrakcj\u0119 dla zwiedzaj\u0105cych.&nbsp; To tak\u017ce charakterystyczny punkt spotka\u0144 mieszka\u0144c\u00f3w podczas wa\u017cnych wydarze\u0144 z \u017cycia spo\u0142eczno\u015bci lokalnej.<\/li>\n<li><strong>D\u0105b Johannes Maleus alians Kanthy <\/strong>(Malec, gmina K\u0119ty, woj. ma\u0142opolskie) \u2013 d\u0105b szypu\u0142kowy, wiek ok. 400-500 lat. D\u0105b wraz z innymi starymi d\u0119bami ro\u015bnie nad stawem rybnym, na kt\u00f3rym znajduje si\u0119 wysepka z pozosta\u0142o\u015bciami po zamku warownym z pocz\u0105tku XIV w. To niezaprzeczalnie najstarsi \u015bwiadkowie lokalnej historii.<\/li>\n<li><strong>D\u0105b Opiekun w Milan\u00f3wku <\/strong>(gmina Milan\u00f3wek, woj. mazowieckie) \u2013 d\u0105b szypu\u0142kowy, wiek 170 lat, Pod koniec XIX wieku, gdy d\u0105b osi\u0105gn\u0105\u0142 dojrza\u0142o\u015b\u0107, wybudowane przy nim pierwszy drewniany dom \u2013 will\u0119 Ba\u0144czewiank\u0119. I tak d\u0105b zosta\u0142 Drzewem- Opiekunem. W go\u015bcinnych progach domu odbywaj\u0105 si\u0119 warsztaty i wyk\u0142ady dla mieszka\u0144c\u00f3w i go\u015bci.<\/li>\n<li><strong>D\u0105b Pras\u0142aw w Prusinowicach<\/strong> (gmina Lutomiersk, woj. \u0142\u00f3dzkie) \u2013 d\u0105b szypu\u0142kowy, wiek 300 lat, D\u0105b od lat spaja lokaln\u0105 spo\u0142eczno\u015b\u0107 i uczy postaw obywatelskich. Widzia\u0142 niejedno \u2013 wojny, potyczki, burze, narodziny i \u015bmier\u0107 mieszka\u0144c\u00f3w. Tu spotykali si\u0119 m\u0142odzi, aby wyzna\u0107 sobie mi\u0142o\u015b\u0107, a tak\u017ce grzybiarze wyruszaj\u0105cy na zbiory do lasu.<\/li>\n<li><strong>Jab\u0142o\u0144 Felicja w D\u0142ugiem<\/strong> (gmina Zarszyn, woj. podkarpackie) \u2013 jab\u0142o\u0144, wiek 120 lat. Felicja jest jab\u0142oni\u0105 wyj\u0105tkowo okaza\u0142\u0105 \u2013 wysoka, postawna, pi\u0119kna, ci\u0105gle owocuje mimo podesz\u0142ego wieku. Odegra\u0142a ogromn\u0105 rol\u0119 w \u017cyciu kilku pokole\u0144, by\u0142a \u015bwiadkiem wielu wydarze\u0144, a obecnej w\u0142a\u015bcicielce osobi\u015bcie towarzyszy od wczesnego dzieci\u0144stwa.<\/li>\n<li><strong>Klon Jawor w Karczewie<\/strong> (gmina Karczew, woj. mazowieckie) \u2013 klon jawor, wiek 100 lat, Dzisiaj klon jest ostatnim \u017cyj\u0105cym drzewem, z tych widocznych na zdj\u0119ciu z 1944 roku na karczewskim rynku i zajmuje szczeg\u00f3lne miejsce w umys\u0142ach mieszka\u0144c\u00f3w. Jest \u0142\u0105cznikiem pokole\u0144, wyzwalaczem dobrych emocji, punktem odniesienia w czasie i przestrzeni.<\/li>\n<li><strong>Klon Tadeusz w Zawierciu <\/strong>(gmina Zawiercie, woj. \u015bl\u0105skie) \u2013 klon zwyczajny, wiek ok. 100 lat, Spo\u0142eczno\u015b\u0107 szkolna nie wyobra\u017ca sobie szkolnego podw\u00f3rka bez Tadeusza i jego kolegi Jana. A\u017c strach pomy\u015ble\u0107, \u017ce w 2013r. mogli go straci\u0107\u2026 Podobno sta\u0142 zbyt blisko budynku i zagra\u017ca\u0142 elewacji i zrzuca\u0142 za du\u017co li\u015bci. Spo\u0142eczno\u015b\u0107 szkolna postanowi\u0142a powalczy\u0107 o Przyjaciela i nada\u0107 mu status pomnika przyrody.<\/li>\n<li><strong>Lipa w Zakopanem <\/strong>(gmina Zakopane, woj. ma\u0142opolskie)<strong> \u2013 <\/strong>lipa szerokolistna, wiek ponad 200 lat, Lipa ro\u015bnie opodal ko\u015bci\u00f3\u0142ka p.w. Matki Zbawiciela. To drzewo szczeg\u00f3lne, wyj\u0105tkowe, jedno z najstarszych w Zakopanem. Powiadaj\u0105, \u017ce doczeka\u0142a s\u0119dziwego wieku za spraw\u0105 zb\u00f3jnika Suhego Ja\u015bka, kt\u00f3ry schowa\u0142 w niej zagrabione dukaty<\/li>\n<li><strong>Lipa Wiktoria w Wojkowicach <\/strong>(gmina Wojkowice, woj. \u015bl\u0105skie) \u2013 lipa szerokolistna, wiek 300 lat, Historia lipy od wiek\u00f3w zwi\u0105zana jest z histori\u0105 \u017cycia rodziny Kowalik\u00f3w i \u0141ukasik\u00f3w. Imi\u0119 Wiktoria zawdzi\u0119cza prababci jej obecnych opiekunek. Dzi\u0119ki staraniom rodziny Wiktoria jest pierwszym i jedynym w Wojkowicach pomnikiem przyrody.<\/li>\n<li><strong>Wi\u0105z Taczanowskiego w Lutomiersku<\/strong> (gmina Lutomiersk, woj. \u0142\u00f3dzkie) \u2013 wi\u0105z szypu\u0142kowy, wiek ok. 300 lat, Wi\u0105z ro\u015bnie w ogrodzie klasztoru Ojc\u00f3w Salezjan\u00f3w i kr\u00f3luje swoim majestatem w\u015br\u00f3d innych drzew. Drzewo daje natchnienie muzykom w dzia\u0142aj\u0105cej tutaj Szkole Muzycznej o profilu organistowskim. Wed\u0142ug legendy wi\u0105z by\u0142 \u015bwiadkiem odpoczynku dow\u00f3dcy powstania styczniowego \u2013 genera\u0142a Edmunda Taczanowskiego, od kt\u00f3rego nazwiska wi\u0105z nosi swoje imi\u0119.<\/li>\n<\/ul>\n<p><strong><br \/>\n<\/strong><a href=\"https:\/\/drzeworoku.pl\/\"><strong>ZAG\u0141OSUJ NA RZEWO ROKU 2022 &gt;&gt;&gt;<\/strong><\/a><\/p>\n<p>Konkurs Drzewo Roku Klubu Gaja ma na celu promowanie postawy szacunku dla przyrody oraz wyszukanie przyk\u0142ad\u00f3w ciekawych i trwa\u0142ych zwi\u0105zk\u00f3w pomi\u0119dzy kultur\u0105 i histori\u0105 lokalnej spo\u0142eczno\u015bci, a drzewem, kt\u00f3re jest przez ni\u0105 szczeg\u00f3lnie doceniane. W konkursie nie szukamy drzew najstarszych, najwy\u017cszych, najgrubszych, najpi\u0119kniejszych ani najrzadszych. Szukamy drzewa najbardziej kochanego, drzewa z opowie\u015bci\u0105, drzewa, kt\u00f3re pobudza wyobra\u017ani\u0119 i jednoczy ludzi.<\/p>\n<p>Drzewa daj\u0105 tlen, przeciwdzia\u0142aj\u0105 zmianom klimatu, s\u0105 wa\u017cne dla ochrony r\u00f3\u017cnorodno\u015bci biologicznej oraz \u017cycia miliard\u00f3w ludzi i zwierz\u0105t na Ziemi. Drzewa s\u0105 cz\u0119\u015bci\u0105 naszego dziedzictwa narodowego, dlatego powinni\u015bmy je chroni\u0107 dla przysz\u0142ych pokole\u0144. Je\u015bli nie jest Ci oboj\u0119tny los drzew, pom\u00f3\u017c nam je sadzi\u0107, chroni\u0107 i opiekowa\u0107 si\u0119 nimi.<\/p>\n<p>Przeka\u017c darowizn\u0119 Klubowi Gaja \u2013 nr konta:&nbsp;<strong>90 2030 0045 1110 0000 0067 3120<\/strong><br \/>\nMo\u017cesz te\u017c przekaza\u0107 1% Swojego podatku Klubowi Gaja \u2013<strong>&nbsp;KRS 0000120069<\/strong><\/p>\n<p>&nbsp;<\/p>\n<p>&nbsp;<\/p>\n<p>&nbsp;<\/p>\n<p>&nbsp;<\/p>\n","protected":false},"excerpt":{"rendered":"<p>Zbli\u017camy si\u0119 do decyduj\u0105cej fazy konkursu Klubu Gaja o tytu\u0142 Drzewa Roku 2022. W g\u0142osowaniu bierze udzia\u0142 16 drzew z ca\u0142ej Polski, kt\u00f3re znalaz\u0142y si\u0119 w finale. To drzewa szczeg\u00f3lnie doceniane i lubiane przez spo\u0142eczno\u015bci lokalne, a tak\u017ce wa\u017cne elementy naszego dziedzictwa przyrodniczego i kulturowego, kt\u00f3re powinni\u015bmy chroni\u0107 i szanowa\u0107. W tym roku ostatni tydzie\u0144 [&hellip;]<\/p>\n","protected":false},"author":3,"featured_media":14302,"comment_status":"closed","ping_status":"closed","sticky":false,"template":"","format":"standard","meta":{"ngg_post_thumbnail":0},"categories":[24,116],"tags":[],"_links":{"self":[{"href":"https:\/\/archiwum.swietodrzewa.pl\/index.php?rest_route=\/wp\/v2\/posts\/14349"}],"collection":[{"href":"https:\/\/archiwum.swietodrzewa.pl\/index.php?rest_route=\/wp\/v2\/posts"}],"about":[{"href":"https:\/\/archiwum.swietodrzewa.pl\/index.php?rest_route=\/wp\/v2\/types\/post"}],"author":[{"embeddable":true,"href":"https:\/\/archiwum.swietodrzewa.pl\/index.php?rest_route=\/wp\/v2\/users\/3"}],"replies":[{"embeddable":true,"href":"https:\/\/archiwum.swietodrzewa.pl\/index.php?rest_route=%2Fwp%2Fv2%2Fcomments&post=14349"}],"version-history":[{"count":1,"href":"https:\/\/archiwum.swietodrzewa.pl\/index.php?rest_route=\/wp\/v2\/posts\/14349\/revisions"}],"predecessor-version":[{"id":14350,"href":"https:\/\/archiwum.swietodrzewa.pl\/index.php?rest_route=\/wp\/v2\/posts\/14349\/revisions\/14350"}],"wp:featuredmedia":[{"embeddable":true,"href":"https:\/\/archiwum.swietodrzewa.pl\/index.php?rest_route=\/wp\/v2\/media\/14302"}],"wp:attachment":[{"href":"https:\/\/archiwum.swietodrzewa.pl\/index.php?rest_route=%2Fwp%2Fv2%2Fmedia&parent=14349"}],"wp:term":[{"taxonomy":"category","embeddable":true,"href":"https:\/\/archiwum.swietodrzewa.pl\/index.php?rest_route=%2Fwp%2Fv2%2Fcategories&post=14349"},{"taxonomy":"post_tag","embeddable":true,"href":"https:\/\/archiwum.swietodrzewa.pl\/index.php?rest_route=%2Fwp%2Fv2%2Ftags&post=14349"}],"curies":[{"name":"wp","href":"https:\/\/api.w.org\/{rel}","templated":true}]}}