{"id":14468,"date":"2022-09-26T19:28:49","date_gmt":"2022-09-26T17:28:49","guid":{"rendered":"https:\/\/swietodrzewa.pl\/?p=14468"},"modified":"2022-09-26T19:35:18","modified_gmt":"2022-09-26T17:35:18","slug":"20-swieto-drzewa-i-dzien-zrownowazonego-piekna-2022","status":"publish","type":"post","link":"https:\/\/archiwum.swietodrzewa.pl\/?p=14468","title":{"rendered":"20. \u015awi\u0119to Drzewa i Dzie\u0144 Zr\u00f3wnowa\u017conego Pi\u0119kna 2022"},"content":{"rendered":"<p><strong>W niedziel\u0119 18 wrze\u015bnia <\/strong><strong>po raz 7 zorganizowali\u015bmy akcj\u0119 sadzenia drzew ze spo\u0142eczno\u015bci\u0105 stylist\u00f3w zaprzyja\u017anionych z mark\u0105 Davines \u2013 partnerem strategicznym \u015awi\u0119ta Drzewa. Tym razem posadzili\u015bmy 2500 drzew. M\u0142ode lipy, modrzewie, d\u0119by, buki i dzikie grusze b\u0119d\u0105 ros\u0142y pod Warszaw\u0105 w Jab\u0142onnie. Akcja odby\u0142a si\u0119 w ramach 20 edycji \u015awi\u0119ta Drzewa i 7 edycji Kampanii Dnia Zr\u00f3wnowa\u017conego Pi\u0119kna, autorskiej inicjatywy Davines. Dzi\u0119kujemy wszystkim uczestnikom i do zobaczenia za rok!<\/strong><\/p>\n<p><!--more--><\/p>\n<p>Sadzenie lasu to same korzy\u015bci. Drzewa poch\u0142aniaj\u0105 dwutlenek w\u0119gla, oczyszczaj\u0105c powietrze, produkuj\u0105 tlen, zwi\u0119kszaj\u0105 bior\u00f3\u017cnorodno\u015b\u0107, utrzymuj\u0105 wilgo\u0107 w glebie. Jak si\u0119 okazuje, by zrobi\u0107 prezent naturze, niewiele potrzeba \u2013 wystarcz\u0105 sadzonki, kostury i pozytywne nastawienie. A takiego nie brakowa\u0142o fryzjerom wsp\u00f3\u0142pracuj\u0105cym z mark\u0105 Davines w niedziel\u0119 18 wrze\u015bnia. W tym dniu odby\u0142 si\u0119 wielki fina\u0142 kampanii Dzie\u0144 Zr\u00f3wnowa\u017conego Pi\u0119kna, kt\u00f3r\u0105 co roku przeprowadza firma Sustainable Beauty, polski dystrybutor profesjonalnych kosmetyk\u00f3w do w\u0142os\u00f3w.<\/p>\n<p>Akcja sadzenia drzew w Jab\u0142onnie na terenie le\u015bnictwa Bagno zwie\u0144czy\u0142a kampani\u0119, kt\u00f3ra przez kilka miesi\u0119cy realizowana by\u0142a w salonach w ca\u0142ej Polsce. Ka\u017cdego roku styli\u015bci anga\u017cuj\u0105 swoich klient\u00f3w do zbi\u00f3rki funduszy na wsparcie programu \u015awi\u0119to Drzewa. Dzi\u0119ki niemu Klub Gaja, partner inicjatywy, organizuje akcje sadzenia drzew, zak\u0142ada ogrody i parki, otacza opiek\u0105 stare drzewa i prowadzi szerok\u0105 dzia\u0142alno\u015b\u0107 edukacyjn\u0105. Davines Polska jest partnerem strategicznym 20 edycji \u015awi\u0119ta Drzewa.<\/p>\n<p>\n<div class=\"ngg-galleryoverview ngg-slideshow\"\n\tid=\"ngg-slideshow-c4b4a9a1c56c0821c92de174ccb0231a-291739120\"\n\tdata-gallery-id=\"c4b4a9a1c56c0821c92de174ccb0231a\"\n\tstyle=\"max-width: 600px;\n\t\t\tmax-height: 450px;\n\t\t\tdisplay: none;\">\n\n\t\n\t\t<a href=\"https:\/\/archiwum.swietodrzewa.pl\/wp-content\/gallery\/davines-22\/307444514_5854058854605186_7525787493910961638_n.jpeg\"\n\t\t\ttitle=\"\"\n\t\t\tdata-src=\"https:\/\/archiwum.swietodrzewa.pl\/wp-content\/gallery\/davines-22\/307444514_5854058854605186_7525787493910961638_n.jpeg\"\n\t\t\tdata-thumbnail=\"https:\/\/archiwum.swietodrzewa.pl\/wp-content\/gallery\/davines-22\/thumbs\/thumbs_307444514_5854058854605186_7525787493910961638_n.jpeg\"\n\t\t\tdata-image-id=\"2309\"\n\t\t\tdata-title=\"307444514_5854058854605186_7525787493910961638_n\"\n\t\t\tdata-description=\"\"\n\t\t\tclass=\"shutterset_c4b4a9a1c56c0821c92de174ccb0231a\">\n\n\t\t\t<img data-image-id='2309'\n\t\t\t\ttitle=\"\"\n\t\t\t\talt=\"307444514_5854058854605186_7525787493910961638_n\"\n\t\t\t\tsrc=\"https:\/\/archiwum.swietodrzewa.pl\/wp-content\/gallery\/davines-22\/307444514_5854058854605186_7525787493910961638_n.jpeg\"\n\t\t\t\tstyle=\"max-height: 430px;\"\/>\n\t\t<\/a>\n\n\t\t\n\t\t<a href=\"https:\/\/archiwum.swietodrzewa.pl\/wp-content\/gallery\/davines-22\/306816168_5854063681271370_1541938441113244684_n.jpeg\"\n\t\t\ttitle=\"\"\n\t\t\tdata-src=\"https:\/\/archiwum.swietodrzewa.pl\/wp-content\/gallery\/davines-22\/306816168_5854063681271370_1541938441113244684_n.jpeg\"\n\t\t\tdata-thumbnail=\"https:\/\/archiwum.swietodrzewa.pl\/wp-content\/gallery\/davines-22\/thumbs\/thumbs_306816168_5854063681271370_1541938441113244684_n.jpeg\"\n\t\t\tdata-image-id=\"2310\"\n\t\t\tdata-title=\"306816168_5854063681271370_1541938441113244684_n\"\n\t\t\tdata-description=\"\"\n\t\t\tclass=\"shutterset_c4b4a9a1c56c0821c92de174ccb0231a\">\n\n\t\t\t<img data-image-id='2310'\n\t\t\t\ttitle=\"\"\n\t\t\t\talt=\"306816168_5854063681271370_1541938441113244684_n\"\n\t\t\t\tsrc=\"https:\/\/archiwum.swietodrzewa.pl\/wp-content\/gallery\/davines-22\/306816168_5854063681271370_1541938441113244684_n.jpeg\"\n\t\t\t\tstyle=\"max-height: 430px;\"\/>\n\t\t<\/a>\n\n\t\t\n\t\t<a href=\"https:\/\/archiwum.swietodrzewa.pl\/wp-content\/gallery\/davines-22\/307462736_5854060631271675_4564212582461266617_n.jpeg\"\n\t\t\ttitle=\"\"\n\t\t\tdata-src=\"https:\/\/archiwum.swietodrzewa.pl\/wp-content\/gallery\/davines-22\/307462736_5854060631271675_4564212582461266617_n.jpeg\"\n\t\t\tdata-thumbnail=\"https:\/\/archiwum.swietodrzewa.pl\/wp-content\/gallery\/davines-22\/thumbs\/thumbs_307462736_5854060631271675_4564212582461266617_n.jpeg\"\n\t\t\tdata-image-id=\"2311\"\n\t\t\tdata-title=\"307462736_5854060631271675_4564212582461266617_n\"\n\t\t\tdata-description=\"\"\n\t\t\tclass=\"shutterset_c4b4a9a1c56c0821c92de174ccb0231a\">\n\n\t\t\t<img data-image-id='2311'\n\t\t\t\ttitle=\"\"\n\t\t\t\talt=\"307462736_5854060631271675_4564212582461266617_n\"\n\t\t\t\tsrc=\"https:\/\/archiwum.swietodrzewa.pl\/wp-content\/gallery\/davines-22\/307462736_5854060631271675_4564212582461266617_n.jpeg\"\n\t\t\t\tstyle=\"max-height: 430px;\"\/>\n\t\t<\/a>\n\n\t\t\n\t\t<a href=\"https:\/\/archiwum.swietodrzewa.pl\/wp-content\/gallery\/davines-22\/307420217_5854057201272018_7169155418519645235_n.jpeg\"\n\t\t\ttitle=\"\"\n\t\t\tdata-src=\"https:\/\/archiwum.swietodrzewa.pl\/wp-content\/gallery\/davines-22\/307420217_5854057201272018_7169155418519645235_n.jpeg\"\n\t\t\tdata-thumbnail=\"https:\/\/archiwum.swietodrzewa.pl\/wp-content\/gallery\/davines-22\/thumbs\/thumbs_307420217_5854057201272018_7169155418519645235_n.jpeg\"\n\t\t\tdata-image-id=\"2312\"\n\t\t\tdata-title=\"307420217_5854057201272018_7169155418519645235_n\"\n\t\t\tdata-description=\"\"\n\t\t\tclass=\"shutterset_c4b4a9a1c56c0821c92de174ccb0231a\">\n\n\t\t\t<img data-image-id='2312'\n\t\t\t\ttitle=\"\"\n\t\t\t\talt=\"307420217_5854057201272018_7169155418519645235_n\"\n\t\t\t\tsrc=\"https:\/\/archiwum.swietodrzewa.pl\/wp-content\/gallery\/davines-22\/307420217_5854057201272018_7169155418519645235_n.jpeg\"\n\t\t\t\tstyle=\"max-height: 430px;\"\/>\n\t\t<\/a>\n\n\t\t\n\t\t<a href=\"https:\/\/archiwum.swietodrzewa.pl\/wp-content\/gallery\/davines-22\/307443654_5854056877938717_1976377031518086651_n.jpeg\"\n\t\t\ttitle=\"\"\n\t\t\tdata-src=\"https:\/\/archiwum.swietodrzewa.pl\/wp-content\/gallery\/davines-22\/307443654_5854056877938717_1976377031518086651_n.jpeg\"\n\t\t\tdata-thumbnail=\"https:\/\/archiwum.swietodrzewa.pl\/wp-content\/gallery\/davines-22\/thumbs\/thumbs_307443654_5854056877938717_1976377031518086651_n.jpeg\"\n\t\t\tdata-image-id=\"2313\"\n\t\t\tdata-title=\"307443654_5854056877938717_1976377031518086651_n\"\n\t\t\tdata-description=\"\"\n\t\t\tclass=\"shutterset_c4b4a9a1c56c0821c92de174ccb0231a\">\n\n\t\t\t<img data-image-id='2313'\n\t\t\t\ttitle=\"\"\n\t\t\t\talt=\"307443654_5854056877938717_1976377031518086651_n\"\n\t\t\t\tsrc=\"https:\/\/archiwum.swietodrzewa.pl\/wp-content\/gallery\/davines-22\/307443654_5854056877938717_1976377031518086651_n.jpeg\"\n\t\t\t\tstyle=\"max-height: 430px;\"\/>\n\t\t<\/a>\n\n\t\t<\/div>\n\n\n<strong>Jacek Bo\u017cek z Klubu Gaja<\/strong>, komentuje \u2013 \u201eBardzo si\u0119 ucieszy\u0142em gdy okaza\u0142o si\u0119, \u017ce na sadzenie dojechali w wi\u0119kszo\u015bci nowi uczestnicy. To sprawia, \u017ce w\u015br\u00f3d salon\u00f3w fryzjerskich w ca\u0142ym kraju mamy ju\u017c liczn\u0105 grup\u0119 \u015bwiadomych zagro\u017ce\u0144 ekologicznych obywateli i obywatelek. Jestem przekonany, \u017ce dzi\u0119ki ich wiedzy, zaanga\u017cowaniu i wp\u0142ywowi, b\u0119d\u0105 zmienia\u0107 si\u0119 postawy i zachowania ich pracownik\u00f3w i klient\u00f3w. Tak w\u0142a\u015bnie dzia\u0142a program edukacji ekologicznej \u015awi\u0119to Drzewa\u201d.<\/p>\n<p>Dzie\u0144 Zr\u00f3wnowa\u017conego Pi\u0119kna (ang. Sustainable Beauty Day) to flagowy projekt proekologiczny w\u0142oskiego producenta Davines. Celem kampanii, przeprowadzanej od 12 lat w kilkunastu krajach na ca\u0142ym \u015bwiecie, jest kompensacja emisji dwutlenku w\u0119gla. Marka, wsp\u00f3\u0142pracuj\u0105cy z ni\u0105 fryzjerzy i ich klienci, anga\u017cuj\u0105 si\u0119 w dzia\u0142ania na rzecz \u0142agodzenia skutk\u00f3w zmian klimatycznych.<\/p>\n<p><a href=\"https:\/\/www.facebook.com\/media\/set\/?vanity=Klub.Gaja&amp;set=a.5854063871271351\">ZOBACZ ALBUM ZE ZDJECIAMI NA FB &gt;&gt;<\/a><\/p>\n","protected":false},"excerpt":{"rendered":"<p>W niedziel\u0119 18 wrze\u015bnia po raz 7 zorganizowali\u015bmy akcj\u0119 sadzenia drzew ze spo\u0142eczno\u015bci\u0105 stylist\u00f3w zaprzyja\u017anionych z mark\u0105 Davines \u2013 partnerem strategicznym \u015awi\u0119ta Drzewa. Tym razem posadzili\u015bmy 2500 drzew. M\u0142ode lipy, modrzewie, d\u0119by, buki i dzikie grusze b\u0119d\u0105 ros\u0142y pod Warszaw\u0105 w Jab\u0142onnie. Akcja odby\u0142a si\u0119 w ramach 20 edycji \u015awi\u0119ta Drzewa i 7 edycji Kampanii [&hellip;]<\/p>\n","protected":false},"author":3,"featured_media":14469,"comment_status":"closed","ping_status":"closed","sticky":false,"template":"","format":"standard","meta":{"ngg_post_thumbnail":0},"categories":[17],"tags":[],"_links":{"self":[{"href":"https:\/\/archiwum.swietodrzewa.pl\/index.php?rest_route=\/wp\/v2\/posts\/14468"}],"collection":[{"href":"https:\/\/archiwum.swietodrzewa.pl\/index.php?rest_route=\/wp\/v2\/posts"}],"about":[{"href":"https:\/\/archiwum.swietodrzewa.pl\/index.php?rest_route=\/wp\/v2\/types\/post"}],"author":[{"embeddable":true,"href":"https:\/\/archiwum.swietodrzewa.pl\/index.php?rest_route=\/wp\/v2\/users\/3"}],"replies":[{"embeddable":true,"href":"https:\/\/archiwum.swietodrzewa.pl\/index.php?rest_route=%2Fwp%2Fv2%2Fcomments&post=14468"}],"version-history":[{"count":2,"href":"https:\/\/archiwum.swietodrzewa.pl\/index.php?rest_route=\/wp\/v2\/posts\/14468\/revisions"}],"predecessor-version":[{"id":14487,"href":"https:\/\/archiwum.swietodrzewa.pl\/index.php?rest_route=\/wp\/v2\/posts\/14468\/revisions\/14487"}],"wp:featuredmedia":[{"embeddable":true,"href":"https:\/\/archiwum.swietodrzewa.pl\/index.php?rest_route=\/wp\/v2\/media\/14469"}],"wp:attachment":[{"href":"https:\/\/archiwum.swietodrzewa.pl\/index.php?rest_route=%2Fwp%2Fv2%2Fmedia&parent=14468"}],"wp:term":[{"taxonomy":"category","embeddable":true,"href":"https:\/\/archiwum.swietodrzewa.pl\/index.php?rest_route=%2Fwp%2Fv2%2Fcategories&post=14468"},{"taxonomy":"post_tag","embeddable":true,"href":"https:\/\/archiwum.swietodrzewa.pl\/index.php?rest_route=%2Fwp%2Fv2%2Ftags&post=14468"}],"curies":[{"name":"wp","href":"https:\/\/api.w.org\/{rel}","templated":true}]}}