{"id":14541,"date":"2022-10-10T17:25:27","date_gmt":"2022-10-10T15:25:27","guid":{"rendered":"https:\/\/swietodrzewa.pl\/?p=14541"},"modified":"2023-04-21T13:07:22","modified_gmt":"2023-04-21T11:07:22","slug":"14541","status":"publish","type":"post","link":"https:\/\/archiwum.swietodrzewa.pl\/?p=14541","title":{"rendered":"Kwietna \u0142\u0105ka i \u015awi\u0119to Drzewa w Sosnowcu"},"content":{"rendered":"<p><strong>Ju\u017c po raz drugi, Klub Gaja zorganizowa\u0142 \u015awi\u0119ta Drzewa w Sosnowcu. W Parku Harcerskim razem zaproszonymi go\u015b\u0107mi i uczniami z Zespo\u0142u Szk\u00f3\u0142 Specjalnych nr 4, Szko\u0142y Podstawowej nr 18 i 9 posadzili\u015bmy pigwy, morele, brzoskwinie, \u015bliwki w\u0119gierki, na \u015bcie\u017cce sensorycznej dosadzili\u015bmy rododendrony i azalie, posiali\u015bmy \u0142\u0105k\u0119 kwietn\u0105, zbudowali\u015bmy kompostowniki i budki l\u0119gowe dla ptak\u00f3w i owad\u00f3w. Pierwsz\u0105 morel\u0119 razem z uczniami posadzi\u0142 Arkadiusz Ch\u0119ci\u0144ski, Prezydent Miasta Sosnowca. Dzi\u0119kujemy wszystkim uczestnikom!<\/strong><!--more--><\/p>\n<p>Uroczysta inauguracja \u015awi\u0119ta Drzewa w Sosnowcu odby\u0142a si\u0119 4 pa\u017adziernika 2022. To ju\u017c druga edycja akcji w mie\u015bcie i dwudziesta w kraju! W tym roku obchodzimy 20-lecie \u015awi\u0119ta Drzewa, programu Klubu Gaja, kt\u00f3ry anga\u017cuje i m\u0142odych, i starszych m.in. do sadzenia i ochrony drzew oraz podejmowania r\u00f3\u017cnych dzia\u0142a\u0144 dla przyrody i klimatu. Sosnowieckie przedszkola, szko\u0142y zaprosili\u015bmy do Parku Harcerskiego. Pogoda dopisa\u0142a, wi\u0119c po oficjalnym otwarciu&nbsp; wszyscy ruszyli do pracy.<\/p>\n<p><strong>Arkadiusz Ch\u0119ci\u0144ski, <\/strong>prezydent Miasta Sosnowca, otwieraj\u0105c wydarzenie, m\u00f3wi\u0142 \u2013 \u201eSosnowiec jest miastem zielony. My i Wy musimy zrobi\u0107 co w naszej mocy, by\u015bmy mogli \u017cy\u0107 w czystym \u015brodowisku. Chcemy by czyste powietrze by\u0142o tu, w naszym mie\u015bcie, a nie tylko nad morzem czy w g\u00f3rach. Dlatego popieramy takie akcje. Jeste\u015bmy jednym z niewielu miast, kt\u00f3re tworzy park w centrum wielkiego osiedla. W Zag\u00f3rzu powstaje du\u017cy teren zieleni, niekt\u00f3rzy m\u00f3wi\u0105 nawet las, ale to park, w kt\u00f3rym odpoczywa\u0107 b\u0119d\u0105 mieszka\u0144cy. Szanujmy przyrod\u0119, nie mo\u017cemy naszej pracy przerwa\u0107, bo od nas zale\u017cy . Promujemy zdrowe \u017cycie, ziele\u0144 i miasto Sosnowiec!\u201d<\/p>\n<p>\n<div class=\"ngg-galleryoverview ngg-slideshow\"\n\tid=\"ngg-slideshow-57f14335ab3cd8c93dfc67038d9dcbfe-18866682350\"\n\tdata-gallery-id=\"57f14335ab3cd8c93dfc67038d9dcbfe\"\n\tstyle=\"max-width: 600px;\n\t\t\tmax-height: 450px;\n\t\t\tdisplay: none;\">\n\n\t\n\t\t<a href=\"https:\/\/archiwum.swietodrzewa.pl\/wp-content\/gallery\/sosnowiec-2022\/310869911_5907803782564026_631590687073785103_n.jpeg\"\n\t\t\ttitle=\"\"\n\t\t\tdata-src=\"https:\/\/archiwum.swietodrzewa.pl\/wp-content\/gallery\/sosnowiec-2022\/310869911_5907803782564026_631590687073785103_n.jpeg\"\n\t\t\tdata-thumbnail=\"https:\/\/archiwum.swietodrzewa.pl\/wp-content\/gallery\/sosnowiec-2022\/thumbs\/thumbs_310869911_5907803782564026_631590687073785103_n.jpeg\"\n\t\t\tdata-image-id=\"2322\"\n\t\t\tdata-title=\"310869911_5907803782564026_631590687073785103_n\"\n\t\t\tdata-description=\"\"\n\t\t\tclass=\"shutterset_57f14335ab3cd8c93dfc67038d9dcbfe\">\n\n\t\t\t<img data-image-id='2322'\n\t\t\t\ttitle=\"\"\n\t\t\t\talt=\"310869911_5907803782564026_631590687073785103_n\"\n\t\t\t\tsrc=\"https:\/\/archiwum.swietodrzewa.pl\/wp-content\/gallery\/sosnowiec-2022\/310869911_5907803782564026_631590687073785103_n.jpeg\"\n\t\t\t\tstyle=\"max-height: 430px;\"\/>\n\t\t<\/a>\n\n\t\t\n\t\t<a href=\"https:\/\/archiwum.swietodrzewa.pl\/wp-content\/gallery\/sosnowiec-2022\/310710524_5907807702563634_607488264736128683_n.jpeg\"\n\t\t\ttitle=\"\"\n\t\t\tdata-src=\"https:\/\/archiwum.swietodrzewa.pl\/wp-content\/gallery\/sosnowiec-2022\/310710524_5907807702563634_607488264736128683_n.jpeg\"\n\t\t\tdata-thumbnail=\"https:\/\/archiwum.swietodrzewa.pl\/wp-content\/gallery\/sosnowiec-2022\/thumbs\/thumbs_310710524_5907807702563634_607488264736128683_n.jpeg\"\n\t\t\tdata-image-id=\"2323\"\n\t\t\tdata-title=\"310710524_5907807702563634_607488264736128683_n\"\n\t\t\tdata-description=\"\"\n\t\t\tclass=\"shutterset_57f14335ab3cd8c93dfc67038d9dcbfe\">\n\n\t\t\t<img data-image-id='2323'\n\t\t\t\ttitle=\"\"\n\t\t\t\talt=\"310710524_5907807702563634_607488264736128683_n\"\n\t\t\t\tsrc=\"https:\/\/archiwum.swietodrzewa.pl\/wp-content\/gallery\/sosnowiec-2022\/310710524_5907807702563634_607488264736128683_n.jpeg\"\n\t\t\t\tstyle=\"max-height: 430px;\"\/>\n\t\t<\/a>\n\n\t\t\n\t\t<a href=\"https:\/\/archiwum.swietodrzewa.pl\/wp-content\/gallery\/sosnowiec-2022\/310754149_5907811365896601_5142637663742070858_n.jpeg\"\n\t\t\ttitle=\"\"\n\t\t\tdata-src=\"https:\/\/archiwum.swietodrzewa.pl\/wp-content\/gallery\/sosnowiec-2022\/310754149_5907811365896601_5142637663742070858_n.jpeg\"\n\t\t\tdata-thumbnail=\"https:\/\/archiwum.swietodrzewa.pl\/wp-content\/gallery\/sosnowiec-2022\/thumbs\/thumbs_310754149_5907811365896601_5142637663742070858_n.jpeg\"\n\t\t\tdata-image-id=\"2324\"\n\t\t\tdata-title=\"310754149_5907811365896601_5142637663742070858_n\"\n\t\t\tdata-description=\"\"\n\t\t\tclass=\"shutterset_57f14335ab3cd8c93dfc67038d9dcbfe\">\n\n\t\t\t<img data-image-id='2324'\n\t\t\t\ttitle=\"\"\n\t\t\t\talt=\"310754149_5907811365896601_5142637663742070858_n\"\n\t\t\t\tsrc=\"https:\/\/archiwum.swietodrzewa.pl\/wp-content\/gallery\/sosnowiec-2022\/310754149_5907811365896601_5142637663742070858_n.jpeg\"\n\t\t\t\tstyle=\"max-height: 430px;\"\/>\n\t\t<\/a>\n\n\t\t\n\t\t<a href=\"https:\/\/archiwum.swietodrzewa.pl\/wp-content\/gallery\/sosnowiec-2022\/310959028_5907811039229967_3125738070945623424_n.jpeg\"\n\t\t\ttitle=\"\"\n\t\t\tdata-src=\"https:\/\/archiwum.swietodrzewa.pl\/wp-content\/gallery\/sosnowiec-2022\/310959028_5907811039229967_3125738070945623424_n.jpeg\"\n\t\t\tdata-thumbnail=\"https:\/\/archiwum.swietodrzewa.pl\/wp-content\/gallery\/sosnowiec-2022\/thumbs\/thumbs_310959028_5907811039229967_3125738070945623424_n.jpeg\"\n\t\t\tdata-image-id=\"2325\"\n\t\t\tdata-title=\"310959028_5907811039229967_3125738070945623424_n\"\n\t\t\tdata-description=\"\"\n\t\t\tclass=\"shutterset_57f14335ab3cd8c93dfc67038d9dcbfe\">\n\n\t\t\t<img data-image-id='2325'\n\t\t\t\ttitle=\"\"\n\t\t\t\talt=\"310959028_5907811039229967_3125738070945623424_n\"\n\t\t\t\tsrc=\"https:\/\/archiwum.swietodrzewa.pl\/wp-content\/gallery\/sosnowiec-2022\/310959028_5907811039229967_3125738070945623424_n.jpeg\"\n\t\t\t\tstyle=\"max-height: 430px;\"\/>\n\t\t<\/a>\n\n\t\t\n\t\t<a href=\"https:\/\/archiwum.swietodrzewa.pl\/wp-content\/gallery\/sosnowiec-2022\/310756142_5907810872563317_1662096919827122176_n.jpeg\"\n\t\t\ttitle=\"\"\n\t\t\tdata-src=\"https:\/\/archiwum.swietodrzewa.pl\/wp-content\/gallery\/sosnowiec-2022\/310756142_5907810872563317_1662096919827122176_n.jpeg\"\n\t\t\tdata-thumbnail=\"https:\/\/archiwum.swietodrzewa.pl\/wp-content\/gallery\/sosnowiec-2022\/thumbs\/thumbs_310756142_5907810872563317_1662096919827122176_n.jpeg\"\n\t\t\tdata-image-id=\"2326\"\n\t\t\tdata-title=\"310756142_5907810872563317_1662096919827122176_n\"\n\t\t\tdata-description=\"\"\n\t\t\tclass=\"shutterset_57f14335ab3cd8c93dfc67038d9dcbfe\">\n\n\t\t\t<img data-image-id='2326'\n\t\t\t\ttitle=\"\"\n\t\t\t\talt=\"310756142_5907810872563317_1662096919827122176_n\"\n\t\t\t\tsrc=\"https:\/\/archiwum.swietodrzewa.pl\/wp-content\/gallery\/sosnowiec-2022\/310756142_5907810872563317_1662096919827122176_n.jpeg\"\n\t\t\t\tstyle=\"max-height: 430px;\"\/>\n\t\t<\/a>\n\n\t\t\n\t\t<a href=\"https:\/\/archiwum.swietodrzewa.pl\/wp-content\/gallery\/sosnowiec-2022\/310800281_5907806485897089_9167741094692116007_n.jpeg\"\n\t\t\ttitle=\"\"\n\t\t\tdata-src=\"https:\/\/archiwum.swietodrzewa.pl\/wp-content\/gallery\/sosnowiec-2022\/310800281_5907806485897089_9167741094692116007_n.jpeg\"\n\t\t\tdata-thumbnail=\"https:\/\/archiwum.swietodrzewa.pl\/wp-content\/gallery\/sosnowiec-2022\/thumbs\/thumbs_310800281_5907806485897089_9167741094692116007_n.jpeg\"\n\t\t\tdata-image-id=\"2327\"\n\t\t\tdata-title=\"310800281_5907806485897089_9167741094692116007_n\"\n\t\t\tdata-description=\"\"\n\t\t\tclass=\"shutterset_57f14335ab3cd8c93dfc67038d9dcbfe\">\n\n\t\t\t<img data-image-id='2327'\n\t\t\t\ttitle=\"\"\n\t\t\t\talt=\"310800281_5907806485897089_9167741094692116007_n\"\n\t\t\t\tsrc=\"https:\/\/archiwum.swietodrzewa.pl\/wp-content\/gallery\/sosnowiec-2022\/310800281_5907806485897089_9167741094692116007_n.jpeg\"\n\t\t\t\tstyle=\"max-height: 430px;\"\/>\n\t\t<\/a>\n\n\t\t\n\t\t<a href=\"https:\/\/archiwum.swietodrzewa.pl\/wp-content\/gallery\/sosnowiec-2022\/311046014_5907809802563424_8948593081161359159_n.jpeg\"\n\t\t\ttitle=\"\"\n\t\t\tdata-src=\"https:\/\/archiwum.swietodrzewa.pl\/wp-content\/gallery\/sosnowiec-2022\/311046014_5907809802563424_8948593081161359159_n.jpeg\"\n\t\t\tdata-thumbnail=\"https:\/\/archiwum.swietodrzewa.pl\/wp-content\/gallery\/sosnowiec-2022\/thumbs\/thumbs_311046014_5907809802563424_8948593081161359159_n.jpeg\"\n\t\t\tdata-image-id=\"2328\"\n\t\t\tdata-title=\"311046014_5907809802563424_8948593081161359159_n\"\n\t\t\tdata-description=\"\"\n\t\t\tclass=\"shutterset_57f14335ab3cd8c93dfc67038d9dcbfe\">\n\n\t\t\t<img data-image-id='2328'\n\t\t\t\ttitle=\"\"\n\t\t\t\talt=\"311046014_5907809802563424_8948593081161359159_n\"\n\t\t\t\tsrc=\"https:\/\/archiwum.swietodrzewa.pl\/wp-content\/gallery\/sosnowiec-2022\/311046014_5907809802563424_8948593081161359159_n.jpeg\"\n\t\t\t\tstyle=\"max-height: 430px;\"\/>\n\t\t<\/a>\n\n\t\t\n\t\t<a href=\"https:\/\/archiwum.swietodrzewa.pl\/wp-content\/gallery\/sosnowiec-2022\/311135976_5907808479230223_5733000923775515763_n.jpeg\"\n\t\t\ttitle=\"\"\n\t\t\tdata-src=\"https:\/\/archiwum.swietodrzewa.pl\/wp-content\/gallery\/sosnowiec-2022\/311135976_5907808479230223_5733000923775515763_n.jpeg\"\n\t\t\tdata-thumbnail=\"https:\/\/archiwum.swietodrzewa.pl\/wp-content\/gallery\/sosnowiec-2022\/thumbs\/thumbs_311135976_5907808479230223_5733000923775515763_n.jpeg\"\n\t\t\tdata-image-id=\"2329\"\n\t\t\tdata-title=\"311135976_5907808479230223_5733000923775515763_n\"\n\t\t\tdata-description=\"\"\n\t\t\tclass=\"shutterset_57f14335ab3cd8c93dfc67038d9dcbfe\">\n\n\t\t\t<img data-image-id='2329'\n\t\t\t\ttitle=\"\"\n\t\t\t\talt=\"311135976_5907808479230223_5733000923775515763_n\"\n\t\t\t\tsrc=\"https:\/\/archiwum.swietodrzewa.pl\/wp-content\/gallery\/sosnowiec-2022\/311135976_5907808479230223_5733000923775515763_n.jpeg\"\n\t\t\t\tstyle=\"max-height: 430px;\"\/>\n\t\t<\/a>\n\n\t\t\n\t\t<a href=\"https:\/\/archiwum.swietodrzewa.pl\/wp-content\/gallery\/sosnowiec-2022\/311135976_5907809115896826_86245384894776843_n.jpeg\"\n\t\t\ttitle=\"\"\n\t\t\tdata-src=\"https:\/\/archiwum.swietodrzewa.pl\/wp-content\/gallery\/sosnowiec-2022\/311135976_5907809115896826_86245384894776843_n.jpeg\"\n\t\t\tdata-thumbnail=\"https:\/\/archiwum.swietodrzewa.pl\/wp-content\/gallery\/sosnowiec-2022\/thumbs\/thumbs_311135976_5907809115896826_86245384894776843_n.jpeg\"\n\t\t\tdata-image-id=\"2330\"\n\t\t\tdata-title=\"311135976_5907809115896826_86245384894776843_n\"\n\t\t\tdata-description=\"\"\n\t\t\tclass=\"shutterset_57f14335ab3cd8c93dfc67038d9dcbfe\">\n\n\t\t\t<img data-image-id='2330'\n\t\t\t\ttitle=\"\"\n\t\t\t\talt=\"311135976_5907809115896826_86245384894776843_n\"\n\t\t\t\tsrc=\"https:\/\/archiwum.swietodrzewa.pl\/wp-content\/gallery\/sosnowiec-2022\/311135976_5907809115896826_86245384894776843_n.jpeg\"\n\t\t\t\tstyle=\"max-height: 430px;\"\/>\n\t\t<\/a>\n\n\t\t\n\t\t<a href=\"https:\/\/archiwum.swietodrzewa.pl\/wp-content\/gallery\/sosnowiec-2022\/311160580_5907804222563982_2944362972237563936_n.jpeg\"\n\t\t\ttitle=\"\"\n\t\t\tdata-src=\"https:\/\/archiwum.swietodrzewa.pl\/wp-content\/gallery\/sosnowiec-2022\/311160580_5907804222563982_2944362972237563936_n.jpeg\"\n\t\t\tdata-thumbnail=\"https:\/\/archiwum.swietodrzewa.pl\/wp-content\/gallery\/sosnowiec-2022\/thumbs\/thumbs_311160580_5907804222563982_2944362972237563936_n.jpeg\"\n\t\t\tdata-image-id=\"2331\"\n\t\t\tdata-title=\"311160580_5907804222563982_2944362972237563936_n\"\n\t\t\tdata-description=\"\"\n\t\t\tclass=\"shutterset_57f14335ab3cd8c93dfc67038d9dcbfe\">\n\n\t\t\t<img data-image-id='2331'\n\t\t\t\ttitle=\"\"\n\t\t\t\talt=\"311160580_5907804222563982_2944362972237563936_n\"\n\t\t\t\tsrc=\"https:\/\/archiwum.swietodrzewa.pl\/wp-content\/gallery\/sosnowiec-2022\/311160580_5907804222563982_2944362972237563936_n.jpeg\"\n\t\t\t\tstyle=\"max-height: 430px;\"\/>\n\t\t<\/a>\n\n\t\t\n\t\t<a href=\"https:\/\/archiwum.swietodrzewa.pl\/wp-content\/gallery\/sosnowiec-2022\/311412432_5907805629230508_433821374618905763_n.jpeg\"\n\t\t\ttitle=\"\"\n\t\t\tdata-src=\"https:\/\/archiwum.swietodrzewa.pl\/wp-content\/gallery\/sosnowiec-2022\/311412432_5907805629230508_433821374618905763_n.jpeg\"\n\t\t\tdata-thumbnail=\"https:\/\/archiwum.swietodrzewa.pl\/wp-content\/gallery\/sosnowiec-2022\/thumbs\/thumbs_311412432_5907805629230508_433821374618905763_n.jpeg\"\n\t\t\tdata-image-id=\"2332\"\n\t\t\tdata-title=\"311412432_5907805629230508_433821374618905763_n\"\n\t\t\tdata-description=\"\"\n\t\t\tclass=\"shutterset_57f14335ab3cd8c93dfc67038d9dcbfe\">\n\n\t\t\t<img data-image-id='2332'\n\t\t\t\ttitle=\"\"\n\t\t\t\talt=\"311412432_5907805629230508_433821374618905763_n\"\n\t\t\t\tsrc=\"https:\/\/archiwum.swietodrzewa.pl\/wp-content\/gallery\/sosnowiec-2022\/311412432_5907805629230508_433821374618905763_n.jpeg\"\n\t\t\t\tstyle=\"max-height: 430px;\"\/>\n\t\t<\/a>\n\n\t\t<\/div>\n\n\n<strong>Iwona Durek, <\/strong>dyrektorka Zespo\u0142u Szk\u00f3\u0142 Specjalnych nr 4, kt\u00f3ry opiekuje si\u0119 parkiem, doda\u0142a<strong> \u2013 <\/strong>\u201eDobrze by\u0107 gospodyni\u0105. Z Klubem Gaja przyja\u017animy si\u0119 od 2010 roku, zacz\u0119\u0142o si\u0119 od koni do hipoterapii, potem tworzenia tego parku, w kt\u00f3rym posadzili\u015bmy wiele drzew i krzew\u00f3w. Dzisiaj posiejemy \u0142\u0105k\u0119 kwietn\u0105, b\u0119dzie tutaj ros\u0142o du\u017co kwiat\u00f3w, kt\u00f3re zwabi\u0105 pi\u0119kne owady, jak pszczo\u0142y czy motyle. B\u0119dziecie mogli je obserwowa\u0107 na \u017cywo, a nie tylko w podr\u0119cznikach szkolnych. Najwa\u017cniejsze, by przyrod\u0119 dotkn\u0105\u0107, poczu\u0107 i obcowa\u0107 z ni\u0105. Dzi\u0119kujemy Klubowi Gaja i Miastu Sosnowiec, dzi\u0119ki kt\u00f3rym rzeczy dziej\u0105 si\u0119 do przodu!\u201d.<\/p>\n<p>Dzieci i m\u0142odzie\u017c zaproszono do aktywnej edukacji o zak\u0142adaniu kwietnych \u0142\u0105k, kompostowaniu, sadzeniu ro\u015blin i budowaniu budek l\u0119gowych dla ptak\u00f3w i owad\u00f3w.<\/p>\n<p><strong>Anna Jankowska<\/strong>, nauczycielka ze szko\u0142y Podstawowej nr 18, komentowa\u0142a \u2013 \u201eUwa\u017cam warsztaty za bardzo kreatywne. Pobudzaj\u0105 do my\u015blenia ekologicznego o przyrodzie\u201d. &nbsp;&nbsp;Uczennice doda\u0142y: <strong>Klaudia<\/strong> \u2013 \u201eBy\u0142o fajnie. Dobrze si\u0119 bawi\u0142am si\u0119. Robi\u0142am budk\u0119 dla ptak\u00f3w. Polecam!; <strong>Weronika<\/strong> \u2013 \u201eBy\u0142o spoko. Wkr\u0119ca\u0142am \u015brubki. Zrobi\u0142am budk\u0119 dla ptak\u00f3w\u201d;&nbsp; <strong>Julka <\/strong>\u2013 \u201ePolecam te warsztaty. Mo\u017cna by\u0142o nauczy\u0107 si\u0119 kreatywno\u015bci\u201d.<\/p>\n<p>Ekipa \u0142\u0105kowo-kompostowa, opowiada\u0142a: <strong>Natalka<\/strong> \u2013 \u201eNajpierw wmieszali\u015bmy nasiona. Potem prze\u0142o\u017cyli\u015bmy je do ma\u0142ych pojemnik\u00f3w i wsiali\u015bmy w ziemi\u0119. Na ko\u0144cu grabili\u015bmy i walcowali\u015bmy. Jak ch\u0142opcy sko\u0144czyli kompost, przyszli nam pom\u00f3c\u201d; <strong>Bartek <\/strong>\u2013 \u201ePracowa\u0142em wa\u0142em, wyr\u00f3wnywa\u0142em teren\u201d; <strong>Olaf<\/strong> \u2013\u201eDowiedzia\u0142em si\u0119, \u017ce kompost jest potrzeby. Mo\u017cna tam dodawa\u0107 traw\u0119 i li\u015bcie, i u\u017cy\u0107 go do ro\u015blin\u201d; <strong>Maciek<\/strong> \u2013\u201eRobimy tu takie co\u015b, by ros\u0142y tu kwiaty. B\u0119d\u0105 tu przylatywa\u0107 pszczo\u0142y i zajada\u0107 nektar\u201d.<\/p>\n<p>Podczas wydarzenia Klub Gaja przekaza\u0142 sosnowieckim przedszkolom i szko\u0142om 300 sadzonek wi\u0105z\u00f3w, lip i d\u0119b\u00f3w, by mog\u0142y zorganizowa\u0107 \u015awi\u0119to&nbsp; Drzewa w swoich plac\u00f3wkach. Dla dzieci przygotowano tak\u017ce materia\u0142y edukacyjne m.in. s\u0142uchowisko \u201eCzarna pszczo\u0142a\u201d i plansze edukacyjne jak zbudowa\u0107 schronienia dla dzikich zwierz\u0105t, by zaprosi\u0107 je do ogrod\u00f3w.<\/p>\n<p><strong>Projekt Klubu Gaja \u201e\u015awi\u0119to Drzewa w Sosnowcu\u201d finansowany jest ze \u015brodk\u00f3w Gminy Sosnowiec.<\/strong><\/p>\n<p><strong>Patronat Honorowy Prezydenta Miasta Sosnowca<\/strong><\/p>\n<p><strong>Wsp\u00f3\u0142praca : Fundusz Partnerstwa w ramach Green Print, LLC Program Clean AdvantageTM.<\/strong><\/p>\n<p><strong>&nbsp;<\/strong><\/p>\n<p><img loading=\"lazy\" class=\"alignleft size-full wp-image-14501\" src=\"https:\/\/archiwum.swietodrzewa.pl\/wp-content\/uploads\/2022\/09\/logotypy.jpg\" alt=\"\" width=\"795\" height=\"137\" srcset=\"https:\/\/archiwum.swietodrzewa.pl\/wp-content\/uploads\/2022\/09\/logotypy.jpg 795w, https:\/\/archiwum.swietodrzewa.pl\/wp-content\/uploads\/2022\/09\/logotypy-300x52.jpg 300w, https:\/\/archiwum.swietodrzewa.pl\/wp-content\/uploads\/2022\/09\/logotypy-768x132.jpg 768w\" sizes=\"(max-width: 795px) 100vw, 795px\" \/><\/p>\n<p>&nbsp;<\/p>\n<p>&nbsp;<\/p>\n<p>&nbsp;<\/p>\n<p>&nbsp;<\/p>\n<p><a href=\"https:\/\/www.facebook.com\/media\/set\/?set=a.5907813849229686&amp;type=3\">ZOBACZ FOTO RELAC\u0118 &nbsp;NA FB &nbsp;&gt;&gt;&gt;<\/a><\/p>\n","protected":false},"excerpt":{"rendered":"<p>Ju\u017c po raz drugi, Klub Gaja zorganizowa\u0142 \u015awi\u0119ta Drzewa w Sosnowcu. W Parku Harcerskim razem zaproszonymi go\u015b\u0107mi i uczniami z Zespo\u0142u Szk\u00f3\u0142 Specjalnych nr 4, Szko\u0142y Podstawowej nr 18 i 9 posadzili\u015bmy pigwy, morele, brzoskwinie, \u015bliwki w\u0119gierki, na \u015bcie\u017cce sensorycznej dosadzili\u015bmy rododendrony i azalie, posiali\u015bmy \u0142\u0105k\u0119 kwietn\u0105, zbudowali\u015bmy kompostowniki i budki l\u0119gowe dla ptak\u00f3w i [&hellip;]<\/p>\n","protected":false},"author":3,"featured_media":14539,"comment_status":"closed","ping_status":"closed","sticky":false,"template":"","format":"standard","meta":{"ngg_post_thumbnail":0},"categories":[17],"tags":[],"_links":{"self":[{"href":"https:\/\/archiwum.swietodrzewa.pl\/index.php?rest_route=\/wp\/v2\/posts\/14541"}],"collection":[{"href":"https:\/\/archiwum.swietodrzewa.pl\/index.php?rest_route=\/wp\/v2\/posts"}],"about":[{"href":"https:\/\/archiwum.swietodrzewa.pl\/index.php?rest_route=\/wp\/v2\/types\/post"}],"author":[{"embeddable":true,"href":"https:\/\/archiwum.swietodrzewa.pl\/index.php?rest_route=\/wp\/v2\/users\/3"}],"replies":[{"embeddable":true,"href":"https:\/\/archiwum.swietodrzewa.pl\/index.php?rest_route=%2Fwp%2Fv2%2Fcomments&post=14541"}],"version-history":[{"count":8,"href":"https:\/\/archiwum.swietodrzewa.pl\/index.php?rest_route=\/wp\/v2\/posts\/14541\/revisions"}],"predecessor-version":[{"id":14909,"href":"https:\/\/archiwum.swietodrzewa.pl\/index.php?rest_route=\/wp\/v2\/posts\/14541\/revisions\/14909"}],"wp:featuredmedia":[{"embeddable":true,"href":"https:\/\/archiwum.swietodrzewa.pl\/index.php?rest_route=\/wp\/v2\/media\/14539"}],"wp:attachment":[{"href":"https:\/\/archiwum.swietodrzewa.pl\/index.php?rest_route=%2Fwp%2Fv2%2Fmedia&parent=14541"}],"wp:term":[{"taxonomy":"category","embeddable":true,"href":"https:\/\/archiwum.swietodrzewa.pl\/index.php?rest_route=%2Fwp%2Fv2%2Fcategories&post=14541"},{"taxonomy":"post_tag","embeddable":true,"href":"https:\/\/archiwum.swietodrzewa.pl\/index.php?rest_route=%2Fwp%2Fv2%2Ftags&post=14541"}],"curies":[{"name":"wp","href":"https:\/\/api.w.org\/{rel}","templated":true}]}}