{"id":14610,"date":"2022-11-04T13:12:16","date_gmt":"2022-11-04T12:12:16","guid":{"rendered":"https:\/\/swietodrzewa.pl\/?p=14610"},"modified":"2022-11-25T14:13:46","modified_gmt":"2022-11-25T13:13:46","slug":"20-lecie-swieta-drzewa-i-10-lecie-cinib-y","status":"publish","type":"post","link":"https:\/\/archiwum.swietodrzewa.pl\/?p=14610","title":{"rendered":"20-lecie \u015awi\u0119ta Drzewa i 10-lecie CINIB-y"},"content":{"rendered":"<p><strong>W tym roku obchody 20-lecia programu \u015awi\u0119to Drzewa Klubu Gaja po\u0142\u0105czy\u0142y si\u0119 z \u015bwi\u0119towaniem 10-lecia Centrum Informacji Naukowej i Biblioteki Akademickiej w Katowicach. Podczas wydarzenia <\/strong><strong>Klub Gaja <\/strong><strong>wr\u0119czy\u0142 partnerom certyfikaty i podzi\u0119kowania za d\u0142ugoletni\u0105 wsp\u00f3\u0142prac\u0119 w ramach \u015awi\u0119ta Drzewa. Wsp\u00f3lnie z go\u015b\u0107mi oraz uczennicami i uczniami z katowickich szk\u00f3\u0142 posadzono wok\u00f3\u0142 CINiB-y ponad 20 drzew i krzew\u00f3w oraz zbudowano 4 hotele dla owad\u00f3w. <\/strong><!--more--><\/p>\n<p><img loading=\"lazy\" class=\"alignleft size-medium wp-image-14616\" src=\"https:\/\/archiwum.swietodrzewa.pl\/wp-content\/uploads\/2022\/11\/312273092_5969649319712805_8177165890847732343_n-300x200.jpg\" alt=\"\" width=\"300\" height=\"200\" srcset=\"https:\/\/archiwum.swietodrzewa.pl\/wp-content\/uploads\/2022\/11\/312273092_5969649319712805_8177165890847732343_n-300x200.jpg 300w, https:\/\/archiwum.swietodrzewa.pl\/wp-content\/uploads\/2022\/11\/312273092_5969649319712805_8177165890847732343_n-1024x683.jpg 1024w, https:\/\/archiwum.swietodrzewa.pl\/wp-content\/uploads\/2022\/11\/312273092_5969649319712805_8177165890847732343_n-768x512.jpg 768w, https:\/\/archiwum.swietodrzewa.pl\/wp-content\/uploads\/2022\/11\/312273092_5969649319712805_8177165890847732343_n-1536x1024.jpg 1536w, https:\/\/archiwum.swietodrzewa.pl\/wp-content\/uploads\/2022\/11\/312273092_5969649319712805_8177165890847732343_n-272x182.jpg 272w, https:\/\/archiwum.swietodrzewa.pl\/wp-content\/uploads\/2022\/11\/312273092_5969649319712805_8177165890847732343_n.jpg 2048w\" sizes=\"(max-width: 300px) 100vw, 300px\" \/>Wieloletnia wsp\u00f3\u0142praca Klubu Gaja z miastem Katowice, CINiB-\u0105, Uniwersytetem \u015al\u0105skim i Uniwersytetem Ekonomiczny,&nbsp; przynosi efekty nie tylko edukacyjne ale przyczynia si\u0119 do zazieleniania miasta. Posadzone przez nas drzewa i krzewy w ramach \u015awi\u0119ta Drzewa rosn\u0105 wok\u00f3\u0142 katowickich bibliotek, uniwersytet\u00f3w i plac\u00f3wek edukacyjnych, a aktywna edukacja mo\u017ce s\u0142u\u017cy\u0107 za inspiracj\u0119 i wz\u00f3r dobrych praktyk dla wielu instytucji. Wydarzenie obj\u0119te zosta\u0142o Patronatem Honorowym Prezydenta Miasta Katowice Marcina Krupy.<\/p>\n<p><strong>Jacek Bo\u017cek<\/strong>, za\u0142o\u017cyciel i prezes Klubu Gaja, m\u00f3wi \u2013 \u201e \u015awi\u0119to Drzewa w Katowicach jest doskona\u0142ym przyk\u0142adem na wsp\u00f3\u0142prac\u0119 nakierowan\u0105 na ochron\u0119 przyrody, edukacj\u0119 ekologiczn\u0105 i konkretne dzia\u0142ania dla mieszka\u0144c\u00f3w miasta. \u0141\u0105czenie tych aktywno\u015bci jest szczeg\u00f3lnie cenne dla m\u0142odych ludzi, kt\u00f3rzy efektywniej ucz\u0105 si\u0119 w oparciu o do\u015bwiadczenie, poczucie sensu i prac\u0119 we wsp\u00f3lnocie. Mam nadziej\u0119, \u017ce nadal b\u0119dziemy mogli wsp\u00f3\u0142pracowa\u0107 z naszymi partnerami dla dobra przyrody, miasta i regionu \u201d.<img loading=\"lazy\" class=\"alignright size-medium wp-image-14613\" src=\"https:\/\/archiwum.swietodrzewa.pl\/wp-content\/uploads\/2022\/11\/311719809_5969647813046289_8382285715903109904_n-300x200.jpg\" alt=\"\" width=\"300\" height=\"200\" srcset=\"https:\/\/archiwum.swietodrzewa.pl\/wp-content\/uploads\/2022\/11\/311719809_5969647813046289_8382285715903109904_n-300x200.jpg 300w, https:\/\/archiwum.swietodrzewa.pl\/wp-content\/uploads\/2022\/11\/311719809_5969647813046289_8382285715903109904_n-1024x683.jpg 1024w, https:\/\/archiwum.swietodrzewa.pl\/wp-content\/uploads\/2022\/11\/311719809_5969647813046289_8382285715903109904_n-768x512.jpg 768w, https:\/\/archiwum.swietodrzewa.pl\/wp-content\/uploads\/2022\/11\/311719809_5969647813046289_8382285715903109904_n-1536x1024.jpg 1536w, https:\/\/archiwum.swietodrzewa.pl\/wp-content\/uploads\/2022\/11\/311719809_5969647813046289_8382285715903109904_n-272x182.jpg 272w, https:\/\/archiwum.swietodrzewa.pl\/wp-content\/uploads\/2022\/11\/311719809_5969647813046289_8382285715903109904_n.jpg 2048w\" sizes=\"(max-width: 300px) 100vw, 300px\" \/><\/p>\n<p>Na pocz\u0105tku wydarzenia Klub Gaja wr\u0119czy\u0142 podzi\u0119kowania \u2013 statuetki z recyklingu, z wi\u0119\u017ab starych dom\u00f3w, kt\u00f3re otrzymali: Miasto Katowice,&nbsp; Uniwersytet \u015al\u0105ski, CINIB-a, ALDI \u2013 partner 20 edycji \u015awi\u0119ta Drzewa oraz Szko\u0142a Podstawowa nr 40 w Katowicach. Nast\u0119pnie zaproszono laureat\u00f3w do posadzenia pierwszego drzewa \u2013 jarz\u0119ba pospolitego.<\/p>\n<p><strong>Dr Katarzyna Wyszy\u0144ska, <\/strong>koordynator Zespo\u0142u ds. promocji i organizacji wydarze\u0144 w CINiB-ie, dodaje \u2013 \u201eDzisiaj nasze wsp\u00f3lne \u015bwi\u0119to &#8211; &nbsp;20 lat \u015awi\u0119ta Drzewa i 10 lat CINiB-y. Ten skwer, na kt\u00f3rym si\u0119 znajdujemy, w ca\u0142o\u015bci zosta\u0142 obsadzony dzi\u0119ki temu, \u017ce dzia\u0142amy na rzecz przyrody razem z Klubem Gaja, niezmiennie si\u0119 wspieraj\u0105c. CINiBA w\u0142\u0105cza si\u0119 w r\u00f3\u017cne aktywno\u015bci, nie tylko na rzecz wsp\u00f3lnoty akademickiej, ale regionu, miasta, a tak\u017ce szeroko rozumianej ekologii. Go\u015bcimy Pa\u0144stwa od 10 lat i b\u0119dziemy kolejnych dekadach!\u201d.<\/p>\n<p><strong><img loading=\"lazy\" class=\"alignleft size-medium wp-image-14615\" src=\"https:\/\/archiwum.swietodrzewa.pl\/wp-content\/uploads\/2022\/11\/311777105_5969650306379373_5226604186081825975_n-300x200.jpg\" alt=\"\" width=\"300\" height=\"200\" srcset=\"https:\/\/archiwum.swietodrzewa.pl\/wp-content\/uploads\/2022\/11\/311777105_5969650306379373_5226604186081825975_n-300x200.jpg 300w, https:\/\/archiwum.swietodrzewa.pl\/wp-content\/uploads\/2022\/11\/311777105_5969650306379373_5226604186081825975_n-1024x683.jpg 1024w, https:\/\/archiwum.swietodrzewa.pl\/wp-content\/uploads\/2022\/11\/311777105_5969650306379373_5226604186081825975_n-768x512.jpg 768w, https:\/\/archiwum.swietodrzewa.pl\/wp-content\/uploads\/2022\/11\/311777105_5969650306379373_5226604186081825975_n-1536x1024.jpg 1536w, https:\/\/archiwum.swietodrzewa.pl\/wp-content\/uploads\/2022\/11\/311777105_5969650306379373_5226604186081825975_n-272x182.jpg 272w, https:\/\/archiwum.swietodrzewa.pl\/wp-content\/uploads\/2022\/11\/311777105_5969650306379373_5226604186081825975_n.jpg 2048w\" sizes=\"(max-width: 300px) 100vw, 300px\" \/>\u201e<\/strong>Mamy \u015bwiadomo\u015b\u0107, \u017ce jako przedsi\u0119biorca mamy ogromny wp\u0142yw na nasze otoczenie i \u015brodowisko naturalne, dlatego bardzo ch\u0119tnie przyst\u0119pujemy do inicjatyw proekologicznych, zobowi\u0105zuj\u0105c tym samym siebie oraz naszych partner\u00f3w biznesowych do ochrony zasob\u00f3w naturalnych \u2013 od produkcji po dostaw\u0119. Wsp\u00f3\u0142praca z Klubem Gaja jest przyk\u0142adem inicjatywy realizuj\u0105cej nasze za\u0142o\u017cenia i przyczyniaj\u0105cej si\u0119 do zmniejszenia negatywnego oddzia\u0142ywania na klimat. Ka\u017cdorazowo przy wsp\u00f3\u0142pracy z Klubem Gaja czerpiemy wiele nowych do\u015bwiadcze\u0144\u201d \u2013 m\u00f3wi<strong> Agata Biernacka, <\/strong>przedstawicielka ALDI, partnera 20 edycji \u015awi\u0119ta Drzewa.<img loading=\"lazy\" class=\"alignright size-medium wp-image-14614\" src=\"https:\/\/archiwum.swietodrzewa.pl\/wp-content\/uploads\/2022\/11\/311726444_5969653159712421_8466156534768538881_n-300x200.jpg\" alt=\"\" width=\"300\" height=\"200\" srcset=\"https:\/\/archiwum.swietodrzewa.pl\/wp-content\/uploads\/2022\/11\/311726444_5969653159712421_8466156534768538881_n-300x200.jpg 300w, https:\/\/archiwum.swietodrzewa.pl\/wp-content\/uploads\/2022\/11\/311726444_5969653159712421_8466156534768538881_n-1024x683.jpg 1024w, https:\/\/archiwum.swietodrzewa.pl\/wp-content\/uploads\/2022\/11\/311726444_5969653159712421_8466156534768538881_n-768x512.jpg 768w, https:\/\/archiwum.swietodrzewa.pl\/wp-content\/uploads\/2022\/11\/311726444_5969653159712421_8466156534768538881_n-1536x1024.jpg 1536w, https:\/\/archiwum.swietodrzewa.pl\/wp-content\/uploads\/2022\/11\/311726444_5969653159712421_8466156534768538881_n-272x182.jpg 272w, https:\/\/archiwum.swietodrzewa.pl\/wp-content\/uploads\/2022\/11\/311726444_5969653159712421_8466156534768538881_n.jpg 2048w\" sizes=\"(max-width: 300px) 100vw, 300px\" \/><\/p>\n<p>Podczas wydarzenia wsp\u00f3lnie z uczennicami i uczniami z SP 40 posadzono kolejne ro\u015bliny \u2013 klony, czarne bzy i berberysy, w sumie 22 drzewa i krzewy. M\u0142odzie\u017c uczestniczy\u0142a tak\u017ce w warsztatach budowy 4 hoteli dla owad\u00f3w, kt\u00f3re zamontowano na skwerze przed CINiB-\u0105. Dzi\u0119kujemy wszystkim partnerom za wieloletni\u0105 wsp\u00f3\u0142prac\u0119, kt\u00f3ra zakorzeni\u0142a si\u0119 mi\u0119dzy nami wraz z posadzonymi drzewami i krzewami w r\u00f3\u017cnych miejscach Katowic.<\/p>\n<p><strong>\u015awi\u0119to Drzewa w&nbsp;Katowicach <\/strong><br \/>\n<strong>Patronat Honorowy Prezydenta Miasta Katowice Marcina Krupy<\/strong><strong><br \/>\nPartner \u2013 <\/strong>ALDI<br \/>\n<strong>Wsp\u00f3\u0142praca \u2013 <\/strong>Miasto Katowice, Uniwersytet \u015al\u0105ski w Katowicach, Centrum Informacji Naukowej i Biblioteka Akademicka, Uniwersytet \u015al\u0105ski w Katowicach, Fundusz Partnerstwa w ramach Green Print, LLC Program Clean AdvantageTM.<\/p>\n<p><a href=\"https:\/\/www.facebook.com\/media\/set\/?vanity=Klub.Gaja&amp;set=a.5969656983045372\"><strong>ZOBACZ FOTO RELACJ\u0118 &gt;&gt;&gt;<\/strong><\/a><\/p>\n<p><a href=\"https:\/\/www.youtube.com\/watch?v=fTaOVtsuiJA\"><strong>ZOBACZ KR\u00d3TKI FILM &gt;&gt;&gt;<\/strong><\/a><\/p>\n<p><strong>&nbsp;<\/strong><\/p>\n<p>&nbsp;<\/p>\n","protected":false},"excerpt":{"rendered":"<p>W tym roku obchody 20-lecia programu \u015awi\u0119to Drzewa Klubu Gaja po\u0142\u0105czy\u0142y si\u0119 z \u015bwi\u0119towaniem 10-lecia Centrum Informacji Naukowej i Biblioteki Akademickiej w Katowicach. Podczas wydarzenia Klub Gaja wr\u0119czy\u0142 partnerom certyfikaty i podzi\u0119kowania za d\u0142ugoletni\u0105 wsp\u00f3\u0142prac\u0119 w ramach \u015awi\u0119ta Drzewa. Wsp\u00f3lnie z go\u015b\u0107mi oraz uczennicami i uczniami z katowickich szk\u00f3\u0142 posadzono wok\u00f3\u0142 CINiB-y ponad 20 drzew [&hellip;]<\/p>\n","protected":false},"author":3,"featured_media":14612,"comment_status":"closed","ping_status":"closed","sticky":false,"template":"","format":"standard","meta":{"ngg_post_thumbnail":0},"categories":[17],"tags":[],"_links":{"self":[{"href":"https:\/\/archiwum.swietodrzewa.pl\/index.php?rest_route=\/wp\/v2\/posts\/14610"}],"collection":[{"href":"https:\/\/archiwum.swietodrzewa.pl\/index.php?rest_route=\/wp\/v2\/posts"}],"about":[{"href":"https:\/\/archiwum.swietodrzewa.pl\/index.php?rest_route=\/wp\/v2\/types\/post"}],"author":[{"embeddable":true,"href":"https:\/\/archiwum.swietodrzewa.pl\/index.php?rest_route=\/wp\/v2\/users\/3"}],"replies":[{"embeddable":true,"href":"https:\/\/archiwum.swietodrzewa.pl\/index.php?rest_route=%2Fwp%2Fv2%2Fcomments&post=14610"}],"version-history":[{"count":4,"href":"https:\/\/archiwum.swietodrzewa.pl\/index.php?rest_route=\/wp\/v2\/posts\/14610\/revisions"}],"predecessor-version":[{"id":14664,"href":"https:\/\/archiwum.swietodrzewa.pl\/index.php?rest_route=\/wp\/v2\/posts\/14610\/revisions\/14664"}],"wp:featuredmedia":[{"embeddable":true,"href":"https:\/\/archiwum.swietodrzewa.pl\/index.php?rest_route=\/wp\/v2\/media\/14612"}],"wp:attachment":[{"href":"https:\/\/archiwum.swietodrzewa.pl\/index.php?rest_route=%2Fwp%2Fv2%2Fmedia&parent=14610"}],"wp:term":[{"taxonomy":"category","embeddable":true,"href":"https:\/\/archiwum.swietodrzewa.pl\/index.php?rest_route=%2Fwp%2Fv2%2Fcategories&post=14610"},{"taxonomy":"post_tag","embeddable":true,"href":"https:\/\/archiwum.swietodrzewa.pl\/index.php?rest_route=%2Fwp%2Fv2%2Ftags&post=14610"}],"curies":[{"name":"wp","href":"https:\/\/api.w.org\/{rel}","templated":true}]}}