{"id":14734,"date":"2023-01-31T19:07:15","date_gmt":"2023-01-31T18:07:15","guid":{"rendered":"https:\/\/swietodrzewa.pl\/?p=14734"},"modified":"2023-01-31T19:09:20","modified_gmt":"2023-01-31T18:09:20","slug":"dab-fabrykant-w-europejskim-konkursie","status":"publish","type":"post","link":"https:\/\/archiwum.swietodrzewa.pl\/?p=14734","title":{"rendered":"D\u0104B FABRYKANT W EUROPEJSKIM KONKURSIE"},"content":{"rendered":"<p><strong>Przez ca\u0142y luty Europejczycy wybiera\u0107 b\u0119d\u0105 najciekawsze drzewo 2023 roku. W organizowanym ju\u017c po raz trzynasty konkursie na Europejskie Drzewo Roku bierze udzia\u0142 szesna\u015bcie drzew z ca\u0142ej Europy, kt\u00f3re zwyci\u0119\u017cy\u0142y w konkursach krajowych. Polsk\u0119 w tym roku reprezentowa\u0142 b\u0119dzie 180-letni D\u0105b Fabrykant z \u0141odzi, kt\u00f3ry zwyci\u0119\u017cy\u0142 w krajowym konkursie Drzewo Roku 2022 organizowanym przez Klubu Gaja. O tym, kt\u00f3re drzewo wygra, zadecyduj\u0105 internauci. Zapraszamy do g\u0142osowania na <\/strong><a href=\"https:\/\/www.treeoftheyear.org\/pl\/vote\"><strong>https:\/\/www.treeoftheyear.org\/pl\/vote<\/strong><\/a><!--more--><\/p>\n<p>Konkurs Europejskie Drzewo Roku od 13 lat szuka w ca\u0142ej Europie drzew z najciekawszymi historiami, zwracaj\u0105c tym samym uwag\u0119 spo\u0142eczn\u0105 na ciekawe, stare drzewa, jako wa\u017cne elementy dziedzictwa przyrodniczego i kulturowego, kt\u00f3re powinni\u015bmy ceni\u0107 i chroni\u0107. W konkursie bior\u0105 udzia\u0142 zwyci\u0119zcy etap\u00f3w krajowych z ca\u0142ej Europy. Polskie drzewa maj\u0105 ju\u017c swoje osi\u0105gni\u0119cia w tym corocznym europejskim plebiscycie. W 2017 roku zwyci\u0119zc\u0105 konkursu zosta\u0142 D\u0105b J\u00f3zef z Wi\u015bniowej w woj. podkarpackim, a w 2022 roku tytu\u0142 Europejskiego Drzewa Roku otrzyma\u0142 D\u0105b Dunin \u2013 Stra\u017cnik Puszczy Bia\u0142owieskiej.<\/p>\n<p>D\u0105b Fabrykant w \u0141odzi &#8211; polski kandydat do tegorocznego tytu\u0142u Europejskiego Drzewa Roku, to jedno z najbardziej oryginalnych drzew w Polsce i wizyt\u00f3wka miasta. Jego nazwa nawi\u0105zuje do przemys\u0142owej historii \u0141odzi. Jeden z jego konar\u00f3w ma esowaty kszta\u0142t i d\u0142ugo\u015b\u0107 ponad 20 metr\u00f3w, co robi niesamowite wra\u017cenie na przechodniach. Wiosn\u0105 ka\u017cdego roku przyci\u0105ga do siebie t\u0142umy ludzi chc\u0105cych ogl\u0105da\u0107 jego majestat zatopiony w morzu b\u0142\u0119kitnych kwiat\u00f3w \u015bnie\u017cnik\u00f3w i cebulic.&nbsp;W polskim konkursie organizowanym przez Klub Gaja Fabrykant zdoby\u0142 ponad 5,5 tysi\u0105ca g\u0142os\u00f3w internaut\u00f3w i zapewni\u0142 sobie zaszczytny tytu\u0142 Drzewa Roku 2022. Czy teraz powt\u00f3rzy ten sukces? Wszystko zale\u017cy od naszych g\u0142os\u00f3w!<\/p>\n<p><img loading=\"lazy\" class=\"alignleft size-full wp-image-14739\" src=\"https:\/\/archiwum.swietodrzewa.pl\/wp-content\/uploads\/2023\/01\/Poland_01_ETY2023_credit_Jakub-Kubka.jpg\" alt=\"\" width=\"1198\" height=\"900\" srcset=\"https:\/\/archiwum.swietodrzewa.pl\/wp-content\/uploads\/2023\/01\/Poland_01_ETY2023_credit_Jakub-Kubka.jpg 1198w, https:\/\/archiwum.swietodrzewa.pl\/wp-content\/uploads\/2023\/01\/Poland_01_ETY2023_credit_Jakub-Kubka-300x225.jpg 300w, https:\/\/archiwum.swietodrzewa.pl\/wp-content\/uploads\/2023\/01\/Poland_01_ETY2023_credit_Jakub-Kubka-1024x769.jpg 1024w, https:\/\/archiwum.swietodrzewa.pl\/wp-content\/uploads\/2023\/01\/Poland_01_ETY2023_credit_Jakub-Kubka-768x577.jpg 768w\" sizes=\"(max-width: 1198px) 100vw, 1198px\" \/><\/p>\n<p>&#8221; Znowu wspania\u0142e polskie drzewo mo\u017ce wygra\u0107 w konkursie o tytu\u0142 Europejskiego Drzewa Roku. Wszystko zale\u017cy od naszej determinacji, wsp\u00f3\u0142pracy i zaanga\u017cowania. Budowanie kapita\u0142u spo\u0142ecznego wok\u00f3\u0142 i dla drzew ma wymiar nie tylko ekologiczny. Jest tworzeniem opowie\u015bci o naszej lokalno\u015bci i historii miejsca. Drzewo mo\u017ce sta\u0107 si\u0119 symbolem naszych zwi\u0105zk\u00f3w z przyrod\u0105. Tego w\u0142a\u015bnie potrzebujemy jako spo\u0142eczno\u015bci lokalne, kt\u00f3re poszukuj\u0105 nowych to\u017csamo\u015bci i warto\u015bci. G\u0142osuj\u0105c na Fabrykanta g\u0142osujemy na \u0141\u00f3d\u017a i jej niezwyk\u0142\u0105 histori\u0119 &#8211; powiedzia\u0142 <strong>Jacek Bo\u017cek<\/strong>, prezes i za\u0142o\u017cyciel Klubu Gaja.<\/p>\n<p><a href=\"https:\/\/www.treeoftheyear.org\/pl\/vote\/oak-fabrykant\">ZAG\u0141OSUJ NA FABRYKANTA &gt;&gt;&gt;&gt;<\/a><\/p>\n<p><a href=\"https:\/\/www.youtube.com\/watch?v=GawY3_AfxcM\">ZOBACZ FILM&nbsp; O FABRYKANCIE &gt;&gt;&gt;<\/a><\/p>\n<p>W\u015br\u00f3d kontrkandydat\u00f3w polskiego d\u0119bu do tytu\u0142u Europejskiego Drzewa Roku 2023 znalaz\u0142y si\u0119 ulubione przez lokalne spo\u0142eczno\u015bci drzewa z ca\u0142ej Europy, kt\u00f3re wygra\u0142y w konkursach krajowych. Wszystkie je \u0142\u0105cz\u0105 niezwyk\u0142e historie i fakt, \u017ce s\u0105 wa\u017cn\u0105 cz\u0119\u015bci\u0105 lokalnego \u017cycia i dum\u0105 mieszka\u0144c\u00f3w.&nbsp;<\/p>\n<p><strong>Grusza z Belgii<\/strong> przez lata sta\u0142a si\u0119 wa\u017cnym symbolem to\u017csamo\u015bci kulturowej dla okolicznych mieszka\u0144c\u00f3w. <strong>Platan z Bu\u0142garii<\/strong> ma ponad 1000 lat. Jego pochodzenie si\u0119ga okresu Pierwszego Cesarstwa Bu\u0142garskiego ( VII-IX w<strong>.<\/strong>).<strong> Chorwacki d\u0105b<\/strong> to jeden z wielu starych d\u0119b\u00f3w na krasowym polu, kt\u00f3re wiosn\u0105 i jesieni\u0105 zamienia si\u0119 w jezioro i widoczne s\u0105 tylko te najwy\u017csze, takie jak on. Pi\u0119kna <strong>czeska grusza<\/strong> jest prawdziwym bohaterem, poniewa\u017c znajduje si\u0119 zaledwie 25 metr\u00f3w od kopalni uranu. 200 &#8211; letni<strong> D\u0105b markiza rosn\u0105cy w Holandii<\/strong> to symbol oporu przeciwko globalnej wycince drzew. <strong>Buk purpurowy z Estonii<\/strong> ro\u015bnie na ma\u0142ej wyspie na Morzu Ba\u0142tyckim, dzielnie opieraj\u0105c si\u0119 surowym, nordyckim warunkom. 500-letni <strong>d\u0105b z \u0141otwy<\/strong> co roku gromadzi miejscow\u0105 ludno\u015b\u0107 podczas przesilenia letniego. <strong>W\u0119gierski platan wschodni<\/strong> od kiedy si\u0119 przewr\u00f3ci\u0142 ro\u015bnie na ziemi pochylaj\u0105c si\u0119 nad jeziorem Cseke. <strong>Jab\u0142o\u0144 z Kr\u00f3lewca na Ukrainie<\/strong> ma zdolno\u015b\u0107 zakorzeniania si\u0119. Gdy jeden z jej pni obumiera, z ziemi wyrasta nowy. <strong>W\u0142oski figowiec olbrzymi<\/strong> ro\u015bnie pionowo i na boki, wspieraj\u0105c si\u0119 na kolumnowych korzeniach powietrznych. 700-letni <strong>s\u0142owacki d\u0105b<\/strong> przypomina siedz\u0105cego smoka, kt\u00f3ry od wiek\u00f3w chroni okolicznych mieszka\u0144c\u00f3w. <strong>Hiszpa\u0144ski d\u0105b<\/strong> ju\u017c w 1778 roku by\u0142 oznaczony na planie Drogi Solnej jako g\u0142\u00f3wny punkt odniesienia. 500-letni <strong>cis z Wielkiej Brytanii<\/strong> strze\u017ce ruin opactwa Cysters\u00f3w w Waverley. <strong>Francuski p\u0142acz\u0105cy buk <\/strong>na g\u00f3rze parkowej w Cassel od 140 lat jest miejscem spotka\u0144 spo\u0142eczno\u015bci lokalnej. <strong>Eukaliptus z Contige w Portugalii<\/strong> to najwi\u0119ksze sklasyfikowane drzewo w tym kraju.<\/p>\n<p>G\u0142osowanie trwa od 1 lutego (godz. 8.00 ) do 28 lutego (godz. 23.59) 2023 r. na stronie <a href=\"https:\/\/www.treeoftheyear.org\/pl\/vote\">https:\/\/www.treeoftheyear.org\/pl\/vote<\/a>. Tam te\u017c znajdziemy zdj\u0119cia i historie wszystkich 16. finalist\u00f3w. Jak co roku g\u0142osowanie b\u0119dzie tajne w ostatnim tygodniu (22-28 lutego), wi\u0119c liczba g\u0142os\u00f3w nie b\u0119dzie widoczna na stronie.<\/p>\n<p>Organizatorem konkursu Europejskie Drzewo Roku jest Environmental Partnership Association (EPA) z siedzib\u0105 w Brukseli. W ci\u0105gu trzynastu lat konkurs zgromadzi\u0142 ju\u017c ponad 1000 drzew \u2013 \u015bwiadk\u00f3w naszej europejskiej historii i ponad 1000 spo\u0142eczno\u015bci lokalnych dumnych ze swoich skarb\u00f3w przyrody. Co roku w konkursie bierze udzia\u0142 ponad 300 tysi\u0119cy os\u00f3b z ca\u0142ej Europy. W Polsce &nbsp;<a href=\"https:\/\/archiwum.swietodrzewa.pl\/?page_id=1673\"><strong>konkurs Drzewo Roku<\/strong><\/a> organizuje&nbsp;Klub Gaja.<\/p>\n<p>Mog\u0105 Pa\u0144stwo pom\u00f3c sadzi\u0107 i chroni\u0107 drzewa przekazuj\u0105c&nbsp;<a href=\"https:\/\/secure.tpay.com\/?id=17797&amp;amount=20&amp;description=Darowizna&amp;crc=Darowizna&amp;md5sum=a12f1e0c42c7418b5188b7e530a46888&amp;language=PL&amp;return_url=https:\/\/klubgaja.pl#page=panel-main-page\"><strong>darowizn\u0119<\/strong><\/a>&nbsp;lub&nbsp;<a href=\"https:\/\/archiwum.swietodrzewa.pl\/?page_id=218\"><strong>1,5% podatku<\/strong><\/a>&nbsp;dla Klubu Gaja. Na stronie Klubu Gaja znajdziecie Pa\u0144stwo <a href=\"https:\/\/www.e-pity.pl\/pity-2022\/akcja-e-life-jeden-procent-2023-KRS-0000120069\"><strong>Bezp\u0142atny Program PIT<\/strong><\/a> lub w deklaracji podatkowej PIT wystarczy wpisa\u0107 KRS: 0000120069.<\/p>\n<p>Na zdj\u0119ciu: D\u0105b Fabrykant. Fot. Klub Gaja\/Jakub Kubka<\/p>\n<p>&nbsp;<\/p>\n","protected":false},"excerpt":{"rendered":"<p>Przez ca\u0142y luty Europejczycy wybiera\u0107 b\u0119d\u0105 najciekawsze drzewo 2023 roku. W organizowanym ju\u017c po raz trzynasty konkursie na Europejskie Drzewo Roku bierze udzia\u0142 szesna\u015bcie drzew z ca\u0142ej Europy, kt\u00f3re zwyci\u0119\u017cy\u0142y w konkursach krajowych. Polsk\u0119 w tym roku reprezentowa\u0142 b\u0119dzie 180-letni D\u0105b Fabrykant z \u0141odzi, kt\u00f3ry zwyci\u0119\u017cy\u0142 w krajowym konkursie Drzewo Roku 2022 organizowanym przez Klubu [&hellip;]<\/p>\n","protected":false},"author":3,"featured_media":14739,"comment_status":"closed","ping_status":"closed","sticky":false,"template":"","format":"standard","meta":{"ngg_post_thumbnail":0},"categories":[24,116],"tags":[],"_links":{"self":[{"href":"https:\/\/archiwum.swietodrzewa.pl\/index.php?rest_route=\/wp\/v2\/posts\/14734"}],"collection":[{"href":"https:\/\/archiwum.swietodrzewa.pl\/index.php?rest_route=\/wp\/v2\/posts"}],"about":[{"href":"https:\/\/archiwum.swietodrzewa.pl\/index.php?rest_route=\/wp\/v2\/types\/post"}],"author":[{"embeddable":true,"href":"https:\/\/archiwum.swietodrzewa.pl\/index.php?rest_route=\/wp\/v2\/users\/3"}],"replies":[{"embeddable":true,"href":"https:\/\/archiwum.swietodrzewa.pl\/index.php?rest_route=%2Fwp%2Fv2%2Fcomments&post=14734"}],"version-history":[{"count":3,"href":"https:\/\/archiwum.swietodrzewa.pl\/index.php?rest_route=\/wp\/v2\/posts\/14734\/revisions"}],"predecessor-version":[{"id":14742,"href":"https:\/\/archiwum.swietodrzewa.pl\/index.php?rest_route=\/wp\/v2\/posts\/14734\/revisions\/14742"}],"wp:featuredmedia":[{"embeddable":true,"href":"https:\/\/archiwum.swietodrzewa.pl\/index.php?rest_route=\/wp\/v2\/media\/14739"}],"wp:attachment":[{"href":"https:\/\/archiwum.swietodrzewa.pl\/index.php?rest_route=%2Fwp%2Fv2%2Fmedia&parent=14734"}],"wp:term":[{"taxonomy":"category","embeddable":true,"href":"https:\/\/archiwum.swietodrzewa.pl\/index.php?rest_route=%2Fwp%2Fv2%2Fcategories&post=14734"},{"taxonomy":"post_tag","embeddable":true,"href":"https:\/\/archiwum.swietodrzewa.pl\/index.php?rest_route=%2Fwp%2Fv2%2Ftags&post=14734"}],"curies":[{"name":"wp","href":"https:\/\/api.w.org\/{rel}","templated":true}]}}