{"id":14744,"date":"2023-02-02T21:38:12","date_gmt":"2023-02-02T20:38:12","guid":{"rendered":"https:\/\/swietodrzewa.pl\/?p=14744"},"modified":"2023-02-02T21:45:13","modified_gmt":"2023-02-02T20:45:13","slug":"konferencja-prasowa-pod-debem-fabrykantem","status":"publish","type":"post","link":"https:\/\/archiwum.swietodrzewa.pl\/?p=14744","title":{"rendered":"Konferencja prasowa pod D\u0119bem Fabrykantem"},"content":{"rendered":"<p><strong>Tree Hunter Rob McBride, mi\u0142o\u015bnik drzew i reporter BBC odwiedzi\u0142 polskiego kandydata do tytu\u0142u Europejskiego Drzewa Roku 2023! We \u015brod\u0119, 1 lutego, spotkali\u015bmy si\u0119 na konferencji prasowej pod D\u0119bem Fabrykantem w \u0142\u00f3dzkim parku im. ks. bp. Micha\u0142a Klepacza. Razem z Miastem \u0141\u00f3d\u017a, Politechnik\u0105 \u0141\u00f3dzk\u0105, <\/strong><span style=\"font-size: 12pt;\"><strong>KO\u0141EM Przewodnik\u00f3w im. Rajmunda Rembieli\u0144skiego O\/\u0141\u00f3d\u017a PTTK,<\/strong>&nbsp; <\/span><strong>Absolutnie Turystycznie i Przyrod\u0105 dla Sosnowca zach\u0119cali\u015bmy do g\u0142osowania na to niezwyk\u0142e drzewo! Dzi\u0119kujemy wszystkim za pomoc!<\/strong><!--more--><\/p>\n<p>W konferencji prasowej wzi\u0119li udzia\u0142: prof. Krzysztof J\u00f3\u017awik &#8211; rektor Politechniki \u0141\u00f3dzkiej, na terenie kt\u00f3rej ro\u015bnie Fabrykant, Adam Pustelnik &#8211;&nbsp; wiceprezydent Miasta \u0141odzi, Rob McBride &#8211; ambasador konkursu Europejskie Drzewo Roku, Jacek Bo\u017cek &#8211; prezes Klubu Gaja, organizatora konkursu Drzewo Roku w Polsce, Przemys\u0142aw Bartos, Przyroda dla Sosnowca &#8211; zg\u0142oszeniodawca Fabrykanta do konkursu Drzewo Roku w Polsce 2022 oraz Marcin Wyrzykowski, <span style=\"font-size: 12pt;\">KO\u0141O Przewodnik\u00f3w im. Rajmunda Rembieli\u0144skiego O\/\u0141\u00f3d\u017a PTTK.<\/span><\/p>\n<p><strong>Prof. Krzysztof J\u00f3\u017awik<\/strong>, rektor Politechniki \u0141\u00f3dzkiej, do kt\u00f3rej nale\u017cy park Klepacza, zaznaczy\u0142 \u2013 \u201eMamy pi\u0119kny kampus, a jego szczeg\u00f3ln\u0105 ozdob\u0105 jest wiekowy d\u0105b. Wiemy, jak wa\u017cny jest to pomnik przyrody, dlatego dbamy o jego zdrowie, prowadz\u0105c specjalistyczne badania. O urod\u0119 Fabrykant zadba\u0142 sam, wyrastaj\u0105c przez lata na drzewo o pi\u0119knych i oryginalnych kszta\u0142tach. \u017bycz\u0119 mu sukcesu w walce o tytu\u0142 Europejskiego Drzewa Roku\u201d.<\/p>\n<p>\n<div class=\"ngg-galleryoverview ngg-slideshow\"\n\tid=\"ngg-slideshow-18adbded833bc335a65f910881ced81a-18599869340\"\n\tdata-gallery-id=\"18adbded833bc335a65f910881ced81a\"\n\tstyle=\"max-width: 600px;\n\t\t\tmax-height: 450px;\n\t\t\tdisplay: none;\">\n\n\t\n\t\t<a href=\"https:\/\/archiwum.swietodrzewa.pl\/wp-content\/gallery\/tree-hunter\/328943191_578557937137309_4157951398017124457_n.jpeg\"\n\t\t\ttitle=\"\"\n\t\t\tdata-src=\"https:\/\/archiwum.swietodrzewa.pl\/wp-content\/gallery\/tree-hunter\/328943191_578557937137309_4157951398017124457_n.jpeg\"\n\t\t\tdata-thumbnail=\"https:\/\/archiwum.swietodrzewa.pl\/wp-content\/gallery\/tree-hunter\/thumbs\/thumbs_328943191_578557937137309_4157951398017124457_n.jpeg\"\n\t\t\tdata-image-id=\"2356\"\n\t\t\tdata-title=\"328943191_578557937137309_4157951398017124457_n\"\n\t\t\tdata-description=\"\"\n\t\t\tclass=\"shutterset_18adbded833bc335a65f910881ced81a\">\n\n\t\t\t<img data-image-id='2356'\n\t\t\t\ttitle=\"\"\n\t\t\t\talt=\"328943191_578557937137309_4157951398017124457_n\"\n\t\t\t\tsrc=\"https:\/\/archiwum.swietodrzewa.pl\/wp-content\/gallery\/tree-hunter\/328943191_578557937137309_4157951398017124457_n.jpeg\"\n\t\t\t\tstyle=\"max-height: 430px;\"\/>\n\t\t<\/a>\n\n\t\t\n\t\t<a href=\"https:\/\/archiwum.swietodrzewa.pl\/wp-content\/gallery\/tree-hunter\/328929416_518001003857155_456096000645635794_n.jpeg\"\n\t\t\ttitle=\"\"\n\t\t\tdata-src=\"https:\/\/archiwum.swietodrzewa.pl\/wp-content\/gallery\/tree-hunter\/328929416_518001003857155_456096000645635794_n.jpeg\"\n\t\t\tdata-thumbnail=\"https:\/\/archiwum.swietodrzewa.pl\/wp-content\/gallery\/tree-hunter\/thumbs\/thumbs_328929416_518001003857155_456096000645635794_n.jpeg\"\n\t\t\tdata-image-id=\"2357\"\n\t\t\tdata-title=\"328929416_518001003857155_456096000645635794_n\"\n\t\t\tdata-description=\"\"\n\t\t\tclass=\"shutterset_18adbded833bc335a65f910881ced81a\">\n\n\t\t\t<img data-image-id='2357'\n\t\t\t\ttitle=\"\"\n\t\t\t\talt=\"328929416_518001003857155_456096000645635794_n\"\n\t\t\t\tsrc=\"https:\/\/archiwum.swietodrzewa.pl\/wp-content\/gallery\/tree-hunter\/328929416_518001003857155_456096000645635794_n.jpeg\"\n\t\t\t\tstyle=\"max-height: 430px;\"\/>\n\t\t<\/a>\n\n\t\t\n\t\t<a href=\"https:\/\/archiwum.swietodrzewa.pl\/wp-content\/gallery\/tree-hunter\/328941092_5219559534812466_7754059200953039106_n.jpeg\"\n\t\t\ttitle=\"\"\n\t\t\tdata-src=\"https:\/\/archiwum.swietodrzewa.pl\/wp-content\/gallery\/tree-hunter\/328941092_5219559534812466_7754059200953039106_n.jpeg\"\n\t\t\tdata-thumbnail=\"https:\/\/archiwum.swietodrzewa.pl\/wp-content\/gallery\/tree-hunter\/thumbs\/thumbs_328941092_5219559534812466_7754059200953039106_n.jpeg\"\n\t\t\tdata-image-id=\"2358\"\n\t\t\tdata-title=\"328941092_5219559534812466_7754059200953039106_n\"\n\t\t\tdata-description=\"\"\n\t\t\tclass=\"shutterset_18adbded833bc335a65f910881ced81a\">\n\n\t\t\t<img data-image-id='2358'\n\t\t\t\ttitle=\"\"\n\t\t\t\talt=\"328941092_5219559534812466_7754059200953039106_n\"\n\t\t\t\tsrc=\"https:\/\/archiwum.swietodrzewa.pl\/wp-content\/gallery\/tree-hunter\/328941092_5219559534812466_7754059200953039106_n.jpeg\"\n\t\t\t\tstyle=\"max-height: 430px;\"\/>\n\t\t<\/a>\n\n\t\t\n\t\t<a href=\"https:\/\/archiwum.swietodrzewa.pl\/wp-content\/gallery\/tree-hunter\/326040206_567404585414934_5541558745821347633_n.jpeg\"\n\t\t\ttitle=\"\"\n\t\t\tdata-src=\"https:\/\/archiwum.swietodrzewa.pl\/wp-content\/gallery\/tree-hunter\/326040206_567404585414934_5541558745821347633_n.jpeg\"\n\t\t\tdata-thumbnail=\"https:\/\/archiwum.swietodrzewa.pl\/wp-content\/gallery\/tree-hunter\/thumbs\/thumbs_326040206_567404585414934_5541558745821347633_n.jpeg\"\n\t\t\tdata-image-id=\"2359\"\n\t\t\tdata-title=\"326040206_567404585414934_5541558745821347633_n\"\n\t\t\tdata-description=\"\"\n\t\t\tclass=\"shutterset_18adbded833bc335a65f910881ced81a\">\n\n\t\t\t<img data-image-id='2359'\n\t\t\t\ttitle=\"\"\n\t\t\t\talt=\"326040206_567404585414934_5541558745821347633_n\"\n\t\t\t\tsrc=\"https:\/\/archiwum.swietodrzewa.pl\/wp-content\/gallery\/tree-hunter\/326040206_567404585414934_5541558745821347633_n.jpeg\"\n\t\t\t\tstyle=\"max-height: 430px;\"\/>\n\t\t<\/a>\n\n\t\t\n\t\t<a href=\"https:\/\/archiwum.swietodrzewa.pl\/wp-content\/gallery\/tree-hunter\/328941624_1133391737236051_7829506912461075269_n.jpeg\"\n\t\t\ttitle=\"\"\n\t\t\tdata-src=\"https:\/\/archiwum.swietodrzewa.pl\/wp-content\/gallery\/tree-hunter\/328941624_1133391737236051_7829506912461075269_n.jpeg\"\n\t\t\tdata-thumbnail=\"https:\/\/archiwum.swietodrzewa.pl\/wp-content\/gallery\/tree-hunter\/thumbs\/thumbs_328941624_1133391737236051_7829506912461075269_n.jpeg\"\n\t\t\tdata-image-id=\"2360\"\n\t\t\tdata-title=\"328941624_1133391737236051_7829506912461075269_n\"\n\t\t\tdata-description=\"\"\n\t\t\tclass=\"shutterset_18adbded833bc335a65f910881ced81a\">\n\n\t\t\t<img data-image-id='2360'\n\t\t\t\ttitle=\"\"\n\t\t\t\talt=\"328941624_1133391737236051_7829506912461075269_n\"\n\t\t\t\tsrc=\"https:\/\/archiwum.swietodrzewa.pl\/wp-content\/gallery\/tree-hunter\/328941624_1133391737236051_7829506912461075269_n.jpeg\"\n\t\t\t\tstyle=\"max-height: 430px;\"\/>\n\t\t<\/a>\n\n\t\t\n\t\t<a href=\"https:\/\/archiwum.swietodrzewa.pl\/wp-content\/gallery\/tree-hunter\/328945449_1180843562540277_5306134152004647794_n.jpeg\"\n\t\t\ttitle=\"\"\n\t\t\tdata-src=\"https:\/\/archiwum.swietodrzewa.pl\/wp-content\/gallery\/tree-hunter\/328945449_1180843562540277_5306134152004647794_n.jpeg\"\n\t\t\tdata-thumbnail=\"https:\/\/archiwum.swietodrzewa.pl\/wp-content\/gallery\/tree-hunter\/thumbs\/thumbs_328945449_1180843562540277_5306134152004647794_n.jpeg\"\n\t\t\tdata-image-id=\"2361\"\n\t\t\tdata-title=\"328945449_1180843562540277_5306134152004647794_n\"\n\t\t\tdata-description=\"\"\n\t\t\tclass=\"shutterset_18adbded833bc335a65f910881ced81a\">\n\n\t\t\t<img data-image-id='2361'\n\t\t\t\ttitle=\"\"\n\t\t\t\talt=\"328945449_1180843562540277_5306134152004647794_n\"\n\t\t\t\tsrc=\"https:\/\/archiwum.swietodrzewa.pl\/wp-content\/gallery\/tree-hunter\/328945449_1180843562540277_5306134152004647794_n.jpeg\"\n\t\t\t\tstyle=\"max-height: 430px;\"\/>\n\t\t<\/a>\n\n\t\t\n\t\t<a href=\"https:\/\/archiwum.swietodrzewa.pl\/wp-content\/gallery\/tree-hunter\/328947782_571958748152546_2588006777174001153_n.jpeg\"\n\t\t\ttitle=\"\"\n\t\t\tdata-src=\"https:\/\/archiwum.swietodrzewa.pl\/wp-content\/gallery\/tree-hunter\/328947782_571958748152546_2588006777174001153_n.jpeg\"\n\t\t\tdata-thumbnail=\"https:\/\/archiwum.swietodrzewa.pl\/wp-content\/gallery\/tree-hunter\/thumbs\/thumbs_328947782_571958748152546_2588006777174001153_n.jpeg\"\n\t\t\tdata-image-id=\"2362\"\n\t\t\tdata-title=\"328947782_571958748152546_2588006777174001153_n\"\n\t\t\tdata-description=\"\"\n\t\t\tclass=\"shutterset_18adbded833bc335a65f910881ced81a\">\n\n\t\t\t<img data-image-id='2362'\n\t\t\t\ttitle=\"\"\n\t\t\t\talt=\"328947782_571958748152546_2588006777174001153_n\"\n\t\t\t\tsrc=\"https:\/\/archiwum.swietodrzewa.pl\/wp-content\/gallery\/tree-hunter\/328947782_571958748152546_2588006777174001153_n.jpeg\"\n\t\t\t\tstyle=\"max-height: 430px;\"\/>\n\t\t<\/a>\n\n\t\t\n\t\t<a href=\"https:\/\/archiwum.swietodrzewa.pl\/wp-content\/gallery\/tree-hunter\/329035653_560630219438603_4808655902001937430_n.jpeg\"\n\t\t\ttitle=\"\"\n\t\t\tdata-src=\"https:\/\/archiwum.swietodrzewa.pl\/wp-content\/gallery\/tree-hunter\/329035653_560630219438603_4808655902001937430_n.jpeg\"\n\t\t\tdata-thumbnail=\"https:\/\/archiwum.swietodrzewa.pl\/wp-content\/gallery\/tree-hunter\/thumbs\/thumbs_329035653_560630219438603_4808655902001937430_n.jpeg\"\n\t\t\tdata-image-id=\"2363\"\n\t\t\tdata-title=\"329035653_560630219438603_4808655902001937430_n\"\n\t\t\tdata-description=\"\"\n\t\t\tclass=\"shutterset_18adbded833bc335a65f910881ced81a\">\n\n\t\t\t<img data-image-id='2363'\n\t\t\t\ttitle=\"\"\n\t\t\t\talt=\"329035653_560630219438603_4808655902001937430_n\"\n\t\t\t\tsrc=\"https:\/\/archiwum.swietodrzewa.pl\/wp-content\/gallery\/tree-hunter\/329035653_560630219438603_4808655902001937430_n.jpeg\"\n\t\t\t\tstyle=\"max-height: 430px;\"\/>\n\t\t<\/a>\n\n\t\t<\/div>\n\n\n<strong>Adam Pustelnik<\/strong>, wiceprezydent Miasta \u0141odzi, podkre\u015bla\u0142 \u2013 \u201eStu osiemdziesi\u0105t letni D\u0105b Fabrykant jest cz\u0119\u015bci\u0105 naszego pi\u0119knego dziedzictwa i historii, i wywalczy\u0142 ju\u017c tytu\u0142 Drzewa Roku 2022 w organizowanym przez Klub Gaja konkursie krajowym. Teraz staje w szranki z innymi 15 drzewami z Europy o miano Europejskiego Drzewa Roku 2023. Warto\u015bci, kt\u00f3re konkurs promuje s\u0105 bardzo wa\u017cne i ich rola b\u0119dzie rosn\u0105ca, w szczeg\u00f3lno\u015bci ta edukacyjna. Wszystkich zach\u0119cam do g\u0142osowania, budowania koalicji i uruchamiania kontakt\u00f3w poniewa\u017c wygrana Fabrykanta to by\u0142by jeden z najwi\u0119kszych sukces\u00f3w wizerunkowych \u0141odzi. Dzi\u0119kuj\u0119 wszystkim inicjatorom i reprezentantowi Sosnowca, kt\u00f3ry zg\u0142osi\u0142 drzewo do konkursu\u201d.&nbsp;<\/p>\n<p>\u201eOsobi\u015bcie cieszy mnie, \u017ce przyroda nie ma granic. Mieszkaj\u0105c w Sosnowcu zg\u0142osi\u0142em do konkursu drzewo z \u0141odzi. To pokazuje, \u017ce korelacja cz\u0142owiek &#8211; przyroda jest silna. Ciesz\u0119 si\u0119, \u017ce dwa r\u00f3\u017cne miasta, mo\u017ce z podobnym dziedzictwem kulturowym i przyrodniczym, potrafi\u0105 ze sob\u0105 wsp\u00f3\u0142pracowa\u0107 dla przyrody i tego wyj\u0105tkowego drzewa. Jestem turyst\u0105 w Waszym mie\u015bcie i dla mnie by\u0142o to fajne do\u015bwiadczenie. Zg\u0142aszaj\u0105c Fabrykanta, chcia\u0142em pokaza\u0107, \u017ce macie potencja\u0142 przyrodniczy i kulturowy, i mo\u017cecie budowa\u0107 na tym swoj\u0105 warto\u015b\u0107. Przyroda nie ma granic, wa\u017cne \u017ceby docenia\u0107 jej warto\u015b\u0107 niezale\u017cnie od miejsca gdzie si\u0119 znajdujemy\u201d \u2013 &nbsp;m\u00f3wi\u0142 <strong>Przemys\u0142aw Bartos<\/strong> z Przyrody dla Sosnowca, kt\u00f3ry zg\u0142osi\u0142 Fabrykanta do konkursu Drzewo Roku 2022.<\/p>\n<p>\u201eWspaniale, \u017ce wsp\u00f3lnie powalczymy o tytu\u0142 Europejskiego Drzewa Roku dla Fabrykanta. Wpierw jednak chcia\u0142bym podzi\u0119kowa\u0107 Make Life Harder. To dzi\u0119ki zaanga\u017cowaniu fan\u00f3w profilu w roku ubieg\u0142ym, w Europie zwyci\u0119\u017cy\u0142 D\u0105b Dunin \u2013 Stra\u017cnik Puszczy Bia\u0142owieskiej. Mam nadziej\u0119, \u017ce i w tym roku razem wygramy ten tytu\u0142 dla Fabrykanta, \u0141odzi i Polski. Trzymam kciuki za zwyci\u0119stwo!\u201d \u2013 powiedzia\u0142 <strong>Jacek Bo\u017cek<\/strong>, za\u0142o\u017cyciel i lider Klubu Gaja.<\/p>\n<p>Dzi\u0119kujemy wszystkim partnerom za \u015bwietn\u0105 wsp\u00f3\u0142prac\u0119 przy organizacji konferencji prasowej oraz przewodnikowi po \u0141odzi Krzysztofowi Olkuszowi (Absolutnie Turystycznie) za spacer po Pa\u0142acu Pozna\u0144skich!<\/p>\n<p>Media:<\/p>\n<p><a href=\"https:\/\/wyborcza.pl\/7,177851,29421152,dab-fabrykant-z-polski-powalczy-o-tytul-europejskiego-drzewa.html\">https:\/\/wyborcza.pl\/7,177851,29421152,dab-fabrykant-z-polski-powalczy-o-tytul-europejskiego-drzewa.html<\/a><\/p>\n<p><a href=\"https:\/\/lodz.pl\/artykul\/dab-fabrykant-walczy-o-tytul-europejskiego-drzewa-roku-2023-jak-zaglosowac-55243\/\">https:\/\/lodz.pl\/artykul\/dab-fabrykant-walczy-o-tytul-europejskiego-drzewa-roku-2023-jak-zaglosowac-55243\/<\/a><\/p>\n<p><a href=\"https:\/\/www.rmf24.pl\/regiony\/lodz\/news-europejskie-drzewo-roku-2023-wsrod-kandydatow-dab-fabrykant-,nId,6570576#crp_state=1\">https:\/\/www.rmf24.pl\/regiony\/lodz\/news-europejskie-drzewo-roku-2023-wsrod-kandydatow-dab-fabrykant-,nId,6570576#crp_state=1<\/a><\/p>\n<p><a href=\"https:\/\/noizz.pl\/ekologia\/ruszyl-konkurs-na-europejskie-drzewo-roku-polske-reprezentuje-dab-fabrykant\/w8fq6jf\">https:\/\/noizz.pl\/ekologia\/ruszyl-konkurs-na-europejskie-drzewo-roku-polske-reprezentuje-dab-fabrykant\/w8fq6jf<\/a><\/p>\n<p><a href=\"https:\/\/lodz.tvp.pl\/65987632\/dab-fabrykant-nominowany-do-konkursu-europejskie-drzewo-roku\">https:\/\/lodz.tvp.pl\/65987632\/dab-fabrykant-nominowany-do-konkursu-europejskie-drzewo-roku<\/a><\/p>\n<p><a href=\"https:\/\/regiony.tvp.pl\/65992267\/dab-fabrykant-z-lodzi-zostanie-europejskim-drzewem-roku-zobacz-jak-glosowac\">https:\/\/regiony.tvp.pl\/65992267\/dab-fabrykant-z-lodzi-zostanie-europejskim-drzewem-roku-zobacz-jak-glosowac<\/a><\/p>\n<p><a href=\"https:\/\/www.tvp.info\/66002469\/ruszyly-wybory-europejskiego-drzewa-roku-2023-wsrod-kandydatow-dab-z-polski-\">https:\/\/www.tvp.info\/66002469\/ruszyly-wybory-europejskiego-drzewa-roku-2023-wsrod-kandydatow-dab-z-polski-<\/a><\/p>\n<p><a href=\"https:\/\/publicystyka.ngo.pl\/dab-fabrykant-w-europejskim-konkursie-411349\">https:\/\/publicystyka.ngo.pl\/dab-fabrykant-w-europejskim-konkursie-411349<\/a><\/p>\n<p>&nbsp;<\/p>\n","protected":false},"excerpt":{"rendered":"<p>Tree Hunter Rob McBride, mi\u0142o\u015bnik drzew i reporter BBC odwiedzi\u0142 polskiego kandydata do tytu\u0142u Europejskiego Drzewa Roku 2023! We \u015brod\u0119, 1 lutego, spotkali\u015bmy si\u0119 na konferencji prasowej pod D\u0119bem Fabrykantem w \u0142\u00f3dzkim parku im. ks. bp. Micha\u0142a Klepacza. Razem z Miastem \u0141\u00f3d\u017a, Politechnik\u0105 \u0141\u00f3dzk\u0105, KO\u0141EM Przewodnik\u00f3w im. Rajmunda Rembieli\u0144skiego O\/\u0141\u00f3d\u017a PTTK,&nbsp; Absolutnie Turystycznie i Przyrod\u0105 [&hellip;]<\/p>\n","protected":false},"author":3,"featured_media":14746,"comment_status":"closed","ping_status":"closed","sticky":false,"template":"","format":"standard","meta":{"ngg_post_thumbnail":0},"categories":[24,116],"tags":[],"_links":{"self":[{"href":"https:\/\/archiwum.swietodrzewa.pl\/index.php?rest_route=\/wp\/v2\/posts\/14744"}],"collection":[{"href":"https:\/\/archiwum.swietodrzewa.pl\/index.php?rest_route=\/wp\/v2\/posts"}],"about":[{"href":"https:\/\/archiwum.swietodrzewa.pl\/index.php?rest_route=\/wp\/v2\/types\/post"}],"author":[{"embeddable":true,"href":"https:\/\/archiwum.swietodrzewa.pl\/index.php?rest_route=\/wp\/v2\/users\/3"}],"replies":[{"embeddable":true,"href":"https:\/\/archiwum.swietodrzewa.pl\/index.php?rest_route=%2Fwp%2Fv2%2Fcomments&post=14744"}],"version-history":[{"count":2,"href":"https:\/\/archiwum.swietodrzewa.pl\/index.php?rest_route=\/wp\/v2\/posts\/14744\/revisions"}],"predecessor-version":[{"id":14756,"href":"https:\/\/archiwum.swietodrzewa.pl\/index.php?rest_route=\/wp\/v2\/posts\/14744\/revisions\/14756"}],"wp:featuredmedia":[{"embeddable":true,"href":"https:\/\/archiwum.swietodrzewa.pl\/index.php?rest_route=\/wp\/v2\/media\/14746"}],"wp:attachment":[{"href":"https:\/\/archiwum.swietodrzewa.pl\/index.php?rest_route=%2Fwp%2Fv2%2Fmedia&parent=14744"}],"wp:term":[{"taxonomy":"category","embeddable":true,"href":"https:\/\/archiwum.swietodrzewa.pl\/index.php?rest_route=%2Fwp%2Fv2%2Fcategories&post=14744"},{"taxonomy":"post_tag","embeddable":true,"href":"https:\/\/archiwum.swietodrzewa.pl\/index.php?rest_route=%2Fwp%2Fv2%2Ftags&post=14744"}],"curies":[{"name":"wp","href":"https:\/\/api.w.org\/{rel}","templated":true}]}}