{"id":14806,"date":"2023-03-31T10:53:43","date_gmt":"2023-03-31T08:53:43","guid":{"rendered":"https:\/\/swietodrzewa.pl\/?p=14806"},"modified":"2023-10-06T12:37:14","modified_gmt":"2023-10-06T10:37:14","slug":"czarodziejskie-drzewa-2023","status":"publish","type":"post","link":"https:\/\/archiwum.swietodrzewa.pl\/?p=14806","title":{"rendered":"Czarodziejskie Drzewa 2023"},"content":{"rendered":"<p><strong>Za nami jubileuszowa 20. edycja \u015awi\u0119ta Drzewa \u2013 programu, kt\u00f3ry Klub Gaja rozpocz\u0105\u0142 w 2003 r, by anga\u017cowa\u0107 spo\u0142ecze\u0144stwo do sadzenia i ochrony drzew<\/strong> <strong>oraz podejmowania r\u00f3\u017cnorodnych dzia\u0142a\u0144 dla \u015brodowiska i klimatu. W tym czasie dzi\u0119ki zaanga\u017cowaniu ponad 780 tysi\u0119cy uczestnik\u00f3w wsp\u00f3lnie posadzili\u015bmy ponad 1 milion drzew i krzew\u00f3w, odkryli\u015bmy ponad 180 niezwyk\u0142ych drzew wa\u017cnych dla spo\u0142eczno\u015bci w konkursie Drzewo Roku, zbudowali\u015bmy blisko 1800 budek l\u0119gowych m.in. dla ptak\u00f3w, wiewi\u00f3rek i dzikich zapylaczy, zebrali\u015bmy ponad 5700 ton makulatury. Jak co roku najbardziej aktywni uczestnicy programu zostali wyr\u00f3\u017cnienia nagrodami Czarodziejskiego Drzewa. Wszystkim serdecznie dzi\u0119kujemy za zaanga\u017cowanie i kolejny rok wsp\u00f3lnej pracy dla Ziemi. <\/strong><!--more--><\/p>\n<p>Coroczne obchody \u015awi\u0119ta Drzewa \u2013 10 pa\u017adziernika, na sta\u0142e wpisa\u0142y si\u0119 w kalendarz wydarze\u0144 ekologicznych w ca\u0142ym kraju. W tegorocznej 20-tej edycji programu \u015awi\u0119to Drzewa wzi\u0119\u0142o udzia\u0142 &nbsp;blisko 400 podmiot\u00f3w m.in. plac\u00f3wki o\u015bwiatowe, gminy, nadle\u015bnictwa, stowarzyszenia, firmy (ponad 32 tysi\u0105ce os\u00f3b). Niekt\u00f3rzy w\u015br\u00f3d nich dzia\u0142aj\u0105 z nami ju\u017c 20 lat! Wsp\u00f3lnie posadzili\u015bmy ponad 24 tysi\u0105ce drzew i krzew\u00f3w, zbudowali\u015bmy 100 schronie\u0144\/budek l\u0119gowych dla zwierz\u0105t (owad\u00f3w, ptak\u00f3w i ma\u0142ych ssak\u00f3w) i zebrali\u015bmy 9 ton makulatury w ramach akcji \u201eZbieraj makulatur\u0119, ratuj konie\u201d.<\/p>\n<p>Jak co roku uczestnicy podejmowali wiele r\u00f3\u017cnorodnych dzia\u0142a\u0144 &#8211; organizowali lokalne akcje sadzenia drzew, krzew\u00f3w i bylin, sprz\u0105tali lasy, budowali i odnawiali domki dla ptak\u00f3w, owad\u00f3w zapylaj\u0105cych i je\u017cy, organizowali r\u00f3\u017cnorodne warsztaty i zaj\u0119cia edukacyjne po\u015bwi\u0119cone drzewom, wystawy, gry terenowe, zabawy, konkursy, pikniki rodzinne i happeningi.<\/p>\n<p>\n<div class=\"ngg-galleryoverview ngg-slideshow\"\n\tid=\"ngg-slideshow-51c3ceb3e0609355174476e4150c6bb4-4144465230\"\n\tdata-gallery-id=\"51c3ceb3e0609355174476e4150c6bb4\"\n\tstyle=\"max-width: 600px;\n\t\t\tmax-height: 450px;\n\t\t\tdisplay: none;\">\n\n\t\n\t\t<a href=\"https:\/\/archiwum.swietodrzewa.pl\/wp-content\/gallery\/czarodziejskie-2023-dobre\/CEiR-Zabrze8-%E2%80%94-kopia-%E2%80%94-kopia.jpg\"\n\t\t\ttitle=\"\"\n\t\t\tdata-src=\"https:\/\/archiwum.swietodrzewa.pl\/wp-content\/gallery\/czarodziejskie-2023-dobre\/CEiR-Zabrze8-%E2%80%94-kopia-%E2%80%94-kopia.jpg\"\n\t\t\tdata-thumbnail=\"https:\/\/archiwum.swietodrzewa.pl\/wp-content\/gallery\/czarodziejskie-2023-dobre\/thumbs\/thumbs_CEiR-Zabrze8-%E2%80%94-kopia-%E2%80%94-kopia.jpg\"\n\t\t\tdata-image-id=\"2408\"\n\t\t\tdata-title=\"CEiR-Zabrze8-\u2014-kopia-\u2014-kopia\"\n\t\t\tdata-description=\"\"\n\t\t\tclass=\"shutterset_51c3ceb3e0609355174476e4150c6bb4\">\n\n\t\t\t<img data-image-id='2408'\n\t\t\t\ttitle=\"\"\n\t\t\t\talt=\"CEiR-Zabrze8-\u2014-kopia-\u2014-kopia\"\n\t\t\t\tsrc=\"https:\/\/archiwum.swietodrzewa.pl\/wp-content\/gallery\/czarodziejskie-2023-dobre\/CEiR-Zabrze8-%E2%80%94-kopia-%E2%80%94-kopia.jpg\"\n\t\t\t\tstyle=\"max-height: 430px;\"\/>\n\t\t<\/a>\n\n\t\t\n\t\t<a href=\"https:\/\/archiwum.swietodrzewa.pl\/wp-content\/gallery\/czarodziejskie-2023-dobre\/CEiR-Zabrze13-%E2%80%94-kopia-%E2%80%94-kopia.jpg\"\n\t\t\ttitle=\"\"\n\t\t\tdata-src=\"https:\/\/archiwum.swietodrzewa.pl\/wp-content\/gallery\/czarodziejskie-2023-dobre\/CEiR-Zabrze13-%E2%80%94-kopia-%E2%80%94-kopia.jpg\"\n\t\t\tdata-thumbnail=\"https:\/\/archiwum.swietodrzewa.pl\/wp-content\/gallery\/czarodziejskie-2023-dobre\/thumbs\/thumbs_CEiR-Zabrze13-%E2%80%94-kopia-%E2%80%94-kopia.jpg\"\n\t\t\tdata-image-id=\"2409\"\n\t\t\tdata-title=\"CEiR-Zabrze13-\u2014-kopia-\u2014-kopia\"\n\t\t\tdata-description=\"\"\n\t\t\tclass=\"shutterset_51c3ceb3e0609355174476e4150c6bb4\">\n\n\t\t\t<img data-image-id='2409'\n\t\t\t\ttitle=\"\"\n\t\t\t\talt=\"CEiR-Zabrze13-\u2014-kopia-\u2014-kopia\"\n\t\t\t\tsrc=\"https:\/\/archiwum.swietodrzewa.pl\/wp-content\/gallery\/czarodziejskie-2023-dobre\/CEiR-Zabrze13-%E2%80%94-kopia-%E2%80%94-kopia.jpg\"\n\t\t\t\tstyle=\"max-height: 430px;\"\/>\n\t\t<\/a>\n\n\t\t\n\t\t<a href=\"https:\/\/archiwum.swietodrzewa.pl\/wp-content\/gallery\/czarodziejskie-2023-dobre\/CEiR-Zabrze14-%E2%80%94-kopia-%E2%80%94-kopia.jpg\"\n\t\t\ttitle=\"\"\n\t\t\tdata-src=\"https:\/\/archiwum.swietodrzewa.pl\/wp-content\/gallery\/czarodziejskie-2023-dobre\/CEiR-Zabrze14-%E2%80%94-kopia-%E2%80%94-kopia.jpg\"\n\t\t\tdata-thumbnail=\"https:\/\/archiwum.swietodrzewa.pl\/wp-content\/gallery\/czarodziejskie-2023-dobre\/thumbs\/thumbs_CEiR-Zabrze14-%E2%80%94-kopia-%E2%80%94-kopia.jpg\"\n\t\t\tdata-image-id=\"2410\"\n\t\t\tdata-title=\"CEiR-Zabrze14-\u2014-kopia-\u2014-kopia\"\n\t\t\tdata-description=\"\"\n\t\t\tclass=\"shutterset_51c3ceb3e0609355174476e4150c6bb4\">\n\n\t\t\t<img data-image-id='2410'\n\t\t\t\ttitle=\"\"\n\t\t\t\talt=\"CEiR-Zabrze14-\u2014-kopia-\u2014-kopia\"\n\t\t\t\tsrc=\"https:\/\/archiwum.swietodrzewa.pl\/wp-content\/gallery\/czarodziejskie-2023-dobre\/CEiR-Zabrze14-%E2%80%94-kopia-%E2%80%94-kopia.jpg\"\n\t\t\t\tstyle=\"max-height: 430px;\"\/>\n\t\t<\/a>\n\n\t\t\n\t\t<a href=\"https:\/\/archiwum.swietodrzewa.pl\/wp-content\/gallery\/czarodziejskie-2023-dobre\/konczewice-1-%E2%80%94-kopia-%E2%80%94-kopia.jpeg\"\n\t\t\ttitle=\"\"\n\t\t\tdata-src=\"https:\/\/archiwum.swietodrzewa.pl\/wp-content\/gallery\/czarodziejskie-2023-dobre\/konczewice-1-%E2%80%94-kopia-%E2%80%94-kopia.jpeg\"\n\t\t\tdata-thumbnail=\"https:\/\/archiwum.swietodrzewa.pl\/wp-content\/gallery\/czarodziejskie-2023-dobre\/thumbs\/thumbs_konczewice-1-%E2%80%94-kopia-%E2%80%94-kopia.jpeg\"\n\t\t\tdata-image-id=\"2411\"\n\t\t\tdata-title=\"konczewice-1-\u2014-kopia-\u2014-kopia\"\n\t\t\tdata-description=\"\"\n\t\t\tclass=\"shutterset_51c3ceb3e0609355174476e4150c6bb4\">\n\n\t\t\t<img data-image-id='2411'\n\t\t\t\ttitle=\"\"\n\t\t\t\talt=\"konczewice-1-\u2014-kopia-\u2014-kopia\"\n\t\t\t\tsrc=\"https:\/\/archiwum.swietodrzewa.pl\/wp-content\/gallery\/czarodziejskie-2023-dobre\/konczewice-1-%E2%80%94-kopia-%E2%80%94-kopia.jpeg\"\n\t\t\t\tstyle=\"max-height: 430px;\"\/>\n\t\t<\/a>\n\n\t\t\n\t\t<a href=\"https:\/\/archiwum.swietodrzewa.pl\/wp-content\/gallery\/czarodziejskie-2023-dobre\/konczewice-1-%E2%80%94-kopia-%E2%80%94-kopia.jpg\"\n\t\t\ttitle=\"\"\n\t\t\tdata-src=\"https:\/\/archiwum.swietodrzewa.pl\/wp-content\/gallery\/czarodziejskie-2023-dobre\/konczewice-1-%E2%80%94-kopia-%E2%80%94-kopia.jpg\"\n\t\t\tdata-thumbnail=\"https:\/\/archiwum.swietodrzewa.pl\/wp-content\/gallery\/czarodziejskie-2023-dobre\/thumbs\/thumbs_konczewice-1-%E2%80%94-kopia-%E2%80%94-kopia.jpg\"\n\t\t\tdata-image-id=\"2412\"\n\t\t\tdata-title=\"konczewice-1-\u2014-kopia-\u2014-kopia\"\n\t\t\tdata-description=\"\"\n\t\t\tclass=\"shutterset_51c3ceb3e0609355174476e4150c6bb4\">\n\n\t\t\t<img data-image-id='2412'\n\t\t\t\ttitle=\"\"\n\t\t\t\talt=\"konczewice-1-\u2014-kopia-\u2014-kopia\"\n\t\t\t\tsrc=\"https:\/\/archiwum.swietodrzewa.pl\/wp-content\/gallery\/czarodziejskie-2023-dobre\/konczewice-1-%E2%80%94-kopia-%E2%80%94-kopia.jpg\"\n\t\t\t\tstyle=\"max-height: 430px;\"\/>\n\t\t<\/a>\n\n\t\t\n\t\t<a href=\"https:\/\/archiwum.swietodrzewa.pl\/wp-content\/gallery\/czarodziejskie-2023-dobre\/konczewice-2-%E2%80%94-kopia-%E2%80%94-kopia.jpeg\"\n\t\t\ttitle=\"\"\n\t\t\tdata-src=\"https:\/\/archiwum.swietodrzewa.pl\/wp-content\/gallery\/czarodziejskie-2023-dobre\/konczewice-2-%E2%80%94-kopia-%E2%80%94-kopia.jpeg\"\n\t\t\tdata-thumbnail=\"https:\/\/archiwum.swietodrzewa.pl\/wp-content\/gallery\/czarodziejskie-2023-dobre\/thumbs\/thumbs_konczewice-2-%E2%80%94-kopia-%E2%80%94-kopia.jpeg\"\n\t\t\tdata-image-id=\"2413\"\n\t\t\tdata-title=\"konczewice-2-\u2014-kopia-\u2014-kopia\"\n\t\t\tdata-description=\"\"\n\t\t\tclass=\"shutterset_51c3ceb3e0609355174476e4150c6bb4\">\n\n\t\t\t<img data-image-id='2413'\n\t\t\t\ttitle=\"\"\n\t\t\t\talt=\"konczewice-2-\u2014-kopia-\u2014-kopia\"\n\t\t\t\tsrc=\"https:\/\/archiwum.swietodrzewa.pl\/wp-content\/gallery\/czarodziejskie-2023-dobre\/konczewice-2-%E2%80%94-kopia-%E2%80%94-kopia.jpeg\"\n\t\t\t\tstyle=\"max-height: 430px;\"\/>\n\t\t<\/a>\n\n\t\t\n\t\t<a href=\"https:\/\/archiwum.swietodrzewa.pl\/wp-content\/gallery\/czarodziejskie-2023-dobre\/konczewice-5.jpg\"\n\t\t\ttitle=\"\"\n\t\t\tdata-src=\"https:\/\/archiwum.swietodrzewa.pl\/wp-content\/gallery\/czarodziejskie-2023-dobre\/konczewice-5.jpg\"\n\t\t\tdata-thumbnail=\"https:\/\/archiwum.swietodrzewa.pl\/wp-content\/gallery\/czarodziejskie-2023-dobre\/thumbs\/thumbs_konczewice-5.jpg\"\n\t\t\tdata-image-id=\"2416\"\n\t\t\tdata-title=\"konczewice-5\"\n\t\t\tdata-description=\"\"\n\t\t\tclass=\"shutterset_51c3ceb3e0609355174476e4150c6bb4\">\n\n\t\t\t<img data-image-id='2416'\n\t\t\t\ttitle=\"\"\n\t\t\t\talt=\"konczewice-5\"\n\t\t\t\tsrc=\"https:\/\/archiwum.swietodrzewa.pl\/wp-content\/gallery\/czarodziejskie-2023-dobre\/konczewice-5.jpg\"\n\t\t\t\tstyle=\"max-height: 430px;\"\/>\n\t\t<\/a>\n\n\t\t\n\t\t<a href=\"https:\/\/archiwum.swietodrzewa.pl\/wp-content\/gallery\/czarodziejskie-2023-dobre\/l1.jpg\"\n\t\t\ttitle=\"\"\n\t\t\tdata-src=\"https:\/\/archiwum.swietodrzewa.pl\/wp-content\/gallery\/czarodziejskie-2023-dobre\/l1.jpg\"\n\t\t\tdata-thumbnail=\"https:\/\/archiwum.swietodrzewa.pl\/wp-content\/gallery\/czarodziejskie-2023-dobre\/thumbs\/thumbs_l1.jpg\"\n\t\t\tdata-image-id=\"2417\"\n\t\t\tdata-title=\"l1\"\n\t\t\tdata-description=\"\"\n\t\t\tclass=\"shutterset_51c3ceb3e0609355174476e4150c6bb4\">\n\n\t\t\t<img data-image-id='2417'\n\t\t\t\ttitle=\"\"\n\t\t\t\talt=\"l1\"\n\t\t\t\tsrc=\"https:\/\/archiwum.swietodrzewa.pl\/wp-content\/gallery\/czarodziejskie-2023-dobre\/l1.jpg\"\n\t\t\t\tstyle=\"max-height: 430px;\"\/>\n\t\t<\/a>\n\n\t\t\n\t\t<a href=\"https:\/\/archiwum.swietodrzewa.pl\/wp-content\/gallery\/czarodziejskie-2023-dobre\/l44.jpg\"\n\t\t\ttitle=\"\"\n\t\t\tdata-src=\"https:\/\/archiwum.swietodrzewa.pl\/wp-content\/gallery\/czarodziejskie-2023-dobre\/l44.jpg\"\n\t\t\tdata-thumbnail=\"https:\/\/archiwum.swietodrzewa.pl\/wp-content\/gallery\/czarodziejskie-2023-dobre\/thumbs\/thumbs_l44.jpg\"\n\t\t\tdata-image-id=\"2418\"\n\t\t\tdata-title=\"l44\"\n\t\t\tdata-description=\"\"\n\t\t\tclass=\"shutterset_51c3ceb3e0609355174476e4150c6bb4\">\n\n\t\t\t<img data-image-id='2418'\n\t\t\t\ttitle=\"\"\n\t\t\t\talt=\"l44\"\n\t\t\t\tsrc=\"https:\/\/archiwum.swietodrzewa.pl\/wp-content\/gallery\/czarodziejskie-2023-dobre\/l44.jpg\"\n\t\t\t\tstyle=\"max-height: 430px;\"\/>\n\t\t<\/a>\n\n\t\t\n\t\t<a href=\"https:\/\/archiwum.swietodrzewa.pl\/wp-content\/gallery\/czarodziejskie-2023-dobre\/konczewice-2-%E2%80%94-kopia-%E2%80%94-kopia.jpg\"\n\t\t\ttitle=\"\"\n\t\t\tdata-src=\"https:\/\/archiwum.swietodrzewa.pl\/wp-content\/gallery\/czarodziejskie-2023-dobre\/konczewice-2-%E2%80%94-kopia-%E2%80%94-kopia.jpg\"\n\t\t\tdata-thumbnail=\"https:\/\/archiwum.swietodrzewa.pl\/wp-content\/gallery\/czarodziejskie-2023-dobre\/thumbs\/thumbs_konczewice-2-%E2%80%94-kopia-%E2%80%94-kopia.jpg\"\n\t\t\tdata-image-id=\"2414\"\n\t\t\tdata-title=\"konczewice-2-\u2014-kopia-\u2014-kopia\"\n\t\t\tdata-description=\"\"\n\t\t\tclass=\"shutterset_51c3ceb3e0609355174476e4150c6bb4\">\n\n\t\t\t<img data-image-id='2414'\n\t\t\t\ttitle=\"\"\n\t\t\t\talt=\"konczewice-2-\u2014-kopia-\u2014-kopia\"\n\t\t\t\tsrc=\"https:\/\/archiwum.swietodrzewa.pl\/wp-content\/gallery\/czarodziejskie-2023-dobre\/konczewice-2-%E2%80%94-kopia-%E2%80%94-kopia.jpg\"\n\t\t\t\tstyle=\"max-height: 430px;\"\/>\n\t\t<\/a>\n\n\t\t\n\t\t<a href=\"https:\/\/archiwum.swietodrzewa.pl\/wp-content\/gallery\/czarodziejskie-2023-dobre\/konczewice-3-%E2%80%94-kopia-%E2%80%94-kopia.jpg\"\n\t\t\ttitle=\"\"\n\t\t\tdata-src=\"https:\/\/archiwum.swietodrzewa.pl\/wp-content\/gallery\/czarodziejskie-2023-dobre\/konczewice-3-%E2%80%94-kopia-%E2%80%94-kopia.jpg\"\n\t\t\tdata-thumbnail=\"https:\/\/archiwum.swietodrzewa.pl\/wp-content\/gallery\/czarodziejskie-2023-dobre\/thumbs\/thumbs_konczewice-3-%E2%80%94-kopia-%E2%80%94-kopia.jpg\"\n\t\t\tdata-image-id=\"2415\"\n\t\t\tdata-title=\"konczewice-3-\u2014-kopia-\u2014-kopia\"\n\t\t\tdata-description=\"\"\n\t\t\tclass=\"shutterset_51c3ceb3e0609355174476e4150c6bb4\">\n\n\t\t\t<img data-image-id='2415'\n\t\t\t\ttitle=\"\"\n\t\t\t\talt=\"konczewice-3-\u2014-kopia-\u2014-kopia\"\n\t\t\t\tsrc=\"https:\/\/archiwum.swietodrzewa.pl\/wp-content\/gallery\/czarodziejskie-2023-dobre\/konczewice-3-%E2%80%94-kopia-%E2%80%94-kopia.jpg\"\n\t\t\t\tstyle=\"max-height: 430px;\"\/>\n\t\t<\/a>\n\n\t\t\n\t\t<a href=\"https:\/\/archiwum.swietodrzewa.pl\/wp-content\/gallery\/czarodziejskie-2023-dobre\/muszelka-2.jpg\"\n\t\t\ttitle=\"\"\n\t\t\tdata-src=\"https:\/\/archiwum.swietodrzewa.pl\/wp-content\/gallery\/czarodziejskie-2023-dobre\/muszelka-2.jpg\"\n\t\t\tdata-thumbnail=\"https:\/\/archiwum.swietodrzewa.pl\/wp-content\/gallery\/czarodziejskie-2023-dobre\/thumbs\/thumbs_muszelka-2.jpg\"\n\t\t\tdata-image-id=\"2419\"\n\t\t\tdata-title=\"muszelka-2\"\n\t\t\tdata-description=\"\"\n\t\t\tclass=\"shutterset_51c3ceb3e0609355174476e4150c6bb4\">\n\n\t\t\t<img data-image-id='2419'\n\t\t\t\ttitle=\"\"\n\t\t\t\talt=\"muszelka-2\"\n\t\t\t\tsrc=\"https:\/\/archiwum.swietodrzewa.pl\/wp-content\/gallery\/czarodziejskie-2023-dobre\/muszelka-2.jpg\"\n\t\t\t\tstyle=\"max-height: 430px;\"\/>\n\t\t<\/a>\n\n\t\t\n\t\t<a href=\"https:\/\/archiwum.swietodrzewa.pl\/wp-content\/gallery\/czarodziejskie-2023-dobre\/muszelka-3.jpg\"\n\t\t\ttitle=\"\"\n\t\t\tdata-src=\"https:\/\/archiwum.swietodrzewa.pl\/wp-content\/gallery\/czarodziejskie-2023-dobre\/muszelka-3.jpg\"\n\t\t\tdata-thumbnail=\"https:\/\/archiwum.swietodrzewa.pl\/wp-content\/gallery\/czarodziejskie-2023-dobre\/thumbs\/thumbs_muszelka-3.jpg\"\n\t\t\tdata-image-id=\"2420\"\n\t\t\tdata-title=\"muszelka-3\"\n\t\t\tdata-description=\"\"\n\t\t\tclass=\"shutterset_51c3ceb3e0609355174476e4150c6bb4\">\n\n\t\t\t<img data-image-id='2420'\n\t\t\t\ttitle=\"\"\n\t\t\t\talt=\"muszelka-3\"\n\t\t\t\tsrc=\"https:\/\/archiwum.swietodrzewa.pl\/wp-content\/gallery\/czarodziejskie-2023-dobre\/muszelka-3.jpg\"\n\t\t\t\tstyle=\"max-height: 430px;\"\/>\n\t\t<\/a>\n\n\t\t\n\t\t<a href=\"https:\/\/archiwum.swietodrzewa.pl\/wp-content\/gallery\/czarodziejskie-2023-dobre\/przedszkole_8_tychy-2.jpg\"\n\t\t\ttitle=\"\"\n\t\t\tdata-src=\"https:\/\/archiwum.swietodrzewa.pl\/wp-content\/gallery\/czarodziejskie-2023-dobre\/przedszkole_8_tychy-2.jpg\"\n\t\t\tdata-thumbnail=\"https:\/\/archiwum.swietodrzewa.pl\/wp-content\/gallery\/czarodziejskie-2023-dobre\/thumbs\/thumbs_przedszkole_8_tychy-2.jpg\"\n\t\t\tdata-image-id=\"2421\"\n\t\t\tdata-title=\"przedszkole_8_tychy-2\"\n\t\t\tdata-description=\"\"\n\t\t\tclass=\"shutterset_51c3ceb3e0609355174476e4150c6bb4\">\n\n\t\t\t<img data-image-id='2421'\n\t\t\t\ttitle=\"\"\n\t\t\t\talt=\"przedszkole_8_tychy-2\"\n\t\t\t\tsrc=\"https:\/\/archiwum.swietodrzewa.pl\/wp-content\/gallery\/czarodziejskie-2023-dobre\/przedszkole_8_tychy-2.jpg\"\n\t\t\t\tstyle=\"max-height: 430px;\"\/>\n\t\t<\/a>\n\n\t\t\n\t\t<a href=\"https:\/\/archiwum.swietodrzewa.pl\/wp-content\/gallery\/czarodziejskie-2023-dobre\/przedszkole_8_tychy-1.jpg\"\n\t\t\ttitle=\"\"\n\t\t\tdata-src=\"https:\/\/archiwum.swietodrzewa.pl\/wp-content\/gallery\/czarodziejskie-2023-dobre\/przedszkole_8_tychy-1.jpg\"\n\t\t\tdata-thumbnail=\"https:\/\/archiwum.swietodrzewa.pl\/wp-content\/gallery\/czarodziejskie-2023-dobre\/thumbs\/thumbs_przedszkole_8_tychy-1.jpg\"\n\t\t\tdata-image-id=\"2422\"\n\t\t\tdata-title=\"przedszkole_8_tychy-1\"\n\t\t\tdata-description=\"\"\n\t\t\tclass=\"shutterset_51c3ceb3e0609355174476e4150c6bb4\">\n\n\t\t\t<img data-image-id='2422'\n\t\t\t\ttitle=\"\"\n\t\t\t\talt=\"przedszkole_8_tychy-1\"\n\t\t\t\tsrc=\"https:\/\/archiwum.swietodrzewa.pl\/wp-content\/gallery\/czarodziejskie-2023-dobre\/przedszkole_8_tychy-1.jpg\"\n\t\t\t\tstyle=\"max-height: 430px;\"\/>\n\t\t<\/a>\n\n\t\t\n\t\t<a href=\"https:\/\/archiwum.swietodrzewa.pl\/wp-content\/gallery\/czarodziejskie-2023-dobre\/smyk-2.jpg\"\n\t\t\ttitle=\"\"\n\t\t\tdata-src=\"https:\/\/archiwum.swietodrzewa.pl\/wp-content\/gallery\/czarodziejskie-2023-dobre\/smyk-2.jpg\"\n\t\t\tdata-thumbnail=\"https:\/\/archiwum.swietodrzewa.pl\/wp-content\/gallery\/czarodziejskie-2023-dobre\/thumbs\/thumbs_smyk-2.jpg\"\n\t\t\tdata-image-id=\"2423\"\n\t\t\tdata-title=\"smyk-2\"\n\t\t\tdata-description=\"\"\n\t\t\tclass=\"shutterset_51c3ceb3e0609355174476e4150c6bb4\">\n\n\t\t\t<img data-image-id='2423'\n\t\t\t\ttitle=\"\"\n\t\t\t\talt=\"smyk-2\"\n\t\t\t\tsrc=\"https:\/\/archiwum.swietodrzewa.pl\/wp-content\/gallery\/czarodziejskie-2023-dobre\/smyk-2.jpg\"\n\t\t\t\tstyle=\"max-height: 430px;\"\/>\n\t\t<\/a>\n\n\t\t<\/div>\n\n\nNajbardziej aktywnym uczestnikom 20. edycji \u015awi\u0119ta Drzewa, kt\u00f3rzy wykazali si\u0119 najwi\u0119ksz\u0105 ilo\u015bci\u0105 posadzonych drzew, szerok\u0105 wsp\u00f3\u0142prac\u0105 i kreatywno\u015bci\u0105 dzia\u0142a\u0144, Klub Gaja, jak co roku przyzna\u0142 statuetki Czarodziejskiego Drzewa.<\/p>\n<p><strong>LAUREACI CZARODZIEJSKIEGO DRZEWA 2023<\/strong><\/p>\n<ol>\n<li><strong> Gmina Miasto Ostr\u00f3w Wielkopolski<\/strong> \u2013 za coroczn\u0105 organizacj\u0119 obchod\u00f3w \u015awi\u0119ta Drzewa, szerok\u0105 wsp\u00f3\u0142prac\u0119 ze lokalnymi szko\u0142ami i instytucjami oraz przekazanie mieszka\u0144com ponad 3000 sadzonek ro\u015blin i zainaugurowanie akcji \u201eSadziMy drzewa w Ostrowie\u201d.<\/li>\n<li><strong> Gmina Ostrowiec \u015awi\u0119tokrzyski<\/strong> \u2013 za organizacj\u0119 happeningu \u201eCzy daleko nam do EKO?\u201d z udzia\u0142em 2000 mieszka\u0144c\u00f3w miasta, podczas kt\u00f3rego zorganizowano r\u00f3\u017cnorodne stoiska edukacyjne i eko-eksperckie oraz przekazano 1000 sadzonek ro\u015blin.<\/li>\n<li><strong> Szko\u0142a Podstawowa im. Marii Konopnickiej w Kostom\u0142otach(woj. dolno\u015bl\u0105skie)<\/strong> \u2013 za przeprowadzenie r\u00f3\u017cnorodnych dzia\u0142a\u0144 na temat drzew oraz zaanga\u017cowanie do wsp\u00f3\u0142pracy Rad\u0119 Gminy Kostom\u0142oty, so\u0142tys\u00f3w wsi Bogdan\u00f3w, Zab\u0142ocie i Pa\u017adzioma, sklep Agusia, Centrum Edukacji Obywatelskiej i lokalnych pszczelarzy.<\/li>\n<li><strong> Niepubliczne Przedszkole SMYK w Babicach (woj. ma\u0142opolskie) <\/strong>\u2013 za organizacje obchod\u00f3w \u015awi\u0119ta Drzewa pod has\u0142em \u201eDrzewo domem dla zwierz\u0105t\u201d i rodzinnego konkursu budowy domk\u00f3w dla owad\u00f3w, je\u017cy i ptak\u00f3w.<\/li>\n<li><strong> Szko\u0142a Podstawowa im. Stefana Roweckiego \u201eGrota\u201d w Kozieg\u0142owach (woj. wielkopolskie)<\/strong> \u2013 za realizacj\u0119 projektu edukacyjnego po\u015bwi\u0119conego drzewom \u201eZanim spadnie ostatni li\u015b\u0107\u201d i organizacj\u0119 wystawy plakat\u00f3w z 20-tu lat \u015awi\u0119ta Drzewa.<\/li>\n<li><strong> Przedszkole nr 8 \u201eZielony Ogr\u00f3d\u201d z Oddzia\u0142ami Integracyjnymi w Tychach (woj. \u015bl\u0105skie)<\/strong> \u2013 za organizacj\u0119 r\u00f3\u017cnorodnych dzia\u0142a\u0144 wok\u00f3\u0142 drzew i realizacj\u0119 autorskiego projektu \u201e\u015acie\u017ck\u0105 ulubionych drzew\u201d, maj\u0105cego na celu nawi\u0105zanie kontaktu z drzewem i traktowanie go jako przyjaciela.<\/li>\n<li><strong> Publiczne Przedszkole nr4 \u201eZaczarowana Kraina\u201d w Zdu\u0144skiej Woli ( woj. \u0142\u00f3dzkie)<\/strong> \u2013 za organizacj\u0119 corocznych obchod\u00f3w \u015awi\u0119ta Drzewa i przygotowanie przemarszu ulicami miasta, kt\u00f3rego celem by\u0142o zwr\u00f3cenia uwagi mieszka\u0144c\u00f3w na rol\u0119 drzew w naszym \u017cyciu i potrzeb\u0119 ich sadzenia.<\/li>\n<\/ol>\n<p>Dodatkowo Klub Gaja spo\u015br\u00f3d nades\u0142anych zg\u0142osze\u0144 do tegorocznej edycji \u015awi\u0119ta Drzewa przyzna\u0142 specjalne podzi\u0119kowania dla plac\u00f3wek o\u015bwiatowych, kt\u00f3re bior\u0105 udzia\u0142 w \u015awi\u0119cie Drzewa od 20 lat!<\/p>\n<p><strong>PODZI\u0118KOWANIA OTRZYMUJ\u0104:<\/strong><\/p>\n<ol>\n<li>Szko\u0142a Podstawowa w Ligocie Polskiej<\/li>\n<li>Szko\u0142a Podstawowa nr 1 w Krupskim M\u0142ynie<\/li>\n<li>Szko\u0142a Podstawowa z Oddzia\u0142ami Dwuj\u0119zycznymi im. A. i W\u0142. Niegolewskich w Opalenicy<\/li>\n<li>Ko\u0142o Ekologiczne &#8222;Robaczek&#8221; w Puszczy Maria\u0144skiej<\/li>\n<li>Publiczne Przedszkole nr 4 &#8222;Zaczarowana Kraina&#8221; w Zdu\u0144skiej Woli<\/li>\n<li>Miejskie Przedszkole nr 67 z Oddzia\u0142ami Integracyjnymi w Katowicach<\/li>\n<li>Zesp\u00f3\u0142 Szk\u00f3\u0142 Ponadpodstawowych w Chojnie<\/li>\n<li>Szko\u0142a Podstawowa nr 20 im. Powsta\u0144c\u00f3w \u015al\u0105skich w Gliwicach<\/li>\n<li>Szko\u0142a Podstawowa nr 5 z Oddzia\u0142ami Integracyjnymi im. Henryka Sienkiewicza w Myszkowie<\/li>\n<li>Samorz\u0105dowe Przedszkole nr 110 im. Marii Kownackiej w Krakowie<\/li>\n<li>Szko\u0142a Podstawowa im. gen. Stefana Roweckiego w Kozieg\u0142owach<\/li>\n<li>Zesp\u00f3\u0142 Szk\u00f3\u0142 Przyrodniczno-Us\u0142ugowych im. Stanis\u0142awa Miko\u0142ajczyka w Gnie\u017anie<\/li>\n<li>Szko\u0142a Podstawowa nr 11 w Jaworznie<\/li>\n<\/ol>\n<p>Rozdanie nagr\u00f3d odb\u0119dzie si\u0119 10 pa\u017adziernika 2023 roku w Warszawie podczas inauguracji 21. edycji programu \u015awi\u0119to Drzewa. Serdecznie gratulujemy laureatom i zapraszamy wszystkich do udzia\u0142u w kolejnej edycji \u015awi\u0119ta Drzewa!<\/p>\n<ol start=\"20\">\n<li><strong> \u015awi\u0119to Drzewa<\/strong><\/li>\n<\/ol>\n<p><strong>Honorowe Patronaty \u2013 <\/strong>Prezydent m.st Warszawy, Prezydent Miasta Bielsko-Bia\u0142a, Prezydent Miasta Katowice, Prezydent Miasta Sosnowiec<br \/>\n<strong>Partnerzy strategiczni \u2013 &nbsp;<\/strong>Davines , EY Global Delivery Services Poland<br \/>\n<strong>Partnerzy \u2013 <\/strong>ALDI, Fundacja Drzewo i Jutro, Environmental Partnership Association, Tree of the Year,<br \/>\n<strong>Wsp\u00f3\u0142praca \u2013 <\/strong>Partnerstwo dla Klimatu, Zarz\u0105d Zieleni m.st. Warszawy, S\u0142u\u017cewski Dom Kultury, CINIBA, Fundusz Partnerstwa, Clean Advantage, LeasePlan Fleet Management Polska, Troton, AstraZeneca<\/p>\n","protected":false},"excerpt":{"rendered":"<p>Za nami jubileuszowa 20. edycja \u015awi\u0119ta Drzewa \u2013 programu, kt\u00f3ry Klub Gaja rozpocz\u0105\u0142 w 2003 r, by anga\u017cowa\u0107 spo\u0142ecze\u0144stwo do sadzenia i ochrony drzew oraz podejmowania r\u00f3\u017cnorodnych dzia\u0142a\u0144 dla \u015brodowiska i klimatu. W tym czasie dzi\u0119ki zaanga\u017cowaniu ponad 780 tysi\u0119cy uczestnik\u00f3w wsp\u00f3lnie posadzili\u015bmy ponad 1 milion drzew i krzew\u00f3w, odkryli\u015bmy ponad 180 niezwyk\u0142ych drzew wa\u017cnych [&hellip;]<\/p>\n","protected":false},"author":3,"featured_media":14562,"comment_status":"closed","ping_status":"closed","sticky":false,"template":"","format":"standard","meta":{"ngg_post_thumbnail":0},"categories":[22,17],"tags":[],"_links":{"self":[{"href":"https:\/\/archiwum.swietodrzewa.pl\/index.php?rest_route=\/wp\/v2\/posts\/14806"}],"collection":[{"href":"https:\/\/archiwum.swietodrzewa.pl\/index.php?rest_route=\/wp\/v2\/posts"}],"about":[{"href":"https:\/\/archiwum.swietodrzewa.pl\/index.php?rest_route=\/wp\/v2\/types\/post"}],"author":[{"embeddable":true,"href":"https:\/\/archiwum.swietodrzewa.pl\/index.php?rest_route=\/wp\/v2\/users\/3"}],"replies":[{"embeddable":true,"href":"https:\/\/archiwum.swietodrzewa.pl\/index.php?rest_route=%2Fwp%2Fv2%2Fcomments&post=14806"}],"version-history":[{"count":5,"href":"https:\/\/archiwum.swietodrzewa.pl\/index.php?rest_route=\/wp\/v2\/posts\/14806\/revisions"}],"predecessor-version":[{"id":15222,"href":"https:\/\/archiwum.swietodrzewa.pl\/index.php?rest_route=\/wp\/v2\/posts\/14806\/revisions\/15222"}],"wp:featuredmedia":[{"embeddable":true,"href":"https:\/\/archiwum.swietodrzewa.pl\/index.php?rest_route=\/wp\/v2\/media\/14562"}],"wp:attachment":[{"href":"https:\/\/archiwum.swietodrzewa.pl\/index.php?rest_route=%2Fwp%2Fv2%2Fmedia&parent=14806"}],"wp:term":[{"taxonomy":"category","embeddable":true,"href":"https:\/\/archiwum.swietodrzewa.pl\/index.php?rest_route=%2Fwp%2Fv2%2Fcategories&post=14806"},{"taxonomy":"post_tag","embeddable":true,"href":"https:\/\/archiwum.swietodrzewa.pl\/index.php?rest_route=%2Fwp%2Fv2%2Ftags&post=14806"}],"curies":[{"name":"wp","href":"https:\/\/api.w.org\/{rel}","templated":true}]}}