{"id":14873,"date":"2023-04-04T17:00:01","date_gmt":"2023-04-04T15:00:01","guid":{"rendered":"https:\/\/swietodrzewa.pl\/?p=14873"},"modified":"2023-04-05T09:52:07","modified_gmt":"2023-04-05T07:52:07","slug":"dla-planety-5000-drzew-z-itf-i-ups-polska","status":"publish","type":"post","link":"https:\/\/archiwum.swietodrzewa.pl\/?p=14873","title":{"rendered":"Dla planety \u2013 5000 drzew z ITF i UPS Polska"},"content":{"rendered":"<p><strong>Klub Gaja dzi\u0119ki wsparciu International Tree Foundation i&nbsp;wsp\u00f3\u0142pracy z&nbsp;UPS Polska zorganizowa\u0142 wiosenn\u0105 akcj\u0119 sadzenia 5000 drzew. W&nbsp;wydarzenie zaanga\u017cowali si\u0119 pracownicy firmy wraz z&nbsp;rodzinami, kt\u00f3rzy&nbsp;w&nbsp;sobot\u0119, 1 kwietnia, posadzili 700 m\u0142odych lip, jawor\u00f3w, d\u0119b\u00f3w, czere\u015bni ptasich i&nbsp;dzikich jab\u0142oni pod&nbsp;Warszaw\u0105. 4000 drzew posadzono wczesn\u0105 wiosn\u0105 w&nbsp;Borach Tucholskich, a&nbsp;kolejne 300 zostanie posadzonych 14 kwietnia w&nbsp;lasach miejskich przy wsp\u00f3\u0142pracy z&nbsp;Miastem \u0141\u00f3d\u017a.<\/strong><!--more--><\/p>\n<p>Klub Gaja od lat organizuje akcje sadzenia drzew i krzew\u00f3w zwi\u0119kszaj\u0105cych r\u00f3\u017cnorodno\u015b\u0107 biologiczn\u0105 w miastach i lasach, edukuj\u0105c i anga\u017cuj\u0105c ludzi w realne dzia\u0142ania dla przyrody. W sobot\u0119, 1 kwietnia, wsp\u00f3lnie z ponad 50 wolontariuszami z UPS Polska posadzili\u015bmy 700 drzew w le\u015bnictwie Bogatki pod Warszaw\u0105. M\u0142ode lipy, klony jawory, d\u0119by, czere\u015bnie ptasie i dzikie jab\u0142onie, wzbogac\u0105 drzewostan lasu b\u0119d\u0105 mog\u0142y zapewni\u0107 pokarm i schronienie wielu gatunkom zwierz\u0105t. Pogoda nam dopisa\u0142a i przez kilka godzin nie pada\u0142o!<\/p>\n<p>SADZENIE DRZEW POD WARSZAW\u0104<\/p>\n<p>\n<div class=\"ngg-galleryoverview ngg-slideshow\"\n\tid=\"ngg-slideshow-ba9036a5749f09fc0f043c200c01ea2d-7513047740\"\n\tdata-gallery-id=\"ba9036a5749f09fc0f043c200c01ea2d\"\n\tstyle=\"max-width: 600px;\n\t\t\tmax-height: 450px;\n\t\t\tdisplay: none;\">\n\n\t\n\t\t<a href=\"https:\/\/archiwum.swietodrzewa.pl\/wp-content\/gallery\/ups-warszawa\/338950387_214168557968910_105443963731377749_n-1-400x284.jpeg\"\n\t\t\ttitle=\"\"\n\t\t\tdata-src=\"https:\/\/archiwum.swietodrzewa.pl\/wp-content\/gallery\/ups-warszawa\/338950387_214168557968910_105443963731377749_n-1-400x284.jpeg\"\n\t\t\tdata-thumbnail=\"https:\/\/archiwum.swietodrzewa.pl\/wp-content\/gallery\/ups-warszawa\/thumbs\/thumbs_338950387_214168557968910_105443963731377749_n-1-400x284.jpeg\"\n\t\t\tdata-image-id=\"2424\"\n\t\t\tdata-title=\"338950387_214168557968910_105443963731377749_n-1-400x284\"\n\t\t\tdata-description=\"\"\n\t\t\tclass=\"shutterset_ba9036a5749f09fc0f043c200c01ea2d\">\n\n\t\t\t<img data-image-id='2424'\n\t\t\t\ttitle=\"\"\n\t\t\t\talt=\"338950387_214168557968910_105443963731377749_n-1-400x284\"\n\t\t\t\tsrc=\"https:\/\/archiwum.swietodrzewa.pl\/wp-content\/gallery\/ups-warszawa\/338950387_214168557968910_105443963731377749_n-1-400x284.jpeg\"\n\t\t\t\tstyle=\"max-height: 430px;\"\/>\n\t\t<\/a>\n\n\t\t\n\t\t<a href=\"https:\/\/archiwum.swietodrzewa.pl\/wp-content\/gallery\/ups-warszawa\/339492381_165818239320944_5468952156014938288_n-1-400x284.jpeg\"\n\t\t\ttitle=\"\"\n\t\t\tdata-src=\"https:\/\/archiwum.swietodrzewa.pl\/wp-content\/gallery\/ups-warszawa\/339492381_165818239320944_5468952156014938288_n-1-400x284.jpeg\"\n\t\t\tdata-thumbnail=\"https:\/\/archiwum.swietodrzewa.pl\/wp-content\/gallery\/ups-warszawa\/thumbs\/thumbs_339492381_165818239320944_5468952156014938288_n-1-400x284.jpeg\"\n\t\t\tdata-image-id=\"2425\"\n\t\t\tdata-title=\"339492381_165818239320944_5468952156014938288_n-1-400x284\"\n\t\t\tdata-description=\"\"\n\t\t\tclass=\"shutterset_ba9036a5749f09fc0f043c200c01ea2d\">\n\n\t\t\t<img data-image-id='2425'\n\t\t\t\ttitle=\"\"\n\t\t\t\talt=\"339492381_165818239320944_5468952156014938288_n-1-400x284\"\n\t\t\t\tsrc=\"https:\/\/archiwum.swietodrzewa.pl\/wp-content\/gallery\/ups-warszawa\/339492381_165818239320944_5468952156014938288_n-1-400x284.jpeg\"\n\t\t\t\tstyle=\"max-height: 430px;\"\/>\n\t\t<\/a>\n\n\t\t\n\t\t<a href=\"https:\/\/archiwum.swietodrzewa.pl\/wp-content\/gallery\/ups-warszawa\/339490443_212091621400720_8848468023577508834_n-1-400x284.jpeg\"\n\t\t\ttitle=\"\"\n\t\t\tdata-src=\"https:\/\/archiwum.swietodrzewa.pl\/wp-content\/gallery\/ups-warszawa\/339490443_212091621400720_8848468023577508834_n-1-400x284.jpeg\"\n\t\t\tdata-thumbnail=\"https:\/\/archiwum.swietodrzewa.pl\/wp-content\/gallery\/ups-warszawa\/thumbs\/thumbs_339490443_212091621400720_8848468023577508834_n-1-400x284.jpeg\"\n\t\t\tdata-image-id=\"2426\"\n\t\t\tdata-title=\"339490443_212091621400720_8848468023577508834_n-1-400x284\"\n\t\t\tdata-description=\"\"\n\t\t\tclass=\"shutterset_ba9036a5749f09fc0f043c200c01ea2d\">\n\n\t\t\t<img data-image-id='2426'\n\t\t\t\ttitle=\"\"\n\t\t\t\talt=\"339490443_212091621400720_8848468023577508834_n-1-400x284\"\n\t\t\t\tsrc=\"https:\/\/archiwum.swietodrzewa.pl\/wp-content\/gallery\/ups-warszawa\/339490443_212091621400720_8848468023577508834_n-1-400x284.jpeg\"\n\t\t\t\tstyle=\"max-height: 430px;\"\/>\n\t\t<\/a>\n\n\t\t\n\t\t<a href=\"https:\/\/archiwum.swietodrzewa.pl\/wp-content\/gallery\/ups-warszawa\/339742928_1951246695219712_2466499324282563020_n-400x284.jpeg\"\n\t\t\ttitle=\"\"\n\t\t\tdata-src=\"https:\/\/archiwum.swietodrzewa.pl\/wp-content\/gallery\/ups-warszawa\/339742928_1951246695219712_2466499324282563020_n-400x284.jpeg\"\n\t\t\tdata-thumbnail=\"https:\/\/archiwum.swietodrzewa.pl\/wp-content\/gallery\/ups-warszawa\/thumbs\/thumbs_339742928_1951246695219712_2466499324282563020_n-400x284.jpeg\"\n\t\t\tdata-image-id=\"2427\"\n\t\t\tdata-title=\"339742928_1951246695219712_2466499324282563020_n-400x284\"\n\t\t\tdata-description=\"\"\n\t\t\tclass=\"shutterset_ba9036a5749f09fc0f043c200c01ea2d\">\n\n\t\t\t<img data-image-id='2427'\n\t\t\t\ttitle=\"\"\n\t\t\t\talt=\"339742928_1951246695219712_2466499324282563020_n-400x284\"\n\t\t\t\tsrc=\"https:\/\/archiwum.swietodrzewa.pl\/wp-content\/gallery\/ups-warszawa\/339742928_1951246695219712_2466499324282563020_n-400x284.jpeg\"\n\t\t\t\tstyle=\"max-height: 430px;\"\/>\n\t\t<\/a>\n\n\t\t\n\t\t<a href=\"https:\/\/archiwum.swietodrzewa.pl\/wp-content\/gallery\/ups-warszawa\/339567242_997933067839684_3656400306547435012_n-400x284.jpeg\"\n\t\t\ttitle=\"\"\n\t\t\tdata-src=\"https:\/\/archiwum.swietodrzewa.pl\/wp-content\/gallery\/ups-warszawa\/339567242_997933067839684_3656400306547435012_n-400x284.jpeg\"\n\t\t\tdata-thumbnail=\"https:\/\/archiwum.swietodrzewa.pl\/wp-content\/gallery\/ups-warszawa\/thumbs\/thumbs_339567242_997933067839684_3656400306547435012_n-400x284.jpeg\"\n\t\t\tdata-image-id=\"2428\"\n\t\t\tdata-title=\"339567242_997933067839684_3656400306547435012_n-400x284\"\n\t\t\tdata-description=\"\"\n\t\t\tclass=\"shutterset_ba9036a5749f09fc0f043c200c01ea2d\">\n\n\t\t\t<img data-image-id='2428'\n\t\t\t\ttitle=\"\"\n\t\t\t\talt=\"339567242_997933067839684_3656400306547435012_n-400x284\"\n\t\t\t\tsrc=\"https:\/\/archiwum.swietodrzewa.pl\/wp-content\/gallery\/ups-warszawa\/339567242_997933067839684_3656400306547435012_n-400x284.jpeg\"\n\t\t\t\tstyle=\"max-height: 430px;\"\/>\n\t\t<\/a>\n\n\t\t\n\t\t<a href=\"https:\/\/archiwum.swietodrzewa.pl\/wp-content\/gallery\/ups-warszawa\/339640810_2212570318938246_7942640937519798103_n.jpeg\"\n\t\t\ttitle=\"\"\n\t\t\tdata-src=\"https:\/\/archiwum.swietodrzewa.pl\/wp-content\/gallery\/ups-warszawa\/339640810_2212570318938246_7942640937519798103_n.jpeg\"\n\t\t\tdata-thumbnail=\"https:\/\/archiwum.swietodrzewa.pl\/wp-content\/gallery\/ups-warszawa\/thumbs\/thumbs_339640810_2212570318938246_7942640937519798103_n.jpeg\"\n\t\t\tdata-image-id=\"2429\"\n\t\t\tdata-title=\"339640810_2212570318938246_7942640937519798103_n\"\n\t\t\tdata-description=\"\"\n\t\t\tclass=\"shutterset_ba9036a5749f09fc0f043c200c01ea2d\">\n\n\t\t\t<img data-image-id='2429'\n\t\t\t\ttitle=\"\"\n\t\t\t\talt=\"339640810_2212570318938246_7942640937519798103_n\"\n\t\t\t\tsrc=\"https:\/\/archiwum.swietodrzewa.pl\/wp-content\/gallery\/ups-warszawa\/339640810_2212570318938246_7942640937519798103_n.jpeg\"\n\t\t\t\tstyle=\"max-height: 430px;\"\/>\n\t\t<\/a>\n\n\t\t<\/div>\n\n\n\u201eNiezwykle wa\u017cna w&nbsp;tym przedsi\u0119wzi\u0119ciu jest wsp\u00f3\u0142praca i&nbsp;r\u00f3\u017cnorodno\u015b\u0107. Sadzimy w&nbsp;miejscach bardzo odmiennych ekologicznie i&nbsp;spo\u0142ecznie. To&nbsp;stanowi niew\u0105tpliw\u0105 si\u0142\u0119 tych wydarze\u0144. Wsp\u00f3\u0142praca i&nbsp;edukacja staj\u0105 si\u0119 konieczno\u015bci\u0105 w&nbsp;rozprzestrzeniaj\u0105cym si\u0119 kryzysie ekonomicznym i&nbsp;klimatycznym i&nbsp;utracie r\u00f3\u017cnorodno\u015bci biologicznej. Ka\u017cdy z&nbsp;nas mo\u017ce i&nbsp;powinien dzia\u0142a\u0107 na&nbsp;rzecz ratowania planety \u2013 naszego wsp\u00f3lnego domu i&nbsp;wspiera\u0107 si\u0119 nawzajem\u201d\u2013 komentuje&nbsp;<strong>Jacek Bo\u017cek<\/strong>&nbsp;za\u0142o\u017cyciel i&nbsp;lider Klubu Gaja.<\/p>\n<p>\u201eW walce o&nbsp;\u015brodowisko, Fundacja UPS, od&nbsp;2012 r. prowadzi inicjatyw\u0119 \u201eLas przysz\u0142o\u015bci\u201d. Program ten jest cz\u0119\u015bci\u0105 globalnego zaanga\u017cowania w&nbsp;r\u00f3\u017cnorodne dzia\u0142ania na&nbsp;rzecz \u015brodowiska, w&nbsp;ramach kt\u00f3rego&nbsp;do&nbsp;2030 r. planujemy zasadzi\u0107 \u0142\u0105cznie 50 milion\u00f3w drzew na&nbsp;ca\u0142ym \u015bwiecie. Bardzo dzi\u0119kuj\u0119 Klubowi Gaja za&nbsp;t\u0119&nbsp;wspania\u0142\u0105 inicjatyw\u0119, a&nbsp;Wolontariuszom UPS za&nbsp;po\u015bwi\u0119cony czas i&nbsp;zaanga\u017cowanie w&nbsp;ochron\u0119 \u015brodowiska\u201d \u2013 dodaje&nbsp;<strong>Piotr Sitarek<\/strong>, Dyrektor Generalny UPS Polska.<\/p>\n<p>Wsp\u00f3lna akcja Klubu Gaja, International Tree Foundation i&nbsp;UPS Polska rozpocz\u0119\u0142a si\u0119 ju\u017c 14 marca posadzeniem 4000 drzew w&nbsp;Borach Tucholskich w&nbsp;Nadle\u015bnictwie Rytel. M\u0142ode d\u0119by, \u015bliwy a\u0142ycze, graby, buki, lipy, jawory i&nbsp;dzikie jab\u0142onie zwi\u0119ksz\u0105 zr\u00f3\u017cnicowanie gatunk\u00f3w na&nbsp;terenach odnawianego lasu po&nbsp;katastrofie w&nbsp;2017 roku. Nawa\u0142nice, kt\u00f3re przesz\u0142y przez&nbsp;nasz kraj &nbsp;powali\u0142y wtedy miliony drzew. To&nbsp;by\u0142 najwi\u0119kszy kataklizm w&nbsp;historii polskich las\u00f3w, w&nbsp;samym Nadle\u015bnictwie Rytel zniszczonych zosta\u0142o 66% powierzchni las\u00f3w.<\/p>\n<p>SADZENIE DRZEW W BORACH TUCHOLSKICH<\/p>\n<p>\n<div class=\"ngg-galleryoverview ngg-slideshow\"\n\tid=\"ngg-slideshow-0eaf959de9d5ac1ff2f205ab786b55eb-5135976480\"\n\tdata-gallery-id=\"0eaf959de9d5ac1ff2f205ab786b55eb\"\n\tstyle=\"max-width: 600px;\n\t\t\tmax-height: 450px;\n\t\t\tdisplay: none;\">\n\n\t\n\t\t<a href=\"https:\/\/archiwum.swietodrzewa.pl\/wp-content\/gallery\/ups-bory\/DSC00002.jpeg\"\n\t\t\ttitle=\"\"\n\t\t\tdata-src=\"https:\/\/archiwum.swietodrzewa.pl\/wp-content\/gallery\/ups-bory\/DSC00002.jpeg\"\n\t\t\tdata-thumbnail=\"https:\/\/archiwum.swietodrzewa.pl\/wp-content\/gallery\/ups-bory\/thumbs\/thumbs_DSC00002.jpeg\"\n\t\t\tdata-image-id=\"2430\"\n\t\t\tdata-title=\"DSC00002\"\n\t\t\tdata-description=\"\"\n\t\t\tclass=\"shutterset_0eaf959de9d5ac1ff2f205ab786b55eb\">\n\n\t\t\t<img data-image-id='2430'\n\t\t\t\ttitle=\"\"\n\t\t\t\talt=\"DSC00002\"\n\t\t\t\tsrc=\"https:\/\/archiwum.swietodrzewa.pl\/wp-content\/gallery\/ups-bory\/DSC00002.jpeg\"\n\t\t\t\tstyle=\"max-height: 430px;\"\/>\n\t\t<\/a>\n\n\t\t\n\t\t<a href=\"https:\/\/archiwum.swietodrzewa.pl\/wp-content\/gallery\/ups-bory\/DSC00015.jpeg\"\n\t\t\ttitle=\"\"\n\t\t\tdata-src=\"https:\/\/archiwum.swietodrzewa.pl\/wp-content\/gallery\/ups-bory\/DSC00015.jpeg\"\n\t\t\tdata-thumbnail=\"https:\/\/archiwum.swietodrzewa.pl\/wp-content\/gallery\/ups-bory\/thumbs\/thumbs_DSC00015.jpeg\"\n\t\t\tdata-image-id=\"2431\"\n\t\t\tdata-title=\"DSC00015\"\n\t\t\tdata-description=\"\"\n\t\t\tclass=\"shutterset_0eaf959de9d5ac1ff2f205ab786b55eb\">\n\n\t\t\t<img data-image-id='2431'\n\t\t\t\ttitle=\"\"\n\t\t\t\talt=\"DSC00015\"\n\t\t\t\tsrc=\"https:\/\/archiwum.swietodrzewa.pl\/wp-content\/gallery\/ups-bory\/DSC00015.jpeg\"\n\t\t\t\tstyle=\"max-height: 430px;\"\/>\n\t\t<\/a>\n\n\t\t\n\t\t<a href=\"https:\/\/archiwum.swietodrzewa.pl\/wp-content\/gallery\/ups-bory\/DSC00088.jpeg\"\n\t\t\ttitle=\"\"\n\t\t\tdata-src=\"https:\/\/archiwum.swietodrzewa.pl\/wp-content\/gallery\/ups-bory\/DSC00088.jpeg\"\n\t\t\tdata-thumbnail=\"https:\/\/archiwum.swietodrzewa.pl\/wp-content\/gallery\/ups-bory\/thumbs\/thumbs_DSC00088.jpeg\"\n\t\t\tdata-image-id=\"2432\"\n\t\t\tdata-title=\"DSC00088\"\n\t\t\tdata-description=\"\"\n\t\t\tclass=\"shutterset_0eaf959de9d5ac1ff2f205ab786b55eb\">\n\n\t\t\t<img data-image-id='2432'\n\t\t\t\ttitle=\"\"\n\t\t\t\talt=\"DSC00088\"\n\t\t\t\tsrc=\"https:\/\/archiwum.swietodrzewa.pl\/wp-content\/gallery\/ups-bory\/DSC00088.jpeg\"\n\t\t\t\tstyle=\"max-height: 430px;\"\/>\n\t\t<\/a>\n\n\t\t\n\t\t<a href=\"https:\/\/archiwum.swietodrzewa.pl\/wp-content\/gallery\/ups-bory\/DSC00022.jpeg\"\n\t\t\ttitle=\"\"\n\t\t\tdata-src=\"https:\/\/archiwum.swietodrzewa.pl\/wp-content\/gallery\/ups-bory\/DSC00022.jpeg\"\n\t\t\tdata-thumbnail=\"https:\/\/archiwum.swietodrzewa.pl\/wp-content\/gallery\/ups-bory\/thumbs\/thumbs_DSC00022.jpeg\"\n\t\t\tdata-image-id=\"2433\"\n\t\t\tdata-title=\"DSC00022\"\n\t\t\tdata-description=\"\"\n\t\t\tclass=\"shutterset_0eaf959de9d5ac1ff2f205ab786b55eb\">\n\n\t\t\t<img data-image-id='2433'\n\t\t\t\ttitle=\"\"\n\t\t\t\talt=\"DSC00022\"\n\t\t\t\tsrc=\"https:\/\/archiwum.swietodrzewa.pl\/wp-content\/gallery\/ups-bory\/DSC00022.jpeg\"\n\t\t\t\tstyle=\"max-height: 430px;\"\/>\n\t\t<\/a>\n\n\t\t\n\t\t<a href=\"https:\/\/archiwum.swietodrzewa.pl\/wp-content\/gallery\/ups-bory\/DSC00159.jpeg\"\n\t\t\ttitle=\"\"\n\t\t\tdata-src=\"https:\/\/archiwum.swietodrzewa.pl\/wp-content\/gallery\/ups-bory\/DSC00159.jpeg\"\n\t\t\tdata-thumbnail=\"https:\/\/archiwum.swietodrzewa.pl\/wp-content\/gallery\/ups-bory\/thumbs\/thumbs_DSC00159.jpeg\"\n\t\t\tdata-image-id=\"2434\"\n\t\t\tdata-title=\"DSC00159\"\n\t\t\tdata-description=\"\"\n\t\t\tclass=\"shutterset_0eaf959de9d5ac1ff2f205ab786b55eb\">\n\n\t\t\t<img data-image-id='2434'\n\t\t\t\ttitle=\"\"\n\t\t\t\talt=\"DSC00159\"\n\t\t\t\tsrc=\"https:\/\/archiwum.swietodrzewa.pl\/wp-content\/gallery\/ups-bory\/DSC00159.jpeg\"\n\t\t\t\tstyle=\"max-height: 430px;\"\/>\n\t\t<\/a>\n\n\t\t\n\t\t<a href=\"https:\/\/archiwum.swietodrzewa.pl\/wp-content\/gallery\/ups-bory\/DSC09934.jpeg\"\n\t\t\ttitle=\"\"\n\t\t\tdata-src=\"https:\/\/archiwum.swietodrzewa.pl\/wp-content\/gallery\/ups-bory\/DSC09934.jpeg\"\n\t\t\tdata-thumbnail=\"https:\/\/archiwum.swietodrzewa.pl\/wp-content\/gallery\/ups-bory\/thumbs\/thumbs_DSC09934.jpeg\"\n\t\t\tdata-image-id=\"2435\"\n\t\t\tdata-title=\"DSC09934\"\n\t\t\tdata-description=\"\"\n\t\t\tclass=\"shutterset_0eaf959de9d5ac1ff2f205ab786b55eb\">\n\n\t\t\t<img data-image-id='2435'\n\t\t\t\ttitle=\"\"\n\t\t\t\talt=\"DSC09934\"\n\t\t\t\tsrc=\"https:\/\/archiwum.swietodrzewa.pl\/wp-content\/gallery\/ups-bory\/DSC09934.jpeg\"\n\t\t\t\tstyle=\"max-height: 430px;\"\/>\n\t\t<\/a>\n\n\t\t<\/div>\n\n\nKolejne 300 drzew zostanie posadzonych 14 kwietnia we&nbsp;wsp\u00f3\u0142pracy z&nbsp;Le\u015bnictwem Miejskim w&nbsp;Zarz\u0105dzie Zieleni Miejskiej w&nbsp;\u0141odzi. Posadzimy m.in.&nbsp;d\u0119by, by&nbsp;uczci\u0107 zwyci\u0119stwo D\u0119bu Fabrykanta z&nbsp;\u0141odzi w&nbsp;konkursie Europejskie Drzewo Roku 2023. Zwyci\u0119zca polskiej edycji konkursu organizowanego przez&nbsp;Klub Gaja zdoby\u0142 w&nbsp;Europie ponad 45 tysi\u0119cy g\u0142os\u00f3w. W&nbsp;akcj\u0119 sadzenia drzew w\u0142\u0105cz\u0105 si\u0119 przedstawiciele w\u0142adz miasta oraz&nbsp;wolontariusze z&nbsp;Politechniki \u0141\u00f3dzkiej (na&nbsp;kt\u00f3rych&nbsp;terenie ro\u015bnie d\u0105b) i&nbsp;Ko\u0142a Przewodnik\u00f3w im.&nbsp;Rajmunda Rembieli\u0144skiego O\/\u0141\u00f3d\u017a PTTK.<\/p>\n<p>5000 drzew posadzonych dzi\u0119ki wsparciu International Tree Foundation i&nbsp;UPS Polska zostanie dopisanych do&nbsp;licznika programu \u015awi\u0119to Drzewa, kt\u00f3ry&nbsp;Klub Gaja realizuje od&nbsp;21 lat. Dzi\u0119ki zaanga\u017cowaniu ponad 800 tysi\u0119cy uczestnik\u00f3w posadzili\u015bmy ju\u017c ponad 1 milion drzew i&nbsp;krzew\u00f3w. Dzi\u0119kujemy za&nbsp;wsp\u00f3ln\u0105 akcj\u0119 dla drzew!<\/p>\n<p><a href=\"https:\/\/www.facebook.com\/Klub.Gaja\/photos\/pcb.6470434159634316\/6470427342968331\">Zobacz fotorelacj\u0119 na&nbsp;FB &gt;&gt;&gt;<\/a><\/p>\n<p><strong>Supported by<\/strong><\/p>\n<p><img loading=\"lazy\" class=\"alignleft  wp-image-14874\" src=\"https:\/\/archiwum.swietodrzewa.pl\/wp-content\/uploads\/2023\/04\/itf-300x161-1.jpeg\" alt=\"\" width=\"216\" height=\"116\"\/><\/p>\n<p>&nbsp;<\/p>\n<p>&nbsp;<\/p>\n<p>&nbsp;<\/p>\n<p>&nbsp;<\/p>\n<p>&nbsp;<\/p>\n<p><a href=\"https:\/\/www.internationaltreefoundation.org\/\">https:\/\/www.internationaltreefoundation.org\/<\/a><\/p>\n","protected":false},"excerpt":{"rendered":"<p>Klub Gaja dzi\u0119ki wsparciu International Tree Foundation i&nbsp;wsp\u00f3\u0142pracy z&nbsp;UPS Polska zorganizowa\u0142 wiosenn\u0105 akcj\u0119 sadzenia 5000 drzew. W&nbsp;wydarzenie zaanga\u017cowali si\u0119 pracownicy firmy wraz z&nbsp;rodzinami, kt\u00f3rzy&nbsp;w&nbsp;sobot\u0119, 1 kwietnia, posadzili 700 m\u0142odych lip, jawor\u00f3w, d\u0119b\u00f3w, czere\u015bni ptasich i&nbsp;dzikich jab\u0142oni pod&nbsp;Warszaw\u0105. 4000 drzew posadzono wczesn\u0105 wiosn\u0105 w&nbsp;Borach Tucholskich, a&nbsp;kolejne 300 zostanie posadzonych 14 kwietnia w&nbsp;lasach miejskich przy wsp\u00f3\u0142pracy z&nbsp;Miastem [&hellip;]<\/p>\n","protected":false},"author":3,"featured_media":14875,"comment_status":"closed","ping_status":"closed","sticky":false,"template":"","format":"standard","meta":{"ngg_post_thumbnail":0},"categories":[17],"tags":[],"_links":{"self":[{"href":"https:\/\/archiwum.swietodrzewa.pl\/index.php?rest_route=\/wp\/v2\/posts\/14873"}],"collection":[{"href":"https:\/\/archiwum.swietodrzewa.pl\/index.php?rest_route=\/wp\/v2\/posts"}],"about":[{"href":"https:\/\/archiwum.swietodrzewa.pl\/index.php?rest_route=\/wp\/v2\/types\/post"}],"author":[{"embeddable":true,"href":"https:\/\/archiwum.swietodrzewa.pl\/index.php?rest_route=\/wp\/v2\/users\/3"}],"replies":[{"embeddable":true,"href":"https:\/\/archiwum.swietodrzewa.pl\/index.php?rest_route=%2Fwp%2Fv2%2Fcomments&post=14873"}],"version-history":[{"count":5,"href":"https:\/\/archiwum.swietodrzewa.pl\/index.php?rest_route=\/wp\/v2\/posts\/14873\/revisions"}],"predecessor-version":[{"id":14894,"href":"https:\/\/archiwum.swietodrzewa.pl\/index.php?rest_route=\/wp\/v2\/posts\/14873\/revisions\/14894"}],"wp:featuredmedia":[{"embeddable":true,"href":"https:\/\/archiwum.swietodrzewa.pl\/index.php?rest_route=\/wp\/v2\/media\/14875"}],"wp:attachment":[{"href":"https:\/\/archiwum.swietodrzewa.pl\/index.php?rest_route=%2Fwp%2Fv2%2Fmedia&parent=14873"}],"wp:term":[{"taxonomy":"category","embeddable":true,"href":"https:\/\/archiwum.swietodrzewa.pl\/index.php?rest_route=%2Fwp%2Fv2%2Fcategories&post=14873"},{"taxonomy":"post_tag","embeddable":true,"href":"https:\/\/archiwum.swietodrzewa.pl\/index.php?rest_route=%2Fwp%2Fv2%2Ftags&post=14873"}],"curies":[{"name":"wp","href":"https:\/\/api.w.org\/{rel}","templated":true}]}}