{"id":14945,"date":"2023-05-15T12:50:19","date_gmt":"2023-05-15T10:50:19","guid":{"rendered":"https:\/\/swietodrzewa.pl\/?p=14945"},"modified":"2023-05-15T13:12:40","modified_gmt":"2023-05-15T11:12:40","slug":"9-festiwal-ekodzielo","status":"publish","type":"post","link":"https:\/\/archiwum.swietodrzewa.pl\/?p=14945","title":{"rendered":"9. Festiwal Ekodzie\u0142o"},"content":{"rendered":"<p><strong>Klub Gaja zaprasza 22 \u2013 23 maja na 9. Festiwal Ekodzie\u0142o. W Bielsku-Bia\u0142ej w Tajemniczym Ogrodzie odb\u0119d\u0105 si\u0119 warsztaty ekologiczne i artystyczne m.in. o koszeniu kos\u0105 tradycyjn\u0105, pszczo\u0142ach i dzikich zwierz\u0119tach. Wsp\u00f3lnie z m\u0142odzie\u017c\u0105 stworzymy instalacj\u0119 \u201eDrzewo <\/strong>\u2013 <strong>S\u0142owo <\/strong>\u2013 <strong>Wiatr\u201d. <\/strong><strong>Bielszczanki i bielszczan zapraszamy do ogrodu Galerii Bielskiej BWA Willi &nbsp;Sixta na wys\u0142uchanie ciekawostek o rosn\u0105cych tam drzewach. Festiwal zako\u0144czy si\u0119 pokazem filmu \u201eLunana. Szko\u0142a na ko\u0144cu \u015bwiata\u201d w Gminnym O\u015brodku Kultury \u201ePromyk\u201d w Bystrej. Fi<\/strong><strong>lm o podr\u00f3\u017cy do wioski po\u0142o\u017conej w Himalajach <\/strong><strong>po raz <\/strong><strong>pierwszy w historii Bhutanu zosta\u0142 nominowany do Oscara. <\/strong><!--more--><\/p>\n<p>W ramach Festiwalu Ekodzie\u0142o w dniach 22 i 23 maja od godz. 10.00 Klub Gaja zaprosi\u0142 uczni\u00f3w z bielskich szk\u00f3\u0142 do czynnej edukacji w Tajemniczym Ogrodzie, kt\u00f3ry powsta\u0142 na nieu\u017cytku cmentarza \u017cydowskiego. Podczas warsztat\u00f3w z Benem Lazarem \u2013 w\u0119drownym nauczycielem permakultury i opiekunem Ogrodu Gai na Podlesiu, m\u0142odzie\u017c dowie si\u0119 jak wybra\u0107 kos\u0119, przygotowa\u0107 j\u0105 do koszenia i pracowa\u0107 z ni\u0105 w terenie. Razem z edukatorami Klubu Gaja uczestnicy poznawa\u0107 b\u0119d\u0105 zwyczaje pszcz\u00f3\u0142 i zobacz\u0105 pasiek\u0119 edukacyjn\u0105, kt\u00f3r\u0105 Klub Gaja za\u0142o\u017cy\u0142 wsp\u00f3lnie z firm\u0105 ALDI. Wykonamy budki l\u0119gowe m.in. dla ptak\u00f3w i&nbsp; wiewi\u00f3rek. M\u00f3wi\u0107 b\u0119dziemy o gatunkach inwazyjnych \u2013 niebezpiecznych go\u015bciach i usuwa\u0107 rdestowca ostroko\u0144czystego z terenu Tajemniczego Ogrodu. Praca nad instalacj\u0105 artystyczn\u0105&nbsp; \u201eDrzewo \u2013 S\u0142owo \u2013 Wiatr\u201d po\u0142\u0105czy cisz\u0119 z kr\u0119giem opowie\u015bci i przyrod\u0105 miejsca.<\/p>\n<p><img loading=\"lazy\" class=\"alignleft size-full wp-image-14946\" src=\"https:\/\/archiwum.swietodrzewa.pl\/wp-content\/uploads\/2023\/05\/Plakat-Ekodzielo-2023_50x70-cm_OK.jpg\" alt=\"\" width=\"1181\" height=\"1653\" srcset=\"https:\/\/archiwum.swietodrzewa.pl\/wp-content\/uploads\/2023\/05\/Plakat-Ekodzielo-2023_50x70-cm_OK.jpg 1181w, https:\/\/archiwum.swietodrzewa.pl\/wp-content\/uploads\/2023\/05\/Plakat-Ekodzielo-2023_50x70-cm_OK-214x300.jpg 214w, https:\/\/archiwum.swietodrzewa.pl\/wp-content\/uploads\/2023\/05\/Plakat-Ekodzielo-2023_50x70-cm_OK-732x1024.jpg 732w, https:\/\/archiwum.swietodrzewa.pl\/wp-content\/uploads\/2023\/05\/Plakat-Ekodzielo-2023_50x70-cm_OK-768x1075.jpg 768w, https:\/\/archiwum.swietodrzewa.pl\/wp-content\/uploads\/2023\/05\/Plakat-Ekodzielo-2023_50x70-cm_OK-1097x1536.jpg 1097w\" sizes=\"(max-width: 1181px) 100vw, 1181px\" \/>\u201eTajemniczy Ogr\u00f3d sta\u0142 si\u0119 miejscem edukacji poprzez dzia\u0142anie ale tak\u017ce refleksj\u0119 i zadum\u0119. Takie niezwyk\u0142e wyspy skupienia daj\u0105ce nam mo\u017cliwo\u015b\u0107 wnikni\u0119cia w wa\u017cne dla nas sprawy s\u0105 nam niezb\u0119dne w czasach po\u015bpiechu i niepewno\u015bci. Edukacja dla przysz\u0142o\u015bci nie mo\u017ce opiera\u0107 si\u0119 tylko na suchych informacjach ale powinna budowa\u0107 w nas emocjonalne zwi\u0105zki z histori\u0105, kultur\u0105 czy przyrod\u0105 miejsc, w kt\u00f3rych \u017cyjemy. Festiwal Ekodzie\u0142o umo\u017cliwia w szczeg\u00f3lno\u015bci m\u0142odym ludziom kontakt z \u017cyw\u0105 i konkretn\u0105 edukacj\u0105 w przestrzeni natury. To w\u0142a\u015bnie jest ekologia poprzez dzia\u0142anie \u201d \u2013 m\u00f3wi <strong>Jacek Bo\u017cek<\/strong> z Klubu Gaja.<\/p>\n<p>W poniedzia\u0142ek,&nbsp; 22 maja o godz. 17.00 zapraszamy wszystkich ch\u0119tnych do ogrodu Galerii Bielskiej BWA Willi &nbsp;Sixta na wys\u0142uchanie powie\u015bci o drzewach tam rosn\u0105cych, kt\u00f3re przygotowa\u0142 Jaros\u0142aw Kasprzyk z Klubu Gaja.<\/p>\n<p>Festiwal zako\u0144czy si\u0119 pokazem filmu \u201eLunana. Szko\u0142a na ko\u0144cu \u015bwiata\u201d we wtorek &nbsp;23 maja o godz. 19.00 w Gminnym O\u015brodkiem Kultury \u201ePromyk\u201d. Filmowa podr\u00f3\u017c do bhuta\u0144skiej wioski po\u0142o\u017conej w Himalajach zosta\u0142a nominowana do Oscara film i zdoby\u0142a kilkana\u015bcie nagr\u00f3d publiczno\u015bci na festiwalach&nbsp;filmowych. Film jest afirmacj\u0105 \u017cycia w zgodzie z prawami natury, a tak\u017ce lekcj\u0105 tego, co w \u017cyciu jest najwa\u017cniejsze. &nbsp;Po pokazie zapraszamy na rozmow\u0119 z Jackiem Bo\u017ckiem o szko\u0142ach, kt\u00f3re odwiedza\u0142 w Himalajach.<\/p>\n<p>9. Festiwal Ekodzie\u0142o obj\u0119ty jest Honorowym Patronatem Prezydenta Miasta Bielska-Bia\u0142ej Jaros\u0142awa Klimaszewskiego i realizowany jest we wsp\u00f3\u0142pracy z Miastem Bielsko-Bia\u0142a, Gmin\u0105 Wyznaniow\u0105 \u017bydowsk\u0105, Galeri\u0105 Bielsk\u0105 BWA i Gminnym O\u015brodkiem Kultury \u201ePromyk\u201d. 9. Festiwal Ekodzie\u0142o dofinansowano ze \u015brodk\u00f3w Miasta Bielska-Bia\u0142ej i Gminy Wilkowice oraz projektu \u201eTajemniczy Ogr\u00f3d w Bielsku-Bia\u0142ej\u201d wspieranego przez TJX UK.<\/p>\n<p><strong>PROGRAM FESTIWALU EKODZIE\u0141O&nbsp; 2023 <\/strong><\/p>\n<p><strong>BIELSKO-BIA\u0141A<br \/>\nTAJEMNICZY OGR\u00d3D&nbsp;<br \/>\n22 maja (poniedzia\u0142ek), godz. 10.00&nbsp; <\/strong><\/p>\n<p><strong>\u201eKosimy\u201d<\/strong> <strong>\u2013 warsztaty koszenia kos\u0105 tradycyjn\u0105<br \/>\n<\/strong>&nbsp;prowadzi Ben Lazar \u2013 opiekun Ogrodu Gai na Podlesiu&nbsp; <strong><br \/>\n<\/strong>(warsztaty dla szk\u00f3\u0142)<\/p>\n<p><strong>\u201eZapylamy\u201d \u2013&nbsp; warsztaty o pszczo\u0142ach&nbsp;<br \/>\n<\/strong>prowadz\u0105 edukatorzy Klubu Gaja<br \/>\n(warsztaty dla szk\u00f3\u0142)<\/p>\n<p><strong>\u201eDrzewo \u2013 S\u0142owo \u2013 Wiatr\u201d \u2013 warsztat&nbsp; ekologiczno-artystyczny<br \/>\n<\/strong>prowadz\u0105 edukatorzy Klubu Gaja<br \/>\n(warsztat dla szk\u00f3\u0142)<\/p>\n<p><strong>\u201eNiebezpieczni go\u015bcie\u201d \u2013 warsztaty o gatunkach inwazyjnych&nbsp;<br \/>\n<\/strong>prowadz\u0105 edukatorki Klubu Gaja<br \/>\n(warsztaty dla szk\u00f3\u0142)<\/p>\n<p><strong>\u201eOgrody dla przyrody\u201d<\/strong> <strong>\u2013 warsztaty budowy budek l\u0119gowych<br \/>\n<\/strong>prowadz\u0105&nbsp; edukatorzy Klubu Gaja<br \/>\n(warsztaty dla szk\u00f3\u0142)<\/p>\n<p><strong>&nbsp;<\/strong><\/p>\n<p><strong>GALERIA BIELSKA BWA<br \/>\nOGR\u00d3D WILLI SIXTA<br \/>\n22 maja (poniedzia\u0142ek), godz. 17.00&nbsp; <\/strong><\/p>\n<p><strong>\u201eCiekawostki o drzewach w ogrodzie Willi Sixta\u201d&nbsp;<br \/>\n<\/strong>&nbsp;prowadzi Jaros\u0142aw Kasprzyk z Klubu Gaja<br \/>\n(wst\u0119p wolny)<\/p>\n<p><strong>BIELSKO-BIA\u0141A<br \/>\nTAJEMNICZY OGR\u00d3D&nbsp; <\/strong><\/p>\n<p><strong>23 maja (wtorek), godz. 10.00&nbsp; <\/strong><\/p>\n<p><strong>\u201eNiebezpieczni go\u015bcie\u201d \u2013 warsztaty o gatunkach inwazyjnych &nbsp;<br \/>\n<\/strong>prowadz\u0105 edukatorki Klubu Gaja<br \/>\n(warsztaty dla szk\u00f3\u0142)<\/p>\n<p><strong>\u201eZapylamy\u201d \u2013&nbsp; warsztat o pszczo\u0142ach<br \/>\n<\/strong>prowadz\u0105 edukatorzy Klubu Gaja<br \/>\n(warsztaty dla szk\u00f3\u0142)<\/p>\n<p><strong>\u201eOgrody dla przyrody\u201d<\/strong> <strong>\u2013 warsztaty budowy budek l\u0119gowych&nbsp; &nbsp;<br \/>\n<\/strong>prowadz\u0105 edukatorzy Klubu Gaja<br \/>\n(warsztaty dla szk\u00f3\u0142)<\/p>\n<p><strong>BYSTRA <\/strong><\/p>\n<p><strong>GMINNY O\u015aRODEK KULTURY \u201ePROMYK\u201d<br \/>\nKINO \u201ePROMYK\u201d<br \/>\n23 maja (wtorek), godz. 19.00&nbsp; <\/strong><\/p>\n<p><strong>\u201eLunana. Szko\u0142a na ko\u0144cu \u015bwiata\u201d \u2013 pokaz film (Bhutan\/Chiny 2019)<br \/>\nre\u017cyseria <\/strong><strong>Pawo Choyning Dorji<\/strong><br \/>\n(wst\u0119p wolny)<strong><br \/>\n<\/strong>po pokazie rozmowa z <strong>Jackiem Bo\u017ckiem<\/strong> o szko\u0142ach w Himalajach<\/p>\n<p><a href=\"https:\/\/archiwum.swietodrzewa.pl\/wp-content\/uploads\/2023\/05\/Plakat-Ekodzielo-2023_50x70-cm_OK.pdf\">POBIERZ PLAKAT W PDF&gt;&gt;&gt;<\/a><\/p>\n<p><strong>&nbsp;<\/strong><\/p>\n<p><strong>&nbsp;<\/strong><\/p>\n","protected":false},"excerpt":{"rendered":"<p>Klub Gaja zaprasza 22 \u2013 23 maja na 9. Festiwal Ekodzie\u0142o. W Bielsku-Bia\u0142ej w Tajemniczym Ogrodzie odb\u0119d\u0105 si\u0119 warsztaty ekologiczne i artystyczne m.in. o koszeniu kos\u0105 tradycyjn\u0105, pszczo\u0142ach i dzikich zwierz\u0119tach. Wsp\u00f3lnie z m\u0142odzie\u017c\u0105 stworzymy instalacj\u0119 \u201eDrzewo \u2013 S\u0142owo \u2013 Wiatr\u201d. Bielszczanki i bielszczan zapraszamy do ogrodu Galerii Bielskiej BWA Willi &nbsp;Sixta na wys\u0142uchanie ciekawostek [&hellip;]<\/p>\n","protected":false},"author":3,"featured_media":14949,"comment_status":"closed","ping_status":"closed","sticky":false,"template":"","format":"standard","meta":{"ngg_post_thumbnail":0},"categories":[1],"tags":[],"_links":{"self":[{"href":"https:\/\/archiwum.swietodrzewa.pl\/index.php?rest_route=\/wp\/v2\/posts\/14945"}],"collection":[{"href":"https:\/\/archiwum.swietodrzewa.pl\/index.php?rest_route=\/wp\/v2\/posts"}],"about":[{"href":"https:\/\/archiwum.swietodrzewa.pl\/index.php?rest_route=\/wp\/v2\/types\/post"}],"author":[{"embeddable":true,"href":"https:\/\/archiwum.swietodrzewa.pl\/index.php?rest_route=\/wp\/v2\/users\/3"}],"replies":[{"embeddable":true,"href":"https:\/\/archiwum.swietodrzewa.pl\/index.php?rest_route=%2Fwp%2Fv2%2Fcomments&post=14945"}],"version-history":[{"count":3,"href":"https:\/\/archiwum.swietodrzewa.pl\/index.php?rest_route=\/wp\/v2\/posts\/14945\/revisions"}],"predecessor-version":[{"id":14951,"href":"https:\/\/archiwum.swietodrzewa.pl\/index.php?rest_route=\/wp\/v2\/posts\/14945\/revisions\/14951"}],"wp:featuredmedia":[{"embeddable":true,"href":"https:\/\/archiwum.swietodrzewa.pl\/index.php?rest_route=\/wp\/v2\/media\/14949"}],"wp:attachment":[{"href":"https:\/\/archiwum.swietodrzewa.pl\/index.php?rest_route=%2Fwp%2Fv2%2Fmedia&parent=14945"}],"wp:term":[{"taxonomy":"category","embeddable":true,"href":"https:\/\/archiwum.swietodrzewa.pl\/index.php?rest_route=%2Fwp%2Fv2%2Fcategories&post=14945"},{"taxonomy":"post_tag","embeddable":true,"href":"https:\/\/archiwum.swietodrzewa.pl\/index.php?rest_route=%2Fwp%2Fv2%2Ftags&post=14945"}],"curies":[{"name":"wp","href":"https:\/\/api.w.org\/{rel}","templated":true}]}}