{"id":14955,"date":"2023-05-29T13:00:42","date_gmt":"2023-05-29T11:00:42","guid":{"rendered":"https:\/\/swietodrzewa.pl\/?p=14955"},"modified":"2023-05-29T13:14:48","modified_gmt":"2023-05-29T11:14:48","slug":"9-festiwal-ekodzielo-dziekujemy","status":"publish","type":"post","link":"https:\/\/archiwum.swietodrzewa.pl\/?p=14955","title":{"rendered":"9 Festiwal Ekodzie\u0142o \u2013 dzi\u0119kujemy!"},"content":{"rendered":"<p><strong>Tegoroczny Festiwal Ekodzie\u0142o odby\u0142 w dniach 22-23 maja. W Tajemniczym Ogrodzie w Bielsku-Bia\u0142ej dla uczestnik\u00f3w przygotowano r\u00f3\u017cnorodne warsztaty ekologiczne m.in. o koszeniu kos\u0105 tradycyjn\u0105, pszczo\u0142ach, ptakach, nietoperzach i wiewi\u00f3rkach. Wsp\u00f3lnie z seniorkami stworzono instalacj\u0119&nbsp; artystyczn\u0105 \u201eDrzew-S\u0142owo-Wiatr\u201d. W Willi Sixta Galerii Bielskiej BWA opowiadano mieszka\u0144com o niezwyk\u0142ych drzewach, kt\u00f3re tam rosn\u0105. Festiwal zako\u0144czy\u0142 si\u0119 pokazem filmu \u201eLunana. Szko\u0142a na ko\u0144cu \u015bwiata\u201d w Gminnym O\u015brodku Kultury \u201ePromyk\u201d w Bystrej. <\/strong><strong>Dzi\u0119kujemy wszystkim za wsp\u00f3ln\u0105 prac\u0119 dla Ziemi!<\/strong><!--more--><\/p>\n<p><strong>Jacek Bo\u017cek z Klubu Gaja, <\/strong>pomys\u0142odawca festiwalu, podsumowuje \u2013 \u201ePo raz kolejny pracowali\u015bmy z m\u0142odzie\u017c\u0105 i ko\u0142em senior\u00f3w. R\u00f3\u017cnorodno\u015b\u0107 potrzeb i reakcji na wsp\u00f3lne dzia\u0142ania \u0142\u0105czy\u0142a si\u0119 w skupieniu i g\u0142\u0119bokiej rozmowie. Tajemniczy Ogr\u00f3d na nieu\u017cytku bielskiego kirkutu jest niezwyk\u0142ym miejscem, w kt\u00f3rym cz\u0142owiek wycisza si\u0119 i uwa\u017cnie s\u0142ucha. Na zako\u0144czenie festiwalu pokazali\u015bmy film \u201eLunana. Szko\u0142a na ko\u0144cu \u015bwiata\u201d, a z kina niech\u0119tnie wychodzili widzowie chc\u0105c rozmawia\u0107 i dowiedzie\u0107 si\u0119 jak wygl\u0105da \u017cycie w otoczeniu surowej natury na kra\u0144cach \u015bwiata. Chcia\u0142em bardzo podzi\u0119kowa\u0107 wszystkim, kt\u00f3rzy przyczynili si\u0119 do realizacji festiwalu\u201d.<\/p>\n<p>W wydarzeniach 9. Festiwalu Ekodzie\u0142o wzi\u0119li udzia\u0142 mieszka\u0144cy Bielska-Bia\u0142ej i Bystrej m.in. m\u0142odzie\u017c z Zespo\u0142u Szk\u00f3\u0142 Specjalnych im. K.J. Ga\u0142czy\u0144skiego, Szko\u0142y Podstawowej nr 27, Pa\u0144stwowego Liceum Sztuk Plastycznych im. Juliana Fa\u0142ata, Zespo\u0142u Szk\u00f3\u0142 Medycznych i Og\u00f3lnokszta\u0142c\u0105cych im. H. Chrzanowskiej oraz seniorki z Klubu Seniora \u201eSIXT Wam\u201d.<\/p>\n<p>Uczennice i uczniowie, kt\u00f3rzy uczestniczyli w warsztatach \u201eKosimy\u201d o koszeniu kosa tradycyjn\u0105, \u201eZapylamy\u201d o pszczo\u0142ach, \u201eOgrody dla przyrody\u201d o budowie budek l\u0119gowych &nbsp;i \u201eNiebezpieczni go\u015bcie\u201d o gatunkach inwazyjnych,&nbsp; podsumowuj\u0105c wydarzenie m\u00f3wili: <strong>Lidka<\/strong> \u2013 \u201e Musze przyzna\u0107, \u017ce wszystko mi si\u0119 podoba\u0142o. To by\u0142o co\u015b zupe\u0142nie innego i ciekawego, co powinno si\u0119 cz\u0119\u015bciej&nbsp; pojawia\u0107 w szkole, jak o tej kosie. Teraz otoczeni jeste\u015bmy elektronik\u0105. To by\u0142 powr\u00f3t do tego co by\u0142o wcze\u015bniej i zosta\u0142o zapomniane, do tradycji\u201d; <strong>Kacper<\/strong> \u2013 \u201eKoszenie by\u0142o bardzo fajne. Mogli\u015bmy zapozna\u0107 si\u0119 z technik\u0105 i sami spr\u00f3bowa\u0107 skosi\u0107 traw\u0119\u201d; <strong>Mateusz<\/strong> \u2013 \u201e Dowiedzia\u0142em si\u0119, \u017ce s\u0105 r\u00f3\u017cne rodzaje pszcz\u00f3\u0142 i jak jest zbudowana kosa!\u201d; <strong>Amelia <\/strong>\u2013 \u201e Nauczy\u0142am si\u0119 kosi\u0107 traw\u0119 kos\u0105! Zrobi\u0142am te\u017c sama \u015bwiec\u0119 z wosku pszczelego!\u201d;&nbsp; <strong>Marysia<\/strong>&nbsp; \u2013 \u201eBardzo podoba\u0142o o mi si\u0119 robienie budki dla wiewi\u00f3rki. Dowiedzia\u0142am si\u0119. \u017ce te zwierz\u0119ta \u017cyj\u0105 d\u0142ugo ale cz\u0119sto gin\u0105 ze wzgl\u0119du na drapie\u017cniki i pod ko\u0142ami samochod\u00f3w\u201d; <strong>Maja <\/strong>&nbsp;\u2013 \u201eBardzo podoba\u0142a mi si\u0119 pasieka z pszczo\u0142ami. Mogli\u015bmy ubra\u0107 si\u0119 w specjalny str\u00f3j i podej\u015b\u0107 blisko, by wyrywa\u0107 tego niebezpiecznego chwasta!\u201d.&nbsp;<\/p>\n<p>\n<div class=\"ngg-galleryoverview ngg-slideshow\"\n\tid=\"ngg-slideshow-ff5bee5c3e9e006bdb3e6b6e8a084527-4261741490\"\n\tdata-gallery-id=\"ff5bee5c3e9e006bdb3e6b6e8a084527\"\n\tstyle=\"max-width: 600px;\n\t\t\tmax-height: 450px;\n\t\t\tdisplay: none;\">\n\n\t\n\t\t<a href=\"https:\/\/archiwum.swietodrzewa.pl\/wp-content\/gallery\/ekodzielo-2023\/349322008_661911705777054_7320307786503961847_n.jpg\"\n\t\t\ttitle=\"\"\n\t\t\tdata-src=\"https:\/\/archiwum.swietodrzewa.pl\/wp-content\/gallery\/ekodzielo-2023\/349322008_661911705777054_7320307786503961847_n.jpg\"\n\t\t\tdata-thumbnail=\"https:\/\/archiwum.swietodrzewa.pl\/wp-content\/gallery\/ekodzielo-2023\/thumbs\/thumbs_349322008_661911705777054_7320307786503961847_n.jpg\"\n\t\t\tdata-image-id=\"2458\"\n\t\t\tdata-title=\"349322008_661911705777054_7320307786503961847_n\"\n\t\t\tdata-description=\"\"\n\t\t\tclass=\"shutterset_ff5bee5c3e9e006bdb3e6b6e8a084527\">\n\n\t\t\t<img data-image-id='2458'\n\t\t\t\ttitle=\"\"\n\t\t\t\talt=\"349322008_661911705777054_7320307786503961847_n\"\n\t\t\t\tsrc=\"https:\/\/archiwum.swietodrzewa.pl\/wp-content\/gallery\/ekodzielo-2023\/349322008_661911705777054_7320307786503961847_n.jpg\"\n\t\t\t\tstyle=\"max-height: 430px;\"\/>\n\t\t<\/a>\n\n\t\t\n\t\t<a href=\"https:\/\/archiwum.swietodrzewa.pl\/wp-content\/gallery\/ekodzielo-2023\/349346519_212000215032611_6469897176307904829_n.jpg\"\n\t\t\ttitle=\"\"\n\t\t\tdata-src=\"https:\/\/archiwum.swietodrzewa.pl\/wp-content\/gallery\/ekodzielo-2023\/349346519_212000215032611_6469897176307904829_n.jpg\"\n\t\t\tdata-thumbnail=\"https:\/\/archiwum.swietodrzewa.pl\/wp-content\/gallery\/ekodzielo-2023\/thumbs\/thumbs_349346519_212000215032611_6469897176307904829_n.jpg\"\n\t\t\tdata-image-id=\"2459\"\n\t\t\tdata-title=\"349346519_212000215032611_6469897176307904829_n\"\n\t\t\tdata-description=\"\"\n\t\t\tclass=\"shutterset_ff5bee5c3e9e006bdb3e6b6e8a084527\">\n\n\t\t\t<img data-image-id='2459'\n\t\t\t\ttitle=\"\"\n\t\t\t\talt=\"349346519_212000215032611_6469897176307904829_n\"\n\t\t\t\tsrc=\"https:\/\/archiwum.swietodrzewa.pl\/wp-content\/gallery\/ekodzielo-2023\/349346519_212000215032611_6469897176307904829_n.jpg\"\n\t\t\t\tstyle=\"max-height: 430px;\"\/>\n\t\t<\/a>\n\n\t\t\n\t\t<a href=\"https:\/\/archiwum.swietodrzewa.pl\/wp-content\/gallery\/ekodzielo-2023\/349358446_1205529023447234_2775602361356542360_n.jpg\"\n\t\t\ttitle=\"\"\n\t\t\tdata-src=\"https:\/\/archiwum.swietodrzewa.pl\/wp-content\/gallery\/ekodzielo-2023\/349358446_1205529023447234_2775602361356542360_n.jpg\"\n\t\t\tdata-thumbnail=\"https:\/\/archiwum.swietodrzewa.pl\/wp-content\/gallery\/ekodzielo-2023\/thumbs\/thumbs_349358446_1205529023447234_2775602361356542360_n.jpg\"\n\t\t\tdata-image-id=\"2460\"\n\t\t\tdata-title=\"349358446_1205529023447234_2775602361356542360_n\"\n\t\t\tdata-description=\"\"\n\t\t\tclass=\"shutterset_ff5bee5c3e9e006bdb3e6b6e8a084527\">\n\n\t\t\t<img data-image-id='2460'\n\t\t\t\ttitle=\"\"\n\t\t\t\talt=\"349358446_1205529023447234_2775602361356542360_n\"\n\t\t\t\tsrc=\"https:\/\/archiwum.swietodrzewa.pl\/wp-content\/gallery\/ekodzielo-2023\/349358446_1205529023447234_2775602361356542360_n.jpg\"\n\t\t\t\tstyle=\"max-height: 430px;\"\/>\n\t\t<\/a>\n\n\t\t\n\t\t<a href=\"https:\/\/archiwum.swietodrzewa.pl\/wp-content\/gallery\/ekodzielo-2023\/349510320_544135381260947_8250790287175712139_n.jpg\"\n\t\t\ttitle=\"\"\n\t\t\tdata-src=\"https:\/\/archiwum.swietodrzewa.pl\/wp-content\/gallery\/ekodzielo-2023\/349510320_544135381260947_8250790287175712139_n.jpg\"\n\t\t\tdata-thumbnail=\"https:\/\/archiwum.swietodrzewa.pl\/wp-content\/gallery\/ekodzielo-2023\/thumbs\/thumbs_349510320_544135381260947_8250790287175712139_n.jpg\"\n\t\t\tdata-image-id=\"2461\"\n\t\t\tdata-title=\"349510320_544135381260947_8250790287175712139_n\"\n\t\t\tdata-description=\"\"\n\t\t\tclass=\"shutterset_ff5bee5c3e9e006bdb3e6b6e8a084527\">\n\n\t\t\t<img data-image-id='2461'\n\t\t\t\ttitle=\"\"\n\t\t\t\talt=\"349510320_544135381260947_8250790287175712139_n\"\n\t\t\t\tsrc=\"https:\/\/archiwum.swietodrzewa.pl\/wp-content\/gallery\/ekodzielo-2023\/349510320_544135381260947_8250790287175712139_n.jpg\"\n\t\t\t\tstyle=\"max-height: 430px;\"\/>\n\t\t<\/a>\n\n\t\t\n\t\t<a href=\"https:\/\/archiwum.swietodrzewa.pl\/wp-content\/gallery\/ekodzielo-2023\/349519192_2608619562627352_8827951227279269352_n.jpg\"\n\t\t\ttitle=\"\"\n\t\t\tdata-src=\"https:\/\/archiwum.swietodrzewa.pl\/wp-content\/gallery\/ekodzielo-2023\/349519192_2608619562627352_8827951227279269352_n.jpg\"\n\t\t\tdata-thumbnail=\"https:\/\/archiwum.swietodrzewa.pl\/wp-content\/gallery\/ekodzielo-2023\/thumbs\/thumbs_349519192_2608619562627352_8827951227279269352_n.jpg\"\n\t\t\tdata-image-id=\"2462\"\n\t\t\tdata-title=\"349519192_2608619562627352_8827951227279269352_n\"\n\t\t\tdata-description=\"\"\n\t\t\tclass=\"shutterset_ff5bee5c3e9e006bdb3e6b6e8a084527\">\n\n\t\t\t<img data-image-id='2462'\n\t\t\t\ttitle=\"\"\n\t\t\t\talt=\"349519192_2608619562627352_8827951227279269352_n\"\n\t\t\t\tsrc=\"https:\/\/archiwum.swietodrzewa.pl\/wp-content\/gallery\/ekodzielo-2023\/349519192_2608619562627352_8827951227279269352_n.jpg\"\n\t\t\t\tstyle=\"max-height: 430px;\"\/>\n\t\t<\/a>\n\n\t\t\n\t\t<a href=\"https:\/\/archiwum.swietodrzewa.pl\/wp-content\/gallery\/ekodzielo-2023\/349552553_481486050826358_3084198283553649785_n.jpg\"\n\t\t\ttitle=\"\"\n\t\t\tdata-src=\"https:\/\/archiwum.swietodrzewa.pl\/wp-content\/gallery\/ekodzielo-2023\/349552553_481486050826358_3084198283553649785_n.jpg\"\n\t\t\tdata-thumbnail=\"https:\/\/archiwum.swietodrzewa.pl\/wp-content\/gallery\/ekodzielo-2023\/thumbs\/thumbs_349552553_481486050826358_3084198283553649785_n.jpg\"\n\t\t\tdata-image-id=\"2463\"\n\t\t\tdata-title=\"349552553_481486050826358_3084198283553649785_n\"\n\t\t\tdata-description=\"\"\n\t\t\tclass=\"shutterset_ff5bee5c3e9e006bdb3e6b6e8a084527\">\n\n\t\t\t<img data-image-id='2463'\n\t\t\t\ttitle=\"\"\n\t\t\t\talt=\"349552553_481486050826358_3084198283553649785_n\"\n\t\t\t\tsrc=\"https:\/\/archiwum.swietodrzewa.pl\/wp-content\/gallery\/ekodzielo-2023\/349552553_481486050826358_3084198283553649785_n.jpg\"\n\t\t\t\tstyle=\"max-height: 430px;\"\/>\n\t\t<\/a>\n\n\t\t\n\t\t<a href=\"https:\/\/archiwum.swietodrzewa.pl\/wp-content\/gallery\/ekodzielo-2023\/349568039_641874924469806_4327494341850495910_n.jpg\"\n\t\t\ttitle=\"\"\n\t\t\tdata-src=\"https:\/\/archiwum.swietodrzewa.pl\/wp-content\/gallery\/ekodzielo-2023\/349568039_641874924469806_4327494341850495910_n.jpg\"\n\t\t\tdata-thumbnail=\"https:\/\/archiwum.swietodrzewa.pl\/wp-content\/gallery\/ekodzielo-2023\/thumbs\/thumbs_349568039_641874924469806_4327494341850495910_n.jpg\"\n\t\t\tdata-image-id=\"2464\"\n\t\t\tdata-title=\"349568039_641874924469806_4327494341850495910_n\"\n\t\t\tdata-description=\"\"\n\t\t\tclass=\"shutterset_ff5bee5c3e9e006bdb3e6b6e8a084527\">\n\n\t\t\t<img data-image-id='2464'\n\t\t\t\ttitle=\"\"\n\t\t\t\talt=\"349568039_641874924469806_4327494341850495910_n\"\n\t\t\t\tsrc=\"https:\/\/archiwum.swietodrzewa.pl\/wp-content\/gallery\/ekodzielo-2023\/349568039_641874924469806_4327494341850495910_n.jpg\"\n\t\t\t\tstyle=\"max-height: 430px;\"\/>\n\t\t<\/a>\n\n\t\t\n\t\t<a href=\"https:\/\/archiwum.swietodrzewa.pl\/wp-content\/gallery\/ekodzielo-2023\/349509233_801679591155136_7878924843164014262_n.jpg\"\n\t\t\ttitle=\"\"\n\t\t\tdata-src=\"https:\/\/archiwum.swietodrzewa.pl\/wp-content\/gallery\/ekodzielo-2023\/349509233_801679591155136_7878924843164014262_n.jpg\"\n\t\t\tdata-thumbnail=\"https:\/\/archiwum.swietodrzewa.pl\/wp-content\/gallery\/ekodzielo-2023\/thumbs\/thumbs_349509233_801679591155136_7878924843164014262_n.jpg\"\n\t\t\tdata-image-id=\"2465\"\n\t\t\tdata-title=\"349509233_801679591155136_7878924843164014262_n\"\n\t\t\tdata-description=\"\"\n\t\t\tclass=\"shutterset_ff5bee5c3e9e006bdb3e6b6e8a084527\">\n\n\t\t\t<img data-image-id='2465'\n\t\t\t\ttitle=\"\"\n\t\t\t\talt=\"349509233_801679591155136_7878924843164014262_n\"\n\t\t\t\tsrc=\"https:\/\/archiwum.swietodrzewa.pl\/wp-content\/gallery\/ekodzielo-2023\/349509233_801679591155136_7878924843164014262_n.jpg\"\n\t\t\t\tstyle=\"max-height: 430px;\"\/>\n\t\t<\/a>\n\n\t\t\n\t\t<a href=\"https:\/\/archiwum.swietodrzewa.pl\/wp-content\/gallery\/ekodzielo-2023\/349559592_999595991337312_4244457247168346954_n.jpg\"\n\t\t\ttitle=\"\"\n\t\t\tdata-src=\"https:\/\/archiwum.swietodrzewa.pl\/wp-content\/gallery\/ekodzielo-2023\/349559592_999595991337312_4244457247168346954_n.jpg\"\n\t\t\tdata-thumbnail=\"https:\/\/archiwum.swietodrzewa.pl\/wp-content\/gallery\/ekodzielo-2023\/thumbs\/thumbs_349559592_999595991337312_4244457247168346954_n.jpg\"\n\t\t\tdata-image-id=\"2466\"\n\t\t\tdata-title=\"349559592_999595991337312_4244457247168346954_n\"\n\t\t\tdata-description=\"\"\n\t\t\tclass=\"shutterset_ff5bee5c3e9e006bdb3e6b6e8a084527\">\n\n\t\t\t<img data-image-id='2466'\n\t\t\t\ttitle=\"\"\n\t\t\t\talt=\"349559592_999595991337312_4244457247168346954_n\"\n\t\t\t\tsrc=\"https:\/\/archiwum.swietodrzewa.pl\/wp-content\/gallery\/ekodzielo-2023\/349559592_999595991337312_4244457247168346954_n.jpg\"\n\t\t\t\tstyle=\"max-height: 430px;\"\/>\n\t\t<\/a>\n\n\t\t\n\t\t<a href=\"https:\/\/archiwum.swietodrzewa.pl\/wp-content\/gallery\/ekodzielo-2023\/349615667_994352621730522_7937319660925260158_n.jpg\"\n\t\t\ttitle=\"\"\n\t\t\tdata-src=\"https:\/\/archiwum.swietodrzewa.pl\/wp-content\/gallery\/ekodzielo-2023\/349615667_994352621730522_7937319660925260158_n.jpg\"\n\t\t\tdata-thumbnail=\"https:\/\/archiwum.swietodrzewa.pl\/wp-content\/gallery\/ekodzielo-2023\/thumbs\/thumbs_349615667_994352621730522_7937319660925260158_n.jpg\"\n\t\t\tdata-image-id=\"2467\"\n\t\t\tdata-title=\"349615667_994352621730522_7937319660925260158_n\"\n\t\t\tdata-description=\"\"\n\t\t\tclass=\"shutterset_ff5bee5c3e9e006bdb3e6b6e8a084527\">\n\n\t\t\t<img data-image-id='2467'\n\t\t\t\ttitle=\"\"\n\t\t\t\talt=\"349615667_994352621730522_7937319660925260158_n\"\n\t\t\t\tsrc=\"https:\/\/archiwum.swietodrzewa.pl\/wp-content\/gallery\/ekodzielo-2023\/349615667_994352621730522_7937319660925260158_n.jpg\"\n\t\t\t\tstyle=\"max-height: 430px;\"\/>\n\t\t<\/a>\n\n\t\t\n\t\t<a href=\"https:\/\/archiwum.swietodrzewa.pl\/wp-content\/gallery\/ekodzielo-2023\/349926666_1313718609496920_5748234009572109300_n.jpg\"\n\t\t\ttitle=\"\"\n\t\t\tdata-src=\"https:\/\/archiwum.swietodrzewa.pl\/wp-content\/gallery\/ekodzielo-2023\/349926666_1313718609496920_5748234009572109300_n.jpg\"\n\t\t\tdata-thumbnail=\"https:\/\/archiwum.swietodrzewa.pl\/wp-content\/gallery\/ekodzielo-2023\/thumbs\/thumbs_349926666_1313718609496920_5748234009572109300_n.jpg\"\n\t\t\tdata-image-id=\"2468\"\n\t\t\tdata-title=\"349926666_1313718609496920_5748234009572109300_n\"\n\t\t\tdata-description=\"\"\n\t\t\tclass=\"shutterset_ff5bee5c3e9e006bdb3e6b6e8a084527\">\n\n\t\t\t<img data-image-id='2468'\n\t\t\t\ttitle=\"\"\n\t\t\t\talt=\"349926666_1313718609496920_5748234009572109300_n\"\n\t\t\t\tsrc=\"https:\/\/archiwum.swietodrzewa.pl\/wp-content\/gallery\/ekodzielo-2023\/349926666_1313718609496920_5748234009572109300_n.jpg\"\n\t\t\t\tstyle=\"max-height: 430px;\"\/>\n\t\t<\/a>\n\n\t\t\n\t\t<a href=\"https:\/\/archiwum.swietodrzewa.pl\/wp-content\/gallery\/ekodzielo-2023\/349848895_717048647090997_8728090303384842248_n.jpg\"\n\t\t\ttitle=\"\"\n\t\t\tdata-src=\"https:\/\/archiwum.swietodrzewa.pl\/wp-content\/gallery\/ekodzielo-2023\/349848895_717048647090997_8728090303384842248_n.jpg\"\n\t\t\tdata-thumbnail=\"https:\/\/archiwum.swietodrzewa.pl\/wp-content\/gallery\/ekodzielo-2023\/thumbs\/thumbs_349848895_717048647090997_8728090303384842248_n.jpg\"\n\t\t\tdata-image-id=\"2469\"\n\t\t\tdata-title=\"349848895_717048647090997_8728090303384842248_n\"\n\t\t\tdata-description=\"\"\n\t\t\tclass=\"shutterset_ff5bee5c3e9e006bdb3e6b6e8a084527\">\n\n\t\t\t<img data-image-id='2469'\n\t\t\t\ttitle=\"\"\n\t\t\t\talt=\"349848895_717048647090997_8728090303384842248_n\"\n\t\t\t\tsrc=\"https:\/\/archiwum.swietodrzewa.pl\/wp-content\/gallery\/ekodzielo-2023\/349848895_717048647090997_8728090303384842248_n.jpg\"\n\t\t\t\tstyle=\"max-height: 430px;\"\/>\n\t\t<\/a>\n\n\t\t\n\t\t<a href=\"https:\/\/archiwum.swietodrzewa.pl\/wp-content\/gallery\/ekodzielo-2023\/350101253_1229372611025863_7821786604430644216_n.jpg\"\n\t\t\ttitle=\"\"\n\t\t\tdata-src=\"https:\/\/archiwum.swietodrzewa.pl\/wp-content\/gallery\/ekodzielo-2023\/350101253_1229372611025863_7821786604430644216_n.jpg\"\n\t\t\tdata-thumbnail=\"https:\/\/archiwum.swietodrzewa.pl\/wp-content\/gallery\/ekodzielo-2023\/thumbs\/thumbs_350101253_1229372611025863_7821786604430644216_n.jpg\"\n\t\t\tdata-image-id=\"2470\"\n\t\t\tdata-title=\"350101253_1229372611025863_7821786604430644216_n\"\n\t\t\tdata-description=\"\"\n\t\t\tclass=\"shutterset_ff5bee5c3e9e006bdb3e6b6e8a084527\">\n\n\t\t\t<img data-image-id='2470'\n\t\t\t\ttitle=\"\"\n\t\t\t\talt=\"350101253_1229372611025863_7821786604430644216_n\"\n\t\t\t\tsrc=\"https:\/\/archiwum.swietodrzewa.pl\/wp-content\/gallery\/ekodzielo-2023\/350101253_1229372611025863_7821786604430644216_n.jpg\"\n\t\t\t\tstyle=\"max-height: 430px;\"\/>\n\t\t<\/a>\n\n\t\t<\/div>\n\n\nW Tajemniczym Ogrodzie odby\u0142 si\u0119 tak\u017ce warsztat ekologiczno-artystyczny \u201eDrzewo-S\u0142owo-Wiatr\u201d prowadzony przez Jacka Bo\u017cka i Mi\u0142os\u0142aw\u0119 Bo\u017cek. W otoczeniu natury, w kr\u0119gu m\u00f3wiono, s\u0142uchano i poszukiwano \u201es\u0142owa\u201d, kt\u00f3re potem na drewnianych tabliczkach zamieszczono w przestrzeni ogrodu. Tak powsta\u0142 kolejny land-artowy obiekt, kt\u00f3ry mo\u017cna zobaczy\u0107 w Tajemniczym Ogrodzie.<\/p>\n<p><strong>Mi\u0142os\u0142awa Bo\u017cek,<\/strong> wsp\u00f3\u0142prowadz\u0105ca warsztat, komentuje \u2013 \u201eTo by\u0142a bardzo wdzi\u0119czna grupa sk\u0142adaj\u0105ca si\u0119 z samych kobiet \u2013 seniorek. Zupe\u0142nie inny rodzaj pracy ni\u017c z m\u0142odzie\u017c\u0105, z kt\u00f3r\u0105 pracowali\u015bmy wcze\u015bniej. Nastolatkowie prze\u017cywaj\u0105 inne emocje, cz\u0119sto s\u0105 zestresowani i spi\u0119ci. Seniorzy z racji wieku s\u0105 spokojniejsi, otwarci i \u0142atwo dziel\u0105 si\u0119 do\u015bwiadczeniem. Tajemniczy Ogr\u00f3d da\u0142 nam &nbsp;tak\u017ce mo\u017cliwo\u015b\u0107 na inny rodzaj rozmowy. Cmentarz jest miejscem gdzie mogli\u015bmy m\u00f3wi\u0107 o przemijaniu i \u015bmierci. Uczestniczki by\u0142y wdzi\u0119czne, \u017ce mog\u0142y ten dzie\u0144 sp\u0119dzi\u0107 w otoczeniu przyrody i przestrzeni s\u0142uchania siebie na wzajem\u201d. &nbsp;<\/p>\n<p>W ogrodzie Galerii Bielskiej BWA Willi&nbsp; Sixta edukator Klubu Gaja Jaros\u0142aw Kasprzyk poprowadzi\u0142 spotkanie o niezwyk\u0142ych i rzadkich drzewach, kt\u00f3re tam rosn\u0105 m.in. mi\u0142orz\u0119bie. &nbsp;<\/p>\n<p>Na zako\u0144czenie Festiwalu Ekodzie\u0142o&nbsp; odby\u0142 si\u0119 pokaz filmu \u201eLunana. Szko\u0142a na ko\u0144cu \u015bwiata\u201d w Gminnym O\u015brodku Kultury \u201ePromyk\u201d w Bystrej. Film w re\u017cyserii <a href=\"https:\/\/www.filmweb.pl\/person\/Pawo+Choyning+Dorji-2669455\">Pawo Choyning Dorji<\/a>, kt\u00f3ry obejrzeli\u015bmy, to filmowa podr\u00f3\u017c do bhuta\u0144skiej wioski po\u0142o\u017conej w Himalajach. Pi\u0119kny i wzruszaj\u0105cy obraz afirmacji \u017cycia w zgodzie z prawami natury. Ten film po raz pierwszy w historii Bhutanu zosta\u0142 nominowany do Oscara. Po projekcji odby\u0142o si\u0119 spotkanie publiczno\u015bci z Jackiem Bo\u017ckiem z Klubu Gaja, kt\u00f3ry opowiada\u0142 o swojej pracy z dzie\u0107mi i m\u0142odzie\u017c\u0105 w szko\u0142ach w Himalajach m.in. w Sikkimie.<\/p>\n<p>9. Festiwal Ekodzie\u0142o obj\u0119ty jest Honorowym Patronatem Prezydenta Miasta Bielska-Bia\u0142ej Jaros\u0142awa Klimaszewskiego i realizowany jest we wsp\u00f3\u0142pracy z Miastem Bielsko-Bia\u0142a, Gmin\u0105 Wyznaniow\u0105 \u017bydowsk\u0105, Galeri\u0105 Bielsk\u0105 BWA i Gminnym O\u015brodkiem Kultury \u201ePromyk\u201d. 9. Festiwal Ekodzie\u0142o dofinansowano ze \u015brodk\u00f3w Miasta Bielska-Bia\u0142ej i Gminy Wilkowice oraz projektu \u201eTajemniczy Ogr\u00f3d w Bielsku-Bia\u0142ej\u201d wspieranego przez TJX UK.<\/p>\n<p><strong>&nbsp;<\/strong><\/p>\n<p><a href=\"https:\/\/www.facebook.com\/media\/set\/?vanity=Klub.Gaja&amp;set=a.625114836313374\"><strong>ZOBACZ FOTO RELACJ\u0118 NA FB &gt;&gt;&gt;<\/strong><\/a><\/p>\n<p>Media o Festiwalu<\/p>\n<p><a href=\"https:\/\/radio.katowice.pl\/zobacz,65216,Ekodzielo-Bielski-festiwal-po-raz-dziewiaty.html\">https:\/\/radio.katowice.pl\/zobacz,65216,Ekodzielo-Bielski-festiwal-po-raz-dziewiaty.html<\/a><\/p>\n<p><a href=\"https:\/\/dziennikzachodni.pl\/zbliza-sie-9-festiwal-ekodzielo-w-bielskubialej-warsztaty-w-tajemniczym-ogrodzie-i-inne-atrakcje-program\/ar\/c1-17546489\">https:\/\/dziennikzachodni.pl\/zbliza-sie-9-festiwal-ekodzielo-w-bielskubialej-warsztaty-w-tajemniczym-ogrodzie-i-inne-atrakcje-program\/ar\/c1-17546489<\/a><\/p>\n<p><a href=\"https:\/\/dziennikzachodni.pl\/zbliza-sie-9-festiwal-ekodzielo-w-bielskubialej-warsztaty-w-tajemniczym-ogrodzie-i-inne-atrakcje-program\/ar\/c1-17546489\">https:\/\/dziennikzachodni.pl\/zbliza-sie-9-festiwal-ekodzielo-w-bielskubialej-warsztaty-w-tajemniczym-ogrodzie-i-inne-atrakcje-program\/ar\/c1-17546489<\/a><\/p>\n<p><a href=\"https:\/\/www.radiobielsko.pl\/wiadomosci\/robienie-budek-i-warsztaty-koszenia-kosa-tradycjna\/55095\">https:\/\/www.radiobielsko.pl\/wiadomosci\/robienie-budek-i-warsztaty-koszenia-kosa-tradycjna\/55095<\/a><\/p>\n<p><a href=\"https:\/\/www.bielsko.info\/wiadomosci\/35510-9-edycja-festiwalu-ekodzielo-warsztaty-w-tajemniczym-ogrodzie-bielsko-biala\">https:\/\/www.bielsko.info\/wiadomosci\/35510-9-edycja-festiwalu-ekodzielo-warsztaty-w-tajemniczym-ogrodzie-bielsko-biala<\/a><\/p>\n<p><a href=\"https:\/\/bielskirynek.pl\/pl\/775_nie-przegap\/6817_festiwal-ekodzielo-warsztaty-ekologiczne-sztuka-i-inspirujacy-film.html\">https:\/\/bielskirynek.pl\/pl\/775_nie-przegap\/6817_festiwal-ekodzielo-warsztaty-ekologiczne-sztuka-i-inspirujacy-film.html<\/a><\/p>\n<p><a href=\"https:\/\/bielskobiala.naszemiasto.pl\/bielsko-biala-zbliza-sie-9-festiwal-ekodzielo-warsztaty-w\/ar\/c1-9324507\">https:\/\/bielskobiala.naszemiasto.pl\/bielsko-biala-zbliza-sie-9-festiwal-ekodzielo-warsztaty-w\/ar\/c1-9324507<\/a><\/p>\n<p><a href=\"https:\/\/dzieje.pl\/dziedzictwo-kulturowe\/sztuka-i-przyroda-na-bielskim-ix-festiwalu-ekodzielo\">https:\/\/dzieje.pl\/dziedzictwo-kulturowe\/sztuka-i-przyroda-na-bielskim-ix-festiwalu-ekodzielo<\/a><\/p>\n<p><a href=\"https:\/\/bbfan.pl\/artykul\/festiwal-ekodzielo-2023\/1436786\">https:\/\/bbfan.pl\/artykul\/festiwal-ekodzielo-2023\/1436786<\/a><\/p>\n<p><a href=\"https:\/\/bielskobiala.naszemiasto.pl\/bielsko-biala-zbliza-sie-9-festiwal-ekodzielo-warsztaty-w\/ar\/c1-9324507\">https:\/\/bielskobiala.naszemiasto.pl\/bielsko-biala-zbliza-sie-9-festiwal-ekodzielo-warsztaty-w\/ar\/c1-9324507<\/a><\/p>\n<p><a href=\"https:\/\/wydarzenia.ngo.pl\/420773-9-festiwal-ekodzielo.html\">https:\/\/wydarzenia.ngo.pl\/420773-9-festiwal-ekodzielo.html<\/a><\/p>\n<p>&nbsp;<\/p>\n<p>&nbsp;<\/p>\n","protected":false},"excerpt":{"rendered":"<p>Tegoroczny Festiwal Ekodzie\u0142o odby\u0142 w dniach 22-23 maja. W Tajemniczym Ogrodzie w Bielsku-Bia\u0142ej dla uczestnik\u00f3w przygotowano r\u00f3\u017cnorodne warsztaty ekologiczne m.in. o koszeniu kos\u0105 tradycyjn\u0105, pszczo\u0142ach, ptakach, nietoperzach i wiewi\u00f3rkach. Wsp\u00f3lnie z seniorkami stworzono instalacj\u0119&nbsp; artystyczn\u0105 \u201eDrzew-S\u0142owo-Wiatr\u201d. W Willi Sixta Galerii Bielskiej BWA opowiadano mieszka\u0144com o niezwyk\u0142ych drzewach, kt\u00f3re tam rosn\u0105. Festiwal zako\u0144czy\u0142 si\u0119 pokazem filmu [&hellip;]<\/p>\n","protected":false},"author":3,"featured_media":14957,"comment_status":"closed","ping_status":"closed","sticky":false,"template":"","format":"standard","meta":{"ngg_post_thumbnail":0},"categories":[1],"tags":[],"_links":{"self":[{"href":"https:\/\/archiwum.swietodrzewa.pl\/index.php?rest_route=\/wp\/v2\/posts\/14955"}],"collection":[{"href":"https:\/\/archiwum.swietodrzewa.pl\/index.php?rest_route=\/wp\/v2\/posts"}],"about":[{"href":"https:\/\/archiwum.swietodrzewa.pl\/index.php?rest_route=\/wp\/v2\/types\/post"}],"author":[{"embeddable":true,"href":"https:\/\/archiwum.swietodrzewa.pl\/index.php?rest_route=\/wp\/v2\/users\/3"}],"replies":[{"embeddable":true,"href":"https:\/\/archiwum.swietodrzewa.pl\/index.php?rest_route=%2Fwp%2Fv2%2Fcomments&post=14955"}],"version-history":[{"count":2,"href":"https:\/\/archiwum.swietodrzewa.pl\/index.php?rest_route=\/wp\/v2\/posts\/14955\/revisions"}],"predecessor-version":[{"id":14972,"href":"https:\/\/archiwum.swietodrzewa.pl\/index.php?rest_route=\/wp\/v2\/posts\/14955\/revisions\/14972"}],"wp:featuredmedia":[{"embeddable":true,"href":"https:\/\/archiwum.swietodrzewa.pl\/index.php?rest_route=\/wp\/v2\/media\/14957"}],"wp:attachment":[{"href":"https:\/\/archiwum.swietodrzewa.pl\/index.php?rest_route=%2Fwp%2Fv2%2Fmedia&parent=14955"}],"wp:term":[{"taxonomy":"category","embeddable":true,"href":"https:\/\/archiwum.swietodrzewa.pl\/index.php?rest_route=%2Fwp%2Fv2%2Fcategories&post=14955"},{"taxonomy":"post_tag","embeddable":true,"href":"https:\/\/archiwum.swietodrzewa.pl\/index.php?rest_route=%2Fwp%2Fv2%2Ftags&post=14955"}],"curies":[{"name":"wp","href":"https:\/\/api.w.org\/{rel}","templated":true}]}}