{"id":14982,"date":"2023-06-13T13:17:17","date_gmt":"2023-06-13T11:17:17","guid":{"rendered":"https:\/\/swietodrzewa.pl\/?p=14982"},"modified":"2023-06-13T13:18:51","modified_gmt":"2023-06-13T11:18:51","slug":"400-drzew-z-tuv-sud-polska-w-borach-tucholskich","status":"publish","type":"post","link":"https:\/\/archiwum.swietodrzewa.pl\/?p=14982","title":{"rendered":"400 drzew z T\u00dcV S\u00dcD Polska w Borach Tucholskich"},"content":{"rendered":"<p><strong>Klub Gaja we wsp\u00f3\u0142pracy z T\u00dcV S\u00dcD Polska w ramach programu \u015awi\u0119to Drzewa posadzi\u0142 kolejnych 400 drzew w Borach Tucholskich, w Nadle\u015bnictwie Rytel. M\u0142ode d\u0119by, graby, lipy i dzikie jab\u0142onie wzbogac\u0105 r\u00f3\u017cnorodno\u015b\u0107 biologiczn\u0105 odnawianego lasu po huraganie w 2017 roku. Nawa\u0142nice, kt\u00f3re wtedy przesz\u0142y przez nasz kraj powali\u0142y miliony drzew. <\/strong><!--more--><\/p>\n<p>Wiele instytucji, firm i ludzi zaanga\u017cowa\u0142o si\u0119 w akcj\u0119 odnawiania lasu po najwi\u0119kszym kataklizmie w ich historii. Jednym z nadle\u015bnictw przez kt\u00f3re przesz\u0142a wtedy nawa\u0142nica jest Nadle\u015bnictwo Rytel gdzie zosta\u0142o zniszczonych 66% powierzchni las\u00f3w. Wiosna tego roku Klub Gaja we wsp\u00f3\u0142pracy z T\u00dcV S\u00dcD Polska posadzi\u0142 400 drzew na terenie tego nadle\u015bnictwa. M\u0142ode d\u0119by, graby, lipy i dzikie jab\u0142onie zwi\u0119ksz\u0105 zr\u00f3\u017cnicowanie gatunk\u00f3w na terenach zalesianych po huraganie. R\u00f3\u017cnorodno\u015b\u0107 biologiczna jest niezb\u0119dna dla dobrego funkcjonowania ekosystem\u00f3w i ich odporno\u015bci na zachodz\u0105ce zmiany m.in. klimatyczne.<\/p>\n<p>\n<div class=\"ngg-galleryoverview ngg-slideshow\"\n\tid=\"ngg-slideshow-f933ec5d55075f2c2bebf65905ea125d-14102172010\"\n\tdata-gallery-id=\"f933ec5d55075f2c2bebf65905ea125d\"\n\tstyle=\"max-width: 600px;\n\t\t\tmax-height: 450px;\n\t\t\tdisplay: none;\">\n\n\t\n\t\t<a href=\"https:\/\/archiwum.swietodrzewa.pl\/wp-content\/gallery\/tuv-sud\/DSC00003.JPG\"\n\t\t\ttitle=\"\"\n\t\t\tdata-src=\"https:\/\/archiwum.swietodrzewa.pl\/wp-content\/gallery\/tuv-sud\/DSC00003.JPG\"\n\t\t\tdata-thumbnail=\"https:\/\/archiwum.swietodrzewa.pl\/wp-content\/gallery\/tuv-sud\/thumbs\/thumbs_DSC00003.JPG\"\n\t\t\tdata-image-id=\"2471\"\n\t\t\tdata-title=\"DSC00003\"\n\t\t\tdata-description=\"\"\n\t\t\tclass=\"shutterset_f933ec5d55075f2c2bebf65905ea125d\">\n\n\t\t\t<img data-image-id='2471'\n\t\t\t\ttitle=\"\"\n\t\t\t\talt=\"DSC00003\"\n\t\t\t\tsrc=\"https:\/\/archiwum.swietodrzewa.pl\/wp-content\/gallery\/tuv-sud\/DSC00003.JPG\"\n\t\t\t\tstyle=\"max-height: 430px;\"\/>\n\t\t<\/a>\n\n\t\t\n\t\t<a href=\"https:\/\/archiwum.swietodrzewa.pl\/wp-content\/gallery\/tuv-sud\/DSC00026.JPG\"\n\t\t\ttitle=\"\"\n\t\t\tdata-src=\"https:\/\/archiwum.swietodrzewa.pl\/wp-content\/gallery\/tuv-sud\/DSC00026.JPG\"\n\t\t\tdata-thumbnail=\"https:\/\/archiwum.swietodrzewa.pl\/wp-content\/gallery\/tuv-sud\/thumbs\/thumbs_DSC00026.JPG\"\n\t\t\tdata-image-id=\"2472\"\n\t\t\tdata-title=\"DSC00026\"\n\t\t\tdata-description=\"\"\n\t\t\tclass=\"shutterset_f933ec5d55075f2c2bebf65905ea125d\">\n\n\t\t\t<img data-image-id='2472'\n\t\t\t\ttitle=\"\"\n\t\t\t\talt=\"DSC00026\"\n\t\t\t\tsrc=\"https:\/\/archiwum.swietodrzewa.pl\/wp-content\/gallery\/tuv-sud\/DSC00026.JPG\"\n\t\t\t\tstyle=\"max-height: 430px;\"\/>\n\t\t<\/a>\n\n\t\t\n\t\t<a href=\"https:\/\/archiwum.swietodrzewa.pl\/wp-content\/gallery\/tuv-sud\/DSC00050.JPG\"\n\t\t\ttitle=\"\"\n\t\t\tdata-src=\"https:\/\/archiwum.swietodrzewa.pl\/wp-content\/gallery\/tuv-sud\/DSC00050.JPG\"\n\t\t\tdata-thumbnail=\"https:\/\/archiwum.swietodrzewa.pl\/wp-content\/gallery\/tuv-sud\/thumbs\/thumbs_DSC00050.JPG\"\n\t\t\tdata-image-id=\"2473\"\n\t\t\tdata-title=\"DSC00050\"\n\t\t\tdata-description=\"\"\n\t\t\tclass=\"shutterset_f933ec5d55075f2c2bebf65905ea125d\">\n\n\t\t\t<img data-image-id='2473'\n\t\t\t\ttitle=\"\"\n\t\t\t\talt=\"DSC00050\"\n\t\t\t\tsrc=\"https:\/\/archiwum.swietodrzewa.pl\/wp-content\/gallery\/tuv-sud\/DSC00050.JPG\"\n\t\t\t\tstyle=\"max-height: 430px;\"\/>\n\t\t<\/a>\n\n\t\t\n\t\t<a href=\"https:\/\/archiwum.swietodrzewa.pl\/wp-content\/gallery\/tuv-sud\/DSC00089.JPG\"\n\t\t\ttitle=\"\"\n\t\t\tdata-src=\"https:\/\/archiwum.swietodrzewa.pl\/wp-content\/gallery\/tuv-sud\/DSC00089.JPG\"\n\t\t\tdata-thumbnail=\"https:\/\/archiwum.swietodrzewa.pl\/wp-content\/gallery\/tuv-sud\/thumbs\/thumbs_DSC00089.JPG\"\n\t\t\tdata-image-id=\"2474\"\n\t\t\tdata-title=\"DSC00089\"\n\t\t\tdata-description=\"\"\n\t\t\tclass=\"shutterset_f933ec5d55075f2c2bebf65905ea125d\">\n\n\t\t\t<img data-image-id='2474'\n\t\t\t\ttitle=\"\"\n\t\t\t\talt=\"DSC00089\"\n\t\t\t\tsrc=\"https:\/\/archiwum.swietodrzewa.pl\/wp-content\/gallery\/tuv-sud\/DSC00089.JPG\"\n\t\t\t\tstyle=\"max-height: 430px;\"\/>\n\t\t<\/a>\n\n\t\t\n\t\t<a href=\"https:\/\/archiwum.swietodrzewa.pl\/wp-content\/gallery\/tuv-sud\/DSC09853.JPG\"\n\t\t\ttitle=\"\"\n\t\t\tdata-src=\"https:\/\/archiwum.swietodrzewa.pl\/wp-content\/gallery\/tuv-sud\/DSC09853.JPG\"\n\t\t\tdata-thumbnail=\"https:\/\/archiwum.swietodrzewa.pl\/wp-content\/gallery\/tuv-sud\/thumbs\/thumbs_DSC09853.JPG\"\n\t\t\tdata-image-id=\"2475\"\n\t\t\tdata-title=\"DSC09853\"\n\t\t\tdata-description=\"\"\n\t\t\tclass=\"shutterset_f933ec5d55075f2c2bebf65905ea125d\">\n\n\t\t\t<img data-image-id='2475'\n\t\t\t\ttitle=\"\"\n\t\t\t\talt=\"DSC09853\"\n\t\t\t\tsrc=\"https:\/\/archiwum.swietodrzewa.pl\/wp-content\/gallery\/tuv-sud\/DSC09853.JPG\"\n\t\t\t\tstyle=\"max-height: 430px;\"\/>\n\t\t<\/a>\n\n\t\t\n\t\t<a href=\"https:\/\/archiwum.swietodrzewa.pl\/wp-content\/gallery\/tuv-sud\/DSC09896.JPG\"\n\t\t\ttitle=\"\"\n\t\t\tdata-src=\"https:\/\/archiwum.swietodrzewa.pl\/wp-content\/gallery\/tuv-sud\/DSC09896.JPG\"\n\t\t\tdata-thumbnail=\"https:\/\/archiwum.swietodrzewa.pl\/wp-content\/gallery\/tuv-sud\/thumbs\/thumbs_DSC09896.JPG\"\n\t\t\tdata-image-id=\"2476\"\n\t\t\tdata-title=\"DSC09896\"\n\t\t\tdata-description=\"\"\n\t\t\tclass=\"shutterset_f933ec5d55075f2c2bebf65905ea125d\">\n\n\t\t\t<img data-image-id='2476'\n\t\t\t\ttitle=\"\"\n\t\t\t\talt=\"DSC09896\"\n\t\t\t\tsrc=\"https:\/\/archiwum.swietodrzewa.pl\/wp-content\/gallery\/tuv-sud\/DSC09896.JPG\"\n\t\t\t\tstyle=\"max-height: 430px;\"\/>\n\t\t<\/a>\n\n\t\t\n\t\t<a href=\"https:\/\/archiwum.swietodrzewa.pl\/wp-content\/gallery\/tuv-sud\/DSC09976.JPG\"\n\t\t\ttitle=\"\"\n\t\t\tdata-src=\"https:\/\/archiwum.swietodrzewa.pl\/wp-content\/gallery\/tuv-sud\/DSC09976.JPG\"\n\t\t\tdata-thumbnail=\"https:\/\/archiwum.swietodrzewa.pl\/wp-content\/gallery\/tuv-sud\/thumbs\/thumbs_DSC09976.JPG\"\n\t\t\tdata-image-id=\"2477\"\n\t\t\tdata-title=\"DSC09976\"\n\t\t\tdata-description=\"\"\n\t\t\tclass=\"shutterset_f933ec5d55075f2c2bebf65905ea125d\">\n\n\t\t\t<img data-image-id='2477'\n\t\t\t\ttitle=\"\"\n\t\t\t\talt=\"DSC09976\"\n\t\t\t\tsrc=\"https:\/\/archiwum.swietodrzewa.pl\/wp-content\/gallery\/tuv-sud\/DSC09976.JPG\"\n\t\t\t\tstyle=\"max-height: 430px;\"\/>\n\t\t<\/a>\n\n\t\t\n\t\t<a href=\"https:\/\/archiwum.swietodrzewa.pl\/wp-content\/gallery\/tuv-sud\/DSC09978.JPG\"\n\t\t\ttitle=\"\"\n\t\t\tdata-src=\"https:\/\/archiwum.swietodrzewa.pl\/wp-content\/gallery\/tuv-sud\/DSC09978.JPG\"\n\t\t\tdata-thumbnail=\"https:\/\/archiwum.swietodrzewa.pl\/wp-content\/gallery\/tuv-sud\/thumbs\/thumbs_DSC09978.JPG\"\n\t\t\tdata-image-id=\"2478\"\n\t\t\tdata-title=\"DSC09978\"\n\t\t\tdata-description=\"\"\n\t\t\tclass=\"shutterset_f933ec5d55075f2c2bebf65905ea125d\">\n\n\t\t\t<img data-image-id='2478'\n\t\t\t\ttitle=\"\"\n\t\t\t\talt=\"DSC09978\"\n\t\t\t\tsrc=\"https:\/\/archiwum.swietodrzewa.pl\/wp-content\/gallery\/tuv-sud\/DSC09978.JPG\"\n\t\t\t\tstyle=\"max-height: 430px;\"\/>\n\t\t<\/a>\n\n\t\t<\/div>\n\n\n\u201eSadzenie drzew jest niezwykle cenne i po\u017cyteczne. Jednak dla mnie osobi\u015bcie wa\u017cna jest zmiana spo\u0142eczna jak\u0105 wprowadzaj\u0105 firmy zainspirowane edukacj\u0105 ekologiczn\u0105 i wsp\u00f3lnymi dzia\u0142aniami. Tak w\u0142a\u015bnie widz\u0119 rol\u0119 organizacji pozarz\u0105dowej. Wsp\u00f3\u0142pracowa\u0107 i wp\u0142ywa\u0107 na zmiany niezb\u0119dne w dobie kryzysu ekologicznego i klimatycznego\u201d \u2013 komentuje <strong>Jacek Bo\u017cek,<\/strong> za\u0142o\u017cyciel i lider Klubu Gaja.<\/p>\n<p>Klub Gaja od wielu lat organizuje akcje sadzenia &nbsp;m.in. drzew i krzew\u00f3w zwi\u0119kszaj\u0105cych r\u00f3\u017cnorodno\u015b\u0107 biologiczn\u0105 &nbsp;na terenach miejskich i le\u015bnych. Posadzone drzewa zosta\u0142y dopisane do licznika programu \u015awi\u0119to Drzewa, kt\u00f3ry Klub Gaja realizuje od 2003 roku. Dzi\u0119ki zaanga\u017cowaniu ponad&nbsp; 800 tysi\u0119cy uczestnik\u00f3w posadzili\u015bmy ju\u017c ponad 1 milion drzew i krzew\u00f3w. Dzi\u0119kujemy za wsp\u00f3ln\u0105 akcj\u0119 sadzenia drzew!<\/p>\n<p><img loading=\"lazy\" class=\"alignleft wp-image-14984\" src=\"https:\/\/archiwum.swietodrzewa.pl\/wp-content\/uploads\/2023\/06\/TS_logo_RGB.png\" alt=\"\" width=\"144\" height=\"144\" srcset=\"https:\/\/archiwum.swietodrzewa.pl\/wp-content\/uploads\/2023\/06\/TS_logo_RGB.png 3000w, https:\/\/archiwum.swietodrzewa.pl\/wp-content\/uploads\/2023\/06\/TS_logo_RGB-300x300.png 300w, https:\/\/archiwum.swietodrzewa.pl\/wp-content\/uploads\/2023\/06\/TS_logo_RGB-1024x1024.png 1024w, https:\/\/archiwum.swietodrzewa.pl\/wp-content\/uploads\/2023\/06\/TS_logo_RGB-100x100.png 100w, https:\/\/archiwum.swietodrzewa.pl\/wp-content\/uploads\/2023\/06\/TS_logo_RGB-768x768.png 768w, https:\/\/archiwum.swietodrzewa.pl\/wp-content\/uploads\/2023\/06\/TS_logo_RGB-1536x1536.png 1536w, https:\/\/archiwum.swietodrzewa.pl\/wp-content\/uploads\/2023\/06\/TS_logo_RGB-2048x2048.png 2048w\" sizes=\"(max-width: 144px) 100vw, 144px\" \/><\/p>\n<p><strong>&nbsp;<\/strong><\/p>\n","protected":false},"excerpt":{"rendered":"<p>Klub Gaja we wsp\u00f3\u0142pracy z T\u00dcV S\u00dcD Polska w ramach programu \u015awi\u0119to Drzewa posadzi\u0142 kolejnych 400 drzew w Borach Tucholskich, w Nadle\u015bnictwie Rytel. M\u0142ode d\u0119by, graby, lipy i dzikie jab\u0142onie wzbogac\u0105 r\u00f3\u017cnorodno\u015b\u0107 biologiczn\u0105 odnawianego lasu po huraganie w 2017 roku. Nawa\u0142nice, kt\u00f3re wtedy przesz\u0142y przez nasz kraj powali\u0142y miliony drzew.<\/p>\n","protected":false},"author":3,"featured_media":14983,"comment_status":"closed","ping_status":"closed","sticky":false,"template":"","format":"standard","meta":{"ngg_post_thumbnail":0},"categories":[17],"tags":[],"_links":{"self":[{"href":"https:\/\/archiwum.swietodrzewa.pl\/index.php?rest_route=\/wp\/v2\/posts\/14982"}],"collection":[{"href":"https:\/\/archiwum.swietodrzewa.pl\/index.php?rest_route=\/wp\/v2\/posts"}],"about":[{"href":"https:\/\/archiwum.swietodrzewa.pl\/index.php?rest_route=\/wp\/v2\/types\/post"}],"author":[{"embeddable":true,"href":"https:\/\/archiwum.swietodrzewa.pl\/index.php?rest_route=\/wp\/v2\/users\/3"}],"replies":[{"embeddable":true,"href":"https:\/\/archiwum.swietodrzewa.pl\/index.php?rest_route=%2Fwp%2Fv2%2Fcomments&post=14982"}],"version-history":[{"count":2,"href":"https:\/\/archiwum.swietodrzewa.pl\/index.php?rest_route=\/wp\/v2\/posts\/14982\/revisions"}],"predecessor-version":[{"id":14995,"href":"https:\/\/archiwum.swietodrzewa.pl\/index.php?rest_route=\/wp\/v2\/posts\/14982\/revisions\/14995"}],"wp:featuredmedia":[{"embeddable":true,"href":"https:\/\/archiwum.swietodrzewa.pl\/index.php?rest_route=\/wp\/v2\/media\/14983"}],"wp:attachment":[{"href":"https:\/\/archiwum.swietodrzewa.pl\/index.php?rest_route=%2Fwp%2Fv2%2Fmedia&parent=14982"}],"wp:term":[{"taxonomy":"category","embeddable":true,"href":"https:\/\/archiwum.swietodrzewa.pl\/index.php?rest_route=%2Fwp%2Fv2%2Fcategories&post=14982"},{"taxonomy":"post_tag","embeddable":true,"href":"https:\/\/archiwum.swietodrzewa.pl\/index.php?rest_route=%2Fwp%2Fv2%2Ftags&post=14982"}],"curies":[{"name":"wp","href":"https:\/\/api.w.org\/{rel}","templated":true}]}}