{"id":14996,"date":"2023-06-19T08:32:23","date_gmt":"2023-06-19T06:32:23","guid":{"rendered":"https:\/\/swietodrzewa.pl\/?p=14996"},"modified":"2023-06-19T08:37:58","modified_gmt":"2023-06-19T06:37:58","slug":"swieto-drzewa-w-willi-sixta-w-bielsku-bialej","status":"publish","type":"post","link":"https:\/\/archiwum.swietodrzewa.pl\/?p=14996","title":{"rendered":"\u015awi\u0119to Drzewa w Willi Sixta w Bielsku-Bia\u0142ej"},"content":{"rendered":"<p><strong>Klub Gaja zosta\u0142 partnerem wydarzenia \u015awi\u0119to Drzewa w Willi Sixta organizowanego przez Galeri\u0119 Bielsk\u0105 BWA w ramach <\/strong><strong>przedsi\u0119wzi\u0119cia <\/strong>\u201e<strong>Drzewo. Drewno. Materia\u0142 czy \u015bwi\u0119to\u015b\u0107?\u201d<\/strong>.<strong> W programie znalaz\u0142y si\u0119 wystawy wsp\u00f3\u0142czesnej rze\u017aby w drewnie autorstwa&nbsp;J\u00f3zka Nowaka<\/strong>&nbsp;i&nbsp;<strong>Marcina Rz\u0105sy<\/strong>,<strong> plener rze\u017abiarski&nbsp; dla m\u0142odzie\u017cy oraz panel dyskusyjny podczas kt\u00f3rego Jacek Bo\u017cek z Klubu Gaja prezentowa\u0142 program \u015awi\u0119to Drzewa. <\/strong><!--more--><\/p>\n<p>Przedsi\u0119wzi\u0119cie <strong>\u201e<\/strong><strong>Drzewo. Drewno. Materia\u0142 czy \u015bwi\u0119to\u015b\u0107?\u201d<\/strong>&nbsp;by\u0142o wydarzeniem artystycznym o profilu edukacyjnym i ekologicznym. W pi\u0105tek, 16 czerwca 2023 w Willi Sixta po finale pleneru rze\u017abiarskiego odby\u0142 si\u0119 panel dyskusyjny na temat roli drzew w ekosystemie i konieczno\u015bci ich ochrony, ale te\u017c drewna jako materia\u0142u naturalnego, bliskiemu cz\u0142owiekowi, udzia\u0142em artyst\u00f3w pracuj\u0105cych z drewnem, ekolog\u00f3w i urz\u0119dnik\u00f3w odpowiedzialnych za drzewa w mie\u015bcie. Moderatorem dyskusji by\u0142a Agata Smalcerz dyrektorka BWA w Bielsku-Bia\u0142ej.<\/p>\n<p>W panelu wzi\u0119li udzia\u0142:<br \/>\n<strong>Marcin Rz\u0105sa<\/strong> \u2013 artysta rze\u017abiarz; prowadzi Galeri\u0119 Antoniego Rz\u0105sy w Zakopanem; przewodnik tatrza\u0144ski; mieszka i pracuje w Zakopanem.<br \/>\n<strong>Anna Bera<\/strong> \u2013 dizajnerka, rze\u017abiarka, artystka wizualna, stolarka; od 2014 roku prowadzi autorskie studio i warsztat, gdzie tworzy r\u0119cznie meble z drewna, sytuowane na pograniczu przedmiot\u00f3w u\u017cytkowych i rze\u017abiarskich dzie\u0142 sztuki.<br \/>\n<strong>Jacek Bo\u017cek<\/strong> \u2013 polski dzia\u0142acz na rzecz ochrony \u015brodowiska, aktywista, za\u0142o\u017cyciel i prezes Klubu Gaja, animator programu edukacji ekologicznej \u015awi\u0119to Drzewa Klubu Gaja.<br \/>\n<strong>Dariusz Gajny<\/strong> \u2013 in\u017c. architekt krajobrazu, pasjonat architektury krajobrazu, propagator kultury ogrodniczej; zatrudniony w Wydziale Gospodarki Miejskiej UM w Bielsku-Bia\u0142ej; pe\u0142ni funkcj\u0119 ogrodnika miejskiego.<\/p>\n<p>\n<div class=\"ngg-galleryoverview ngg-slideshow\"\n\tid=\"ngg-slideshow-6b910a56da45210d88c9d6b49cea9373-13560526960\"\n\tdata-gallery-id=\"6b910a56da45210d88c9d6b49cea9373\"\n\tstyle=\"max-width: 600px;\n\t\t\tmax-height: 450px;\n\t\t\tdisplay: none;\">\n\n\t\n\t\t<a href=\"https:\/\/archiwum.swietodrzewa.pl\/wp-content\/gallery\/sixta\/IMG_2102.jpg\"\n\t\t\ttitle=\"\"\n\t\t\tdata-src=\"https:\/\/archiwum.swietodrzewa.pl\/wp-content\/gallery\/sixta\/IMG_2102.jpg\"\n\t\t\tdata-thumbnail=\"https:\/\/archiwum.swietodrzewa.pl\/wp-content\/gallery\/sixta\/thumbs\/thumbs_IMG_2102.jpg\"\n\t\t\tdata-image-id=\"2479\"\n\t\t\tdata-title=\"IMG_2102\"\n\t\t\tdata-description=\"\"\n\t\t\tclass=\"shutterset_6b910a56da45210d88c9d6b49cea9373\">\n\n\t\t\t<img data-image-id='2479'\n\t\t\t\ttitle=\"\"\n\t\t\t\talt=\"IMG_2102\"\n\t\t\t\tsrc=\"https:\/\/archiwum.swietodrzewa.pl\/wp-content\/gallery\/sixta\/IMG_2102.jpg\"\n\t\t\t\tstyle=\"max-height: 430px;\"\/>\n\t\t<\/a>\n\n\t\t\n\t\t<a href=\"https:\/\/archiwum.swietodrzewa.pl\/wp-content\/gallery\/sixta\/IMG_2105.jpg\"\n\t\t\ttitle=\"\"\n\t\t\tdata-src=\"https:\/\/archiwum.swietodrzewa.pl\/wp-content\/gallery\/sixta\/IMG_2105.jpg\"\n\t\t\tdata-thumbnail=\"https:\/\/archiwum.swietodrzewa.pl\/wp-content\/gallery\/sixta\/thumbs\/thumbs_IMG_2105.jpg\"\n\t\t\tdata-image-id=\"2480\"\n\t\t\tdata-title=\"IMG_2105\"\n\t\t\tdata-description=\"\"\n\t\t\tclass=\"shutterset_6b910a56da45210d88c9d6b49cea9373\">\n\n\t\t\t<img data-image-id='2480'\n\t\t\t\ttitle=\"\"\n\t\t\t\talt=\"IMG_2105\"\n\t\t\t\tsrc=\"https:\/\/archiwum.swietodrzewa.pl\/wp-content\/gallery\/sixta\/IMG_2105.jpg\"\n\t\t\t\tstyle=\"max-height: 430px;\"\/>\n\t\t<\/a>\n\n\t\t\n\t\t<a href=\"https:\/\/archiwum.swietodrzewa.pl\/wp-content\/gallery\/sixta\/IMG_2106.jpg\"\n\t\t\ttitle=\"\"\n\t\t\tdata-src=\"https:\/\/archiwum.swietodrzewa.pl\/wp-content\/gallery\/sixta\/IMG_2106.jpg\"\n\t\t\tdata-thumbnail=\"https:\/\/archiwum.swietodrzewa.pl\/wp-content\/gallery\/sixta\/thumbs\/thumbs_IMG_2106.jpg\"\n\t\t\tdata-image-id=\"2481\"\n\t\t\tdata-title=\"IMG_2106\"\n\t\t\tdata-description=\"\"\n\t\t\tclass=\"shutterset_6b910a56da45210d88c9d6b49cea9373\">\n\n\t\t\t<img data-image-id='2481'\n\t\t\t\ttitle=\"\"\n\t\t\t\talt=\"IMG_2106\"\n\t\t\t\tsrc=\"https:\/\/archiwum.swietodrzewa.pl\/wp-content\/gallery\/sixta\/IMG_2106.jpg\"\n\t\t\t\tstyle=\"max-height: 430px;\"\/>\n\t\t<\/a>\n\n\t\t\n\t\t<a href=\"https:\/\/archiwum.swietodrzewa.pl\/wp-content\/gallery\/sixta\/IMG_2104.jpg\"\n\t\t\ttitle=\"\"\n\t\t\tdata-src=\"https:\/\/archiwum.swietodrzewa.pl\/wp-content\/gallery\/sixta\/IMG_2104.jpg\"\n\t\t\tdata-thumbnail=\"https:\/\/archiwum.swietodrzewa.pl\/wp-content\/gallery\/sixta\/thumbs\/thumbs_IMG_2104.jpg\"\n\t\t\tdata-image-id=\"2482\"\n\t\t\tdata-title=\"IMG_2104\"\n\t\t\tdata-description=\"\"\n\t\t\tclass=\"shutterset_6b910a56da45210d88c9d6b49cea9373\">\n\n\t\t\t<img data-image-id='2482'\n\t\t\t\ttitle=\"\"\n\t\t\t\talt=\"IMG_2104\"\n\t\t\t\tsrc=\"https:\/\/archiwum.swietodrzewa.pl\/wp-content\/gallery\/sixta\/IMG_2104.jpg\"\n\t\t\t\tstyle=\"max-height: 430px;\"\/>\n\t\t<\/a>\n\n\t\t<\/div>\n\n\n\u201eTo wspaniale, \u017ce o drzewach ale tak\u017ce o drewnie mogli\u015bmy porozmawia\u0107 w r\u00f3\u017cnych kontekstach. Jest to niezwykle wa\u017cne w momencie pot\u0119\u017cnego kryzysu ekologicznego i potrzeby zrozumienia wsp\u00f3\u0142zale\u017cno\u015bci pomi\u0119dzy cz\u0142owiekiem i przyrod\u0105. Sztuka jest doskona\u0142ym no\u015bnikiem warto\u015bci i zwi\u0105zk\u00f3w jakie powinni\u015bmy chroni\u0107 je\u015bli pragniemy ratowa\u0107 nasz\u0105 Matk\u0119 Ziemi\u0119\u201d \u2013 powiedzia\u0142 po panelu <strong>Jacek Bo\u017cek<\/strong> z Klubu Gaja.<\/p>\n<p><strong>Agata Smalcerz<\/strong>, kuratorka projektu \u201eDrzewo. Drewno. Materia\u0142 czy \u015bwi\u0119to\u015b\u0107?\u201d komentowa\u0142a &nbsp;<em>\u2013 \u201e<\/em><em>Naszym celem jest zwr\u00f3cenie uwagi na drewno \u2013 materia\u0142 rze\u017abiarski, kt\u00f3ry przez artyst\u00f3w traktowany jest jako materia\u0142 \u201ez dusz\u0105\u201d. Wynika to st\u0105d, \u017ce drewno by\u0142o kiedy\u015b \u017cywym drzewem, a drzewo jest wa\u017cn\u0105 cz\u0119\u015bci\u0105 ekosystemu, kt\u00f3rego znaczenie jest coraz bardziej dostrzegane, nie tylko przez ekolog\u00f3w, ale zwyk\u0142ych mieszka\u0144c\u00f3w. Najtrudniej jest zrozumie\u0107, jak wa\u017cne s\u0105 drzewa dla ludzi \u2013 urz\u0119dnikom, politykom, decydentom. Wycinanie drzew w miastach, wycinanie las\u00f3w wci\u0105\u017c przyspiesza, a \u015bwiadomo\u015b\u0107 ekologiczna w tym zakresie ci\u0105gle nie jest powszechna. Na szcz\u0119\u015bcie wiele si\u0119 zmienia i nale\u017cy optymistycznie zak\u0142ada\u0107, \u017ce cz\u0142owiek na czas zrozumie, \u017ce wiele zale\u017cy od niego\u201d.<\/em><\/p>\n<p>Wi\u0119cej informacji na <a href=\"https:\/\/galeriabielska.pl\/wydarzenie\/drzewo-drewno-material-czy-swietosc\">https:\/\/galeriabielska.pl\/wydarzenie\/drzewo-drewno-material-czy-swietosc<\/a><\/p>\n<p>&nbsp;<\/p>\n","protected":false},"excerpt":{"rendered":"<p>Klub Gaja zosta\u0142 partnerem wydarzenia \u015awi\u0119to Drzewa w Willi Sixta organizowanego przez Galeri\u0119 Bielsk\u0105 BWA w ramach przedsi\u0119wzi\u0119cia \u201eDrzewo. Drewno. Materia\u0142 czy \u015bwi\u0119to\u015b\u0107?\u201d. W programie znalaz\u0142y si\u0119 wystawy wsp\u00f3\u0142czesnej rze\u017aby w drewnie autorstwa&nbsp;J\u00f3zka Nowaka&nbsp;i&nbsp;Marcina Rz\u0105sy, plener rze\u017abiarski&nbsp; dla m\u0142odzie\u017cy oraz panel dyskusyjny podczas kt\u00f3rego Jacek Bo\u017cek z Klubu Gaja prezentowa\u0142 program \u015awi\u0119to Drzewa.<\/p>\n","protected":false},"author":3,"featured_media":14999,"comment_status":"closed","ping_status":"closed","sticky":false,"template":"","format":"standard","meta":{"ngg_post_thumbnail":0},"categories":[17],"tags":[],"_links":{"self":[{"href":"https:\/\/archiwum.swietodrzewa.pl\/index.php?rest_route=\/wp\/v2\/posts\/14996"}],"collection":[{"href":"https:\/\/archiwum.swietodrzewa.pl\/index.php?rest_route=\/wp\/v2\/posts"}],"about":[{"href":"https:\/\/archiwum.swietodrzewa.pl\/index.php?rest_route=\/wp\/v2\/types\/post"}],"author":[{"embeddable":true,"href":"https:\/\/archiwum.swietodrzewa.pl\/index.php?rest_route=\/wp\/v2\/users\/3"}],"replies":[{"embeddable":true,"href":"https:\/\/archiwum.swietodrzewa.pl\/index.php?rest_route=%2Fwp%2Fv2%2Fcomments&post=14996"}],"version-history":[{"count":2,"href":"https:\/\/archiwum.swietodrzewa.pl\/index.php?rest_route=\/wp\/v2\/posts\/14996\/revisions"}],"predecessor-version":[{"id":15007,"href":"https:\/\/archiwum.swietodrzewa.pl\/index.php?rest_route=\/wp\/v2\/posts\/14996\/revisions\/15007"}],"wp:featuredmedia":[{"embeddable":true,"href":"https:\/\/archiwum.swietodrzewa.pl\/index.php?rest_route=\/wp\/v2\/media\/14999"}],"wp:attachment":[{"href":"https:\/\/archiwum.swietodrzewa.pl\/index.php?rest_route=%2Fwp%2Fv2%2Fmedia&parent=14996"}],"wp:term":[{"taxonomy":"category","embeddable":true,"href":"https:\/\/archiwum.swietodrzewa.pl\/index.php?rest_route=%2Fwp%2Fv2%2Fcategories&post=14996"},{"taxonomy":"post_tag","embeddable":true,"href":"https:\/\/archiwum.swietodrzewa.pl\/index.php?rest_route=%2Fwp%2Fv2%2Ftags&post=14996"}],"curies":[{"name":"wp","href":"https:\/\/api.w.org\/{rel}","templated":true}]}}