{"id":15008,"date":"2023-06-22T07:13:44","date_gmt":"2023-06-22T05:13:44","guid":{"rendered":"https:\/\/swietodrzewa.pl\/?p=15008"},"modified":"2023-06-22T07:59:09","modified_gmt":"2023-06-22T05:59:09","slug":"ostatnie-dni-glosowania-na-drzewo-roku-2023","status":"publish","type":"post","link":"https:\/\/archiwum.swietodrzewa.pl\/?p=15008","title":{"rendered":"Ostatnie dni g\u0142osowania na Drzewo Roku 2023"},"content":{"rendered":"<p><strong>Jeszcze tylko do ko\u0144ca czerwca do p\u00f3\u0142nocy mo\u017cna oddawa\u0107 g\u0142osy w konkursie Klubu Gaja Drzewo Roku 2023. W plebiscycie bierze udzia\u0142 16 najciekawszych drzew z ca\u0142ej Polski, wybranych do fina\u0142u przez jury konkursowe. <\/strong><strong>To drzewa szczeg\u00f3lnie doceniane i lubiane przez spo\u0142eczno\u015bci lokalne, a tak\u017ce wa\u017cne elementy naszego dziedzictwa przyrodniczego i kulturowego, kt\u00f3re powinni\u015bmy chroni\u0107 i szanowa\u0107.<\/strong>&nbsp;<strong>Decyduj\u0105cy b\u0119dzie ostatni tydzie\u0144 g\u0142osowania (24-30 czerwca), gdy\u017c nie b\u0119dziemy widzieli wtedy, ile g\u0142os\u00f3w maj\u0105 poszczeg\u00f3lni kandydaci.<\/strong><strong> Zwyci\u0119zc\u0105 zostanie to drzewo, kt\u00f3re zdob\u0119dzie najwi\u0119ksz\u0105 liczb\u0119 g\u0142os\u00f3w internaut\u00f3w, a laureata og\u0142osimy ju\u017c 1 lipca o godzinie 12.00. B\u0119dzie on reprezentowa\u0142 nasz kraj w konkursie europejskim Tree of the Year w 2024 roku. Zapraszamy do g\u0142osowania na&nbsp;<\/strong> <a href=\"http:\/\/www.drzeworoku.pl\"><strong>www.drzeworoku.pl<\/strong><\/a><!--more--><\/p>\n<p>W pierwszym etapie &nbsp;13. edycji konkursu Drzewo Roku Klubu jury wy\u0142oni\u0142o 16. finalist\u00f3w z&nbsp; ponad 40 zg\u0142osze\u0144, kt\u00f3re nap\u0142yn\u0119\u0142y do Klubu Gaja z ca\u0142ej Polski. Teraz te historyczne drzewa i wspieraj\u0105ce je lokalne spo\u0142eczno\u015bci zabiegaj\u0105 o g\u0142osy internaut\u00f3w. Wygra to drzewo, kt\u00f3re zdob\u0119dzie ich najwi\u0119cej. Obecnie w plebiscycie na prowadzenie wysun\u0119\u0142y si\u0119 cztery okazy.<\/p>\n<p>Prowadzi <strong>Buk \u201eSerce Ogrodu\u201d <\/strong><strong>w<\/strong> <strong>Arboretum Wojs\u0142awice w woj.&nbsp;dolno\u015bl\u0105skim <\/strong>z ponad 2000 g\u0142osami. 200-letni buk ro\u015bnie w&nbsp;centrum zabytkowego parku i&nbsp;jest jednym z&nbsp;bardziej rozpoznawalnych drzew rosn\u0105cych w tym miejscu. Imponuje majestatem i&nbsp;intryguje nietypowo uformowanym, zgrubia\u0142ym pniem, szeroko rozpostartymi konarami i intensywnym, purpurowym zabarwieniem li\u015bci. W&nbsp;cieniu jego wielkiej korony nadal spotykaj\u0105 si\u0119 pasjonaci \u2013 tak&nbsp;jak 100, czy&nbsp;200 lat temu \u2013 zjednoczeni podziwem dla Natury. &nbsp;<\/p>\n<p>Na drugim miejscu z ponad 1800 g\u0142osami internaut\u00f3w znajduje si\u0119 <strong>Para D\u0119b\u00f3w Malwa&amp;Mi\u0142osz w Warszawie<\/strong>, kt\u00f3re zosta\u0142y uratowane przez&nbsp;mieszka\u0144c\u00f3w przed&nbsp;wycinka\u0328 i sta\u0142y si\u0119 symbolem losu miejskich drzew.<\/p>\n<p>Trzeci w stawce z ponad 1700 g\u0142osami jest <strong>Kasztanowiec Je\u017cyk w Toruniu, <\/strong>kt\u00f3ry ro\u015bnie w sercu dawnych historycznych ogrod\u00f3w i sad\u00f3w toru\u0144skich, a obecnie SP nr 6.<\/p>\n<p>Z ponad 1500 g\u0142osami&nbsp; na koncie goni ich <strong>D\u0105b&nbsp;Bl\u00fcchera i Napoleona (Ostr\u00f3dzianin) w Ostr\u00f3dzie, <\/strong>kt\u00f3ry mia\u0142 i\u015b\u0107 pod top\u00f3r w zwi\u0105zku z&nbsp;budow\u0105 drogi ekspresowej, co oburzy\u0142o mieszka\u0144c\u00f3w i w konsekwencji doprowadzi\u0142o do&nbsp;zmiany przebiegu trasy i&nbsp;ocalenia drzewa.<\/p>\n<p><img loading=\"lazy\" class=\"alignleft size-full wp-image-14786\" src=\"https:\/\/archiwum.swietodrzewa.pl\/wp-content\/uploads\/2023\/02\/plakat.jpg\" alt=\"\" width=\"1810\" height=\"2560\" srcset=\"https:\/\/archiwum.swietodrzewa.pl\/wp-content\/uploads\/2023\/02\/plakat.jpg 1810w, https:\/\/archiwum.swietodrzewa.pl\/wp-content\/uploads\/2023\/02\/plakat-212x300.jpg 212w, https:\/\/archiwum.swietodrzewa.pl\/wp-content\/uploads\/2023\/02\/plakat-724x1024.jpg 724w, https:\/\/archiwum.swietodrzewa.pl\/wp-content\/uploads\/2023\/02\/plakat-768x1086.jpg 768w, https:\/\/archiwum.swietodrzewa.pl\/wp-content\/uploads\/2023\/02\/plakat-1086x1536.jpg 1086w, https:\/\/archiwum.swietodrzewa.pl\/wp-content\/uploads\/2023\/02\/plakat-1448x2048.jpg 1448w\" sizes=\"(max-width: 1810px) 100vw, 1810px\" \/><\/p>\n<p>Pozosta\u0142e drzewa rywalizuj\u0105ce o tytu\u0142 Drzewa Roku 2023 to:<\/p>\n<p><strong>Buk im.&nbsp;Tadeusza Andruszkiewicza w S\u0142\u0119bowie (gm. \u017bnin, woj.&nbsp;kujawsko-pomorskie) \u2013 <\/strong>200-letni buk ro\u015bnie na&nbsp;boisku szkolnym i&nbsp;jest najbardziej charakterystycznym miejscem we&nbsp;wsi. Mieszka\u0144c\u00f3w i&nbsp;licznych turyst\u00f3w przyci\u0105ga sw\u0105 urod\u0105 o&nbsp;ka\u017cdej porze roku. Z&nbsp;inicjatywy tutejszej spo\u0142eczno\u015bci szkolnej drzewu nadano imi\u0119\u0328 Tadeusza Andruszkiewicza, pierwszego powojennego dyrektora szko\u0142y w&nbsp;S\u0142\u0119bowie.<\/p>\n<p><strong>D\u0105b z&nbsp;Lasu Ku\u017anickiego, Wroc\u0142aw (woj. dolno\u015bl\u0105skie) &#8211; <\/strong>drzewo jest dum\u0105 mieszka\u0144c\u00f3w i&nbsp;znakiem rozpoznawczym osiedla Ku\u017aniki. Dzieci z&nbsp;osiedlowych przedszkoli i&nbsp;szk\u00f3\u0142 odwiedzaj\u0105 je&nbsp;podczas wycieczek przyrodniczych. Po&nbsp;aktach wandalizmu jakie mia\u0142y miejsce w&nbsp;lesie, mieszka\u0144cy postanowili chroni\u0107 drzewo i podj\u0119li szereg dzia\u0142a\u0144 maj\u0105cych na celu obj\u0119cie go ochron\u0105 pomnikow\u0105.<\/p>\n<p><strong>Sosna na&nbsp;szczud\u0142ach w We\u0142eczu (gm. Busko-Zdr\u00f3j, woj.&nbsp;\u015bwi\u0119tokrzyskie) &#8211; <\/strong>nazywana jest tak\u017ce \u201esosn\u0105 krocz\u0105c\u0105\u201d. Jej pie\u0144 wyrasta ok. 3 metr\u00f3w nad&nbsp;ziemi\u0105, wsparty na&nbsp;\u201eszczud\u0142ach\u201d z&nbsp;korzeni, pod&nbsp;kt\u00f3rymi mo\u017ce si\u0119 zmie\u015bci\u0107 nawet kilka os\u00f3b Ro\u015bnie w&nbsp;Miejscu Pami\u0119ci Narodowej. To&nbsp;tutaj na&nbsp;terenie by\u0142ej piaskowni hitlerowcy w&nbsp;czasie II&nbsp;wojny \u015bwiatowej dokonywali masowych egzekucji, rozstrzelano tu&nbsp;ponad 200 Polak\u00f3w.<\/p>\n<p><strong>Brzoza Jadwiga w Zawadach Oleckich (gm. Kowale Oleckie, woj.&nbsp;warmi\u0144sko-mazurskie) \u2013 <\/strong>100-letnia brzoza to ulubione drzewo Pani Anny, kt\u00f3ra stara si\u0119 o obj\u0119cie jej ochron\u0105 pomnikow\u0105. A&nbsp;Tak&nbsp;o&nbsp;Jadwidze pisze dr&nbsp;hab. Jakub Dolatowski, wsp\u00f3\u0142autor monumentalnego podr\u0119cznika Dendrologia: \u201e\u2026 jedna z&nbsp;wi\u0119kszych w&nbsp;Polsce brz\u00f3z [\u2026], druga (!) pod&nbsp;wzgl\u0119dem grubo\u015bci w&nbsp;naszym kraju wedle aktualnego Rejestru Polskich Drzew Pomnikowych\u201d.<\/p>\n<p><strong>D\u0105b Brwinos\u0142aw w Brwinowie (gm. Brwin\u00f3w, woj.&nbsp;mazowieckie) \u2013 <\/strong>340 \u2013letni okaza\u0142y d\u0105b szypu\u0142kowy jest najstarszym drzewem na&nbsp;terenie gminy Brwin\u00f3w, si\u0119gaj\u0105cym czas\u00f3w kr\u00f3la Jana III Sobieskiego. Od&nbsp;pokole\u0144 jest \u015bwiadkiem wa\u017cnych wydarze\u0144 dla lokalnej spo\u0142eczno\u015bci i&nbsp;\u0142\u0105cznikiem mi\u0119dzy przesz\u0142o\u015bci\u0105 a&nbsp;tera\u017aniejszo\u015bci\u0105. Jego li\u015bcie znajduj\u0105 si\u0119 w&nbsp;herbie gminy.<\/p>\n<p><strong>GreenCis w Bydgoszczy (woj.&nbsp;kujawsko-pomorskie) \u2013 <\/strong>100-letni cis ro\u015bnie w&nbsp;ogrodzie przedszkola. Z&nbsp;tej&nbsp;okazji najm\u0142odsi nadali mu&nbsp;oryginalne imi\u0119, kt\u00f3re \u0142\u0105czy si\u0119 z&nbsp;nazw\u0105 plac\u00f3wki. Drzewo jest tematem wielu zaj\u0119\u0107 dla przedszkolak\u00f3w. Pod&nbsp;jego koron\u0105 odbywaj\u0105 si\u0119 festyny rodzinne, konkursy ekologiczne i&nbsp;obchody \u015awi\u0119ta Drzewa.<br \/>\n<strong><br \/>\nD\u0105b Powsta\u0144c\u00f3w w Murawinie k\/Szczecna (gm. Daleszyce, woj.&nbsp;\u015bwi\u0119tokrzyskie) &#8211; <\/strong>z&nbsp;d\u0119bem zwi\u0105zana jest legenda wg. kt\u00f3rej&nbsp;zostali pod&nbsp;nim pochowani czterej powsta\u0144cy z&nbsp;1863 r., kt\u00f3rzy&nbsp;brali udzia\u0142 w&nbsp;potyczce w&nbsp;pobliskich Ujnach. 200 metr\u00f3w od&nbsp;drzewa znajduje si\u0119 obelisk upami\u0119tniaj\u0105cy stoczon\u0105 nieopodal inn\u0105 bitw\u0119 Powstania 1863 r. pod&nbsp;Hut\u0105 Szczece\u0144sk\u0105, kt\u00f3ra&nbsp;by\u0142a jedn\u0105 z&nbsp;wi\u0119kszych, zwyci\u0119skich bitew ko\u0144cowej fazy Powstania Styczniowego.<\/p>\n<p><strong>Lipa S\u0142awa w Porszewicach (gm. Pabianice, woj.&nbsp;\u0142\u00f3dzki) &#8211; <\/strong>ro\u015bnie w&nbsp;samym sercu Parku Wiejskiego Porszewice, kt\u00f3ry&nbsp;jest najwi\u0119kszym w&nbsp;wojew\u00f3dztwie \u0142\u00f3dzkim parkiem wiejskim. Od&nbsp;dw\u00f3ch lat mieszka\u0144cy podejmuj\u0105 r\u00f3\u017cnorodne dzia\u0142ania na&nbsp;rzecz ochrony tego zapomnianego i&nbsp;zagro\u017conego wp\u0142ywem bezwzgl\u0119dnego biznesu miejsca, m.in.&nbsp;staraj\u0105 si\u0119 przedstawi\u0107 \u015bwiatu histori\u0119 i&nbsp;pi\u0119kno parku, a S\u0142awa sta\u0142a si\u0119 jednym z&nbsp;jego symboli.<\/p>\n<p><strong>D\u0105b Syryusz w Bystrej Podhala\u0144skiej (gm. Bystra -Sidzina, woj.&nbsp;ma\u0142opolskie) \u2013 <\/strong>z d\u0119bem zwi\u0105zana jest mi\u0142osna legenda o prostej dziewczynie Karolci i m\u0142odym paniczu, kt\u00f3ry pojecha\u0142 na wojn\u0119 i zostawi\u0142 swojej ukochanej owoc d\u0119bu. Karolcia czeka\u0142a na swojego ukochanego, jednak panicz ju\u017c nigdy si\u0119 nie pojawi\u0142. &nbsp;W rozpaczy, zakopa\u0142a \u017co\u0142\u0119dzia z kt\u00f3rego wyros\u0142o pi\u0119kne drzewo. Po dzie\u0144 dzisiejszy pod d\u0119bem spotyka\u0107 mo\u017cna pary zakochanych, kt\u00f3re wierz\u0105, \u017ce moc p\u0142yn\u0105ca z d\u0119bu zapewni ich zwi\u0105zkom mi\u0142o\u015b\u0107 i wierno\u015b\u0107.<\/p>\n<p><strong>Cis Donnersmarcka w Kaletach (gm. Kalety, woj.&nbsp;\u015bl\u0105skie) \u2013 <\/strong>600-letni cis otrzyma\u0142 swoje imi\u0119 na&nbsp;cze\u015b\u0107 dawnego w\u0142a\u015bciciela las\u00f3w \u015bwierklanieckich, rodu Donnersmarck\u00f3w, kt\u00f3rzy&nbsp;zadbali o&nbsp;drzewo ju\u017c ponad 100 lat temu. W&nbsp;1930 roku cis zosta\u0142 obj\u0119ty ochron\u0105 prawn\u0105. Obecnie w\u0142odarze miasta staraj\u0105 si\u0119 ponownie przywr\u00f3ci\u0107 jego znaczenie w&nbsp;lokalnej turystyce. Wok\u00f3\u0142 Cisa zosta\u0142a utworzona \u015bcie\u017cka edukacyjna, a jego wizerunek zosta\u0142 wprowadzony na&nbsp;Znaczek Turystyczny.<\/p>\n<p><strong>D\u0119by Adam i&nbsp;Ewa w Olsztynie (woj.&nbsp;warmi\u0144sko-mazurskie) \u2013 <\/strong>d\u0119by rosn\u0105 na&nbsp;skraju Olsztyna, w&nbsp;pobli\u017cu Lasu Miejskiego na&nbsp;Nied\u017awiedziu. Od&nbsp;dw\u00f3ch lat mieszka\u0144cy podejmuj\u0105 r\u00f3\u017cnorodne dzia\u0142ania, aby ochroni\u0107 d\u0119by i&nbsp;teren wok\u00f3\u0142 nich, m.in.&nbsp;zbieraj\u0105 podpisy poparcia dla inicjatywy ustanowienia ich pomnikami przyrody, zlecaj\u0105 ekspertyzy dendrologiczne, ustanawiaj\u0105 \u015awi\u0119to Nied\u017awiedzia, kt\u00f3re obchodzone jest co&nbsp;roku 10 maja. Wierz\u0105, \u017ce&nbsp;uda im&nbsp;si\u0119 ocali\u0107 te&nbsp;pi\u0119kne drzewa dla przysz\u0142ych pokole\u0144.<br \/>\n<strong><br \/>\nD\u0105b Franek w Sroczewie (gm. Ksi\u0105\u017c Wielkopolski, woj.&nbsp;wielkopolskie) &nbsp;\u2013 <\/strong>to najokazalszy z \u201eD\u0119b\u00f3w sroczewskich\u201d&nbsp; rosn\u0105cych nad&nbsp;brzegiem rzeki Warty, na&nbsp;obszarze Natura 2000 Ostoja Rogali\u0144ska. Swoje imi\u0119 otrzyma\u0142 na cze\u015b\u0107&nbsp;ksi\u0119dza Franciszka Ksawerego Hubnera, kt\u00f3ry podj\u0105\u0142 my\u015bl zorganizowania czytelnictwa ludowego, co przyczyni\u0142o si\u0119 do powstania ju\u017c w&nbsp;1843 r. biblioteki publicznej w&nbsp;Ksi\u0105\u017cu Wlkp.<\/p>\n<p><a href=\"https:\/\/drzeworoku.pl\/\">ZAG\u0141OSUJ NA DRZEWO ROKU 2023 &gt;&gt;&gt;<\/a><\/p>\n<p>Konkurs Drzewo Roku Klubu Gaja ma na celu promowanie postawy szacunku dla przyrody oraz wyszukanie przyk\u0142ad\u00f3w ciekawych i trwa\u0142ych zwi\u0105zk\u00f3w pomi\u0119dzy kultur\u0105 i histori\u0105 lokalnej spo\u0142eczno\u015bci, a drzewem, kt\u00f3re jest przez ni\u0105 szczeg\u00f3lnie doceniane. W konkursie nie szukamy drzew najstarszych, najwy\u017cszych, najgrubszych, najpi\u0119kniejszych ani najrzadszych. Szukamy drzewa najbardziej kochanego, drzewa z opowie\u015bci\u0105, drzewa, kt\u00f3re pobudza wyobra\u017ani\u0119 i jednoczy ludzi.<\/p>\n<p>Drzewa daj\u0105 tlen, przeciwdzia\u0142aj\u0105 zmianom klimatu, s\u0105 wa\u017cne dla ochrony r\u00f3\u017cnorodno\u015bci biologicznej oraz \u017cycia miliard\u00f3w ludzi i zwierz\u0105t na Ziemi. Drzewa s\u0105 cz\u0119\u015bci\u0105 naszego dziedzictwa narodowego, dlatego powinni\u015bmy je chroni\u0107 dla przysz\u0142ych pokole\u0144. Je\u015bli nie jest Ci oboj\u0119tny los drzew, pom\u00f3\u017c nam je sadzi\u0107, chroni\u0107 i opiekowa\u0107 si\u0119 nimi.<\/p>\n<p>Przeka\u017c darowizn\u0119 Klubowi Gaja \u2013 nr konta:&nbsp;<strong>90 2030 0045 1110 0000 0067 3120<\/strong><br \/>\nMo\u017cesz te\u017c przekaza\u0107 1% Swojego podatku Klubowi Gaja \u2013<strong>&nbsp;KRS 000012006<\/strong><\/p>\n<p>&nbsp;<\/p>\n","protected":false},"excerpt":{"rendered":"<p>Jeszcze tylko do ko\u0144ca czerwca do p\u00f3\u0142nocy mo\u017cna oddawa\u0107 g\u0142osy w konkursie Klubu Gaja Drzewo Roku 2023. W plebiscycie bierze udzia\u0142 16 najciekawszych drzew z ca\u0142ej Polski, wybranych do fina\u0142u przez jury konkursowe. To drzewa szczeg\u00f3lnie doceniane i lubiane przez spo\u0142eczno\u015bci lokalne, a tak\u017ce wa\u017cne elementy naszego dziedzictwa przyrodniczego i kulturowego, kt\u00f3re powinni\u015bmy chroni\u0107 i [&hellip;]<\/p>\n","protected":false},"author":3,"featured_media":14786,"comment_status":"closed","ping_status":"closed","sticky":false,"template":"","format":"standard","meta":{"ngg_post_thumbnail":0},"categories":[24],"tags":[],"_links":{"self":[{"href":"https:\/\/archiwum.swietodrzewa.pl\/index.php?rest_route=\/wp\/v2\/posts\/15008"}],"collection":[{"href":"https:\/\/archiwum.swietodrzewa.pl\/index.php?rest_route=\/wp\/v2\/posts"}],"about":[{"href":"https:\/\/archiwum.swietodrzewa.pl\/index.php?rest_route=\/wp\/v2\/types\/post"}],"author":[{"embeddable":true,"href":"https:\/\/archiwum.swietodrzewa.pl\/index.php?rest_route=\/wp\/v2\/users\/3"}],"replies":[{"embeddable":true,"href":"https:\/\/archiwum.swietodrzewa.pl\/index.php?rest_route=%2Fwp%2Fv2%2Fcomments&post=15008"}],"version-history":[{"count":2,"href":"https:\/\/archiwum.swietodrzewa.pl\/index.php?rest_route=\/wp\/v2\/posts\/15008\/revisions"}],"predecessor-version":[{"id":15010,"href":"https:\/\/archiwum.swietodrzewa.pl\/index.php?rest_route=\/wp\/v2\/posts\/15008\/revisions\/15010"}],"wp:featuredmedia":[{"embeddable":true,"href":"https:\/\/archiwum.swietodrzewa.pl\/index.php?rest_route=\/wp\/v2\/media\/14786"}],"wp:attachment":[{"href":"https:\/\/archiwum.swietodrzewa.pl\/index.php?rest_route=%2Fwp%2Fv2%2Fmedia&parent=15008"}],"wp:term":[{"taxonomy":"category","embeddable":true,"href":"https:\/\/archiwum.swietodrzewa.pl\/index.php?rest_route=%2Fwp%2Fv2%2Fcategories&post=15008"},{"taxonomy":"post_tag","embeddable":true,"href":"https:\/\/archiwum.swietodrzewa.pl\/index.php?rest_route=%2Fwp%2Fv2%2Ftags&post=15008"}],"curies":[{"name":"wp","href":"https:\/\/api.w.org\/{rel}","templated":true}]}}