{"id":15229,"date":"2023-10-10T20:30:05","date_gmt":"2023-10-10T18:30:05","guid":{"rendered":"https:\/\/swietodrzewa.pl\/?p=15229"},"modified":"2023-10-10T21:00:56","modified_gmt":"2023-10-10T19:00:56","slug":"szalasy-i-haiku-w-tajemniczym-ogrodzie","status":"publish","type":"post","link":"https:\/\/archiwum.swietodrzewa.pl\/?p=15229","title":{"rendered":"Sza\u0142asy i haiku w Tajemniczym Ogrodzie"},"content":{"rendered":"<p><strong>Podczas tegorocznego \u015awi\u0119ta Drzewa w Bielsku-Bia\u0142ej, w Tajemniczym Ogrodzie, pojawi\u0142y si\u0119 stworzone przez m\u0142odzie\u017c rze\u017aby<\/strong><strong>, kt\u00f3rych inspiracj\u0105 by\u0142 kontekst kulturowy i&nbsp;historyczny miejsca,<\/strong> <strong>a w\u015br\u00f3d g\u0105szczu drzew mo\u017cna by\u0142o odkry\u0107 haiku \u2013 wiersze japo\u0144skie, nawi\u0105zuj\u0105ce do jesieni. Warsztaty land artu \u201eSza\u0142asy\u201d prowadzi\u0142 artysta Dariusz Fodczuk, a spacer z czytaniem performatywnym haiku \u201e\u015acie\u017cka wiersza\u201d Jacek Bo\u017cek. Uczniowie i uczennice z bielskich szk\u00f3\u0142 uczestniczyli tak\u017ce praktycznych zaj\u0119ciach o pszczo\u0142ach, ptakach i czyszczeniu budek l\u0119gowych, kt\u00f3re prowadzili edukatorzy\/ki Klubu Gaja. <\/strong><!--more--><\/p>\n<p>W \u015awi\u0119cie Drzewa w Tajemniczym Ogrodzie, kt\u00f3re odby\u0142o si\u0119 4 pa\u017adziernika, uczestniczy\u0142a m\u0142odzie\u017c <strong>z<\/strong> Zespo\u0142u Szk\u00f3\u0142 Medycznych i Og\u00f3lnokszta\u0142c\u0105cych oraz Szko\u0142y Podstawowej nr 27, kt\u00f3re od kilku lat wsp\u00f3\u0142pracuj\u0105 z Klubem Gaja i anga\u017cuj\u0105 si\u0119 w opiek\u0119 nad ogrodem. Po oficjalnym rozpocz\u0119ciu, Klub Gaja zaprosi\u0142 uczni\u00f3w i go\u015bci m.in. Dorot\u0119 Wiewi\u00f3r\u0119 \u2013 &nbsp;&nbsp;przewodnicz\u0105c\u0105 Gminy Wyznaniowej \u017bydowskiej w Bielsku-Bia\u0142ej, Jaros\u0142awa Klimaszewskiego &#8211; Prezydenta Miasta Bielska-Bia\u0142ej, Adama Ru\u015bniaka \u2013 Z-ca Prezydenta Miasta Bielska-Bia\u0142ej, przedstawicieli Urz\u0119du Miasta Bielska-Bia\u0142ej, Micha\u0142a Sztander\u0119 \u2013 Nadle\u015bniczego Nadle\u015bnictwa Bielsko, obro\u0144c\u00f3w drzew z Rybnika do wyrywania rdestowca ostroko\u0144czystego \u2013 ro\u015bliny, kt\u00f3ra jest zagro\u017ceniem dla przyrody Tajemniczego Ogrodu.<\/p>\n<p><strong>Jaros\u0142aw Klimaszewski<\/strong>, Prezydent Miasta Bielska-Bia\u0142ej, m\u00f3wi\u0142 \u2013\u201eTo wspania\u0142a tradycja,&nbsp; \u017ce w \u015awi\u0119to Drzewa spotykamy si\u0119 po raz kolejny w Tajemniczym Ogrodzie. Chcemy da\u0107 silny przekaz \u2013 Planet\u0119 mamy jedn\u0105, nie mamy gdzie uciec i trzeba o ni\u0105 dba\u0107. M\u00f3wi si\u0119 o tym od wielu lat ale efekty nie s\u0105 zadawalaj\u0105ce. Na pewno nie jest tak, \u017ce nic si\u0119 nie dzieje. Nawet na poziomie globalnym, trzeba zaczyna\u0107 od w\u0142asnego miasta, domu czy ogrodu. Dzisiaj, nie b\u0119dziemy sadzi\u0107 drzew, ale rwa\u0107 rdest, kt\u00f3ry jest niebezpieczny dla tego miejsca. Ciesz\u0119 si\u0119, \u017ce tylu Was przysz\u0142o! Dzi\u0119kuj\u0119 m\u0142odzie\u017cy za wsparcie\u201d.<\/p>\n<p>\n<div class=\"ngg-galleryoverview ngg-slideshow\"\n\tid=\"ngg-slideshow-dc69cde3399e869db5623c2aa5c1150f-13808922940\"\n\tdata-gallery-id=\"dc69cde3399e869db5623c2aa5c1150f\"\n\tstyle=\"max-width: 600px;\n\t\t\tmax-height: 450px;\n\t\t\tdisplay: none;\">\n\n\t\n\t\t<a href=\"https:\/\/archiwum.swietodrzewa.pl\/wp-content\/gallery\/bb\/387114817_700178855473638_1563423684724550226_n.jpeg\"\n\t\t\ttitle=\"\"\n\t\t\tdata-src=\"https:\/\/archiwum.swietodrzewa.pl\/wp-content\/gallery\/bb\/387114817_700178855473638_1563423684724550226_n.jpeg\"\n\t\t\tdata-thumbnail=\"https:\/\/archiwum.swietodrzewa.pl\/wp-content\/gallery\/bb\/thumbs\/thumbs_387114817_700178855473638_1563423684724550226_n.jpeg\"\n\t\t\tdata-image-id=\"2527\"\n\t\t\tdata-title=\"387114817_700178855473638_1563423684724550226_n\"\n\t\t\tdata-description=\"\"\n\t\t\tclass=\"shutterset_dc69cde3399e869db5623c2aa5c1150f\">\n\n\t\t\t<img data-image-id='2527'\n\t\t\t\ttitle=\"\"\n\t\t\t\talt=\"387114817_700178855473638_1563423684724550226_n\"\n\t\t\t\tsrc=\"https:\/\/archiwum.swietodrzewa.pl\/wp-content\/gallery\/bb\/387114817_700178855473638_1563423684724550226_n.jpeg\"\n\t\t\t\tstyle=\"max-height: 430px;\"\/>\n\t\t<\/a>\n\n\t\t\n\t\t<a href=\"https:\/\/archiwum.swietodrzewa.pl\/wp-content\/gallery\/bb\/387124353_700182045473319_190384178055436094_n.jpeg\"\n\t\t\ttitle=\"\"\n\t\t\tdata-src=\"https:\/\/archiwum.swietodrzewa.pl\/wp-content\/gallery\/bb\/387124353_700182045473319_190384178055436094_n.jpeg\"\n\t\t\tdata-thumbnail=\"https:\/\/archiwum.swietodrzewa.pl\/wp-content\/gallery\/bb\/thumbs\/thumbs_387124353_700182045473319_190384178055436094_n.jpeg\"\n\t\t\tdata-image-id=\"2528\"\n\t\t\tdata-title=\"387124353_700182045473319_190384178055436094_n\"\n\t\t\tdata-description=\"\"\n\t\t\tclass=\"shutterset_dc69cde3399e869db5623c2aa5c1150f\">\n\n\t\t\t<img data-image-id='2528'\n\t\t\t\ttitle=\"\"\n\t\t\t\talt=\"387124353_700182045473319_190384178055436094_n\"\n\t\t\t\tsrc=\"https:\/\/archiwum.swietodrzewa.pl\/wp-content\/gallery\/bb\/387124353_700182045473319_190384178055436094_n.jpeg\"\n\t\t\t\tstyle=\"max-height: 430px;\"\/>\n\t\t<\/a>\n\n\t\t\n\t\t<a href=\"https:\/\/archiwum.swietodrzewa.pl\/wp-content\/gallery\/bb\/387126063_700179875473536_5746497426711785012_n.jpeg\"\n\t\t\ttitle=\"\"\n\t\t\tdata-src=\"https:\/\/archiwum.swietodrzewa.pl\/wp-content\/gallery\/bb\/387126063_700179875473536_5746497426711785012_n.jpeg\"\n\t\t\tdata-thumbnail=\"https:\/\/archiwum.swietodrzewa.pl\/wp-content\/gallery\/bb\/thumbs\/thumbs_387126063_700179875473536_5746497426711785012_n.jpeg\"\n\t\t\tdata-image-id=\"2529\"\n\t\t\tdata-title=\"387126063_700179875473536_5746497426711785012_n\"\n\t\t\tdata-description=\"\"\n\t\t\tclass=\"shutterset_dc69cde3399e869db5623c2aa5c1150f\">\n\n\t\t\t<img data-image-id='2529'\n\t\t\t\ttitle=\"\"\n\t\t\t\talt=\"387126063_700179875473536_5746497426711785012_n\"\n\t\t\t\tsrc=\"https:\/\/archiwum.swietodrzewa.pl\/wp-content\/gallery\/bb\/387126063_700179875473536_5746497426711785012_n.jpeg\"\n\t\t\t\tstyle=\"max-height: 430px;\"\/>\n\t\t<\/a>\n\n\t\t\n\t\t<a href=\"https:\/\/archiwum.swietodrzewa.pl\/wp-content\/gallery\/bb\/386500048_700180178806839_4690573412471166644_n.jpeg\"\n\t\t\ttitle=\"\"\n\t\t\tdata-src=\"https:\/\/archiwum.swietodrzewa.pl\/wp-content\/gallery\/bb\/386500048_700180178806839_4690573412471166644_n.jpeg\"\n\t\t\tdata-thumbnail=\"https:\/\/archiwum.swietodrzewa.pl\/wp-content\/gallery\/bb\/thumbs\/thumbs_386500048_700180178806839_4690573412471166644_n.jpeg\"\n\t\t\tdata-image-id=\"2530\"\n\t\t\tdata-title=\"386500048_700180178806839_4690573412471166644_n\"\n\t\t\tdata-description=\"\"\n\t\t\tclass=\"shutterset_dc69cde3399e869db5623c2aa5c1150f\">\n\n\t\t\t<img data-image-id='2530'\n\t\t\t\ttitle=\"\"\n\t\t\t\talt=\"386500048_700180178806839_4690573412471166644_n\"\n\t\t\t\tsrc=\"https:\/\/archiwum.swietodrzewa.pl\/wp-content\/gallery\/bb\/386500048_700180178806839_4690573412471166644_n.jpeg\"\n\t\t\t\tstyle=\"max-height: 430px;\"\/>\n\t\t<\/a>\n\n\t\t\n\t\t<a href=\"https:\/\/archiwum.swietodrzewa.pl\/wp-content\/gallery\/bb\/386651346_700180845473439_6060447247493635555_n.jpeg\"\n\t\t\ttitle=\"\"\n\t\t\tdata-src=\"https:\/\/archiwum.swietodrzewa.pl\/wp-content\/gallery\/bb\/386651346_700180845473439_6060447247493635555_n.jpeg\"\n\t\t\tdata-thumbnail=\"https:\/\/archiwum.swietodrzewa.pl\/wp-content\/gallery\/bb\/thumbs\/thumbs_386651346_700180845473439_6060447247493635555_n.jpeg\"\n\t\t\tdata-image-id=\"2531\"\n\t\t\tdata-title=\"386651346_700180845473439_6060447247493635555_n\"\n\t\t\tdata-description=\"\"\n\t\t\tclass=\"shutterset_dc69cde3399e869db5623c2aa5c1150f\">\n\n\t\t\t<img data-image-id='2531'\n\t\t\t\ttitle=\"\"\n\t\t\t\talt=\"386651346_700180845473439_6060447247493635555_n\"\n\t\t\t\tsrc=\"https:\/\/archiwum.swietodrzewa.pl\/wp-content\/gallery\/bb\/386651346_700180845473439_6060447247493635555_n.jpeg\"\n\t\t\t\tstyle=\"max-height: 430px;\"\/>\n\t\t<\/a>\n\n\t\t\n\t\t<a href=\"https:\/\/archiwum.swietodrzewa.pl\/wp-content\/gallery\/bb\/386627623_700179282140262_3266638665390785973_n.jpeg\"\n\t\t\ttitle=\"\"\n\t\t\tdata-src=\"https:\/\/archiwum.swietodrzewa.pl\/wp-content\/gallery\/bb\/386627623_700179282140262_3266638665390785973_n.jpeg\"\n\t\t\tdata-thumbnail=\"https:\/\/archiwum.swietodrzewa.pl\/wp-content\/gallery\/bb\/thumbs\/thumbs_386627623_700179282140262_3266638665390785973_n.jpeg\"\n\t\t\tdata-image-id=\"2532\"\n\t\t\tdata-title=\"386627623_700179282140262_3266638665390785973_n\"\n\t\t\tdata-description=\"\"\n\t\t\tclass=\"shutterset_dc69cde3399e869db5623c2aa5c1150f\">\n\n\t\t\t<img data-image-id='2532'\n\t\t\t\ttitle=\"\"\n\t\t\t\talt=\"386627623_700179282140262_3266638665390785973_n\"\n\t\t\t\tsrc=\"https:\/\/archiwum.swietodrzewa.pl\/wp-content\/gallery\/bb\/386627623_700179282140262_3266638665390785973_n.jpeg\"\n\t\t\t\tstyle=\"max-height: 430px;\"\/>\n\t\t<\/a>\n\n\t\t\n\t\t<a href=\"https:\/\/archiwum.swietodrzewa.pl\/wp-content\/gallery\/bb\/387175217_700179052140285_7481000792787850421_n.jpeg\"\n\t\t\ttitle=\"\"\n\t\t\tdata-src=\"https:\/\/archiwum.swietodrzewa.pl\/wp-content\/gallery\/bb\/387175217_700179052140285_7481000792787850421_n.jpeg\"\n\t\t\tdata-thumbnail=\"https:\/\/archiwum.swietodrzewa.pl\/wp-content\/gallery\/bb\/thumbs\/thumbs_387175217_700179052140285_7481000792787850421_n.jpeg\"\n\t\t\tdata-image-id=\"2533\"\n\t\t\tdata-title=\"387175217_700179052140285_7481000792787850421_n\"\n\t\t\tdata-description=\"\"\n\t\t\tclass=\"shutterset_dc69cde3399e869db5623c2aa5c1150f\">\n\n\t\t\t<img data-image-id='2533'\n\t\t\t\ttitle=\"\"\n\t\t\t\talt=\"387175217_700179052140285_7481000792787850421_n\"\n\t\t\t\tsrc=\"https:\/\/archiwum.swietodrzewa.pl\/wp-content\/gallery\/bb\/387175217_700179052140285_7481000792787850421_n.jpeg\"\n\t\t\t\tstyle=\"max-height: 430px;\"\/>\n\t\t<\/a>\n\n\t\t\n\t\t<a href=\"https:\/\/archiwum.swietodrzewa.pl\/wp-content\/gallery\/bb\/387230705_700181422140048_108914555708888326_n.jpeg\"\n\t\t\ttitle=\"\"\n\t\t\tdata-src=\"https:\/\/archiwum.swietodrzewa.pl\/wp-content\/gallery\/bb\/387230705_700181422140048_108914555708888326_n.jpeg\"\n\t\t\tdata-thumbnail=\"https:\/\/archiwum.swietodrzewa.pl\/wp-content\/gallery\/bb\/thumbs\/thumbs_387230705_700181422140048_108914555708888326_n.jpeg\"\n\t\t\tdata-image-id=\"2534\"\n\t\t\tdata-title=\"387230705_700181422140048_108914555708888326_n\"\n\t\t\tdata-description=\"\"\n\t\t\tclass=\"shutterset_dc69cde3399e869db5623c2aa5c1150f\">\n\n\t\t\t<img data-image-id='2534'\n\t\t\t\ttitle=\"\"\n\t\t\t\talt=\"387230705_700181422140048_108914555708888326_n\"\n\t\t\t\tsrc=\"https:\/\/archiwum.swietodrzewa.pl\/wp-content\/gallery\/bb\/387230705_700181422140048_108914555708888326_n.jpeg\"\n\t\t\t\tstyle=\"max-height: 430px;\"\/>\n\t\t<\/a>\n\n\t\t\n\t\t<a href=\"https:\/\/archiwum.swietodrzewa.pl\/wp-content\/gallery\/bb\/387741965_700178842140306_6912190944451468933_n.jpeg\"\n\t\t\ttitle=\"\"\n\t\t\tdata-src=\"https:\/\/archiwum.swietodrzewa.pl\/wp-content\/gallery\/bb\/387741965_700178842140306_6912190944451468933_n.jpeg\"\n\t\t\tdata-thumbnail=\"https:\/\/archiwum.swietodrzewa.pl\/wp-content\/gallery\/bb\/thumbs\/thumbs_387741965_700178842140306_6912190944451468933_n.jpeg\"\n\t\t\tdata-image-id=\"2535\"\n\t\t\tdata-title=\"387741965_700178842140306_6912190944451468933_n\"\n\t\t\tdata-description=\"\"\n\t\t\tclass=\"shutterset_dc69cde3399e869db5623c2aa5c1150f\">\n\n\t\t\t<img data-image-id='2535'\n\t\t\t\ttitle=\"\"\n\t\t\t\talt=\"387741965_700178842140306_6912190944451468933_n\"\n\t\t\t\tsrc=\"https:\/\/archiwum.swietodrzewa.pl\/wp-content\/gallery\/bb\/387741965_700178842140306_6912190944451468933_n.jpeg\"\n\t\t\t\tstyle=\"max-height: 430px;\"\/>\n\t\t<\/a>\n\n\t\t\n\t\t<a href=\"https:\/\/archiwum.swietodrzewa.pl\/wp-content\/gallery\/bb\/387827757_700183632139827_6829491375874901658_n.jpeg\"\n\t\t\ttitle=\"\"\n\t\t\tdata-src=\"https:\/\/archiwum.swietodrzewa.pl\/wp-content\/gallery\/bb\/387827757_700183632139827_6829491375874901658_n.jpeg\"\n\t\t\tdata-thumbnail=\"https:\/\/archiwum.swietodrzewa.pl\/wp-content\/gallery\/bb\/thumbs\/thumbs_387827757_700183632139827_6829491375874901658_n.jpeg\"\n\t\t\tdata-image-id=\"2536\"\n\t\t\tdata-title=\"387827757_700183632139827_6829491375874901658_n\"\n\t\t\tdata-description=\"\"\n\t\t\tclass=\"shutterset_dc69cde3399e869db5623c2aa5c1150f\">\n\n\t\t\t<img data-image-id='2536'\n\t\t\t\ttitle=\"\"\n\t\t\t\talt=\"387827757_700183632139827_6829491375874901658_n\"\n\t\t\t\tsrc=\"https:\/\/archiwum.swietodrzewa.pl\/wp-content\/gallery\/bb\/387827757_700183632139827_6829491375874901658_n.jpeg\"\n\t\t\t\tstyle=\"max-height: 430px;\"\/>\n\t\t<\/a>\n\n\t\t<\/div>\n\n\n<strong>Dorota Wiewi\u00f3ra<\/strong>, przewodnicz\u0105ca Gminy Wyznaniowej \u017bydowskiej w Bielsku-Bia\u0142ej, doda\u0142a &nbsp;\u2013 \u201e\u015awietnie mie\u0107 pomys\u0142! Jednak do realizacji&nbsp; potrzeba wsp\u00f3\u0142pracy wielu, wielu podmiot\u00f3w i jednostek, i przede wszystkim dobrej woli. My\u015bl\u0119, \u017ce ekologia jest tu i teraz. W centrum miasta mamy zielone p\u0142uca, kt\u00f3re nie mogliby\u015bmy udost\u0119pnia\u0107 bez wsp\u00f3\u0142pracy. Wielkie podzi\u0119kowania dla Klubu Gaja, Pana Prezydenta i Naczelnik\u00f3w i Pracownik\u00f3w Wydzia\u0142\u00f3w Urz\u0119du Miasta, kt\u00f3re zaanga\u017cowa\u0142y si\u0119 w ten projekt\u201d.<\/p>\n<p>Podczas warsztat\u00f3w \u201eSza\u0142asy\u201d, Dariusz Fodczuk, artysta i dziekan Wydzia\u0142u Sztuki Medi\u00f3w Akademii Sztuk w&nbsp;Szczecinie, pracowa\u0142 z m\u0142odzie\u017c\u0105, kt\u00f3ra wsp\u00f3lnie tworzy\u0142a obiekty \u2013 rze\u017aby nawi\u0105zuj\u0105ce do tematu sza\u0142as\u00f3w. M\u0142odzie\u017c &nbsp;pracowa\u0142a nad r\u00f3\u017cnymi koncepcjami &nbsp;\u2013 pierwszy sza\u0142as powsta\u0142 z suchych ga\u0142\u0119zi i mia\u0142 widoczn\u0105 konstrukcj\u0119, drugi stopi\u0142 si\u0119 z otoczeniem i znikn\u0105\u0142 w naturze. Trzecia grupa stworzy\u0142a sfer\u0119 sza\u0142asu bez sza\u0142asu, kt\u00f3ra jak w\u0105\u017c wi\u0142a si\u0119 pomi\u0119dzy drzewami tworz\u0105c dom dla ma\u0142ych \u017cyj\u0105cych form. Na ko\u0144cu powsta\u0142 najbardziej dziwny sza\u0142as z trzech patyk\u00f3w zawieszonych w przestrzeni. Darek Fodczuk nazwa\u0142 go sza\u0142asem haiku \u2013 czyst\u0105 i prost\u0105 form\u0105, nawi\u0105zuj\u0105c do dzia\u0142ania tu\u017c obok,&nbsp; przestrzeni \u201e\u015acie\u017cki wiersza\u201d.<\/p>\n<p>Jacek Bo\u017cek zaprosi\u0142 m\u0142odzie\u017c i go\u015bci z Rybnika do performatywnego czytania i pisania haiku. Dob\u00f3r poezji &nbsp;\u201e\u015acie\u017cki wiersza\u201d &nbsp;nie by\u0142 przypadkowy. Uczestnicy pracowali z haiku napisanymi jesieni\u0105, z tomiku \u201eHaiku\u201d wydanego przez Ossolineum w t\u0142umaczeniu Agnieszki \u017bu\u0142awskiej-Umedy.<\/p>\n<p>\u201eForma wiersza haiku w swojej prostocie opowie\u015bci jest doskona\u0142ym narz\u0119dziem pomocnym w skupieniu i koncentracji. Wykorzystanie poezji do pracy w przestrzeni Tajemniczego Ogrodu, w kt\u00f3rym opowie\u015b\u0107 miejsca i przyroda sk\u0142aniaj\u0105 do refleksji i zadumy, okaza\u0142o si\u0119 niezwykle inspiruj\u0105ce dla uczestnik\u00f3w. Bardzo wa\u017cne by\u0142o nie tylko czytanie performatywne utwor\u00f3w ale tak\u017ce ich przepisanie, wykonanie w formie kaligrafii intuicyjnej na skrawku bawe\u0142nianej tkaniny. Proces rozwieszania poetyckich obiekt\u00f3w w przestrzeni przyrody i jej naturalnej opowie\u015bci, sta\u0142 si\u0119 dla uczestnik\u00f3w rytua\u0142em spotkania cz\u0142owieka z cisz\u0105, miejscem i wyj\u0105tkowo\u015bci\u0105 chwili. Dzi\u0119kuj\u0119 uczestnikom za wsp\u00f3ln\u0105 mo\u017cliwo\u015b\u0107 wkroczenia w \u015bwiat poezji i sztuki performatywnej&#8221; \u2013 powiedzia\u0142 <strong>Jacek Bo\u017cek,<\/strong> za\u0142o\u017cyciel i szef Klubu Gaja. &nbsp;<\/p>\n<p>Jak co roku, m\u0142odzie\u017c wzi\u0119\u0142a tak\u017ce udzia\u0142 w warsztatach ekologicznych. Poznawa\u0142a zwyczaje i potrzeby pszcz\u00f3\u0142, i tych miodnych i dzikich, ogl\u0105da\u0142a pasiek\u0119 edukacyjn\u0105 Klubu Gaja. Budowano budki l\u0119gowe dla ptak\u00f3w typu A i B i poznawano zasady ich czyszczenia.<\/p>\n<p>\u015awi\u0119to Drzewa w Bielsku-Bia\u0142ej 2023 zosta\u0142o dofinansowane ze \u015brodk\u00f3w Miasta Bielska-Bia\u0142ej, organizowane by\u0142o we wsp\u00f3\u0142pracy z Miastem Bielsko-Bia\u0142a, Gmin\u0105 Wyznaniow\u0105 \u017bydowsk\u0105 w Bielsku-Bia\u0142ej oraz Funduszem Partnerstwa w ramach w&nbsp;ramach Green Print, LLC Program Clean AdvantageTM.<\/p>\n<p><img loading=\"lazy\" class=\" wp-image-15245 alignleft\" src=\"https:\/\/archiwum.swietodrzewa.pl\/wp-content\/uploads\/2023\/10\/B-B-300x221.jpg\" alt=\"\" width=\"135\" height=\"100\" srcset=\"https:\/\/archiwum.swietodrzewa.pl\/wp-content\/uploads\/2023\/10\/B-B-300x221.jpg 300w, https:\/\/archiwum.swietodrzewa.pl\/wp-content\/uploads\/2023\/10\/B-B.jpg 502w\" sizes=\"(max-width: 135px) 100vw, 135px\" \/><\/p>\n<p>&nbsp;<\/p>\n<p><img loading=\"lazy\" class=\"wp-image-15246 alignleft\" src=\"https:\/\/archiwum.swietodrzewa.pl\/wp-content\/uploads\/2023\/10\/Gmina-zydowaka-300x94.jpg\" alt=\"\" width=\"186\" height=\"58\" srcset=\"https:\/\/archiwum.swietodrzewa.pl\/wp-content\/uploads\/2023\/10\/Gmina-zydowaka-300x94.jpg 300w, https:\/\/archiwum.swietodrzewa.pl\/wp-content\/uploads\/2023\/10\/Gmina-zydowaka-1024x322.jpg 1024w, https:\/\/archiwum.swietodrzewa.pl\/wp-content\/uploads\/2023\/10\/Gmina-zydowaka-768x242.jpg 768w, https:\/\/archiwum.swietodrzewa.pl\/wp-content\/uploads\/2023\/10\/Gmina-zydowaka.jpg 1042w\" sizes=\"(max-width: 186px) 100vw, 186px\" \/><a href=\"https:\/\/fundacjadrzewoijutro.org\/\"><strong><img loading=\"lazy\" class=\"wp-image-10768 alignnone \" src=\"https:\/\/klubgaja.pl\/wp-content\/uploads\/2022\/10\/Fundusz-Partnerstwa.jpg\" alt=\"\" width=\"67\" height=\"84\"\/><\/strong><\/a><a href=\"https:\/\/fundacjadrzewoijutro.org\/\"><strong><img loading=\"lazy\" class=\"wp-image-10769 alignnone \" src=\"https:\/\/klubgaja.pl\/wp-content\/uploads\/2022\/10\/Clean-Advantage-300x69.jpg\" sizes=\"(max-width: 174px) 100vw, 174px\" srcset=\"https:\/\/klubgaja.pl\/wp-content\/uploads\/2022\/10\/Clean-Advantage-300x69.jpg 300w, https:\/\/klubgaja.pl\/wp-content\/uploads\/2022\/10\/Clean-Advantage.jpg 322w\" alt=\"\" width=\"127\" height=\"29\"\/><\/strong><\/a><\/p>\n<p>&nbsp;<\/p>\n<p>&nbsp;<\/p>\n<p><a href=\"https:\/\/www.facebook.com\/media\/set\/?vanity=Klub.Gaja&amp;set=a.700183978806459\">ZOBACZ FOTO RELACJ\u0118 NA FB &gt;&gt;&gt;<\/a><\/p>\n<p><a href=\"https:\/\/dziennikzachodni.pl\/bielskobiala-klub-gaja-organizuje-swieto-drzewa-w-tajemniczym-ogrodzie-warsztaty-i-atrakcje\/ar\/c1-17927581\">https:\/\/dziennikzachodni.pl\/bielskobiala-klub-gaja-organizuje-swieto-drzewa-w-tajemniczym-ogrodzie-warsztaty-i-atrakcje\/ar\/c1-17927581<\/a><\/p>\n<p><a href=\"https:\/\/www.bielsko.info\/rozrywka\/36911-w-tajemniczym-ogrodzie-beda-wyrywac-rdestowiec-to-jeden-z-elementow-swieta-drzewa-bielsko-biala\">https:\/\/www.bielsko.info\/rozrywka\/36911-w-tajemniczym-ogrodzie-beda-wyrywac-rdestowiec-to-jeden-z-elementow-swieta-drzewa-bielsko-biala<\/a><\/p>\n<p><a href=\"https:\/\/publicystyka.ngo.pl\/swieto-drzewa-w-bielsku-bialej\">https:\/\/publicystyka.ngo.pl\/swieto-drzewa-w-bielsku-bialej<\/a><\/p>\n<p><a href=\"https:\/\/slaskaopinia.pl\/2023\/10\/05\/swieto-drzewa-w-bielsku-bialej\/\">https:\/\/slaskaopinia.pl\/2023\/10\/05\/swieto-drzewa-w-bielsku-bialej\/<\/a><\/p>\n<p>&nbsp;<\/p>\n","protected":false},"excerpt":{"rendered":"<p>Podczas tegorocznego \u015awi\u0119ta Drzewa w Bielsku-Bia\u0142ej, w Tajemniczym Ogrodzie, pojawi\u0142y si\u0119 stworzone przez m\u0142odzie\u017c rze\u017aby, kt\u00f3rych inspiracj\u0105 by\u0142 kontekst kulturowy i&nbsp;historyczny miejsca, a w\u015br\u00f3d g\u0105szczu drzew mo\u017cna by\u0142o odkry\u0107 haiku \u2013 wiersze japo\u0144skie, nawi\u0105zuj\u0105ce do jesieni. Warsztaty land artu \u201eSza\u0142asy\u201d prowadzi\u0142 artysta Dariusz Fodczuk, a spacer z czytaniem performatywnym haiku \u201e\u015acie\u017cka wiersza\u201d Jacek Bo\u017cek. Uczniowie [&hellip;]<\/p>\n","protected":false},"author":3,"featured_media":15231,"comment_status":"closed","ping_status":"closed","sticky":false,"template":"","format":"standard","meta":{"ngg_post_thumbnail":0},"categories":[17],"tags":[],"_links":{"self":[{"href":"https:\/\/archiwum.swietodrzewa.pl\/index.php?rest_route=\/wp\/v2\/posts\/15229"}],"collection":[{"href":"https:\/\/archiwum.swietodrzewa.pl\/index.php?rest_route=\/wp\/v2\/posts"}],"about":[{"href":"https:\/\/archiwum.swietodrzewa.pl\/index.php?rest_route=\/wp\/v2\/types\/post"}],"author":[{"embeddable":true,"href":"https:\/\/archiwum.swietodrzewa.pl\/index.php?rest_route=\/wp\/v2\/users\/3"}],"replies":[{"embeddable":true,"href":"https:\/\/archiwum.swietodrzewa.pl\/index.php?rest_route=%2Fwp%2Fv2%2Fcomments&post=15229"}],"version-history":[{"count":6,"href":"https:\/\/archiwum.swietodrzewa.pl\/index.php?rest_route=\/wp\/v2\/posts\/15229\/revisions"}],"predecessor-version":[{"id":15249,"href":"https:\/\/archiwum.swietodrzewa.pl\/index.php?rest_route=\/wp\/v2\/posts\/15229\/revisions\/15249"}],"wp:featuredmedia":[{"embeddable":true,"href":"https:\/\/archiwum.swietodrzewa.pl\/index.php?rest_route=\/wp\/v2\/media\/15231"}],"wp:attachment":[{"href":"https:\/\/archiwum.swietodrzewa.pl\/index.php?rest_route=%2Fwp%2Fv2%2Fmedia&parent=15229"}],"wp:term":[{"taxonomy":"category","embeddable":true,"href":"https:\/\/archiwum.swietodrzewa.pl\/index.php?rest_route=%2Fwp%2Fv2%2Fcategories&post=15229"},{"taxonomy":"post_tag","embeddable":true,"href":"https:\/\/archiwum.swietodrzewa.pl\/index.php?rest_route=%2Fwp%2Fv2%2Ftags&post=15229"}],"curies":[{"name":"wp","href":"https:\/\/api.w.org\/{rel}","templated":true}]}}