{"id":1589,"date":"2012-06-18T10:48:39","date_gmt":"2012-06-18T08:48:39","guid":{"rendered":"http:\/\/swietodrzewa.pl\/?p=1589"},"modified":"2012-06-18T10:49:36","modified_gmt":"2012-06-18T08:49:36","slug":"platan-wyprzedzil-lipe","status":"publish","type":"post","link":"https:\/\/archiwum.swietodrzewa.pl\/?p=1589","title":{"rendered":"Platan wyprzedzi\u0142 lip\u0119"},"content":{"rendered":"<p><strong>Konkurs Drzewo Roku Klubu Gaja przekroczy\u0142 p\u00f3\u0142metek. Suma g\u0142os\u00f3w oddanych na wszystkie drzewa w ci\u0105gu 18 dni g\u0142osowania to ponad 21 tys.<\/strong><\/p>\n<p>Prowadzi platan w Kozach (woj. \u015bl\u0105skie). \u00a0Zebra\u0142 ju\u017c ponad pi\u0119\u0107 tysi\u0119cy g\u0142os\u00f3w. Dogania go lipa z Wambierzyc (woj. dolno\u015bl\u0105skie). O nieca\u0142e dwa tysi\u0105ce g\u0142os\u00f3w mniej ma d\u0105b Bartek z Bartkowa (woj. \u015bwi\u0119tokrzyskie).<\/p>\n<p>Klub Gaja prowadzi g\u0142osowanie na stronie:\u00a0 <strong><a href=\"http:\/\/swietodrzewa.pl\/drzewo_roku_2012\/\" target=\"_blank\">http:\/\/swietodrzewa.pl\/drzewo_roku_2012\/<!--more--><\/a> <\/strong><\/p>\n<p>Na stronie zamieszczono fotografie wszystkich finalist\u00f3w i opisy dotycz\u0105ce historii zg\u0142oszonych drzew oraz ich wp\u0142ywu na losy spo\u0142eczno\u015bci wok\u00f3\u0142 nich.<\/p>\n<p>&nbsp;<\/p>\n<p>Jury konkursu wybra\u0142o fina\u0142ow\u0105 11 spo\u015br\u00f3d 290 zg\u0142osze\u0144 z ca\u0142ej Polski. Jeden z juror\u00f3w, <strong>Zbigniew Wilczek<\/strong> z Uniwersytetu \u015al\u0105skiego w Katowicach podkre\u015bla: <em>Konkurs ma du\u017ce znaczenie, jako element kreowania, zgodnych ze zr\u00f3wnowa\u017conym rozwojem, relacji wobec otaczaj\u0105cej nas przyrody. Uczy szacunku do przyrody i\u00a0zwraca uwag\u0119 na zwi\u0105zek pomi\u0119dzy przyrod\u0105 i histori\u0105 naszego kraju. Wiele zg\u0142aszanych do konkursu drzew by\u0142o \u015bwiadkami prze\u0142omowych wydarze\u0144 historycznych oraz niekiedy w zaskakuj\u0105cy spos\u00f3b wp\u0142ywa\u0142o na losy ludzi.\u00a0 Przes\u0142ane na tegoroczny konkurs propozycje s\u0105 bardzo zr\u00f3\u017cnicowane: od drzew bardzo m\u0142odych, posadzonych dla upami\u0119tnienia istotnych dla spo\u0142eczno\u015bci lokalnych wydarze\u0144, po s\u0119dziwe drzewa chronione, jako pomniki przyrody. Poziom tegorocznego konkursu jest bardzo wysoki. Prawie po\u0142owa drzew, moim zdaniem, zas\u0142uguje na miano zwyci\u0119zcy.<\/em> <strong><\/strong><\/p>\n<p>G\u0142osowanie zako\u0144czy si\u0119 <strong>30 czerwca<\/strong>. Zwyci\u0119zca we\u017amie udzia\u0142 w konkursie na <strong>Europejskie Drzewo Roku. <\/strong><\/p>\n<p>Konkurs Drzewo Roku jest cz\u0119\u015bci\u0105 \u015awi\u0119ta Drzewa &#8211; programu edukacji ekologicznej Klubu Gaja. Ostatnia edycja programu to <strong>dwa rekordy<\/strong>: liczba zasadzonych drzew &#8211; blisko 83, 5 tys. i liczba uczestnik\u00f3w &#8211; ponad 71 tys.<\/p>\n<p>&nbsp;<\/p>\n<p><em>Program \u015awi\u0119to Drzewa dofinansowano ze \u015brodk\u00f3w Narodowego Funduszu Ochrony \u015arodowiska i Gospodarki Wodnej oraz Wojew\u00f3dzkiego Funduszu Ochrony \u015arodowiska i Gospodarki Wodnej w Katowicach<\/em><\/p>\n<p><strong>\u00a0<\/strong><\/p>\n","protected":false},"excerpt":{"rendered":"<p>Konkurs Drzewo Roku Klubu Gaja przekroczy\u0142 p\u00f3\u0142metek. Suma g\u0142os\u00f3w oddanych na wszystkie drzewa w ci\u0105gu 18 dni g\u0142osowania to ponad 21 tys. Prowadzi platan w Kozach (woj. \u015bl\u0105skie). \u00a0Zebra\u0142 ju\u017c ponad pi\u0119\u0107 tysi\u0119cy g\u0142os\u00f3w. Dogania go lipa z Wambierzyc (woj. dolno\u015bl\u0105skie). O nieca\u0142e dwa tysi\u0105ce g\u0142os\u00f3w mniej ma d\u0105b Bartek z Bartkowa (woj. \u015bwi\u0119tokrzyskie). Klub [&hellip;]<\/p>\n","protected":false},"author":1,"featured_media":1133,"comment_status":"closed","ping_status":"closed","sticky":false,"template":"","format":"standard","meta":{"ngg_post_thumbnail":0},"categories":[24],"tags":[],"_links":{"self":[{"href":"https:\/\/archiwum.swietodrzewa.pl\/index.php?rest_route=\/wp\/v2\/posts\/1589"}],"collection":[{"href":"https:\/\/archiwum.swietodrzewa.pl\/index.php?rest_route=\/wp\/v2\/posts"}],"about":[{"href":"https:\/\/archiwum.swietodrzewa.pl\/index.php?rest_route=\/wp\/v2\/types\/post"}],"author":[{"embeddable":true,"href":"https:\/\/archiwum.swietodrzewa.pl\/index.php?rest_route=\/wp\/v2\/users\/1"}],"replies":[{"embeddable":true,"href":"https:\/\/archiwum.swietodrzewa.pl\/index.php?rest_route=%2Fwp%2Fv2%2Fcomments&post=1589"}],"version-history":[{"count":2,"href":"https:\/\/archiwum.swietodrzewa.pl\/index.php?rest_route=\/wp\/v2\/posts\/1589\/revisions"}],"predecessor-version":[{"id":1591,"href":"https:\/\/archiwum.swietodrzewa.pl\/index.php?rest_route=\/wp\/v2\/posts\/1589\/revisions\/1591"}],"wp:featuredmedia":[{"embeddable":true,"href":"https:\/\/archiwum.swietodrzewa.pl\/index.php?rest_route=\/wp\/v2\/media\/1133"}],"wp:attachment":[{"href":"https:\/\/archiwum.swietodrzewa.pl\/index.php?rest_route=%2Fwp%2Fv2%2Fmedia&parent=1589"}],"wp:term":[{"taxonomy":"category","embeddable":true,"href":"https:\/\/archiwum.swietodrzewa.pl\/index.php?rest_route=%2Fwp%2Fv2%2Fcategories&post=1589"},{"taxonomy":"post_tag","embeddable":true,"href":"https:\/\/archiwum.swietodrzewa.pl\/index.php?rest_route=%2Fwp%2Fv2%2Ftags&post=1589"}],"curies":[{"name":"wp","href":"https:\/\/api.w.org\/{rel}","templated":true}]}}