{"id":2172,"date":"2013-02-11T11:01:16","date_gmt":"2013-02-11T10:01:16","guid":{"rendered":"http:\/\/swietodrzewa.pl\/?p=2172"},"modified":"2013-02-11T11:09:36","modified_gmt":"2013-02-11T10:09:36","slug":"bezcenna-makulatura","status":"publish","type":"post","link":"https:\/\/archiwum.swietodrzewa.pl\/?p=2172","title":{"rendered":"Bezcenna makulatura"},"content":{"rendered":"<p>W drugi tydzie\u0144 ferii zimowych w wojew\u00f3dztwie \u015bl\u0105skim Klub Gaja zaprasza do udzia\u0142u w zbi\u00f3rce makulatury na rzecz koni przeznaczonych na rze\u017a, zaniedbanych lub wykluczonych ze sportu. 18 \u2013 24 lutego przed centrum handlowym Auchan w Bielsku-Bia\u0142ej makulatur\u0119 oddajemy do specjalnie oznakowanego i \u0142atwo dost\u0119pnego kontenera. Ko\u0144, kt\u00f3rego mo\u017cna uratowa\u0107 dzi\u0119ki akcji czeka na pomoc<!--more--><\/p>\n<div>\n<p><em>To drugi tydzie\u0144 ferii zimowych w wojew\u00f3dztwie \u015bl\u0105skim. Mam nadziej\u0119, \u017ce uczniowie, kt\u00f3rzy wraz ze szko\u0142ami uczestnicz\u0105 w naszej akcji \u201eZbieraj makulatur\u0119, ratuj konie\u201d tym razem nam\u00f3wi\u0105 do tego rodzic\u00f3w i\u00a0 doro\u015bli przywioz\u0105\u00a0 makulatur\u0119 do centrum handlowego Auchan w Bielsku-Bia\u0142ej<\/em> &#8211; wyja\u015bnia Jolanta Migda\u0142, koordynator akcji Klubu Gaja \u201eZbieraj makulatur\u0119, ratuj konie\u201d.<\/p>\n<p>Ko\u0144 uratowany w 2011 roku z pierwszej zbi\u00f3rki makulatury wraz z Auchan i sp\u00f3\u0142k\u0105 Eko-wt\u00f3r Jakubiec z Bystrej to niespe\u0142na 3 letni B\u0142ysk.\u00a0 <em>Ma si\u0119 \u015bwietnie. Jest zdrowy i radosny, cz\u0119sto znajduje sobie patyki i podrzuca dla zabawy<\/em> \u2013 opowiada Izabela Domaga\u0142a, nowa opiekunka konia ze stajni \u201eStara D\u0105browa\u201d pod \u0141odzi\u0105. W o\u015brodku\u00a0 powsta\u0142 film na temat niezwyk\u0142ej inteligencji koni podziwianej przez ludzi.<\/p>\n<p><a href=\"http:\/\/swietodrzewa.pl\/wp-content\/uploads\/2013\/02\/Blysk_1.jpg\"><img loading=\"lazy\" class=\"aligncenter size-full wp-image-2179\" title=\"Blysk_1\" src=\"http:\/\/swietodrzewa.pl\/wp-content\/uploads\/2013\/02\/Blysk_1.jpg\" alt=\"\" width=\"512\" height=\"384\" srcset=\"https:\/\/archiwum.swietodrzewa.pl\/wp-content\/uploads\/2013\/02\/Blysk_1.jpg 512w, https:\/\/archiwum.swietodrzewa.pl\/wp-content\/uploads\/2013\/02\/Blysk_1-300x225.jpg 300w\" sizes=\"(max-width: 512px) 100vw, 512px\" \/><\/a><\/p>\n<p>W Polsce przeznacza si\u0119 na ub\u00f3j 60 tys. koni rocznie. Wi\u0119kszo\u015b\u0107 z nich, sprzedawanych jest za granic\u0119, gdzie trafiaj\u0105 po d\u0142ugim, przyp\u0142aconym ranami i stresem transporcie. Na rze\u017a trafiaj\u0105 m\u0142ode konie hodowane na mi\u0119so, a tak\u017ce schorowane zwierz\u0119ta po ci\u0119\u017ckich pracach polowych i le\u015bnych, oraz te, kt\u00f3re wykorzystywane s\u0105 w sporcie wyczynowym. Klub Gaja wykupuje zwierz\u0119ta przeznaczone na rze\u017a, chore lub te, kt\u00f3rych w\u0142a\u015bciciele nie mog\u0105 d\u0142u\u017cej utrzymywa\u0107. Znajduje dla nich nowe domy, wspiera ich utrzymanie, leczenie i opiek\u0119 weterynaryjn\u0105. Konie trafiaj\u0105 m.in. do organizacji, kt\u00f3re prowadz\u0105 hipoterapi\u0119, do ma\u0142ych gospodarstw lub miejsc zwi\u0105zanych z\u00a0 agroturystyk\u0105.<\/p>\n<p>Klub Gaja ratuje konie dzi\u0119ki hojno\u015bci darczy\u0144c\u00f3w, sympatyk\u00f3w organizacji i\u00a0 ludzi dobrej woli, dla kt\u00f3rych wa\u017cna jest ochrona otaczaj\u0105cej nas przyrody tak\u017ce poprzez:<br \/>\n\u2022 przekazanie 1% podatku na rzecz Klubu Gaja (KRS 0000120069) \u2013<strong><a href=\"http:\/\/www.klubgaja.pl\/przekaz-1-procent-podatku\"> program PIT<\/a><\/strong><br \/>\n\u2022 wykonanie <a href=\"http:\/\/www.klubgaja.pl\/wesprzyj-nas\"><strong>darowizny<\/strong><\/a> na konto naszej organizacji<br \/>\n\u2022 sta\u0142e <a href=\"http:\/\/www.klubgaja.pl\/dzialaj-z-nami\"><strong>polecenie przelewu<\/strong><\/a><br \/>\n\u2022 <a href=\"http:\/\/www.greenproject.org.pl\/dla-szkol.html\"><strong>zbi\u00f3rk\u0119 kartrid\u017cy<\/strong><\/a>. Doch\u00f3d z ich sprzeda\u017cy przekazywany jest na ratowanie koni<\/p>\n<p>Akcja Klubu Gaja \u201eZbieraj makulatur\u0119, ratuj konie\u201d uczy odpowiedzialno\u015bci za korzystanie z zasob\u00f3w \u015brodowiska naturalnego i uwra\u017cliwia na sytuacj\u0119 zwierz\u0105t \u2013 uratowali\u015bmy ju\u017c 52 konie. Ka\u017cde tysi\u0105c kilogram\u00f3w makulatury, kt\u00f3ra trafi\u0142a do produkcji papieru, pozwala zaoszcz\u0119dzi\u0107 17 drzew, trzy metry sze\u015bcienne przestrzeni na wysypisku \u015bmieci, blisko 30 tys. litr\u00f3w wody i 40 procent energii.<\/p>\n<\/div>\n","protected":false},"excerpt":{"rendered":"<p>W drugi tydzie\u0144 ferii zimowych w wojew\u00f3dztwie \u015bl\u0105skim Klub Gaja zaprasza do udzia\u0142u w zbi\u00f3rce makulatury na rzecz koni przeznaczonych na rze\u017a, zaniedbanych lub wykluczonych ze sportu. 18 \u2013 24 lutego przed centrum handlowym Auchan w Bielsku-Bia\u0142ej makulatur\u0119 oddajemy do specjalnie oznakowanego i \u0142atwo dost\u0119pnego kontenera. Ko\u0144, kt\u00f3rego mo\u017cna uratowa\u0107 dzi\u0119ki akcji czeka na pomoc<\/p>\n","protected":false},"author":1,"featured_media":2178,"comment_status":"closed","ping_status":"closed","sticky":false,"template":"","format":"standard","meta":{"ngg_post_thumbnail":0},"categories":[26],"tags":[],"_links":{"self":[{"href":"https:\/\/archiwum.swietodrzewa.pl\/index.php?rest_route=\/wp\/v2\/posts\/2172"}],"collection":[{"href":"https:\/\/archiwum.swietodrzewa.pl\/index.php?rest_route=\/wp\/v2\/posts"}],"about":[{"href":"https:\/\/archiwum.swietodrzewa.pl\/index.php?rest_route=\/wp\/v2\/types\/post"}],"author":[{"embeddable":true,"href":"https:\/\/archiwum.swietodrzewa.pl\/index.php?rest_route=\/wp\/v2\/users\/1"}],"replies":[{"embeddable":true,"href":"https:\/\/archiwum.swietodrzewa.pl\/index.php?rest_route=%2Fwp%2Fv2%2Fcomments&post=2172"}],"version-history":[{"count":4,"href":"https:\/\/archiwum.swietodrzewa.pl\/index.php?rest_route=\/wp\/v2\/posts\/2172\/revisions"}],"predecessor-version":[{"id":2174,"href":"https:\/\/archiwum.swietodrzewa.pl\/index.php?rest_route=\/wp\/v2\/posts\/2172\/revisions\/2174"}],"wp:featuredmedia":[{"embeddable":true,"href":"https:\/\/archiwum.swietodrzewa.pl\/index.php?rest_route=\/wp\/v2\/media\/2178"}],"wp:attachment":[{"href":"https:\/\/archiwum.swietodrzewa.pl\/index.php?rest_route=%2Fwp%2Fv2%2Fmedia&parent=2172"}],"wp:term":[{"taxonomy":"category","embeddable":true,"href":"https:\/\/archiwum.swietodrzewa.pl\/index.php?rest_route=%2Fwp%2Fv2%2Fcategories&post=2172"},{"taxonomy":"post_tag","embeddable":true,"href":"https:\/\/archiwum.swietodrzewa.pl\/index.php?rest_route=%2Fwp%2Fv2%2Ftags&post=2172"}],"curies":[{"name":"wp","href":"https:\/\/api.w.org\/{rel}","templated":true}]}}