{"id":2187,"date":"2013-02-20T10:23:17","date_gmt":"2013-02-20T09:23:17","guid":{"rendered":"http:\/\/swietodrzewa.pl\/?p=2187"},"modified":"2013-02-20T10:23:17","modified_gmt":"2013-02-20T09:23:17","slug":"najwazniejsza-czesc-glosowania","status":"publish","type":"post","link":"https:\/\/archiwum.swietodrzewa.pl\/?p=2187","title":{"rendered":"Najwa\u017cniejsza cz\u0119\u015b\u0107 g\u0142osowania"},"content":{"rendered":"<p>Platan \u2013 reprezentant Polski w konkursie na Europejskie Drzewo Roku ma przewag\u0119 nad pozosta\u0142ymi krajami i musi utrzyma\u0107 j\u0105 do ko\u0144ca g\u0142osowania. Ka\u017cdy mo\u017ce odda\u0107 na niego sw\u00f3j g\u0142os poprzez <a href=\"http:\/\/www.klubgaja.pl\">www.klubgaja.pl<\/a>. Na drzewo zag\u0142osowa\u0142 m. in. Pawe\u0142 Golec z Golec uOrkiestra \u2013 ambasador programu \u015awi\u0119to Drzewa Klubu Gaja, dzi\u0119ki kt\u00f3remu platan ubiega si\u0119 o tytu\u0142 Europejskiego Drzewa Roku.<strong> <!--more--><\/strong><\/p>\n<p>Do zako\u0144czenia g\u0142osowania pozosta\u0142 tydzie\u0144 \u2013 w tym czasie <strong>wyniki g\u0142osowania nie b\u0119d\u0105 widoczne na stronie internetowej <a href=\"http:\/\/www.treeoftheyear.org\/\">www.treeoftheyear.org<\/a> , tak jak do tej pory<\/strong> lecz utajnione. Dzi\u0119ki temu do ostatniej chwili rywalizacja w konkursie budzi ogromne zainteresowanie.<\/p>\n<p>G\u0142\u00f3wnym <strong>kontrkandydatem platana z Polski<\/strong> do tytu\u0142u laureata konkursu jest platan z W\u0119gier. Polskie drzewo ma ju\u017c ponad 8500 g\u0142os\u00f3w. Aby wygra\u0107 potrzebuje ok. 15\u00a0000 g\u0142os\u00f3w. \u00a0W\u015br\u00f3d osobisto\u015bci, kt\u00f3re ju\u017c na niego zag\u0142osowa\u0142y s\u0105 m.in.: aktorka Stanis\u0142awa Celi\u0144ska, podr\u00f3\u017cniczka El\u017cbieta Dzikowska, profesor Wojciech Roszkowski, prezes Polskiego Towarzystwa Tatrza\u0144skiego Szymon Baron i dramaturg Artur Pa\u0142yga.<\/p>\n<p>200-letni platan ro\u015bnie w parku w centrum miejscowo\u015bci Kozy (woj. \u015bl\u0105skie). Ma 4, 82 m w obwodzie i ok. 16 metr\u00f3w wysoko\u015bci. Dla wszystkich mieszka\u0144c\u00f3w wsi jest symbolem rodziny &#8211; pod nim umawiaj\u0105 si\u0119 zakochani, nowo\u017ce\u0144cy wznosz\u0105 toast, a najm\u0142odsze pokolenie, przyprowadzane tu przez dziadk\u00f3w, bezpiecznie si\u0119 bawi.\u00a0 Platan wygra\u0142 konkurs Drzewo Roku 2012 organizowany przez Klub Gaja w ramach programu \u015awi\u0119to Drzewa. Od tego czasu sta\u0142 si\u0119 rozpoznawaln\u0105 atrakcj\u0105 przyrodnicz\u0105 i turystyczn\u0105 naszego kraju.<\/p>\n<p><a href=\"http:\/\/swietodrzewa.pl\/wp-content\/uploads\/2013\/02\/platan_kozy_3.jpg\"><img loading=\"lazy\" class=\"aligncenter size-full wp-image-2143\" title=\"platan_kozy_3\" src=\"http:\/\/swietodrzewa.pl\/wp-content\/uploads\/2013\/02\/platan_kozy_3.jpg\" alt=\"\" width=\"2303\" height=\"1426\" srcset=\"https:\/\/archiwum.swietodrzewa.pl\/wp-content\/uploads\/2013\/02\/platan_kozy_3.jpg 2303w, https:\/\/archiwum.swietodrzewa.pl\/wp-content\/uploads\/2013\/02\/platan_kozy_3-300x185.jpg 300w, https:\/\/archiwum.swietodrzewa.pl\/wp-content\/uploads\/2013\/02\/platan_kozy_3-1024x634.jpg 1024w\" sizes=\"(max-width: 2303px) 100vw, 2303px\" \/><\/a><\/p>\n<p>Europejskie Drzewo Roku \u2013 konkurs, w kt\u00f3rym platan startuje obecnie &#8211;\u00a0 ma charakter edukacyjny. Rywalizuj\u0105 w nim drzewa z sze\u015bciu kraj\u00f3w Europy, kt\u00f3re wygra\u0142y podobne konkursy u siebie, zach\u0119caj\u0105ce do poznawania i ochrony przyrody.<\/p>\n<p>Wi\u0119cej informacji o programie \u015awi\u0119to Drzewa i konkursie Europejskie Drzewo Roku na stronie <a href=\"http:\/\/www.swietodrzewa.pl\/\">www.swietodrzewa.pl<\/a><\/p>\n<p><em>Program \u015awi\u0119to Drzewa zosta\u0142 dofinansowany ze \u015brodk\u00f3w Narodowego Funduszu Ochrony \u015arodowiska i Gospodarki Wodnej, Wojew\u00f3dzkiego Funduszu Ochrony \u015arodowiska i Gospodarki Wodnej w Katowicach. Partner strategiczny: Lasy Pa\u0144stwowe. Patronaty: Minister \u015arodowiska, Minister Edukacji Narodowej, Prezydent Miasta Sto\u0142ecznego Warszawy, Wojewoda \u015al\u0105ski, Marsza\u0142ek Wojew\u00f3dztwa \u015al\u0105skiego. Partnerzy: LeasePlan, Troton, Eco Service, Green Project, Ashoka. Wsp\u00f3\u0142praca: Kampania Miliarda Drzew dla Planety, Nadace Partnerstvi, Miasto Sto\u0142eczne Warszawa, Partnerstwo dla Klimatu, Biblioteka \u015al\u0105ska, Instytucja Kultury Katowice &#8211; Miasto Ogrod\u00f3w, Uniwersytet \u015al\u0105ski.<\/em><\/p>\n<p>&nbsp;<\/p>\n","protected":false},"excerpt":{"rendered":"<p>Platan \u2013 reprezentant Polski w konkursie na Europejskie Drzewo Roku ma przewag\u0119 nad pozosta\u0142ymi krajami i musi utrzyma\u0107 j\u0105 do ko\u0144ca g\u0142osowania. Ka\u017cdy mo\u017ce odda\u0107 na niego sw\u00f3j g\u0142os poprzez www.klubgaja.pl. Na drzewo zag\u0142osowa\u0142 m. in. Pawe\u0142 Golec z Golec uOrkiestra \u2013 ambasador programu \u015awi\u0119to Drzewa Klubu Gaja, dzi\u0119ki kt\u00f3remu platan ubiega si\u0119 o tytu\u0142 [&hellip;]<\/p>\n","protected":false},"author":1,"featured_media":2143,"comment_status":"closed","ping_status":"closed","sticky":false,"template":"","format":"standard","meta":{"ngg_post_thumbnail":0},"categories":[24],"tags":[],"_links":{"self":[{"href":"https:\/\/archiwum.swietodrzewa.pl\/index.php?rest_route=\/wp\/v2\/posts\/2187"}],"collection":[{"href":"https:\/\/archiwum.swietodrzewa.pl\/index.php?rest_route=\/wp\/v2\/posts"}],"about":[{"href":"https:\/\/archiwum.swietodrzewa.pl\/index.php?rest_route=\/wp\/v2\/types\/post"}],"author":[{"embeddable":true,"href":"https:\/\/archiwum.swietodrzewa.pl\/index.php?rest_route=\/wp\/v2\/users\/1"}],"replies":[{"embeddable":true,"href":"https:\/\/archiwum.swietodrzewa.pl\/index.php?rest_route=%2Fwp%2Fv2%2Fcomments&post=2187"}],"version-history":[{"count":1,"href":"https:\/\/archiwum.swietodrzewa.pl\/index.php?rest_route=\/wp\/v2\/posts\/2187\/revisions"}],"predecessor-version":[{"id":2188,"href":"https:\/\/archiwum.swietodrzewa.pl\/index.php?rest_route=\/wp\/v2\/posts\/2187\/revisions\/2188"}],"wp:featuredmedia":[{"embeddable":true,"href":"https:\/\/archiwum.swietodrzewa.pl\/index.php?rest_route=\/wp\/v2\/media\/2143"}],"wp:attachment":[{"href":"https:\/\/archiwum.swietodrzewa.pl\/index.php?rest_route=%2Fwp%2Fv2%2Fmedia&parent=2187"}],"wp:term":[{"taxonomy":"category","embeddable":true,"href":"https:\/\/archiwum.swietodrzewa.pl\/index.php?rest_route=%2Fwp%2Fv2%2Fcategories&post=2187"},{"taxonomy":"post_tag","embeddable":true,"href":"https:\/\/archiwum.swietodrzewa.pl\/index.php?rest_route=%2Fwp%2Fv2%2Ftags&post=2187"}],"curies":[{"name":"wp","href":"https:\/\/api.w.org\/{rel}","templated":true}]}}