{"id":2209,"date":"2013-03-01T11:07:27","date_gmt":"2013-03-01T10:07:27","guid":{"rendered":"http:\/\/swietodrzewa.pl\/?p=2209"},"modified":"2013-04-03T16:48:48","modified_gmt":"2013-04-03T14:48:48","slug":"platan-z-polski-zajal-2-miejsce","status":"publish","type":"post","link":"https:\/\/archiwum.swietodrzewa.pl\/?p=2209","title":{"rendered":"Polski platan na podium"},"content":{"rendered":"<p>Platan z Polski zdoby\u0142 13\u00a0898 g\u0142os\u00f3w w internetowym plebiscycie na Europejskie Drzewo Roku i spo\u015br\u00f3d sze\u015bciu drzew bior\u0105cych udzia\u0142 w konkursie zdoby\u0142 2. miejsce. Platan z W\u0119gier uzyska\u0142 14 205 g\u0142os\u00f3w (o 307 wi\u0119cej ni\u017c drzewo z Polski) i zosta\u0142 Europejskim Drzewem Roku.<\/p>\n<p><!--more--><strong><br \/>\n<\/strong><\/p>\n<p>Trzecie miejsce zaj\u0105\u0142 d\u0105b z Irlandii, na kt\u00f3rego oddano 5\u00a0785 g\u0142os\u00f3w.<\/p>\n<p><em>Platan z Polski zaj\u0105\u0142 2. miejsce, a to co dzia\u0142o si\u0119 wok\u00f3\u0142 niego podczas, trwaj\u0105cego miesi\u0105c, g\u0142osowania potwierdzi\u0142o ide\u0119 konkursu: drzewa jednocz\u0105 ludzi i inspiruj\u0105 do wsp\u00f3lnego dzia\u0142ania. W ubieg\u0142ym roku platan z K\u00f3z wygra\u0142 konkurs Klubu Gaja na Drzewo Roku i ju\u017c dzi\u0119ki temu sta\u0142 si\u0119 rozpoznawaln\u0105 wizyt\u00f3wk\u0105 miejscowo\u015bci. My\u015bl\u0119, \u017ce teraz mieszka\u0144cy K\u00f3z i ludzie z ca\u0142ej Polski, zach\u0119cani do g\u0142osowania przez Klub Gaja i przez kozian, wzi\u0119li udzia\u0142 we wspania\u0142ej zabawie <\/em>\u2013 komentuje<strong> Jacek Bo\u017cek<\/strong>, prezes Klubu Gaja.<\/p>\n<p>W internetowym plebiscycie platan z Polski od pocz\u0105tku prowadzi\u0142. Wraz z 250-letnim platanem z W\u0119gier (z miasta Eger) szybko sta\u0142 si\u0119 liderem konkursu. Oba drzewa mia\u0142y zdecydowan\u0105 przewag\u0119 nad pozosta\u0142ymi kandydatami: lip\u0105 z Czech, grup\u0105 drzew (morwa i dwa orzechy) z Bu\u0142garii, platanem ze S\u0142owacji i d\u0119bem z Irlandii. \u00a0W najtrudniejszym momencie dla platana z Polski jego przewaga nad platanem z W\u0119gier wynosi\u0142a niewiele ponad 450 g\u0142os\u00f3w. W ci\u0105gu kilku dni strata zosta\u0142a odrobiona i przewaga si\u0119gn\u0119\u0142a ponad 1500 g\u0142os\u00f3w. Najtrudniejsza cz\u0119\u015b\u0107 g\u0142osowania rozpocz\u0119\u0142a si\u0119 tydzie\u0144 przed jego zako\u0144czeniem \u2013 21 lutego, gdy zgodnie z regulaminem utajniono wyniki g\u0142osowania na poszczeg\u00f3lne drzewa. W t\u0119 faz\u0119 platan z Polski wszed\u0142 z liczb\u0105 9548 g\u0142os\u00f3w natomiast platan z W\u0119gier z 8200 g\u0142os\u00f3w.<\/p>\n<p><em>Drugie miejsce w konkursie jest dla nas wszystkich sukcesem. O platanie rosn\u0105cym w miejscowo\u015bci Kozy us\u0142ysza\u0142a ca\u0142a Polska! Dzi\u0119kuj\u0119 tym wszystkim, kt\u00f3rzy w\u0142\u0105czyli si\u0119 w g\u0142osowanie i oddali g\u0142os na kozia\u0144skiego platana <\/em><strong>\u2013 <\/strong>m\u00f3wi<strong> Krzysztof Fia\u0142kowski<\/strong>, w\u00f3jt gminy Kozy.<\/p>\n<p>Udzia\u0142 platana w europejskim konkursie zaowocowa\u0142 akcj\u0105 spo\u0142eczn\u0105 \u2013 Razem dla platana, kt\u00f3rej funpage powsta\u0142 na facebooku ju\u017c trzy tygodnie przed pocz\u0105tkiem g\u0142osowania. Aby zebra\u0107 jak najwi\u0119ksze poparcie dla swojego drzewa mieszka\u0144cy K\u00f3z (wie\u015b na stokach Beskidu Ma\u0142ego) we wsp\u00f3\u0142pracy z Klubem Gaja zorganizowali szereg akcji. Jedn\u0105\u00a0 z nich by\u0142o pozyskiwanie ambasador\u00f3w platana. Zostali nimi m.in. aktorka Stanis\u0142awa Celi\u0144ska, podr\u00f3\u017cniczka El\u017cbieta Dzikowska, szef Wielkiej Orkiestry \u015awi\u0105tecznej Pomocy Jurek Owsiak; profesor Wojciech Roszkowski, lider zespo\u0142u Golec uOrkiestra Pawe\u0142 Golec, re\u017cyser i senator RP Kazimierz Kutz. Dla platana wykonano szal o d\u0142ugo\u015bci 1618 metr\u00f3w i odta\u0144czono pod nim poloneza z udzia\u0142em kilkudziesi\u0119ciu par tegorocznych maturzyst\u00f3w. Z bannerami promuj\u0105cymi g\u0142osowanie na platana uda\u0142o si\u0119 doj\u015b\u0107, mimo zimy, na Babi\u0105 G\u00f3r\u0119 (1725 m n.p.m.), a listy z pro\u015bb\u0105 o poparcie drzewa przet\u0142umaczono na kilka j\u0119zyk\u00f3w, m.in. ukrai\u0144ski, litewski i arabski.<\/p>\n<p>200-letni platan ro\u015bnie w parku w centrum K\u00f3z ( woj. \u015bl\u0105skie). Ma 4, 82 m w obwodzie i ok. 16 metr\u00f3w wysoko\u015bci. W 2012 roku platan wygra\u0142 konkurs Drzewo Roku organizowany przez Klub Gaja w ramach programu \u015awi\u0119to Drzewa.<\/p>\n<p>Dla wszystkich mieszka\u0144c\u00f3w miejscowo\u015bci jest symbolem rodziny &#8211; pod nim umawiaj\u0105 si\u0119 zakochani, nowo\u017ce\u0144cy wznosz\u0105 toast, a najm\u0142odsze pokolenie, przyprowadzane tu przez dziadk\u00f3w, bezpiecznie si\u0119 bawi.\u00a0 Platan jest tak\u017ce symbolem honorowego wyr\u00f3\u017cnienia dla spo\u0142ecznych dzia\u0142aczy K\u00f3z, kt\u00f3re podkre\u015bla: &#8222;Ludzie odchodz\u0105, a drzewa nadal opowiadaj\u0105 ich histori\u0119 (&#8230;)&#8221;. Pod platanem odbywaj\u0105 si\u0119 konkursy, koncerty, spotkania, zawody sportowe i uroczysto\u015bci lokalne.<\/p>\n<p>Konkurs Europejskie Drzewo Roku, organizowany przez czesk\u0105 organizacj\u0119 Nadace Partnerstv\u00ed, ma charakter edukacyjny. Rywalizuj\u0105 w nim drzewa z kilku kraj\u00f3w Europy, kt\u00f3re wygra\u0142y podobne konkursy u siebie, zach\u0119caj\u0105ce do poznawania i ochrony przyrody. Nagrod\u0105 jest statuetka wr\u0119czana w Brukseli podczas Zielonego Tygodnia, najwi\u0119kszej corocznej konferencji po\u015bwi\u0119conej europejskiej polityce w dziedzinie \u015brodowiska.<\/p>\n<p>&nbsp;<\/p>\n<p>Wyniki g\u0142osowania na: <a href=\"http:\/\/www.treeoftheyear.org\">www.treeoftheyear.org<\/a><\/p>\n<p>&nbsp;<\/p>\n<p><em>Program \u015awi\u0119to Drzewa zosta\u0142 dofinansowany ze \u015brodk\u00f3w Narodowego Funduszu Ochrony \u015arodowiska i Gospodarki Wodnej, Wojew\u00f3dzkiego Funduszu Ochrony \u015arodowiska i Gospodarki Wodnej w Katowicach. Partner strategiczny: Lasy Pa\u0144stwowe. Patronaty: Minister \u015arodowiska, Minister Edukacji Narodowej, Prezydent Miasta Sto\u0142ecznego Warszawy, Wojewoda \u015al\u0105ski, Marsza\u0142ek Wojew\u00f3dztwa \u015al\u0105skiego. Partnerzy: LeasePlan, Troton, Eco Service, Green Project, Ashoka. Wsp\u00f3\u0142praca: Kampania Miliarda Drzew dla Planety, Nadace Partnerstvi, Miasto Sto\u0142eczne Warszawa, Partnerstwo dla Klimatu, Biblioteka \u015al\u0105ska, Instytucja Kultury Katowice &#8211; Miasto Ogrod\u00f3w, Uniwersytet \u015al\u0105ski.<\/em><\/p>\n","protected":false},"excerpt":{"rendered":"<p>Platan z Polski zdoby\u0142 13\u00a0898 g\u0142os\u00f3w w internetowym plebiscycie na Europejskie Drzewo Roku i spo\u015br\u00f3d sze\u015bciu drzew bior\u0105cych udzia\u0142 w konkursie zdoby\u0142 2. miejsce. Platan z W\u0119gier uzyska\u0142 14 205 g\u0142os\u00f3w (o 307 wi\u0119cej ni\u017c drzewo z Polski) i zosta\u0142 Europejskim Drzewem Roku.<\/p>\n","protected":false},"author":1,"featured_media":2143,"comment_status":"closed","ping_status":"closed","sticky":false,"template":"","format":"standard","meta":{"ngg_post_thumbnail":0},"categories":[24],"tags":[],"_links":{"self":[{"href":"https:\/\/archiwum.swietodrzewa.pl\/index.php?rest_route=\/wp\/v2\/posts\/2209"}],"collection":[{"href":"https:\/\/archiwum.swietodrzewa.pl\/index.php?rest_route=\/wp\/v2\/posts"}],"about":[{"href":"https:\/\/archiwum.swietodrzewa.pl\/index.php?rest_route=\/wp\/v2\/types\/post"}],"author":[{"embeddable":true,"href":"https:\/\/archiwum.swietodrzewa.pl\/index.php?rest_route=\/wp\/v2\/users\/1"}],"replies":[{"embeddable":true,"href":"https:\/\/archiwum.swietodrzewa.pl\/index.php?rest_route=%2Fwp%2Fv2%2Fcomments&post=2209"}],"version-history":[{"count":5,"href":"https:\/\/archiwum.swietodrzewa.pl\/index.php?rest_route=\/wp\/v2\/posts\/2209\/revisions"}],"predecessor-version":[{"id":2211,"href":"https:\/\/archiwum.swietodrzewa.pl\/index.php?rest_route=\/wp\/v2\/posts\/2209\/revisions\/2211"}],"wp:featuredmedia":[{"embeddable":true,"href":"https:\/\/archiwum.swietodrzewa.pl\/index.php?rest_route=\/wp\/v2\/media\/2143"}],"wp:attachment":[{"href":"https:\/\/archiwum.swietodrzewa.pl\/index.php?rest_route=%2Fwp%2Fv2%2Fmedia&parent=2209"}],"wp:term":[{"taxonomy":"category","embeddable":true,"href":"https:\/\/archiwum.swietodrzewa.pl\/index.php?rest_route=%2Fwp%2Fv2%2Fcategories&post=2209"},{"taxonomy":"post_tag","embeddable":true,"href":"https:\/\/archiwum.swietodrzewa.pl\/index.php?rest_route=%2Fwp%2Fv2%2Ftags&post=2209"}],"curies":[{"name":"wp","href":"https:\/\/api.w.org\/{rel}","templated":true}]}}