{"id":2225,"date":"2013-03-06T10:56:39","date_gmt":"2013-03-06T09:56:39","guid":{"rendered":"http:\/\/swietodrzewa.pl\/?p=2225"},"modified":"2013-05-22T12:33:24","modified_gmt":"2013-05-22T10:33:24","slug":"jedenascie-finalowych-drzew-klubu-gaja-2","status":"publish","type":"post","link":"https:\/\/archiwum.swietodrzewa.pl\/?p=2225","title":{"rendered":"Jedena\u015bcie fina\u0142owych drzew Klubu Gaja"},"content":{"rendered":"<p>S\u0105 wiekowe d\u0119by, kt\u00f3re pami\u0119taj\u0105 niejedn\u0105 histori\u0119; zachwycaj\u0105ce urod\u0105 lipy , egzotyczny mamutowiec i niezwyk\u0142a sosna. Klub Gaja og\u0142asza jedenastu kandydat\u00f3w wybranych do fina\u0142u konkursu \u201eDrzewo Roku 2013\u201d.<strong> <!--more--><\/strong><\/p>\n<p>Konkurs Drzewo Roku Klubu Gaja promuje postawy szacunku dla przyrody w najbli\u017cszym otoczeniu i wyszukuje przyk\u0142ady ciekawych i trwa\u0142ych zwi\u0105zk\u00f3w pomi\u0119dzy kultur\u0105 i histori\u0105 lokalnej spo\u0142eczno\u015bci, a drzewem, kt\u00f3re jest przez ni\u0105 szczeg\u00f3lnie doceniane.\u00a0Do 3. edycji konkursu nades\u0142ano<strong> <\/strong>191 zg\u0142osze\u0144 z ca\u0142ej Polski. Idea konkursu dotar\u0142a do ka\u017cdego wojew\u00f3dztwa \u2013 zg\u0142oszenia nadesz\u0142y ze wszystkich 16 region\u00f3w, najwi\u0119cej z woj. \u015bl\u0105skiego \u2013 63. Swoje ulubione drzewa zg\u0142asza\u0142y plac\u00f3wki o\u015bwiatowe, urz\u0119dy gmin, nadle\u015bnictwa, stowarzyszenia i osoby prywatne.<\/p>\n<p>Spo\u0142eczno\u015bci lokalne, kt\u00f3re zg\u0142osi\u0142y drzewa musz\u0105 przygotowa\u0107 \u00a0si\u0119 do ostrej rywalizacji, bo wygra to, kt\u00f3re zdob\u0119dzie najwi\u0119cej g\u0142os\u00f3w internaut\u00f3w podczas czerwcowego plebiscytu. Statuetka zwyci\u0119zcy zostanie wr\u0119czona w Warszawie podczas inauguracji 11. edycji \u015awi\u0119ta Drzewa 10 pa\u017adziernika.<\/p>\n<p>Wszystkim uczestnikom serdecznie dzi\u0119kujemy za nades\u0142anie tak wielu pi\u0119knych historii Pa\u0144stwa ulubionych drzew i ju\u017c teraz zapraszamy do ponownego zg\u0142aszania drzew, kt\u00f3re nie znalaz\u0142y si\u0119 w tegorocznym finale, do 4. edycji konkursu, kt\u00f3ra zostanie og\u0142oszona przez Klub Gaja we wrze\u015bniu 2013.<\/p>\n<p>Poni\u017cej prezentujemy 11. finalist\u00f3w 3. edycji konkursu Drzewo Roku:<strong><\/strong><\/p>\n<p><strong><a href=\"http:\/\/swietodrzewa.pl\/wp-content\/uploads\/2013\/03\/wojslaw1.jpg\"><img loading=\"lazy\" class=\"alignleft size-medium wp-image-2228\" title=\"wojslaw\" src=\"http:\/\/swietodrzewa.pl\/wp-content\/uploads\/2013\/03\/wojslaw1-300x199.jpg\" alt=\"\" width=\"300\" height=\"199\" srcset=\"https:\/\/archiwum.swietodrzewa.pl\/wp-content\/uploads\/2013\/03\/wojslaw1-300x199.jpg 300w, https:\/\/archiwum.swietodrzewa.pl\/wp-content\/uploads\/2013\/03\/wojslaw1.jpg 1024w\" sizes=\"(max-width: 300px) 100vw, 300px\" \/><\/a>D\u0105b Wojs\u0142aw \u2013 Mikorowo w gminie Czarna D\u0105br\u00f3wka ( woj. pomorskie) &#8211; d\u0105b szypu\u0142kowy, wiek ok. 641 lat, obw\u00f3d 710 cm, wysoko\u015b\u0107 ok. 25 m, pomnik przyrody;<\/strong><\/p>\n<p><em>Zg\u0142oszenie nades\u0142a\u0142o Stowarzyszenie \u201eLOKO-MOTYWA\u201d z Czarnej D\u0105br\u00f3wki <\/em><\/p>\n<p>D\u0105b swoje imi\u0119 otrzyma\u0142 po tajemniczej postaci historycznej, o kt\u00f3rej kroniki historyczne pisz\u0105: <em>W 1330 r. \u017cy\u0142 w Mikorowie niejaki Wojs\u0142aw , kim by\u0142 i co robi\u0142 nie wiadomo<\/em>.\u00a0 M\u0142odzi Mikorowianie wpadli na pomys\u0142, aby o Wojs\u0142awie napisa\u0107 legend\u0119, w kt\u00f3rej Wojs\u0142aw ginie w boju a na jego mogile wyrasta drzewo &#8211; ma\u0142y d\u0105b.\u00a0 Legenda sta\u0142a si\u0119 podstaw\u0105 scenariusza widowiska plenerowego. R\u00f3wnocze\u015bnie przy d\u0119bie rozpocz\u0119\u0142y si\u0119 prace nad oczyszczeniem, wyr\u00f3wnaniem i zagospodarowaniem terenu. Ch\u0119tnych\u00a0 do pracy nie brakowa\u0142o, a d\u0105b z dnia na dzie\u0144 zacz\u0105\u0142 ukazywa\u0107 sw\u0105 dostojno\u015b\u0107 i kras\u0119. Przy\u00a0 drzewie pojawi\u0142y si\u0119 \u0142aweczki i hamaki, posadzono krzewy ozdobne i zio\u0142a. Na starym maglu zamontowana zosta\u0142a ta\u015bma z legend\u0105 , kt\u00f3r\u0105 aby odczyta\u0107 trzeba kr\u0119ci\u0107 korb\u0105. Od tej pory d\u0105b sta\u0142 si\u0119 miejscem docelowym spaceruj\u0105cych Mikorowian. Ciekawo\u015b\u0107 zatrzymuje tak\u017ce przejezdnych, staj\u0105 czytaj\u0105 legend\u0119, ogl\u0105daj\u0105 Wojs\u0142awa.<\/p>\n<p><strong><a href=\"http:\/\/swietodrzewa.pl\/wp-content\/uploads\/2013\/03\/dab_wybickiego.jpg\"><img loading=\"lazy\" class=\"alignleft size-medium wp-image-2217\" title=\"dab_wybickiego\" src=\"http:\/\/swietodrzewa.pl\/wp-content\/uploads\/2013\/03\/dab_wybickiego-300x198.jpg\" alt=\"\" width=\"300\" height=\"198\" srcset=\"https:\/\/archiwum.swietodrzewa.pl\/wp-content\/uploads\/2013\/03\/dab_wybickiego-300x198.jpg 300w, https:\/\/archiwum.swietodrzewa.pl\/wp-content\/uploads\/2013\/03\/dab_wybickiego.jpg 1024w\" sizes=\"(max-width: 300px) 100vw, 300px\" \/><\/a>D\u0105b Wybickiego \u2013 B\u0119domin w gminie Nowa Karczma ( woj. pomorskie) \u2013 d\u0105b szypu\u0142kowy, wiek ok. 400 lat, obw\u00f3d 680 cm , wysoko\u015b\u0107 ok. 27 m, pomnik przyrody; <\/strong><\/p>\n<p><em>Zg\u0142oszenie nades\u0142a\u0142a Julita Szczepankiewicz \u2013 nauczyciel bibliotekarz z Zespo\u0142u Szk\u00f3\u0142 nr 1 w Kro\u015bniewicach.<\/em><\/p>\n<p>D\u0105b Wybickiego jest najpi\u0119kniejszym i najcenniejszym okazem w b\u0119domi\u0144skim parku. Od ponad 400 lat jest \u015bwiadkiem los\u00f3w polskich i niemieckich rodzin uwik\u0142anych w histori\u0119 Polski. Posadzili go pierwsi w\u0142a\u015bciciele posiad\u0142o\u015bci, rodzina szlachecka Gleissen &#8211; Dor\u0119gowskich. R\u00f3d ten by\u0142 spokrewniony z Wybickimi &#8211; p\u00f3\u017aniejszymi w\u0142a\u015bcicielami maj\u0105tku. To tutaj J\u00f3zef Wybicki, autor s\u0142\u00f3w polskiego hymnu narodowego, jako ma\u0142y ch\u0142opiec cz\u0119sto towarzyszy\u0142 ojcu w pracach gospodarskich na terenie maj\u0105tku. Siadali potem pod roz\u0142o\u017cyst\u0105 koron\u0105 d\u0119bu i\u00a0ojciec\u00a0opowiada\u0142 synowi o wojnie stoczonej w 1733 roku w obronie kr\u00f3la Stanis\u0142awa Leszczy\u0144skiego, w kt\u00f3rej bra\u0142 udzia\u0142.\u00a0Obecnie opiek\u0119 nad d\u0119bem sprawuje Muzeum Hymnu Narodowego w B\u0119dominie. Dla spo\u0142eczno\u015bci lokalnej d\u0105b jest nie tylko pomnikiem przyrody, ale r\u00f3wnie\u017c symbolem ziemi kaszubskiej i polsko\u015bci.<\/p>\n<p><strong><a href=\"http:\/\/swietodrzewa.pl\/wp-content\/uploads\/2013\/03\/lipa_cieletniki.jpg\"><img loading=\"lazy\" class=\"alignleft size-medium wp-image-2218\" title=\"lipa_cieletniki\" src=\"http:\/\/swietodrzewa.pl\/wp-content\/uploads\/2013\/03\/lipa_cieletniki-200x300.jpg\" alt=\"\" width=\"200\" height=\"300\" srcset=\"https:\/\/archiwum.swietodrzewa.pl\/wp-content\/uploads\/2013\/03\/lipa_cieletniki-200x300.jpg 200w, https:\/\/archiwum.swietodrzewa.pl\/wp-content\/uploads\/2013\/03\/lipa_cieletniki-685x1024.jpg 685w, https:\/\/archiwum.swietodrzewa.pl\/wp-content\/uploads\/2013\/03\/lipa_cieletniki.jpg 1296w\" sizes=\"(max-width: 200px) 100vw, 200px\" \/><\/a>Lipa z Ciel\u0119tnik \u2013 gmina D\u0105browa Zielona (woj. \u015bl\u0105skie) \u2013 lipa drobnolistna, wiek ok. 600-700 lat, obw\u00f3d 1105 cm, wysoko\u015b\u0107 ok. 31,5 m, pomnik przyrody; <\/strong><\/p>\n<p><em>Zg\u0142oszenie nades\u0142a\u0142 Zesp\u00f3\u0142 Szk\u00f3\u0142 Technicznych w Cz\u0119stochowie<\/em><\/p>\n<p>Ro\u015bnie przy murze pochodz\u0105cego z 1891\u00a0r. ko\u015bcio\u0142a Przemienienia Pa\u0144skiego w Ciel\u0119tnikach. Podobno jest najgrubszym drzewem jakie znajduje si\u0119 obecnie na terenie naszego kraju, a nawet jakie kiedykolwiek w Polsce ros\u0142o i zosta\u0142o zmierzone. Ciekawostk\u0105 jest to, \u017ce lipa z Ciel\u0119tnik zamiast zw\u0119\u017ca\u0107 si\u0119 ku g\u00f3rze jak normalne drzewa \u2013 rozszerza si\u0119, przyjmuj\u0105c najwi\u0119ksz\u0105 warto\u015b\u0107 w okolicach \u201eklasycznego pomiaru obwodu pier\u015bcieniowego\u201d. Drzewo jest ogrodzone i zabezpieczone przed obgryzaniem przez p\u0105tnik\u00f3w, kt\u00f3rzy wierzyli, \u017ce kora lipy u\u015bmierza i leczy b\u00f3l z\u0119b\u00f3w. Na wprost lipy widnieje obraz \u015bw. Apolonii &#8211; patronki od b\u00f3lu z\u0119b\u00f3w. Prawdopodobnie przez skojarzenie tego obrazu z lip\u0105 \u00a0powsta\u0142o owo wierzenie. Wiele os\u00f3b zatrzymuje si\u0119 tu i podziwia to niezwyk\u0142e drzewo, a mieszka\u0144cy Ciel\u0119tnik s\u0105 dumni ze swojej lipy, kt\u00f3ra od ponad 500 lat jest \u015bwiadkiem historii tej miejscowo\u015bci i ludzi tu \u017cyj\u0105cych.<\/p>\n<p><strong><a href=\"http:\/\/swietodrzewa.pl\/wp-content\/uploads\/2013\/03\/lipa_tuszyn.jpg\"><img loading=\"lazy\" class=\"alignleft size-medium wp-image-2222\" title=\"lipa_tuszyn\" src=\"http:\/\/swietodrzewa.pl\/wp-content\/uploads\/2013\/03\/lipa_tuszyn-225x300.jpg\" alt=\"\" width=\"225\" height=\"300\" srcset=\"https:\/\/archiwum.swietodrzewa.pl\/wp-content\/uploads\/2013\/03\/lipa_tuszyn-225x300.jpg 225w, https:\/\/archiwum.swietodrzewa.pl\/wp-content\/uploads\/2013\/03\/lipa_tuszyn.jpg 600w\" sizes=\"(max-width: 225px) 100vw, 225px\" \/><\/a>Lipa Gracja \u2013 Tuszyn w gminie Dzier\u017coni\u00f3w ( woj. dolno\u015bl\u0105skie) \u2013 lipa drobnolistna, wiek ok. 150 lat, obw\u00f3d 602 cm, wysoko\u015b\u0107 ok. 30 m, pomnik przyrody;<\/strong><\/p>\n<p><em>Zg\u0142oszenie nades\u0142a\u0142a Szko\u0142a Podstawowa im. Jana Paw\u0142a II w Tuszynie<\/em><\/p>\n<p>Lipa Gracja ro\u015bnie w zabytkowym parku w pobli\u017cu pa\u0142acu, kt\u00f3rego pocz\u0105tki si\u0119gaj\u0105 epoki renesansu, a dzi\u015b znajduje si\u0119 tutaj szko\u0142a, kt\u00f3ra zg\u0142osi\u0142a drzewo do konkursu. <em>Nasza lipa<\/em> \u2013 jak o niej m\u00f3wi spo\u0142eczno\u015b\u0107 szkolna\u00a0 &#8211; <em>jest wyj\u0105tkowa<\/em>. <em>Zachwyca sw\u0105 urod\u0105, gracj\u0105, wielko\u015bci\u0105 i\u00a0najziele\u0144sz\u0105 z zielonych barw\u0105 li\u015bci drgaj\u0105cych przy powiewie wiatru<\/em>. Lipa patronuje wielu szkolnym wydarzeniom i inicjatywom. Tu zorganizowane zosta\u0142y m.in. warsztaty literackie i plastyczne, rozgrywki warcabowe, \u00a0konkurs recytatorski \u201ePoezja pod lip\u0105\u201d. Rodzice i uczniowie klasy VI wykonali \u0142aweczki, kt\u00f3re umiejscowione zosta\u0142y pod lip\u0105, aby\u00a0 wszyscy mogli wygodnie posiedzie\u0107 sobie w jej cieniu. Ch\u0119tnie przychodz\u0105 tu mieszka\u0144cy okolicznych miejscowo\u015bci i go\u015bcie odwiedzaj\u0105cy szko\u0142\u0119, a dzieci bawi\u0105 si\u0119 na placu zabaw umiejscowionym w cieniu lipy.<\/p>\n<p><strong><a href=\"http:\/\/swietodrzewa.pl\/wp-content\/uploads\/2013\/03\/lipa_irz\u0105dze.jpg\"><img loading=\"lazy\" class=\"alignleft size-full wp-image-2219\" title=\"lipa_irz\u0105dze\" src=\"http:\/\/swietodrzewa.pl\/wp-content\/uploads\/2013\/03\/lipa_irz\u0105dze.jpg\" alt=\"\" width=\"181\" height=\"197\" \/><\/a>Lipa w Irz\u0105dzach \u2013 gmina Irz\u0105dze (woj. \u015bl\u0105skie ) \u2013\u00a0 lipa drobnolistna, wiek ok. 500 lat, obw\u00f3d 820 cm, wysoko\u015b\u0107 ok. 26 m, pomnik przyrody; <\/strong><\/p>\n<p><em>Zg\u0142oszenie nades\u0142a\u0142o Gimnazjum im. Jana Paw\u0142a II w Irz\u0105dzach.<\/em><\/p>\n<p>Lipa znajduj\u0119 si\u0119 przy zabytkowym\u00a0 dworze z XVIII wieku, wybudowanym dla rodziny Misiewskich, kt\u00f3rego\u00a0 obecnym w\u0142a\u015bcicielem jest Urz\u0105d Gminy w Irz\u0105dzach. Lipa zas\u0142yn\u0119\u0142a podczas II wojny \u015bwiatowej, kiedy to na tym \u00a0terenie by\u0142a drukowana tajna gazeta wiejska, kt\u00f3rej egzemplarze pakowano w\u00a0 metalowe pojemniki \u00a0i chowano w jednej z dziupli w drzewie. Mieszka\u0144cy mogli j\u0105 w ten spos\u00f3b potajemnie przeczyta\u0107, nie ryzykuj\u0105c zbyt d\u0142ugiego przetrzymywania pisma w domu.\u00a0 Pewnego dnia przeje\u017cd\u017caj\u0105cy konno Niemiec zainteresowa\u0142 si\u0119 lip\u0105 i ow\u0105 dziupl\u0105, dopytuj\u0105c si\u0119 jaki ptak tu mieszka. Mieszka\u0144cy zapewniali, \u017ce dziupla jest pusta.\u00a0 Niemiec nie uwierzy\u0142 im i strzeli\u0142 z bicza w dziupl\u0119. Na szcz\u0119\u015bcie nie trafi\u0142 w metalowy pojemnik, gdy\u017c bicz zawin\u0105\u0142 si\u0119 wok\u00f3\u0142 wystaj\u0105cej obok ga\u0142\u0119zi, wyrywaj\u0105c j\u0105. Opieku\u0144cza lipa po\u015bwi\u0119ci\u0142a cz\u0119\u015b\u0107 siebie, by ratowa\u0107 mieszka\u0144c\u00f3w. Cho\u0107 histori\u0119 lipy pami\u0119taj\u0105 dzi\u015b jedynie starsze osoby, to nadal funkcjonuje ona w spo\u0142eczno\u015bci jako drzewo wyj\u0105tkowe.<\/p>\n<p><strong><a href=\"http:\/\/swietodrzewa.pl\/wp-content\/uploads\/2013\/03\/lipa_laziska_gorne.jpg\"><img loading=\"lazy\" class=\"alignleft size-medium wp-image-2220\" title=\"lipa_laziska_gorne\" src=\"http:\/\/swietodrzewa.pl\/wp-content\/uploads\/2013\/03\/lipa_laziska_gorne-300x226.jpg\" alt=\"\" width=\"300\" height=\"226\" srcset=\"https:\/\/archiwum.swietodrzewa.pl\/wp-content\/uploads\/2013\/03\/lipa_laziska_gorne-300x226.jpg 300w, https:\/\/archiwum.swietodrzewa.pl\/wp-content\/uploads\/2013\/03\/lipa_laziska_gorne.jpg 1017w\" sizes=\"(max-width: 300px) 100vw, 300px\" \/><\/a>Nasza Lipa \u2013 \u0141aziska G\u00f3rne (woj. \u015bl\u0105skie) \u2013 lipa drobnolistna, wiek ok. 85 lat, obw\u00f3d 184 cm, wysoko\u015b\u0107 ok. 17 m; <\/strong><\/p>\n<p><em>Zg\u0142oszenie nades\u0142a\u0142 Urz\u0105d Miejski w \u0141aziskach G\u00f3rnych<\/em><\/p>\n<p>Nasza Lipa ro\u015bnie na\u00a0 placu przed Miejskim Domem Kultury i od lat \u015bledzi \u017cycie kulturalne \u0142aziskiej spo\u0142eczno\u015bci. Pocz\u0105tkowo lipa mia\u0142a siostr\u0119 bli\u017aniaczk\u0119 i obie by\u0142y\u00a0 \u017cartobliwe nazywane przez mieszka\u0144c\u00f3w \u0141azisk \u201estra\u017cniczkami kultury\u201d. Cieszy\u0142y oko nowo przyby\u0142ych go\u015bci i wita\u0142y ich swoj\u0105 dostojno\u015bci\u0105 i\u00a0powag\u0105. To w ich blasku wyst\u0119powa\u0142y gwiazdy polskiej sceny muzycznej, kabaretowej i\u00a0teatralnej. Niestety na skutek ataku szkodnik\u00f3w siostra bli\u017aniaczka Naszej Lipy zachorowa\u0142a i mimo wielkiego trudu nie uda\u0142o si\u0119 jej uratowa\u0107. Podczas tegorocznych obchod\u00f3w \u015awi\u0119ta Drzewa zast\u0105piono j\u0105 now\u0105 lip\u0105, kt\u00f3r\u0105 pieszczotliwie nazwano \u201ec\u00f3reczk\u0105\u201d.\u00a0 Lipa od dawna pe\u0142ni wa\u017cne miejsce w \u017cyciu \u0141aziszczan, dlatego nieprzypadkowy by\u0142 wyb\u00f3r drzew, kt\u00f3re mia\u0142y zosta\u0107 posadzone przed Miejskim Domem Kultury, w\u00a0centralnym miejscu \u00a0miasta. W herbie \u0141azisk znajduje si\u0119 ga\u0142\u0105\u017a i\u00a0siedem spadaj\u0105cych li\u015bci na niebieskim tle, owe li\u015bcie symbolizuj\u0105 w\u0142a\u015bnie li\u015bcie lipy.<\/p>\n<p><strong><a href=\"http:\/\/swietodrzewa.pl\/wp-content\/uploads\/2013\/03\/sosna2.jpg\"><img loading=\"lazy\" class=\"alignleft size-medium wp-image-2235\" title=\"sosna2\" src=\"http:\/\/swietodrzewa.pl\/wp-content\/uploads\/2013\/03\/sosna2-300x199.jpg\" alt=\"\" width=\"300\" height=\"199\" srcset=\"https:\/\/archiwum.swietodrzewa.pl\/wp-content\/uploads\/2013\/03\/sosna2-300x199.jpg 300w, https:\/\/archiwum.swietodrzewa.pl\/wp-content\/uploads\/2013\/03\/sosna2.jpg 973w\" sizes=\"(max-width: 300px) 100vw, 300px\" \/><\/a>\u00a0Sosna w Przerodkach <\/strong><strong>\u2013 gmina Lubowidz (woj. mazowieckie ) \u2013 sosna zwyczajna, wiek ok. 250 lat, drzewo wielopniowe, wysoko\u015b\u0107 ok. 10 m, pomnik przyrody; <\/strong><\/p>\n<p><em>Zg\u0142oszenie nades\u0142a\u0142o Nadle\u015bnictwo Lidzbark<\/em><\/p>\n<p>Sosna w Przerodkach charakteryzuje si\u0119 unikalnym pokrojem i niepowtarzalnym wygl\u0105dem, dzi\u0119ki czemu posiada szczeg\u00f3lne warto\u015bci krajobrazowe. Jest tak\u017ce \u017ar\u00f3d\u0142em wielu legend i poda\u0144 opowiadanych w\u015br\u00f3d lokalnej spo\u0142eczno\u015bci. Jedna z nich przywo\u0142uje histori\u0119 carskiego \u017co\u0142nierza o imieniu Jura, kt\u00f3ry pilnowa\u0142 granicy prusko-rosyjskiej przebiegaj\u0105cej 2 km od drzewa. W tym samym czasie mieszkaj\u0105ca niedaleko sosny Kasia wypasa\u0142a tu krowy. Pewnego razu jedna z kr\u00f3w utkn\u0119\u0142a na podmok\u0142ym brzegu rzeki Wkry. Kasia poprosi\u0142a o pomoc przeje\u017cd\u017caj\u0105cego tamt\u0119dy Jur\u0119, kt\u00f3ry ch\u0119tnie pospieszy\u0142 z pomoc\u0105. M\u0142odzi usiedli pod sosna i d\u0142ugo ze sob\u0105 rozmawiali. Od tamtej pory spotykali si\u0119 potajemnie. Pewnego razu przy\u0142apa\u0142 ich ojciec Kasi, kt\u00f3ry nie chcia\u0142 zgodzi\u0107 si\u0119 na ich \u015blub. Rosjanin z\u0142o\u017cy\u0142 wtedy przysi\u0119g\u0119, \u017ce przyjmie chrzest katolicki i b\u0119dzie wychowywa\u0142 swoje dzieci w kraju kt\u00f3ry zwie si\u0119 Polska. I tak si\u0119 sta\u0142o. W ten oto spos\u00f3b sosna pod kt\u00f3r\u0105 si\u0119 spotykali po\u0142\u0105czy\u0142a ich na zawsze.<\/p>\n<p><strong><a href=\"http:\/\/swietodrzewa.pl\/wp-content\/uploads\/2013\/03\/lipa_sandomierz.jpg\"><img loading=\"lazy\" class=\"alignleft size-medium wp-image-2221\" title=\"lipa_sandomierz\" src=\"http:\/\/swietodrzewa.pl\/wp-content\/uploads\/2013\/03\/lipa_sandomierz-225x300.jpg\" alt=\"\" width=\"225\" height=\"300\" srcset=\"https:\/\/archiwum.swietodrzewa.pl\/wp-content\/uploads\/2013\/03\/lipa_sandomierz-225x300.jpg 225w, https:\/\/archiwum.swietodrzewa.pl\/wp-content\/uploads\/2013\/03\/lipa_sandomierz.jpg 768w\" sizes=\"(max-width: 225px) 100vw, 225px\" \/><\/a>Lipa w Sandomierzu ( woj. \u015bwi\u0119tokrzyskie) \u2013 lipa drobnolistna, wiek ok. 800 lat, obw\u00f3d\u00a0 ok. 375 cm, wysoko\u015b\u0107 ok. 10 m, pomnik przyrody;<\/strong><\/p>\n<p><em>Zg\u0142oszenie nades\u0142a\u0142o I LO Collegium Gostomianum w Sandomierzu<\/em><\/p>\n<p>Lipa ro\u015bnie na wzg\u00f3rzu, w pobli\u017cu ko\u015bcio\u0142a \u015bwi\u0119tego Jakuba. W XIII wieku mieszka\u0142 tu Dominikanin, kt\u00f3ry kocha\u0142 przyrod\u0119 i wychwala\u0142 Boga ze wszystkich si\u0142 za to, \u017ce stworzy\u0142 \u015bwiat tak pi\u0119knym. Jego celem by\u0142o wybudowanie klasztoru na owym wzg\u00f3rzu, lecz biskup krakowski nie chcia\u0142 wyrazi\u0107 na to zgody. Zakonnik ten zosta\u0142 pochowany na wzg\u00f3rzu, blisko swego domu. Tam gdzie z\u0142o\u017cono jego cia\u0142o wyros\u0142a lipa, ale nie taka zwyczajna, bowiem wyros\u0142a odwrotnie, gdy\u017c korzenie jej zamiast by\u0107 w ziemi, ozdabia\u0142y niebo. Ludzie widz\u0105c to dziwne, a zarazem fascynuj\u0105ce zjawisko postanowili spe\u0142ni\u0107 marzenie zakonnika i wybudowa\u0107 klasztor.\u00a0 Od tamtej pory w ka\u017cdym stuleciu od \u015bmierci zakonnika, 30 maja pod lip\u0105 dzia\u0142y si\u0119 r\u00f3\u017cne, niezwyk\u0142e rzeczy. Jedna z legend opowiada jak Bogna, c\u00f3rka szlachcica, ka\u017cdego ranka przed wschodem s\u0142o\u0144ca przysiadywa\u0142a przy lipie, delikatnie g\u0142aska\u0142a kor\u0119 drzewa i b\u0142aga\u0142a o zdrowie dla swej siostry. Jak si\u0119 okaza\u0142o lipa spe\u0142ni\u0142a jej \u017cyczenie. Legendy te ci\u0105gle \u017cyj\u0105 w\u015br\u00f3d Sandomierzan i mo\u017ce zn\u00f3w, 30 maja 2013 roku, zdarzy si\u0119 co\u015b niesamowitego.<\/p>\n<p><strong><a href=\"http:\/\/swietodrzewa.pl\/wp-content\/uploads\/2013\/03\/mamutowiec_brwice.png\"><img loading=\"lazy\" class=\"alignleft size-medium wp-image-2223\" title=\"mamutowiec_brwice\" src=\"http:\/\/swietodrzewa.pl\/wp-content\/uploads\/2013\/03\/mamutowiec_brwice-200x300.png\" alt=\"\" width=\"200\" height=\"300\" srcset=\"https:\/\/archiwum.swietodrzewa.pl\/wp-content\/uploads\/2013\/03\/mamutowiec_brwice-200x300.png 200w, https:\/\/archiwum.swietodrzewa.pl\/wp-content\/uploads\/2013\/03\/mamutowiec_brwice.png 422w\" sizes=\"(max-width: 200px) 100vw, 200px\" \/><\/a>Mamutowiec w Brwicach \u2013 gmina Chojna ( woj. zachodniopomorskie) \u2013 mamutowiec olbrzymi, wiek ok. 117 lat, obw\u00f3d 380 cm, wysoko\u015b\u0107 ok. 27 m, pomnik przyrody; <\/strong><\/p>\n<p><em>Zg\u0142oszenie nades\u0142ali: O\u015brodek Szkolno \u2013 Wychowawczy w Chojnie i Le\u015bnictwo w Brwicach, Nadle\u015bnictwo w Mieszkowicach.<\/em><\/p>\n<p>Mamutowiec ro\u015bnie na terenie dawnego folwarku i\u00a0 parku dworskiego w Brwicach. Jest najstarszym, i najwi\u0119kszym drzewem tego gatunku w Polsce. Po wojnie pierwsi polscy osadnicy przybywaj\u0105cy tu ze wschodu dostrzegli we wsi\u00a0 iglaste drzewo inne ni\u017c wszystkie. St\u0105d uwa\u017cano, \u017ce drzewo obdarzy ka\u017cdego dobrobytem i szcz\u0119\u015bciem, a nawet upragnionym synem \u2013 wystarczy przytuli\u0107 si\u0119 do niego. Potem zapomniano o mamutowcu na d\u0142ugo, do lat 70 tych XX wieku. Wtedy to ma\u0142y Andrzejek Szel\u0105\u017cek ( dzi\u015b le\u015bniczy Le\u015bnictwa w Brwicach) i jego siostra \u00a0zg\u0142osili to dziwne drzewo, ze swojej rodzinnej miejscowo\u015bci do og\u00f3lnopolskiego konkursu \u201eSzukamy pomnik\u00f3w przyrody\u201d og\u0142oszonego w programie telewizyjnym \u201eEkran z Bratkiem\u201d. Jakie\u017c by\u0142o ich zdziwienie, gdy zobaczyli w telewizji zdj\u0119cie drzewa z ich wsi. Niezwyk\u0142a moc mamutowca nie pozwoli\u0142a panu Andrzejowi opu\u015bci\u0107 rodzinn\u0105 wie\u015b. Zosta\u0142 tutaj na zawsze zakochany w mamutowcu. To on by\u0142 m.in. pomys\u0142odawc\u0105 nazwy klubu pi\u0142karskiego Sekwoja Brwice i projektu sztandaru SP w Brwicach, na kt\u00f3rym widnieje wizerunek mamutowca.<\/p>\n<p><strong><a href=\"http:\/\/swietodrzewa.pl\/wp-content\/uploads\/2013\/03\/dab_przyjaciel.jpg\"><img loading=\"lazy\" class=\"alignleft size-medium wp-image-2216\" title=\"dab_przyjaciel\" src=\"http:\/\/swietodrzewa.pl\/wp-content\/uploads\/2013\/03\/dab_przyjaciel-300x225.jpg\" alt=\"\" width=\"300\" height=\"225\" srcset=\"https:\/\/archiwum.swietodrzewa.pl\/wp-content\/uploads\/2013\/03\/dab_przyjaciel-300x225.jpg 300w, https:\/\/archiwum.swietodrzewa.pl\/wp-content\/uploads\/2013\/03\/dab_przyjaciel.jpg 1024w\" sizes=\"(max-width: 300px) 100vw, 300px\" \/><\/a>D\u0105b Przyjaciel &#8211; Budzis\u0142aw Stary, gmina Osiek Ma\u0142y ( woj. wielkopolskie) \u2013 d\u0105b szypu\u0142kowy, wiek ok. 100-150 lat, obw\u00f3d 320 cm, wysoko\u015b\u0107 ok. 20 m, pomnik przyrody; <\/strong><\/p>\n<p><em>Zg\u0142oszenie nades\u0142a\u0142 Zesp\u00f3\u0142 Szk\u00f3\u0142 w D\u0119bach Szlacheckich.<\/em><\/p>\n<p>Budzis\u0142aw Stary to ma\u0142a miejscowo\u015b\u0107, kt\u00f3rej mieszka\u0144cy zafascynowani s\u0105 przydro\u017cnym d\u0119bem, kt\u00f3rego nazywaj\u0105 przyjacielem. Uwa\u017caj\u0105, \u017ce drzewo to ochrania ich od r\u00f3\u017cnych nieszcz\u0119\u015b\u0107, a szczeg\u00f3lnie od wy\u0142adowa\u0144 atmosferycznych. Najstarsi cz\u0142onkowie rodzin opowiadaj\u0105 o straszliwych burzach, podczas kt\u00f3rych nigdy nie zosta\u0142 uszkodzony \u017caden dom. Przydro\u017cny d\u0105b natomiast wielokrotnie. Kiedy drzewo by\u0142o ju\u017c tak strasznie okaleczone, \u017ce grozi\u0142o mu z\u0142amanie przy nawet niewielkim wietrze, miejscowa ludno\u015b\u0107 postanowi\u0142a ratowa\u0107 swego wybawc\u0119 od nieszcz\u0119\u015b\u0107. Ogromny otw\u00f3r po uderzeniach piorun\u00f3w zosta\u0142 zabetonowany w zorganizowanej akcji, w kt\u00f3rej brali udzia\u0142 mieszka\u0144cy miejscowo\u015bci oraz uczniowie i nauczyciele pobliskiej szko\u0142y. Niestety, w ubieg\u0142ym roku podczas kolejnej burzliwej nocy drzewo zosta\u0142o powa\u017cnie ranne w jeden z konar\u00f3w. Mimo usilnych stara\u0144 mieszka\u0144c\u00f3w\u00a0 konar odpad\u0142. Cz\u0119\u015b\u0107 mieszka\u0144c\u00f3w twierdzi, \u017ce D\u0105b Przyjaciel zosta\u0142 im zes\u0142any przez Boga, dlatego w dow\u00f3d wdzi\u0119czno\u015bci i wiary zawieszono na nim wizerunek Matki Bo\u017cej.<\/p>\n<p><strong><a href=\"http:\/\/swietodrzewa.pl\/wp-content\/uploads\/2013\/03\/dab_powstancow.jpg\"><img loading=\"lazy\" class=\"alignleft size-medium wp-image-2215\" title=\"dab_powstancow\" src=\"http:\/\/swietodrzewa.pl\/wp-content\/uploads\/2013\/03\/dab_powstancow-300x199.jpg\" alt=\"\" width=\"300\" height=\"199\" srcset=\"https:\/\/archiwum.swietodrzewa.pl\/wp-content\/uploads\/2013\/03\/dab_powstancow-300x199.jpg 300w, https:\/\/archiwum.swietodrzewa.pl\/wp-content\/uploads\/2013\/03\/dab_powstancow.jpg 1024w\" sizes=\"(max-width: 300px) 100vw, 300px\" \/><\/a>D\u0105b Powsta\u0144c\u00f3w 1863 r. \u2013 Puszcza Kampinoska, gmina Kampinos ( woj. mazowieckie)- d\u0105b szypu\u0142kowy, wiek ok. 300 lat, obw\u00f3d 420 cm, wysoko\u015b\u0107 ok. 18 m, pomnik przyrody;<\/strong><\/p>\n<p><em>Zg\u0142oszenie nades\u0142a\u0142 Kampinoski Park Narodowy oraz Zesp\u00f3\u0142 Szk\u00f3\u0142 Publicznych w Zaborowie<br \/>\n<\/em><\/p>\n<p>D\u0105b Powsta\u0144c\u00f3w 1863 r. jest nie tylko pomnikiem przyrody ale tak\u017ce drzewem, kt\u00f3re od 150 lat wpisane jest w histori\u0119 Puszczy Kampinoskiej jako pami\u0105tka dziej\u00f3w. Przywo\u0142uje wspomnienia zwi\u0105zane z Powstaniem Styczniowym. Carscy kozacy wieszali na jego konarach m\u0142odych powsta\u0144c\u00f3w z oddzia\u0142u Walerego Remiszewskiego, dzia\u0142aj\u0105cego w Puszczy Kampinoskiej w kwietniu 1863 r. W 2008 roku w spos\u00f3b naturalny od\u0142ama\u0142 si\u0119 jeden z wielkich konar\u00f3w d\u0119bu. Cz\u0119\u015b\u0107 tego konaru zosta\u0142a przekazana przez Kampinoski Park Narodowy do Muzeum \u2013 Miejsca Pami\u0119ci w Palmirach, a z pozosta\u0142ej zosta\u0142y wykonane pami\u0105tkowe krzy\u017ce. To szczeg\u00f3lne drzewo, dzi\u0119ki kt\u00f3remu inicjowane s\u0105 przedsi\u0119wzi\u0119cia o charakterze spo\u0142ecznym, historycznym i kulturowym. Od wielu lat \u015brodowiska lokalne, mieszka\u0144cy, samorz\u0105dy, tury\u015bci we wsp\u00f3\u0142pracy z Kampinoskim Parkiem Narodowym organizuj\u0105\u00a0 r\u00f3\u017cnego rodzaju spotkania, uroczysto\u015bci maj\u0105ce na celu podkre\u015blenie warto\u015bci historycznych i przyrodniczych tego miejsca.<\/p>\n<p><em>Konkurs Drzewo Roku prowadzony jest w ramach Programu \u015awi\u0119to Drzewa dofinansowanego ze \u015brodk\u00f3w Narodowego Funduszu Ochrony \u015arodowiska i Gospodarki Wodnej oraz Wojew\u00f3dzkiego Funduszu Ochrony \u015arodowiska i Gospodarki Wodnej w Katowicach. Honorowy patronat nad 10-leciem \u015awi\u0119ta Drzewa Ma\u0142\u017conki Prezydenta RP Anny Komorowskiej. Patronaty:\u00a0 Minister \u015arodowiska, Minister Edukacji Narodowej, Prezydent Miasta Sto\u0142ecznego Warszawy, Wojewoda \u015al\u0105ski, Marsza\u0142ek Wojew\u00f3dztwa \u015al\u0105skiego. Partner strategiczny: Lasy Pa\u0144stwowe. Partnerzy : LeasePlan, Troton, Eco Service, Green Project, Ashoka. Wsp\u00f3\u0142praca: Kampania Miliarda Drzew, Nadace Partnerstvi, Miasto Sto\u0142eczne Warszawa, Partnerstwo dla Klimatu, Biblioteka \u015al\u0105ska, Instytucja Kultury Katowice \u2013 Miasto Ogrod\u00f3w, Uniwersytet \u015al\u0105ski.<\/em><\/p>\n","protected":false},"excerpt":{"rendered":"<p>S\u0105 wiekowe d\u0119by, kt\u00f3re pami\u0119taj\u0105 niejedn\u0105 histori\u0119; zachwycaj\u0105ce urod\u0105 lipy , egzotyczny mamutowiec i niezwyk\u0142a sosna. Klub Gaja og\u0142asza jedenastu kandydat\u00f3w wybranych do fina\u0142u konkursu \u201eDrzewo Roku 2013\u201d.<\/p>\n","protected":false},"author":1,"featured_media":1748,"comment_status":"closed","ping_status":"closed","sticky":false,"template":"","format":"standard","meta":{"ngg_post_thumbnail":0},"categories":[24],"tags":[],"_links":{"self":[{"href":"https:\/\/archiwum.swietodrzewa.pl\/index.php?rest_route=\/wp\/v2\/posts\/2225"}],"collection":[{"href":"https:\/\/archiwum.swietodrzewa.pl\/index.php?rest_route=\/wp\/v2\/posts"}],"about":[{"href":"https:\/\/archiwum.swietodrzewa.pl\/index.php?rest_route=\/wp\/v2\/types\/post"}],"author":[{"embeddable":true,"href":"https:\/\/archiwum.swietodrzewa.pl\/index.php?rest_route=\/wp\/v2\/users\/1"}],"replies":[{"embeddable":true,"href":"https:\/\/archiwum.swietodrzewa.pl\/index.php?rest_route=%2Fwp%2Fv2%2Fcomments&post=2225"}],"version-history":[{"count":8,"href":"https:\/\/archiwum.swietodrzewa.pl\/index.php?rest_route=\/wp\/v2\/posts\/2225\/revisions"}],"predecessor-version":[{"id":2338,"href":"https:\/\/archiwum.swietodrzewa.pl\/index.php?rest_route=\/wp\/v2\/posts\/2225\/revisions\/2338"}],"wp:featuredmedia":[{"embeddable":true,"href":"https:\/\/archiwum.swietodrzewa.pl\/index.php?rest_route=\/wp\/v2\/media\/1748"}],"wp:attachment":[{"href":"https:\/\/archiwum.swietodrzewa.pl\/index.php?rest_route=%2Fwp%2Fv2%2Fmedia&parent=2225"}],"wp:term":[{"taxonomy":"category","embeddable":true,"href":"https:\/\/archiwum.swietodrzewa.pl\/index.php?rest_route=%2Fwp%2Fv2%2Fcategories&post=2225"},{"taxonomy":"post_tag","embeddable":true,"href":"https:\/\/archiwum.swietodrzewa.pl\/index.php?rest_route=%2Fwp%2Fv2%2Ftags&post=2225"}],"curies":[{"name":"wp","href":"https:\/\/api.w.org\/{rel}","templated":true}]}}