{"id":2394,"date":"2013-06-15T08:00:11","date_gmt":"2013-06-15T06:00:11","guid":{"rendered":"http:\/\/swietodrzewa.pl\/?p=2394"},"modified":"2013-10-01T16:01:24","modified_gmt":"2013-10-01T14:01:24","slug":"nagrody-czarodziejskiego-drzewa-2013","status":"publish","type":"post","link":"https:\/\/archiwum.swietodrzewa.pl\/?p=2394","title":{"rendered":"Nagrody Czarodziejskiego Drzewa 2013"},"content":{"rendered":"<p>Klub Gaja wy\u0142oni\u0142 laureat\u00f3w konkursu o Nagrod\u0119 Czarodziejskiego Drzewa 10. edycji programu \u015awi\u0119to Drzewa. Uroczyste wr\u0119czenie nagr\u00f3d odb\u0119dzie si\u0119 10 pa\u017adziernika 2013 roku w Warszawie, podczas gali inauguruj\u0105cej 11. edycj\u0119 \u015awi\u0119ta Drzewa.<\/p>\n<p><strong>10. jubileuszowa edycja \u015awi\u0119ta Drzewa Klubu Gaja to ogromny sukces \u2013 wsp\u00f3lnie zasadzili\u015bmy ponad 112\u00a0 500 drzew! Ponad 56\u00a0 000 os\u00f3b \u2013 dzieci, m\u0142odzie\u017cy i\u00a0 doros\u0142ych przy\u0142\u0105czy\u0142o si\u0119 do naszego programu. Gratulujemy i gor\u0105co dzi\u0119kujemy za udzia\u0142!<\/strong><strong><!--more--> <\/strong><\/p>\n<p>Realizowany przez Klub Gaja od 2003 roku program \u015awi\u0119to Drzewa to szeroka edukacja na temat rozwoju zr\u00f3wnowa\u017conego i\u00a0zmian klimatu, tw\u00f3rcza wsp\u00f3\u0142praca i\u00a0dzia\u0142ania praktyczne \u2013 sadzenie i\u00a0ochrona drzew. W ten spos\u00f3b spo\u0142eczno\u015bci lokalne w ca\u0142ym kraju podejmuj\u0105 si\u0119 konkretnych dzia\u0142a\u0144 dla \u015brodowiska naturalnego i wsp\u00f3lnego dobra. Buduj\u0105 kapita\u0142 ekologiczny i spo\u0142eczny.<\/p>\n<p><strong>Zapraszamy wszystkich do czytania <\/strong><a title=\"Raport z dzia\u0142a\u0144 10. edycja \u015awi\u0119ta Drzewa\" href=\"http:\/\/swietodrzewa.pl\/wp-content\/uploads\/2013\/06\/raport_10edycja_sd.pdf\" target=\"_blank\">Raportu z dzia\u0142a\u0144 10. edycji \u015awi\u0119ta Drzewa <\/a><\/p>\n<p><a title=\"Raport z dzia\u0142a\u0144 10. edycji \u015awi\u0119ta Drzewa\" href=\" http:\/\/swietodrzewa.pl\/wp-content\/uploads\/2013\/06\/raport_10edycja_sd.pdf\" target=\"_blank\">\u00a0<\/a><\/p>\n<p style=\"text-align: center;\"><strong><span style=\"text-decoration: underline; color: #ff6600; font-size: 1.5em; text-align: center;\">Czarodziejskie Drzewa 2013<\/span><\/strong><\/p>\n<p><strong>Kampinoski Park Narodowy (woj. mazowieckie)\u00a0<\/strong><\/p>\n<p><strong><\/strong>\u2013 <em>za posadzenie najwi\u0119kszej liczby drzew \u2013 22 tysi\u0119cy<\/em><\/p>\n<p><strong>Stowarzyszenie Ekologiczno \u2013 Kulturalne PAKLA (woj. lubuskie)<\/strong><\/p>\n<p><strong>\u00a0<\/strong>\u2013 <em>za posadzenie 13 tysi\u0119cy drzew wsp\u00f3lnie z seniorami, harcerzami, uczniami i aresztantami<\/em><\/p>\n<p><strong>Szko\u0142a Podstawowa im. Juliana Tuwima w\u00a0Lipinkach<\/strong> <strong>(woj. warmi\u0144sko-mazurskie) <\/strong><\/p>\n<p><em>\u2013 za posadzenie 3120 drzew i krzew\u00f3w, zaanga\u017cowanie w \u015awi\u0119to Drzewa uczni\u00f3w Szko\u0142y Podstawowej w \u0141\u0105korzu i uczni\u00f3w z indywidualnym tokiem nauczania <\/em><\/p>\n<p><strong>Przedszkole Publiczne nr 7 w\u00a0 Ostrowcu \u015awi\u0119tokrzyskim (woj. \u015bwi\u0119tokrzyskie)<\/strong><\/p>\n<p><strong>\u00a0<\/strong><em>\u2013 za zaanga\u017cowanie kilkunastu organizacji i instytucji oraz sze\u015bciu szk\u00f3\u0142 i trzech przedszkoli<\/em><\/p>\n<p><strong>Gmina Miejska \u017bory (woj. \u015bl\u0105skie)\u00a0<\/strong><\/p>\n<p><strong><\/strong><em>\u2013 za sadzenie drzew przez dzieci i m\u0142odzie\u017c w ogrodach przyszkolnych i pomys\u0142 na odkrywanie warto\u015bci starych drzew poprzez konkurs \u017borskie pomniki przyrody<\/em><\/p>\n<p><strong>Nadle\u015bnictwo Zawadzkie (woj. opolskie)<\/strong><\/p>\n<p><em>\u2013 za systematyczne powi\u0119kszanie grona uczestnik\u00f3w \u015awi\u0119ta Drzewa przez organizacje spo\u0142eczne, plac\u00f3wki o\u015bwiatowe i samorz\u0105dy z terenu administracyjnego nadle\u015bnictwa<\/em><\/p>\n<p><strong>Towarzystwo Przyjaci\u00f3\u0142 Lasu Las Kudypski (woj. warmi\u0144sko-mazurskie)<\/strong><\/p>\n<p><strong>\u00a0<\/strong><em>\u2013 za powi\u0119kszanie kolekcji dendrologicznej Le\u015bnego Arboretum w Kudypach i integracj\u0119 spo\u0142eczn\u0105 poprzez wsp\u00f3lne sadzenie drzew w bogatej oprawie artystycznej<\/em><\/p>\n<p><strong>Dla Bibliotekarzy w\u00a0Jaworznie (woj. \u015bl\u0105skie)<\/strong><\/p>\n<p><strong>\u2013 z Miejskiej Biblioteki Publicznej\u00a0<\/strong><em>\u2013 za utworzenie Literackiego Zagajnika <\/em>oraz \u2013 z <strong>Biblioteki Pedagogicznej<\/strong> \u2013 <em>za\u00a0<\/em><em>uczczenie swojego 55-lecia posadzeniem 55 jawor\u00f3w na terenie 55 plac\u00f3wek o\u015bwiatowych w mie\u015bcie<\/em><\/p>\n<p><strong>Nadle\u015bnictwo Strza\u0142owo (woj. warmi\u0144sko-mazurskie)\u00a0<\/strong><\/p>\n<p><strong><\/strong><em>\u00a0\u2013 za przyj\u0119cie \u015awi\u0119ta Drzewa jako ca\u0142orocznego programu edukacyjnego i wielostronne pog\u0142\u0119bianie wiedzy dzieci i m\u0142odzie\u017cy na temat pierwszego i drugiego \u017cycia drzewa<\/em><\/p>\n<p><strong>Ko\u0142o Ekologiczne EKOLUDKI w\u00a0Szkole Podstawowej im. Janusza Kusoci\u0144skiego w\u00a0 Pacynie (woj. mazowieckie)\u00a0<\/strong><\/p>\n<p><strong><\/strong><em>\u2013 za ws\u0142uchiwanie si\u0119 w rytm bicia serc drzew, tworzenie ogr\u00f3dka dendrologicznego i inwentaryzacj\u0119 dzikich wysypisk szkodliwych dla drzew<\/em><\/p>\n<p><strong>Zesp\u00f3\u0142 Szkolno-Przedszkolny w\u00a0 Strzy\u017cowicach (woj. \u015bl\u0105skie)\u00a0<\/strong><\/p>\n<p><strong><\/strong><em>\u2013 za niezwykle oryginaln\u0105 akcj\u0119 artystyczn\u0105 \u017bywe rze\u017aby, kt\u00f3ra pos\u0142u\u017cy\u0142a do promocji \u015awi\u0119ta Drzewa na terenie so\u0142ectwa Strzy\u017cowice<\/em><\/p>\n<h2 style=\"text-align: center;\"><span style=\"text-decoration: underline; color: #ff6600;\"><strong>Z\u0142ote Czarodziejskie Drzewa 2013<\/strong><\/span><\/h2>\n<p><strong>Szko\u0142a Podstawowa im. Marii Konopnickiej w\u00a0 Leszczynie Szlacheckim (woj. mazowieckie)\u00a0<\/strong><\/p>\n<p><strong><\/strong><em>\u2013 za konsekwentn\u0105 i wieloletni\u0105 realizacj\u0119 programu \u015awi\u0119to Drzewa<\/em><\/p>\n<p><strong>Miasto Sto\u0142eczne Warszawa\u00a0<\/strong><\/p>\n<p><strong><\/strong>\u2013 <em>za wieloletnie wsparcie organizacji inauguracji \u015awi\u0119ta Drzewa w stolicy Polski<\/em><\/p>\n<h2 style=\"text-align: center;\"><span style=\"text-decoration: underline; color: #ff6600;\"><strong>Kryszta\u0142owe Czarodziejskie Drzewa 2013<\/strong><\/span><\/h2>\n<p><strong>Lasy Pa\u0144stwowe<\/strong><em>\u00a0<\/em><\/p>\n<p><em>\u2013 za 10 lat Partnerstwa Strategicznego Programu \u015awi\u0119to Drzewa<\/em><\/p>\n<p><strong>LeasePlan Fleet Management (Polska) Sp. z\u00a0o.o.\u00a0<\/strong><\/p>\n<p><strong><\/strong><em>\u2013 za konsekwentne edukowanie i sadzenie drzew z pracownikami i klientami firmy<\/em><\/p>\n<p><strong>Starostwo Powiatowe w\u00a0 Limanowej \u2013 Powiatowe Centrum Ekologicznego\u00a0<\/strong><\/p>\n<p><strong><\/strong><em>\u2013 za konsekwentn\u0105 i wieloletni\u0105 realizacj\u0119 Programu \u015awi\u0119to Drzewa<\/em><\/p>\n<p>&nbsp;<\/p>\n<p><em>Program \u015awi\u0119to Drzewa zosta\u0142 dofinansowany ze \u015brodk\u00f3w Narodowego Funduszu Ochrony \u015arodowiska i Gospodarki Wodnej oraz Wojew\u00f3dzkiego Funduszu Ochrony \u015arodowiska i Gospodarki Wodnej w Katowicach. Honorowy patronat nad 10-leciem \u015awi\u0119ta Drzewa Ma\u0142\u017conki Prezydenta RP Anny Komorowskiej. Partner strategiczny: Lasy Pa\u0144stwowe. Partnerzy : LeasePlan, Troton, Eco Service, Green Project, Ashoka.<\/em><\/p>\n","protected":false},"excerpt":{"rendered":"<p>Klub Gaja wy\u0142oni\u0142 laureat\u00f3w konkursu o Nagrod\u0119 Czarodziejskiego Drzewa 10. edycji programu \u015awi\u0119to Drzewa. Uroczyste wr\u0119czenie nagr\u00f3d odb\u0119dzie si\u0119 10 pa\u017adziernika 2013 roku w Warszawie, podczas gali inauguruj\u0105cej 11. edycj\u0119 \u015awi\u0119ta Drzewa. 10. jubileuszowa edycja \u015awi\u0119ta Drzewa Klubu Gaja to ogromny sukces \u2013 wsp\u00f3lnie zasadzili\u015bmy ponad 112\u00a0 500 drzew! Ponad 56\u00a0 000 os\u00f3b \u2013 dzieci, [&hellip;]<\/p>\n","protected":false},"author":3,"featured_media":2385,"comment_status":"closed","ping_status":"closed","sticky":false,"template":"","format":"standard","meta":{"ngg_post_thumbnail":0},"categories":[22,17],"tags":[],"_links":{"self":[{"href":"https:\/\/archiwum.swietodrzewa.pl\/index.php?rest_route=\/wp\/v2\/posts\/2394"}],"collection":[{"href":"https:\/\/archiwum.swietodrzewa.pl\/index.php?rest_route=\/wp\/v2\/posts"}],"about":[{"href":"https:\/\/archiwum.swietodrzewa.pl\/index.php?rest_route=\/wp\/v2\/types\/post"}],"author":[{"embeddable":true,"href":"https:\/\/archiwum.swietodrzewa.pl\/index.php?rest_route=\/wp\/v2\/users\/3"}],"replies":[{"embeddable":true,"href":"https:\/\/archiwum.swietodrzewa.pl\/index.php?rest_route=%2Fwp%2Fv2%2Fcomments&post=2394"}],"version-history":[{"count":10,"href":"https:\/\/archiwum.swietodrzewa.pl\/index.php?rest_route=\/wp\/v2\/posts\/2394\/revisions"}],"predecessor-version":[{"id":2396,"href":"https:\/\/archiwum.swietodrzewa.pl\/index.php?rest_route=\/wp\/v2\/posts\/2394\/revisions\/2396"}],"wp:featuredmedia":[{"embeddable":true,"href":"https:\/\/archiwum.swietodrzewa.pl\/index.php?rest_route=\/wp\/v2\/media\/2385"}],"wp:attachment":[{"href":"https:\/\/archiwum.swietodrzewa.pl\/index.php?rest_route=%2Fwp%2Fv2%2Fmedia&parent=2394"}],"wp:term":[{"taxonomy":"category","embeddable":true,"href":"https:\/\/archiwum.swietodrzewa.pl\/index.php?rest_route=%2Fwp%2Fv2%2Fcategories&post=2394"},{"taxonomy":"post_tag","embeddable":true,"href":"https:\/\/archiwum.swietodrzewa.pl\/index.php?rest_route=%2Fwp%2Fv2%2Ftags&post=2394"}],"curies":[{"name":"wp","href":"https:\/\/api.w.org\/{rel}","templated":true}]}}