{"id":2439,"date":"2013-06-26T11:19:28","date_gmt":"2013-06-26T09:19:28","guid":{"rendered":"http:\/\/swietodrzewa.pl\/?p=2439"},"modified":"2013-06-26T11:46:32","modified_gmt":"2013-06-26T09:46:32","slug":"tylko-4-dni-glosowania-na-drzewo-roku-2013-klubu-gaja","status":"publish","type":"post","link":"https:\/\/archiwum.swietodrzewa.pl\/?p=2439","title":{"rendered":"Tylko 4 dni g\u0142osowania na Drzewo Roku 2013 Klubu Gaja"},"content":{"rendered":"<p>Ju\u017c w niedziel\u0119 \u2013 30 czerwca \u2013 zako\u0144czy si\u0119 g\u0142osowanie na Drzewo Roku 2013. W konkursie, organizowanym przez Klub Gaja, sw\u00f3j g\u0142os mo\u017ce odda\u0107 ka\u017cdy internauta na stronie <a href=\"http:\/\/www.swietodrzewa.pl\"><strong>www.swietodrzewa.pl<\/strong><\/a>. Na oddanie g\u0142osu pozosta\u0142y cztery pe\u0142ne dni.<\/p>\n<p><strong><!--more--><\/strong><\/p>\n<p>Ambasadorami konkursu s\u0105 podr\u00f3\u017cniczka i autorka,\u00a0<a href=\"http:\/\/swietodrzewa.pl\/?p=2064\" target=\"_blank\"><strong>El\u017cbieta Dzikowska<\/strong><\/a>\u00a0 oraz re\u017cyser i senator,\u00a0<a href=\"http:\/\/swietodrzewa.pl\/?p=2066\" target=\"_blank\"><strong>Kazimierz Kutz<\/strong><\/a> <strong><\/strong>.<\/p>\n<p>Do wtorku (25 czerwca) w g\u0142osowaniu prowadzi\u0142 D\u0105b Wybickiego z B\u0119domina (gmina Nowa Karczma, woj. pomorskie), kt\u00f3ry zebra\u0142 ponad 6\u00a0000 g\u0142os\u00f3w oraz sosna z Przerodek (gmina Lubowidz, woj. mazowieckie), kt\u00f3ra zebra\u0142a ponad 5\u00a0000 g\u0142os\u00f3w. Na trzecim miejscu znalaz\u0142 si\u0119 d\u0105b Wojs\u0142aw z Mikorowa (gmina Czarna D\u0105br\u00f3wka, woj. pomorskie) \u2013 blisko 3\u00a0000 oddanych g\u0142os\u00f3w.\u00a0 Spo\u015br\u00f3d 191 propozycji nades\u0142anych z ca\u0142ego kraju w <strong><a href=\"http:\/\/baobab.nazwa.pl\/www\/drzewo_roku_2013\/ \" target=\"_blank\">finale\u00a0 <\/a><\/strong>s\u0105 tak\u017ce:<\/p>\n<p>\u2013 lipa Gracja z Tuszyna (woj. dolno\u015bl\u0105skie)<\/p>\n<p>&#8211;\u00a0 D\u0105b Powsta\u0144c\u00f3w 1863 roku z Puszczy Kampinoskiej (woj. mazowieckie)<\/p>\n<p>&#8211; lipa z Ciel\u0119tnik (woj. \u015bl\u0105skie)<\/p>\n<p>&#8211; lipa z Irz\u0105dz (woj. \u015bl\u0105skie)<\/p>\n<p>&#8211; Nasza Lipa z \u0141azisk G\u00f3rnych (woj. \u015bl\u0105skie)<\/p>\n<p>\u2013 lipa z Sandomierza (woj. \u015bwi\u0119tokrzyskie)<\/p>\n<p>\u2013 d\u0105b Przyjaciel z Budzis\u0142awia Starego (woj. wielkopolskie)<\/p>\n<p>&#8211;\u00a0 mamutowiec z Brwic (woj. zachodniopomorskie)<\/p>\n<p><em>Drzewo to nie tylko wa\u017cny element ekosystemu, ale tak\u017ce \u017ar\u00f3d\u0142o natchnienia dla poet\u00f3w, miejsce wspomnie\u0144 czy obiekt kultu religijnego. Ubieg\u0142oroczny konkurs dowi\u00f3d\u0142 te\u017c, \u017ce drzewo potrafi inspirowa\u0107 ludzi do wsp\u00f3lnego dzia\u0142ania. Dzi\u0119ki promocji konkursu w mediach, platan z K\u00f3z, kt\u00f3ry zdoby\u0142 w Polsce 1. miejsce, zaj\u0105\u0142 2. miejsce w Europie<\/em> \u2013 m\u00f3wi dr hab. <strong>Zbigniew Wilczek <\/strong>( Uniwersytet \u015al\u0105ski), jeden z juror\u00f3w konkursu Drzewo Roku Klubu Gaja.<\/p>\n<p>Dotychczas liczba ods\u0142on strony plebiscytu przekroczy\u0142a 71\u00a0000. Organizatorzy przypominaj\u0105 o zasadach g\u0142osowania: z danego adresu email mo\u017cna odda\u0107 tylko jeden g\u0142os. Ka\u017cdy g\u0142os zostanie uznany za oddany po\u00a0klikni\u0119ciu linka, kt\u00f3ry g\u0142osuj\u0105cy otrzyma w postaci e-maila na swoj\u0105 poczt\u0119.<\/p>\n<p><strong>Konkurs Drzewo Roku jest cz\u0119\u015bci\u0105 <a href=\"http:\/\/swietodrzewa.pl\/\" target=\"_blank\">\u015awi\u0119ta Drzewa<\/a><\/strong> &#8211; programu Klubu Gaja. <strong>Ostatnia <a href=\"http:\/\/swietodrzewa.pl\/wp-content\/uploads\/2013\/06\/raport_10edycja_sd.pdf\" target=\"_blank\">10. jubileuszowa edycja \u015awi\u0119ta Drzewa<\/a><\/strong><strong>\u00a0<\/strong><strong> Klubu Gaja to rekordowa liczba &#8211; ponad 112\u00a0 500 zasadzonych drzew<\/strong><strong> i udzia\u0142 ponad 56\u00a0 000 os\u00f3b<\/strong><strong> \u2013 dzieci, m\u0142odzie\u017cy i\u00a0 doros\u0142ych.<br \/>\n<\/strong><\/p>\n<p><em>Konkurs Drzewo Roku w Polsce jest cz\u0119\u015bci\u0105 projektu \u015awi\u0119to Drzewa Klubu Gaja dofinansowanego przez Narodowy Fundusz Ochrony \u015arodowiska i Gospodarki Wodnej i Wojew\u00f3dzki Fundusz Ochrony \u015arodowiska i Gospodarki Wodnej w Katowicach.Honorowy patronat nad 10-leciem \u015awi\u0119ta Drzewa Ma\u0142\u017conki Prezydenta RP Anny Komorowskiej. Partner strategiczny: Lasy Pa\u0144stwowe. Partnerzy : LeasePlan, Troton, Eco Service, Green Project, Ashoka.<\/em><em><\/em><\/p>\n<p>&nbsp;<\/p>\n","protected":false},"excerpt":{"rendered":"<p>Ju\u017c w niedziel\u0119 \u2013 30 czerwca \u2013 zako\u0144czy si\u0119 g\u0142osowanie na Drzewo Roku 2013. W konkursie, organizowanym przez Klub Gaja, sw\u00f3j g\u0142os mo\u017ce odda\u0107 ka\u017cdy internauta na stronie www.swietodrzewa.pl. Na oddanie g\u0142osu pozosta\u0142y cztery pe\u0142ne dni.<\/p>\n","protected":false},"author":1,"featured_media":1748,"comment_status":"closed","ping_status":"closed","sticky":false,"template":"","format":"standard","meta":{"ngg_post_thumbnail":0},"categories":[24],"tags":[],"_links":{"self":[{"href":"https:\/\/archiwum.swietodrzewa.pl\/index.php?rest_route=\/wp\/v2\/posts\/2439"}],"collection":[{"href":"https:\/\/archiwum.swietodrzewa.pl\/index.php?rest_route=\/wp\/v2\/posts"}],"about":[{"href":"https:\/\/archiwum.swietodrzewa.pl\/index.php?rest_route=\/wp\/v2\/types\/post"}],"author":[{"embeddable":true,"href":"https:\/\/archiwum.swietodrzewa.pl\/index.php?rest_route=\/wp\/v2\/users\/1"}],"replies":[{"embeddable":true,"href":"https:\/\/archiwum.swietodrzewa.pl\/index.php?rest_route=%2Fwp%2Fv2%2Fcomments&post=2439"}],"version-history":[{"count":5,"href":"https:\/\/archiwum.swietodrzewa.pl\/index.php?rest_route=\/wp\/v2\/posts\/2439\/revisions"}],"predecessor-version":[{"id":2441,"href":"https:\/\/archiwum.swietodrzewa.pl\/index.php?rest_route=\/wp\/v2\/posts\/2439\/revisions\/2441"}],"wp:featuredmedia":[{"embeddable":true,"href":"https:\/\/archiwum.swietodrzewa.pl\/index.php?rest_route=\/wp\/v2\/media\/1748"}],"wp:attachment":[{"href":"https:\/\/archiwum.swietodrzewa.pl\/index.php?rest_route=%2Fwp%2Fv2%2Fmedia&parent=2439"}],"wp:term":[{"taxonomy":"category","embeddable":true,"href":"https:\/\/archiwum.swietodrzewa.pl\/index.php?rest_route=%2Fwp%2Fv2%2Fcategories&post=2439"},{"taxonomy":"post_tag","embeddable":true,"href":"https:\/\/archiwum.swietodrzewa.pl\/index.php?rest_route=%2Fwp%2Fv2%2Ftags&post=2439"}],"curies":[{"name":"wp","href":"https:\/\/api.w.org\/{rel}","templated":true}]}}