{"id":2450,"date":"2013-07-01T11:44:29","date_gmt":"2013-07-01T09:44:29","guid":{"rendered":"http:\/\/swietodrzewa.pl\/?p=2450"},"modified":"2013-07-01T12:31:17","modified_gmt":"2013-07-01T10:31:17","slug":"dab-wybickiego-drzewem-roku-2013-klubu-gaja","status":"publish","type":"post","link":"https:\/\/archiwum.swietodrzewa.pl\/?p=2450","title":{"rendered":"D\u0105b Wybickiego Drzewem Roku 2013 Klubu Gaja"},"content":{"rendered":"<p>D\u0105b Wybickiego \u2013 drzewo po\u015bwi\u0119cone pami\u0119ci J\u00f3zefa Wybickiego, tw\u00f3rcy hymnu Polski \u2013 zdoby\u0142o tytu\u0142 Drzewa Roku 2013! Na D\u0105b Wybickiego w B\u0119dominie w woj. pomorskim oddano ponad 8\u00a0000 g\u0142os\u00f3w. Drugie miejsce zdoby\u0142a sosna w Przerodkach w woj.\u00a0 mazowieckim, a trzecie &#8211; D\u0105b Wojs\u0142aw z Mikorowa w woj. pomorskim. Na stronie plebiscytu odnotowano ponad 85 500 ods\u0142on.<!--more--><\/p>\n<p>Og\u00f3lnopolski konkurs Klubu Gaja\u00a0 &#8211; Drzewo Roku promuje postawy poszanowania przyrody i konieczno\u015b\u0107 ochrony jej obiekt\u00f3w oraz pokazuje przyk\u0142ady silnych zwi\u0105zk\u00f3w pomi\u0119dzy kultur\u0105 i histori\u0105 lokalnej spo\u0142eczno\u015bci, a drzewem, do kt\u00f3rego przywi\u0105zuje ona szczeg\u00f3lne znaczenie. Ambasadorami konkursu s\u0105 podr\u00f3\u017cniczka i pisarka, <a href=\"http:\/\/swietodrzewa.pl\/?p=2055#more-2055\" target=\"_blank\"><strong>El\u017cbieta Dzikowska<\/strong><\/a>\u00a0 oraz re\u017cyser i senator, <a href=\"http:\/\/swietodrzewa.pl\/?p=2066#more-2066\" target=\"_blank\"><strong>Kazimierz Kutz<\/strong><\/a>.<\/p>\n<p><strong><a href=\"http:\/\/swietodrzewa.pl\/wp-content\/uploads\/2013\/07\/Dab-Wybickiego-2.jpg\"><img loading=\"lazy\" class=\"alignleft size-medium wp-image-2454\" title=\"Dab-Wybickiego-2\" src=\"http:\/\/swietodrzewa.pl\/wp-content\/uploads\/2013\/07\/Dab-Wybickiego-2-300x225.jpg\" alt=\"\" width=\"300\" height=\"225\" srcset=\"https:\/\/archiwum.swietodrzewa.pl\/wp-content\/uploads\/2013\/07\/Dab-Wybickiego-2-300x225.jpg 300w, https:\/\/archiwum.swietodrzewa.pl\/wp-content\/uploads\/2013\/07\/Dab-Wybickiego-2.jpg 1023w\" sizes=\"(max-width: 300px) 100vw, 300px\" \/><\/a>Zdobywca tytu\u0142u Drzewo Roku 2013<\/strong> <strong>\u2013 D\u0105b Wybickiego<\/strong> ro\u015bnie obok Muzeum Hymnu Narodowego w B\u0119dominie. D\u0105b trafi\u0142 do konkursu dzi\u0119ki jednej z turystek, kt\u00f3r\u0105 drzewo urzek\u0142o swoim majestatem. Patron d\u0119bu &#8211; J\u00f3zef Wybicki urodzi\u0142 si\u0119 w dworze, w kt\u00f3rym znajduje si\u0119 obecnie muzeum, gdy d\u0105b mia\u0142 ju\u017c ponad sto lat. Pod drzewem Wybicki, jako ma\u0142y ch\u0142opiec s\u0142ucha\u0142 opowiada\u0144 swojego ojca o udziale w\u00a0 wojnie w obronie kr\u00f3la Stanis\u0142awa Leszczy\u0144skiego. Kilkadziesi\u0105t lat p\u00f3\u017aniej, J\u00f3zef sprzeda\u0142 rodzinny maj\u0105tek, bo B\u0119domin po I rozbiorze Polski znalaz\u0142 si\u0119 w pa\u0144stwie pruskim. Dw\u00f3r przeszed\u0142 na w\u0142asno\u015b\u0107 niemieckiej rodziny Dehlweid, a\u017c do chwili ucieczki przed Armi\u0105 Czerwon\u0105. W kilka lat po wyzwoleniu powsta\u0142 tu Uniwersytet Ludowy im. J\u00f3zefa Wybickiego, potem szko\u0142a podstawowa, a od 1978 roku \u2013 muzeum. Od ponad trzydziestu lat d\u0105b ogl\u0105daj\u0105 uczestnicy wycieczek szkolnych, rodzinnych, indywidualnych. Od 25 lat w jego okolicy organizowany jest Bieg Mazurka, a od 2005 r. \u2013 rekonstrukcja historyczna Batalii Napoleo\u0144skiej. Drzewo jest te\u017c obiektem malarskim i fotograficznym. <em>Jest po cz\u0119\u015bci d\u0119bem ka\u017cdego z nas: przywo\u0142uje cechy bliskie Polakowi, jak np. patriotyzm czy waleczno\u015b\u0107, \u015bwiadczy o sile tradycji i pot\u0119dze symbolu <\/em>\u2013 napisa\u0142a autorka zg\u0142oszenia, \u00a0kt\u00f3ra odwiedzi\u0142a muzeum w 2010 r.<\/p>\n<p><strong><a href=\"http:\/\/swietodrzewa.pl\/wp-content\/uploads\/2013\/07\/sosna_przerodki.jpg\"><img loading=\"lazy\" class=\"alignleft size-medium wp-image-2452\" title=\"sosna_przerodki\" src=\"http:\/\/swietodrzewa.pl\/wp-content\/uploads\/2013\/07\/sosna_przerodki-300x199.jpg\" alt=\"\" width=\"300\" height=\"199\" srcset=\"https:\/\/archiwum.swietodrzewa.pl\/wp-content\/uploads\/2013\/07\/sosna_przerodki-300x199.jpg 300w, https:\/\/archiwum.swietodrzewa.pl\/wp-content\/uploads\/2013\/07\/sosna_przerodki.jpg 1024w\" sizes=\"(max-width: 300px) 100vw, 300px\" \/><\/a>Sosna z Przerodek<\/strong>,\u00a0kt\u00f3ra otrzyma\u0142a blisko 6 400 g\u0142os\u00f3w i zdoby\u0142a 2. miejsce w konkursie, zosta\u0142a zg\u0142oszona przez Nadle\u015bnictwo Lidzbark. Drzewo wyr\u00f3\u017cnia si\u0119 bardzo nietypowy kszta\u0142tem i romantyczn\u0105 histori\u0105 o mi\u0142o\u015bci carskiego \u017co\u0142nierza do m\u0142odej Polki. M\u0142odzi otrzymali zgod\u0119 na \u015blub, dopiero w\u00f3wczas gdy wojak przysi\u0105g\u0142, \u017ce przyjmie chrzest katolicki, a dzieci z tego zwi\u0105zku b\u0119d\u0105 Polakami.<\/p>\n<p>&nbsp;<\/p>\n<p>&nbsp;<\/p>\n<p>&nbsp;<\/p>\n<p><strong><a href=\"http:\/\/swietodrzewa.pl\/wp-content\/uploads\/2013\/07\/dab_wojslaw.jpg\"><img loading=\"lazy\" class=\"alignleft size-medium wp-image-2453\" title=\"dab_wojslaw\" src=\"http:\/\/swietodrzewa.pl\/wp-content\/uploads\/2013\/07\/dab_wojslaw-300x199.jpg\" alt=\"\" width=\"300\" height=\"199\" srcset=\"https:\/\/archiwum.swietodrzewa.pl\/wp-content\/uploads\/2013\/07\/dab_wojslaw-300x199.jpg 300w, https:\/\/archiwum.swietodrzewa.pl\/wp-content\/uploads\/2013\/07\/dab_wojslaw.jpg 1024w\" sizes=\"(max-width: 300px) 100vw, 300px\" \/><\/a>D\u0105b Wojs\u0142aw z Mikorowa<\/strong> &#8211; zdoby\u0142 ponad 2\u00a0800 g\u0142os\u00f3w i 3. miejsce &#8211; zg\u0142osi\u0142o Stowarzyszenie Loko-motywa. Mieszka\u0144cy Mikorowa, aby rozs\u0142awi\u0107 pi\u0119kno drzewa wymy\u015blili o nim legend\u0119 i zorganizowali widowisko. Teren wok\u00f3\u0142 Wojs\u0142awa uporz\u0105dkowano i ozdobiono, a legend\u0119 mo\u017cna ods\u0142ucha\u0107 uruchamiaj\u0105c stoj\u0105cy pod drzewem stary magiel przerobiony na rodzaj magnetofonu lub obejrze\u0107, poniewa\u017c zilustrowano j\u0105 na 70-metrowym muralu.<\/p>\n<p>Do tegorocznej, 3. edycji konkursu zg\u0142oszono 191 drzew z ca\u0142ej Polski. W sumie na <a href=\"http:\/\/swietodrzewa.pl\/?p=2225#more-2225\" target=\"_blank\">11 drzew<\/a> , w czerwcu 2013 roku podczas <a href=\"http:\/\/baobab.nazwa.pl\/www\/drzewo_roku_2013\/\" target=\"_blank\">g\u0142osowania<\/a> , oddano ponad 26 000 wa\u017cnych g\u0142os\u00f3w. Statuetka Drzewo Roku zostanie wr\u0119czona w Warszawie (10 pa\u017adziernika 2013 r.) podczas inauguracji 11. edycji <a href=\"http:\/\/swietodrzewa.pl\" target=\"_blank\">\u015awi\u0119ta Drzewa <\/a>\u2013 programu edukacyjnego Klubu Gaja, kt\u00f3rego konkurs Drzewo Roku jest cz\u0119\u015bci\u0105.<\/p>\n<p><strong>Dok\u0142adna liczba g\u0142os\u00f3w zdobytych przez poszczeg\u00f3lne drzewa:<\/strong><\/p>\n<p>1. D\u0105b Wybickiego \u2013 8082 g\u0142os\u00f3w<\/p>\n<p>2. Sosna w Przerodkach \u2013 6366 g\u0142os\u00f3w<\/p>\n<p>3. D\u0105b Wojs\u0142aw \u2013 2829 g\u0142os\u00f3w<\/p>\n<p>4. Lipa w Ciel\u0119tnikach \u2013 2400 g\u0142os\u00f3w<\/p>\n<p>5. D\u0105b Powsta\u0144c\u00f3w 1863r \u2013 1642 g\u0142os\u00f3w<\/p>\n<p>6. Lipa w \u0141aziskach G\u00f3rnych \u2013 1583 g\u0142os\u00f3w<\/p>\n<p>7. Mamutowiec w Brwicach \u2013 1182 g\u0142os\u00f3w<\/p>\n<p>8. D\u0105b Przyjaciel w Budzis\u0142awiu Starym \u2013 959 g\u0142os\u00f3w<\/p>\n<p>9. Lipa Gracja w Tuszynie \u2013 475 g\u0142os\u00f3w<\/p>\n<p>10. Lipa w Irz\u0105dzach \u2013 440 g\u0142os\u00f3w<\/p>\n<p>11. Lipa w Sandomierzu \u2013 281 g\u0142os\u00f3w<\/p>\n<p><em>Konkurs Drzewo Roku w Polsce jest cz\u0119\u015bci\u0105 projektu \u015awi\u0119to Drzewa Klubu Gaja dofinansowanego przez Narodowy Fundusz Ochrony \u015arodowiska i Gospodarki Wodnej i Wojew\u00f3dzki Fundusz Ochrony \u015arodowiska i Gospodarki Wodnej w Katowicach. Honorowy patronat nad 10-leciem \u015awi\u0119ta Drzewa Ma\u0142\u017conki Prezydenta RP Anny Komorowskiej. Partner strategiczny: Lasy Pa\u0144stwowe. Partnerzy : LeasePlan, Troton, Eco Service, Green Project, Ashoka.<\/em><\/p>\n<p>Zdj\u0119cia: Tomek Piku\u0142a<\/p>\n","protected":false},"excerpt":{"rendered":"<p>D\u0105b Wybickiego \u2013 drzewo po\u015bwi\u0119cone pami\u0119ci J\u00f3zefa Wybickiego, tw\u00f3rcy hymnu Polski \u2013 zdoby\u0142o tytu\u0142 Drzewa Roku 2013! Na D\u0105b Wybickiego w B\u0119dominie w woj. pomorskim oddano ponad 8\u00a0000 g\u0142os\u00f3w. Drugie miejsce zdoby\u0142a sosna w Przerodkach w woj.\u00a0 mazowieckim, a trzecie &#8211; D\u0105b Wojs\u0142aw z Mikorowa w woj. pomorskim. Na stronie plebiscytu odnotowano ponad 85 500 [&hellip;]<\/p>\n","protected":false},"author":1,"featured_media":2455,"comment_status":"closed","ping_status":"closed","sticky":false,"template":"","format":"standard","meta":{"ngg_post_thumbnail":0},"categories":[24],"tags":[],"_links":{"self":[{"href":"https:\/\/archiwum.swietodrzewa.pl\/index.php?rest_route=\/wp\/v2\/posts\/2450"}],"collection":[{"href":"https:\/\/archiwum.swietodrzewa.pl\/index.php?rest_route=\/wp\/v2\/posts"}],"about":[{"href":"https:\/\/archiwum.swietodrzewa.pl\/index.php?rest_route=\/wp\/v2\/types\/post"}],"author":[{"embeddable":true,"href":"https:\/\/archiwum.swietodrzewa.pl\/index.php?rest_route=\/wp\/v2\/users\/1"}],"replies":[{"embeddable":true,"href":"https:\/\/archiwum.swietodrzewa.pl\/index.php?rest_route=%2Fwp%2Fv2%2Fcomments&post=2450"}],"version-history":[{"count":12,"href":"https:\/\/archiwum.swietodrzewa.pl\/index.php?rest_route=\/wp\/v2\/posts\/2450\/revisions"}],"predecessor-version":[{"id":2467,"href":"https:\/\/archiwum.swietodrzewa.pl\/index.php?rest_route=\/wp\/v2\/posts\/2450\/revisions\/2467"}],"wp:featuredmedia":[{"embeddable":true,"href":"https:\/\/archiwum.swietodrzewa.pl\/index.php?rest_route=\/wp\/v2\/media\/2455"}],"wp:attachment":[{"href":"https:\/\/archiwum.swietodrzewa.pl\/index.php?rest_route=%2Fwp%2Fv2%2Fmedia&parent=2450"}],"wp:term":[{"taxonomy":"category","embeddable":true,"href":"https:\/\/archiwum.swietodrzewa.pl\/index.php?rest_route=%2Fwp%2Fv2%2Fcategories&post=2450"},{"taxonomy":"post_tag","embeddable":true,"href":"https:\/\/archiwum.swietodrzewa.pl\/index.php?rest_route=%2Fwp%2Fv2%2Ftags&post=2450"}],"curies":[{"name":"wp","href":"https:\/\/api.w.org\/{rel}","templated":true}]}}