{"id":28,"date":"2011-09-08T17:16:31","date_gmt":"2011-09-08T15:16:31","guid":{"rendered":"http:\/\/swietodrzewa.pl\/?p=28"},"modified":"2012-01-09T14:56:31","modified_gmt":"2012-01-09T13:56:31","slug":"dfsdfsdf","status":"publish","type":"post","link":"https:\/\/archiwum.swietodrzewa.pl\/?p=28","title":{"rendered":"Jeszcze wi\u0119cej makulatury"},"content":{"rendered":"<p align=\"justify\">Oko\u0142o 268 ton makulatury zebrali uczestnicy akcji Klubu Gaja \u201eZbieraj makulatur\u0119, ratuj konie\u201d, kt\u00f3rej kolejn\u0105 edycj\u0119 w\u0142a\u015bnie podsumowano. W tym og\u00f3lnopolskim przedsi\u0119wzi\u0119ciu sw\u00f3j udzia\u0142 maj\u0105 tak\u017ce bielszczanie: Szko\u0142a Podstawowa \u201eSmyk\u201d i apteka przy ulicy PCK. Po raz ostatni akcja odby\u0142a si\u0119 w starej formule. W przysz\u0142ym roku organizatorzy czekaj\u0105 nie tylko na tych, kt\u00f3rzy mog\u0105 zebra\u0107 najwi\u0119cej zu\u017cytego papieru, ale tak\u017ce zaanga\u017cowa\u0107 w zbi\u00f3rk\u0119 inne \u015brodowiska, albo przeprowadzi\u0107 najciekawsze dzia\u0142ania.<!--more--><\/p>\n<p align=\"justify\">\u201eZbieraj makulatur\u0119, ratuj konie\u201d jest cz\u0119\u015bci\u0105 najwi\u0119kszego programu edukacyjnego Klubu Gaja \u2013 \u201e\u015awi\u0119to Drzewa\u201d. 10 pa\u017adziernika w\u00a0 Warszawie odb\u0119dzie si\u0119 inauguracja 9. edycji \u015bwi\u0119ta i podsumowanie poprzedniej, w tym tak\u017ce akcji dla koni. Statuetki Pegaza otrzymaj\u0105: Zesp\u00f3\u0142 Szk\u00f3\u0142 Ponadgimnazjalnych im. Hipolita Cegielskiego w Zi\u0119bicach i\u00a0 firma TNT Express Worldwide Poland. Ponad to przyznano 11 wyr\u00f3\u017cnie\u0144. Uczniowie Szko\u0142y Podstawowej \u201eSmyk\u201d i w\u0142a\u015bcicielka apteki przy ul. PCK w Bielsku-Bia\u0142ej znale\u017ali si\u0119 w gronie ponad setki plac\u00f3wek z ca\u0142ej Polski, m.in. z Warszawy, Katowic, Kutna, Ciechanowa i Zamo\u015bcia.<\/p>\n<h2 align=\"justify\"><strong>Smyk nie taki ma\u0142y<\/strong><\/h2>\n<p align=\"justify\">Prywatna Szko\u0142a Podstawowa \u201eSmyk\u201d w Bielsku-Bia\u0142ej ma tylko 85 uczni\u00f3w. Tym bardziej zaskakuje efekt zbi\u00f3rki makulatury. Po jej sprzeda\u017cy dzieci przekaza\u0142y ponad tysi\u0105c z\u0142otych! Opr\u00f3cz zbi\u00f3rki w szkole odby\u0142 si\u0119 r\u00f3wnie\u017c kiermasz dobroczynny, a podczas Dnia Otwartego plac\u00f3wki \u2013 przygotowano specjaln\u0105 wystaw\u0119. Tak naprawd\u0119 zbieraniem makulatury najpierw \u201ezarazili si\u0119: sz\u00f3stoklasi\u015bci, kt\u00f3rzy wkr\u00f3tce przekonali do tego pozosta\u0142ych. Smyk nie jest\u00a0 du\u017c\u0105 szko\u0142\u0105 i magazynowanie zbieranej makulatury nie by\u0142o mo\u017cliwe. Tym bardziej niezb\u0119dna okaza\u0142a si\u0119 dobra wola rodzic\u00f3w, kt\u00f3rzy wywozili zebrany papier. Teraz dzieciom i rodzicom bardzo zale\u017cy na tym, aby pozna\u0107 konia, kt\u00f3ry dzi\u0119ki ich wysi\u0142kowi zosta\u0142 wykupiony. Zrobimy wtedy gazetk\u0119 podsumowuj\u0105c\u0105 \u2013 wyja\u015bnia <strong>Barbara \u0141ukasiak \u2013 Turska<\/strong>.<\/p>\n<h2 align=\"justify\"><strong>Tara, Myszorka, Rymarz i inne<\/strong><\/h2>\n<p align=\"justify\">W ci\u0105gu 11 lat akcji \u201eZbieraj makulatur\u0119, ratuj konie\u201d Klub Gaja podj\u0105\u0142 si\u0119 opieki nad 44 ko\u0144mi. Zwierz\u0119ta by\u0142y przetrzymywane w skrajnie nieodpowiednich warunkach, albo zaniedbywane pod wzgl\u0119dem zdrowotnym lub wykorzystywane do ci\u0119\u017ckiej pracy. Czasem stawa\u0142y si\u0119 ofiar\u0105 nieszcz\u0119\u015bcia, kt\u00f3re dotkn\u0119\u0142o ich w\u0142a\u015bcicieli. Nie brakuje jednak przypadk\u00f3w ludzi, kt\u00f3rym konie mia\u0142y zapewni\u0107 rozrywk\u0119 i rekreacj\u0119. Kupowane z tak\u0105 my\u015bl\u0105 wkr\u00f3tce okazywa\u0142y si\u0119 zb\u0119dne. Cz\u0119sto najprostszym rozwi\u0105zaniem takiego problemu jest szybka sprzeda\u017c konia do rze\u017ani. Za ka\u017cdym razem Klub Gaja podejmowa\u0142 interwencje na pro\u015bb\u0119 os\u00f3b poszukuj\u0105cych pomocy dla takich zwierz\u0105t (s\u0105siad\u00f3w, przyjezdnych),\u00a0 kt\u00f3re uwa\u017ca\u0142y, \u017ce zwierz\u0119ta nie zas\u0142uguj\u0105 na takie traktowanie. Wykup konia, przetransportowanie go do innego gospodarstwa, leczenie b\u0105d\u017a inne formy pomocy Klub Gaja mo\u017ce sfinansowa\u0107 tylko dzi\u0119ki pieni\u0105dzom ze zbi\u00f3rki makulatury, darowiznom i wp\u0142atom \u201e1%\u201d.<\/p>\n<p align=\"justify\">W ci\u0105gu ostatniego roku w\u015br\u00f3d koni, kt\u00f3rym uda\u0142o si\u0119 pom\u00f3c, znalaz\u0142 si\u0119 m.in.\u00a0 Rymarz. Przez wiele lat by\u0142 wykorzystywany do zw\u00f3zki drewna z beskidzkich las\u00f3w. Gdy straci\u0142 oko zosta\u0142 sprzedany do innej pracy \u2013 przy saniach podczas kulig\u00f3w. Osoba, kt\u00f3ra interesowa\u0142a si\u0119 jego losem wiedzia\u0142a, \u017ce ko\u0144 wkr\u00f3tce trafi do rze\u017ani. Zawiadomi\u0142a Klub Gaja i ko\u0144 zosta\u0142 wykupiony od w\u0142a\u015bciciela. Nowy pan Rymarza ma dla niego znacznie l\u017cejsz\u0105 prac\u0119.<\/p>\n<p align=\"justify\">Myszorka razem ze swoj\u0105 w\u0142a\u015bcicielk\u0105 prze\u017cy\u0142a pow\u00f3d\u017a, ale po katastrofie okaza\u0142o si\u0119, \u017ce starsza pani nie ma ju\u017c si\u0142 by wskrzesi\u0107 zniszczone gospodarstwo. Niepotrzebny ko\u0144 mia\u0142 trafi\u0107 do rze\u017ani. Szcz\u0119\u015bliwie, w tym czasie,\u00a0 do Klubu Gaja dotar\u0142a osoba, kt\u00f3ra szuka\u0142a konia dla swojego niezamo\u017cnego wujka \u2013 rolnika. I w\u0142a\u015bnie on sta\u0142 si\u0119 nowym w\u0142a\u015bcicielem Myszorki. Po stracie poprzedniego konia (pad\u0142 z powodu choroby), m\u0119\u017cczyzna by\u0142 przekonany, \u017ce\u00a0 ju\u017c nigdy nie b\u0119dzie sta\u0107 go na zakup nowego. W ten spos\u00f3b uda\u0142o si\u0119 odmieni\u0107 los i konia, i cz\u0142owieka.<\/p>\n<p align=\"justify\">Tara by\u0142a ulubienic\u0105 dw\u00f3ch nastoletnich przyjaci\u00f3\u0142ek. Nale\u017ca\u0142a do ojca jednej z dziewcz\u0105t. Kiedy okaza\u0142o si\u0119, \u017ce tata musi wyjecha\u0107 zagranic\u0119, ko\u0144 mia\u0142 trafi\u0107 do rze\u017ani. Ania, druga z dziewcz\u0105t, s\u0142ysza\u0142a o akcji Kluby Gaja \u201eZbieraj makulatur\u0119, ratuj konie\u201d dlatego zwr\u00f3ci\u0142a si\u0119 do stowarzyszenia z konkretn\u0105 propozycj\u0119: je\u015bli klub zgodzi si\u0119 wykupi\u0107 konia trafi on do gospodarstwa jej rodzic\u00f3w, a szko\u0142a, do kt\u00f3rej dziewczynka chodzi przy\u0142\u0105czy si\u0119 do zbi\u00f3rki makulatury.<\/p>\n<p align=\"justify\"><strong>Wi\u0119cej historii uratowanych koni opisanych jest na:<\/strong> <a href=\"http:\/\/www.klubgaja.pl\/_pliki\/uratowane_konie.pdf\">http:\/\/www.klubgaja.pl\/_pliki\/uratowane_konie.pdf<\/a><\/p>\n<h2 align=\"justify\"><strong>Zbi\u00f3rka makulatury w Gemini Park !<\/strong><\/h2>\n<p align=\"justify\">Od 22 do 24 wrze\u015bnia dzi\u0119ki wsp\u00f3\u0142pracy z Centrum Handlowo-Rozrywkowym Gemini Park w Bielsku-Bia\u0142ej oraz z firm\u0105 Eko-Wt\u00f3r z Bystrej\u00a0 Klub Gaja zaprasza do akcji \u201eZbieraj makulatur\u0119, ratuj konie\u201d lokalne szko\u0142y i wszystkich mieszka\u0144c\u00f3w. Przed Gemini Park stanie kontener, do kt\u00f3rego b\u0119dzie mo\u017cna wrzuci\u0107 ka\u017cd\u0105 ilo\u015b\u0107 makulatury. Dla szk\u00f3\u0142, kt\u00f3re w dniach od 22-23 wrze\u015bnia (czwartek-pi\u0105tek), przynios\u0105 najwi\u0119cej zu\u017cytego papieru przygotowano symboliczne prezenty-niespodzianki. W sobot\u0119 mi\u0119dzy godzin\u0105 13.00 \u2013 17.00, z my\u015bl\u0105 g\u0142\u00f3wnie o najm\u0142odszych,\u00a0 przygotowano warsztat plastyczny \u201ePegaz\u201d oraz konkurs z wiedzy o ekologii i o koniach. B\u0119dzie mo\u017cna tak\u017ce zobaczy\u0107 zdj\u0119cia uratowanych koni i dowiedzie\u0107 si\u0119 wi\u0119cej o dzia\u0142aniach Klubu Gaja na stoisku informacyjnym.<br \/>\nOd 4 do 6 listopada oraz 16 listopada podobna akcja odb\u0119dzie si\u0119 przed CH Auchan. Klub Gaja zaprasza!<\/p>\n<p align=\"justify\"><em>Program \u015awi\u0119to Drzewa zosta\u0142 dofinansowany przez Narodowy Fundusz Ochrony \u015arodowiska i Gospodarki Wodnej oraz Wojew\u00f3dzki Fundusz Ochrony \u015arodowiska i Gospodarki Wodnej w Katowicach.<\/em><\/p>\n<hr \/>\n","protected":false},"excerpt":{"rendered":"<p>Oko\u0142o 268 ton makulatury zebrali uczestnicy akcji Klubu Gaja \u201eZbieraj makulatur\u0119, ratuj konie\u201d, kt\u00f3rej kolejn\u0105 edycj\u0119 w\u0142a\u015bnie podsumowano. W tym og\u00f3lnopolskim przedsi\u0119wzi\u0119ciu sw\u00f3j udzia\u0142 maj\u0105 tak\u017ce bielszczanie: Szko\u0142a Podstawowa \u201eSmyk\u201d i apteka przy ulicy PCK. Po raz ostatni akcja odby\u0142a si\u0119 w starej formule. W przysz\u0142ym roku organizatorzy czekaj\u0105 nie tylko na tych, kt\u00f3rzy mog\u0105 [&hellip;]<\/p>\n","protected":false},"author":1,"featured_media":122,"comment_status":"open","ping_status":"open","sticky":false,"template":"","format":"standard","meta":{"ngg_post_thumbnail":0},"categories":[26],"tags":[9,30,7],"_links":{"self":[{"href":"https:\/\/archiwum.swietodrzewa.pl\/index.php?rest_route=\/wp\/v2\/posts\/28"}],"collection":[{"href":"https:\/\/archiwum.swietodrzewa.pl\/index.php?rest_route=\/wp\/v2\/posts"}],"about":[{"href":"https:\/\/archiwum.swietodrzewa.pl\/index.php?rest_route=\/wp\/v2\/types\/post"}],"author":[{"embeddable":true,"href":"https:\/\/archiwum.swietodrzewa.pl\/index.php?rest_route=\/wp\/v2\/users\/1"}],"replies":[{"embeddable":true,"href":"https:\/\/archiwum.swietodrzewa.pl\/index.php?rest_route=%2Fwp%2Fv2%2Fcomments&post=28"}],"version-history":[{"count":25,"href":"https:\/\/archiwum.swietodrzewa.pl\/index.php?rest_route=\/wp\/v2\/posts\/28\/revisions"}],"predecessor-version":[{"id":31,"href":"https:\/\/archiwum.swietodrzewa.pl\/index.php?rest_route=\/wp\/v2\/posts\/28\/revisions\/31"}],"wp:featuredmedia":[{"embeddable":true,"href":"https:\/\/archiwum.swietodrzewa.pl\/index.php?rest_route=\/wp\/v2\/media\/122"}],"wp:attachment":[{"href":"https:\/\/archiwum.swietodrzewa.pl\/index.php?rest_route=%2Fwp%2Fv2%2Fmedia&parent=28"}],"wp:term":[{"taxonomy":"category","embeddable":true,"href":"https:\/\/archiwum.swietodrzewa.pl\/index.php?rest_route=%2Fwp%2Fv2%2Fcategories&post=28"},{"taxonomy":"post_tag","embeddable":true,"href":"https:\/\/archiwum.swietodrzewa.pl\/index.php?rest_route=%2Fwp%2Fv2%2Ftags&post=28"}],"curies":[{"name":"wp","href":"https:\/\/api.w.org\/{rel}","templated":true}]}}