{"id":372,"date":"2011-07-01T14:33:48","date_gmt":"2011-07-01T12:33:48","guid":{"rendered":"http:\/\/swietodrzewa.pl\/?p=372"},"modified":"2012-03-02T15:53:02","modified_gmt":"2012-03-02T14:53:02","slug":"zajecia-edukacyjne-dla-dzieci-i-mlodziezy-z-woj-slaskiego","status":"publish","type":"post","link":"https:\/\/archiwum.swietodrzewa.pl\/?p=372","title":{"rendered":"Zaj\u0119cia edukacyjne dla dzieci i m\u0142odzie\u017cy z woj. \u015bl\u0105skiego"},"content":{"rendered":"<p align=\"justify\"><span>W ramach projektu &#8222;\u015awi\u0119to Drzewa&#8221; \u2013 etap wojew\u00f3dztwo \u015bl\u0105skie\u00a0w miesi\u0105cu maju i czerwcu 2011 roku\u00a0odby\u0142o si\u0119 26\u00a0wyk\u0142ad\u00f3w\/ prezentacji dla dzieci i m\u0142odzie\u017cy z plac\u00f3wek o\u015bwiatowych na terenie woj. \u015bl\u0105skiego.<br \/>\nW D\u0105browie G\u00f3rniczej\u00a0odby\u0142y si\u0119 zaj\u0119cia dla dzieci przedszkolnych. Natomiast na terenie Gminy Wilkowice zaj\u0119cia\u00a0prowadzone by\u0142y\u00a0w Przedszkolach i Szko\u0142ach Podstawowych w Bystrej, w Mesznej i w Wilkowicach oraz w Gimnazjum w Wilkowicach i w Bystrej. Dodatkowe zaj\u0119cia w ramach programu &#8222;\u015awi\u0119to Drzewa&#8221; odby\u0142y si\u0119 w Gimnazjum nr 9 w Bielsku-Bia\u0142ej.<\/span><\/p>\n","protected":false},"excerpt":{"rendered":"<p>W ramach projektu &#8222;\u015awi\u0119to Drzewa&#8221; \u2013 etap wojew\u00f3dztwo \u015bl\u0105skie\u00a0w miesi\u0105cu maju i czerwcu 2011 roku\u00a0odby\u0142o si\u0119 26\u00a0wyk\u0142ad\u00f3w\/ prezentacji dla dzieci i m\u0142odzie\u017cy z plac\u00f3wek o\u015bwiatowych na terenie woj. \u015bl\u0105skiego. W D\u0105browie G\u00f3rniczej\u00a0odby\u0142y si\u0119 zaj\u0119cia dla dzieci przedszkolnych. Natomiast na terenie Gminy Wilkowice zaj\u0119cia\u00a0prowadzone by\u0142y\u00a0w Przedszkolach i Szko\u0142ach Podstawowych w Bystrej, w Mesznej i w Wilkowicach [&hellip;]<\/p>\n","protected":false},"author":1,"featured_media":0,"comment_status":"closed","ping_status":"closed","sticky":false,"template":"","format":"standard","meta":{"ngg_post_thumbnail":0},"categories":[17],"tags":[],"_links":{"self":[{"href":"https:\/\/archiwum.swietodrzewa.pl\/index.php?rest_route=\/wp\/v2\/posts\/372"}],"collection":[{"href":"https:\/\/archiwum.swietodrzewa.pl\/index.php?rest_route=\/wp\/v2\/posts"}],"about":[{"href":"https:\/\/archiwum.swietodrzewa.pl\/index.php?rest_route=\/wp\/v2\/types\/post"}],"author":[{"embeddable":true,"href":"https:\/\/archiwum.swietodrzewa.pl\/index.php?rest_route=\/wp\/v2\/users\/1"}],"replies":[{"embeddable":true,"href":"https:\/\/archiwum.swietodrzewa.pl\/index.php?rest_route=%2Fwp%2Fv2%2Fcomments&post=372"}],"version-history":[{"count":7,"href":"https:\/\/archiwum.swietodrzewa.pl\/index.php?rest_route=\/wp\/v2\/posts\/372\/revisions"}],"predecessor-version":[{"id":1314,"href":"https:\/\/archiwum.swietodrzewa.pl\/index.php?rest_route=\/wp\/v2\/posts\/372\/revisions\/1314"}],"wp:attachment":[{"href":"https:\/\/archiwum.swietodrzewa.pl\/index.php?rest_route=%2Fwp%2Fv2%2Fmedia&parent=372"}],"wp:term":[{"taxonomy":"category","embeddable":true,"href":"https:\/\/archiwum.swietodrzewa.pl\/index.php?rest_route=%2Fwp%2Fv2%2Fcategories&post=372"},{"taxonomy":"post_tag","embeddable":true,"href":"https:\/\/archiwum.swietodrzewa.pl\/index.php?rest_route=%2Fwp%2Fv2%2Ftags&post=372"}],"curies":[{"name":"wp","href":"https:\/\/api.w.org\/{rel}","templated":true}]}}