{"id":4232,"date":"2014-07-04T13:44:42","date_gmt":"2014-07-04T11:44:42","guid":{"rendered":"http:\/\/swietodrzewa.pl\/?p=4232"},"modified":"2014-07-04T14:03:30","modified_gmt":"2014-07-04T12:03:30","slug":"o-drzewach-w-trojce","status":"publish","type":"post","link":"https:\/\/archiwum.swietodrzewa.pl\/?p=4232","title":{"rendered":"O drzewach w Tr\u00f3jce"},"content":{"rendered":"<p><strong>Zapraszamy do wys\u0142uchania audycji po\u015bwi\u0119conej konkursowi Drzewo Roku, kt\u00f3ra zosta\u0142a wyemitowana 3 lipca 2014, w 3. Programie Polskiego Radia. O drzewach opowiada\u0142a m.in. El\u017cbieta Dzikowska, ambasadorka konkursu.<!--more--><\/strong><\/p>\n<p>W tym roku zdobywc\u0105 tytu\u0142u Drzewo Roku zosta\u0142 \u00a0D\u0105b S\u0142owianin z D\u0119biny (woj. dolno\u015bl\u0105skie). B\u0119dzie on reprezentowa\u0142 Polsk\u0119 w mi\u0119dzynarodowym konkursie Europejskie Drzewo Roku 2015.<\/p>\n<p>Og\u00f3lnopolski konkurs Klubu Gaja \u2013 Drzewo Roku propaguje postawy szacunku dla przyrody i konieczno\u015b\u0107 ochrony jej obiekt\u00f3w, jakimi s\u0105 drzewa. Zwraca uwag\u0119 na ich rol\u0119 w naszym \u017cyciu, silne zwi\u0105zki pomi\u0119dzy kultur\u0105 i histori\u0105 danej spo\u0142eczno\u015bci, a drzewem, do kt\u00f3rego przywi\u0105zuje ona szczeg\u00f3lne znaczenie. Wy\u0142ania najwa\u017cniejsze i najbardziej kochane przez spo\u0142eczno\u015bci lokalne drzewa w naszym kraju. Ambasadorami konkursu s\u0105 podr\u00f3\u017cniczka i pisarka,\u00a0<strong>El\u017cbieta Dzikowska, <\/strong>re\u017cyser i senator,\u00a0<strong>Kazimierz Kutz<\/strong>\u00a0oraz j\u0119zykoznawca, popularyzator wiedzy o j\u0119zyku polskim, profesor\u00a0<strong>Jan Miodek.<\/strong><\/p>\n<p><strong><a href=\"http:\/\/swietodrzewa.pl\/?attachment_id=4231\" target=\"_blank\">Pos\u0142uchaj audycji<\/a><span style=\"text-decoration: underline;\">&gt;&gt;&gt;<\/span>\u00a0<\/strong><\/p>\n<p><a href=\"www.drzeworoku.pl \" target=\"_blank\"><br \/>\nWi\u0119cej o konkursie Drzewo Roku &gt;&gt;&gt;<br \/>\n<\/a><br \/>\nKonkurs Drzewo Roku jest cz\u0119\u015bci\u0105 programu \u015awi\u0119to Drzewa dofinansowanego ze \u015brodk\u00f3w Narodowego Funduszu Ochrony \u015arodowiska i Gospodarki Wodnej. Patronaty: Minister \u015arodowiska, Minister Edukacji Narodowej, Prezydent Miasta Sto\u0142ecznego Warszawy, Wojewoda \u015al\u0105ski, Marsza\u0142ek Wojew\u00f3dztwa \u015al\u0105skiego. Patronat medialny: Program 1 Polskiego Radia. Partner strategiczny: Lasy Pa\u0144stwowe, LeasePlan Fleet Management (Polska). Partnerzy: Troton, Eco Service, Green Project, Ashoka \u2013 Innowatorzy dla Dobra Publicznego. Wsp\u00f3\u0142praca: Partnerstwo dla Klimatu, Nadace Partnerstvi, Uniwersytet \u015al\u0105ski, Kampania Miliarda Drzew dla Planety.<\/p>\n<p>&nbsp;<\/p>\n<p>&nbsp;<\/p>\n","protected":false},"excerpt":{"rendered":"<p>Zapraszamy do wys\u0142uchania audycji po\u015bwi\u0119conej konkursowi Drzewo Roku, kt\u00f3ra zosta\u0142a wyemitowana 3 lipca 2014, w 3. Programie Polskiego Radia. O drzewach opowiada\u0142a m.in. El\u017cbieta Dzikowska, ambasadorka konkursu.<\/p>\n","protected":false},"author":3,"featured_media":4181,"comment_status":"closed","ping_status":"closed","sticky":false,"template":"","format":"standard","meta":{"ngg_post_thumbnail":0},"categories":[1],"tags":[],"_links":{"self":[{"href":"https:\/\/archiwum.swietodrzewa.pl\/index.php?rest_route=\/wp\/v2\/posts\/4232"}],"collection":[{"href":"https:\/\/archiwum.swietodrzewa.pl\/index.php?rest_route=\/wp\/v2\/posts"}],"about":[{"href":"https:\/\/archiwum.swietodrzewa.pl\/index.php?rest_route=\/wp\/v2\/types\/post"}],"author":[{"embeddable":true,"href":"https:\/\/archiwum.swietodrzewa.pl\/index.php?rest_route=\/wp\/v2\/users\/3"}],"replies":[{"embeddable":true,"href":"https:\/\/archiwum.swietodrzewa.pl\/index.php?rest_route=%2Fwp%2Fv2%2Fcomments&post=4232"}],"version-history":[{"count":7,"href":"https:\/\/archiwum.swietodrzewa.pl\/index.php?rest_route=\/wp\/v2\/posts\/4232\/revisions"}],"predecessor-version":[{"id":4239,"href":"https:\/\/archiwum.swietodrzewa.pl\/index.php?rest_route=\/wp\/v2\/posts\/4232\/revisions\/4239"}],"wp:featuredmedia":[{"embeddable":true,"href":"https:\/\/archiwum.swietodrzewa.pl\/index.php?rest_route=\/wp\/v2\/media\/4181"}],"wp:attachment":[{"href":"https:\/\/archiwum.swietodrzewa.pl\/index.php?rest_route=%2Fwp%2Fv2%2Fmedia&parent=4232"}],"wp:term":[{"taxonomy":"category","embeddable":true,"href":"https:\/\/archiwum.swietodrzewa.pl\/index.php?rest_route=%2Fwp%2Fv2%2Fcategories&post=4232"},{"taxonomy":"post_tag","embeddable":true,"href":"https:\/\/archiwum.swietodrzewa.pl\/index.php?rest_route=%2Fwp%2Fv2%2Ftags&post=4232"}],"curies":[{"name":"wp","href":"https:\/\/api.w.org\/{rel}","templated":true}]}}